{"id":107122,"date":"2023-03-16T09:16:34","date_gmt":"2023-03-16T12:16:34","guid":{"rendered":"https:\/\/www.blogsoestado.com\/danielmatos\/?p=107122"},"modified":"2023-03-16T09:16:34","modified_gmt":"2023-03-16T12:16:34","slug":"presidente-da-aged-caue-aragao-acompanha-brandao-em-agenda-no-ministerio-da-agricultura-para-viabilizar-liberacao-de-vacina-contra-febre-aftosa","status":"publish","type":"post","link":"https:\/\/www.blogsoestado.com\/danielmatos\/presidente-da-aged-caue-aragao-acompanha-brandao-em-agenda-no-ministerio-da-agricultura-para-viabilizar-liberacao-de-vacina-contra-febre-aftosa\/","title":{"rendered":"Brand\u00e3o e presidente da Aged, Cau\u00ea Arag\u00e3o, v\u00e3o a Bras\u00edlia viabilizar vacina contra aftosa para valorizar rebanho"},"content":{"rendered":"\n<div class=\"wp-block-image\"><figure class=\"aligncenter size-large\"><a href=\"https:\/\/www.blogsoestado.com\/danielmatos\/files\/2023\/03\/Screenshot_20230316-0903122.png\"><img decoding=\"async\" src=\"https:\/\/www.blogsoestado.com\/danielmatos\/files\/2023\/03\/Screenshot_20230316-0903122.png\" alt=\"\" class=\"wp-image-107123\"\/><\/a><figcaption>Ao acompanhar o governador Carlos Brand\u00e3o na audi\u00eancia no Mapa, o presidente da Aged, Cau\u00ea Arag\u00e3o, destacou a import\u00e2ncia da imuniza\u00e7\u00e3o para que o rebanho maranhense atinja o status de livre da febre aftosa sem vacina\u00e7\u00e3o<\/figcaption><\/figure><\/div>\n\n\n\n<p>O presidente da Ag\u00eancia Estadual de Defesa Agropecu\u00e1ria (Aged), Cau\u00ea Arag\u00e3o, acompanhou o governador Carlos Brand\u00e3o (PSB) em agenda nessa quarta-feira (15), no Minist\u00e9rio da Agricultura, Pecu\u00e1ria e Abastecimento (Mapa), em Bras\u00edlia. A miss\u00e3o oficial teve como objetivo viabilizar a libera\u00e7\u00e3o de lotes da vacina contra a febre aftosa para imunizar o rebanho bovino do Maranh\u00e3o.<\/p>\n\n\n\n<p>Cau\u00ea Arag\u00e3o destacou a import\u00e2ncia da aplica\u00e7\u00e3o das doses em todo o rebanho para que o estado alcance o status de livre da febre aftosa sem vacina\u00e7\u00e3o. &#8220;Vamos juntos nessa miss\u00e3o&#8221;, assinalou o presidente da Aged, declara\u00e7\u00e3o que mereceu mais uma manifesta\u00e7\u00e3o de incentivo do governador, nas redes sociais. &#8220;Vamos em frente&#8221;, escreveu Brand\u00e3o, que inseriu em seu coment\u00e1rio um figura que representa aplauso.<\/p>\n\n\n\n<p>Recebidos pelo secret\u00e1rio executivo do Mapa, Iraj\u00e1 Lacerda, Carlos Brand\u00e3o e Cau\u00ea Arag\u00e3o apontaram a necessidade da libera\u00e7\u00e3o dos lotes de vacina contra a febre aftosa para que o rebanho do Maranh\u00e3o seja imunizado e assim adquira maior valor de comercializa\u00e7\u00e3o no mercado.<\/p>\n\n\n\n<div class=\"wp-block-image\"><figure class=\"aligncenter size-large\"><a href=\"https:\/\/www.blogsoestado.com\/danielmatos\/files\/2023\/03\/Screenshot_20230316-0903392.png\"><img decoding=\"async\" src=\"https:\/\/www.blogsoestado.com\/danielmatos\/files\/2023\/03\/Screenshot_20230316-0903392.png\" alt=\"\" class=\"wp-image-107124\"\/><\/a><figcaption>O secret\u00e1rio executivo do Mapa, Iraj\u00e1 Lacerda, disse ter recebido a demanda com satisfa\u00e7\u00e3o, pois a iniciativa demonstra o empenho do governo maranhense em cumprir as metas de vacina\u00e7\u00e3o estabelecidas <\/figcaption><\/figure><\/div>\n\n\n\n<p><strong>Metas<\/strong><\/p>\n\n\n\n<p>Brand\u00e3o se prop\u00f4s a trabalhar para que o estado atinja, at\u00e9 julho deste ano, as metas de vacina\u00e7\u00e3o estabelecidas pelo minist\u00e9rio. &#8220;Em prol dos nossos pecuaristas e de toda a cadeia produtiva do nosso estado, reiteramos o compromisso firmado com o Minist\u00e9rio da Agricultura de combater a febre aftosa &#8220;, reafirmou. &#8220;Com a soma de esfor\u00e7os entre Governo Federal, Aged e pecuaristas, alcan\u00e7aremos as metas necess\u00e1rias &#8220;, acrescentou o governador.<\/p>\n\n\n\n<p>O secret\u00e1rio executivo do Mapa, Iraj\u00e1 Lacerda, afirmou ter recebido com satisfa\u00e7\u00e3o a demanda do governo maranhense, que, segundo ele, demonstra total empenho da administra\u00e7\u00e3o estadual em cumprir as metas estabelecidas.<\/p>\n\n\n\n<p>A Associa\u00e7\u00e3o dos Criadores do Estado do Maranh\u00e3o (Ascem) reagiu de forma extremamente positiva \u00e0 iniciativa e agradeceu ao governador Carlos Brand\u00e3o e ao presidente da Aged, Cau\u00ea Arag\u00e3o, pela aten\u00e7\u00e3o a um assunto t\u00e3o importante para a agropecu\u00e1ria do estado.<\/p>\n","protected":false},"excerpt":{"rendered":"<p>O presidente da Ag\u00eancia Estadual de Defesa Agropecu\u00e1ria (Aged), Cau\u00ea Arag\u00e3o, acompanhou o governador Carlos Brand\u00e3o (PSB) em agenda nessa [&hellip;]<\/p>\n","protected":false},"author":0,"featured_media":0,"comment_status":"open","ping_status":"open","sticky":false,"template":"","format":"standard","meta":{"site-sidebar-layout":"default","site-content-layout":"","ast-site-content-layout":"default","site-content-style":"default","site-sidebar-style":"default","ast-global-header-display":"","ast-banner-title-visibility":"","ast-main-header-display":"","ast-hfb-above-header-display":"","ast-hfb-below-header-display":"","ast-hfb-mobile-header-display":"","site-post-title":"","ast-breadcrumbs-content":"","ast-featured-img":"","footer-sml-layout":"","ast-disable-related-posts":"","theme-transparent-header-meta":"","adv-header-id-meta":"","stick-header-meta":"","header-above-stick-meta":"","header-main-stick-meta":"","header-below-stick-meta":"","astra-migrate-meta-layouts":"default","ast-page-background-enabled":"default","ast-page-background-meta":{"desktop":{"background-color":"var(--ast-global-color-5)","background-image":"","background-repeat":"repeat","background-position":"center center","background-size":"auto","background-attachment":"scroll","background-type":"","background-media":"","overlay-type":"","overlay-color":"","overlay-opacity":"","overlay-gradient":""},"tablet":{"background-color":"","background-image":"","background-repeat":"repeat","background-position":"center center","background-size":"auto","background-attachment":"scroll","background-type":"","background-media":"","overlay-type":"","overlay-color":"","overlay-opacity":"","overlay-gradient":""},"mobile":{"background-color":"","background-image":"","background-repeat":"repeat","background-position":"center center","background-size":"auto","background-attachment":"scroll","background-type":"","background-media":"","overlay-type":"","overlay-color":"","overlay-opacity":"","overlay-gradient":""}},"ast-content-background-meta":{"desktop":{"background-color":"var(--ast-global-color-4)","background-image":"","background-repeat":"repeat","background-position":"center center","background-size":"auto","background-attachment":"scroll","background-type":"","background-media":"","overlay-type":"","overlay-color":"","overlay-opacity":"","overlay-gradient":""},"tablet":{"background-color":"var(--ast-global-color-4)","background-image":"","background-repeat":"repeat","background-position":"center center","background-size":"auto","background-attachment":"scroll","background-type":"","background-media":"","overlay-type":"","overlay-color":"","overlay-opacity":"","overlay-gradient":""},"mobile":{"background-color":"var(--ast-global-color-4)","background-image":"","background-repeat":"repeat","background-position":"center center","background-size":"auto","background-attachment":"scroll","background-type":"","background-media":"","overlay-type":"","overlay-color":"","overlay-opacity":"","overlay-gradient":""}},"footnotes":""},"categories":[1],"tags":[],"class_list":["post-107122","post","type-post","status-publish","format-standard","hentry","category-sem-categoria"],"yoast_head":"<!-- This site is optimized with the Yoast SEO plugin v26.6 - https:\/\/yoast.com\/wordpress\/plugins\/seo\/ -->\n<title>Brand\u00e3o e presidente da Aged, Cau\u00ea Arag\u00e3o, v\u00e3o a Bras\u00edlia viabilizar vacina contra aftosa para valorizar rebanho - Daniel Matos<\/title>\n<meta name=\"robots\" content=\"index, follow, max-snippet:-1, max-image-preview:large, max-video-preview:-1\" \/>\n<link rel=\"canonical\" href=\"https:\/\/www.blogsoestado.com\/danielmatos\/presidente-da-aged-caue-aragao-acompanha-brandao-em-agenda-no-ministerio-da-agricultura-para-viabilizar-liberacao-de-vacina-contra-febre-aftosa\/\" \/>\n<meta property=\"og:locale\" content=\"pt_BR\" \/>\n<meta property=\"og:type\" content=\"article\" \/>\n<meta property=\"og:title\" content=\"Brand\u00e3o e presidente da Aged, Cau\u00ea Arag\u00e3o, v\u00e3o a Bras\u00edlia viabilizar vacina contra aftosa para valorizar rebanho - Daniel Matos\" \/>\n<meta property=\"og:description\" content=\"O presidente da Ag\u00eancia Estadual de Defesa Agropecu\u00e1ria (Aged), Cau\u00ea Arag\u00e3o, acompanhou o governador Carlos Brand\u00e3o (PSB) em agenda nessa [&hellip;]\" \/>\n<meta property=\"og:url\" content=\"https:\/\/www.blogsoestado.com\/danielmatos\/presidente-da-aged-caue-aragao-acompanha-brandao-em-agenda-no-ministerio-da-agricultura-para-viabilizar-liberacao-de-vacina-contra-febre-aftosa\/\" \/>\n<meta property=\"og:site_name\" content=\"Daniel Matos\" \/>\n<meta property=\"article:published_time\" content=\"2023-03-16T12:16:34+00:00\" \/>\n<meta property=\"og:image\" content=\"https:\/\/www.blogsoestado.com\/danielmatos\/files\/2023\/03\/Screenshot_20230316-0903122.png\" \/>\n<meta name=\"twitter:card\" content=\"summary_large_image\" \/>\n<meta name=\"twitter:label1\" content=\"Est. tempo de leitura\" \/>\n\t<meta name=\"twitter:data1\" content=\"3 minutos\" \/>\n<script type=\"application\/ld+json\" class=\"yoast-schema-graph\">{\"@context\":\"https:\/\/schema.org\",\"@graph\":[{\"@type\":\"WebPage\",\"@id\":\"https:\/\/www.blogsoestado.com\/danielmatos\/presidente-da-aged-caue-aragao-acompanha-brandao-em-agenda-no-ministerio-da-agricultura-para-viabilizar-liberacao-de-vacina-contra-febre-aftosa\/\",\"url\":\"https:\/\/www.blogsoestado.com\/danielmatos\/presidente-da-aged-caue-aragao-acompanha-brandao-em-agenda-no-ministerio-da-agricultura-para-viabilizar-liberacao-de-vacina-contra-febre-aftosa\/\",\"name\":\"Brand\u00e3o e presidente da Aged, Cau\u00ea Arag\u00e3o, v\u00e3o a Bras\u00edlia viabilizar vacina contra aftosa para valorizar rebanho - Daniel Matos\",\"isPartOf\":{\"@id\":\"https:\/\/www.blogsoestado.com\/danielmatos\/#website\"},\"primaryImageOfPage\":{\"@id\":\"https:\/\/www.blogsoestado.com\/danielmatos\/presidente-da-aged-caue-aragao-acompanha-brandao-em-agenda-no-ministerio-da-agricultura-para-viabilizar-liberacao-de-vacina-contra-febre-aftosa\/#primaryimage\"},\"image\":{\"@id\":\"https:\/\/www.blogsoestado.com\/danielmatos\/presidente-da-aged-caue-aragao-acompanha-brandao-em-agenda-no-ministerio-da-agricultura-para-viabilizar-liberacao-de-vacina-contra-febre-aftosa\/#primaryimage\"},\"thumbnailUrl\":\"https:\/\/www.blogsoestado.com\/danielmatos\/files\/2023\/03\/Screenshot_20230316-0903122.png\",\"datePublished\":\"2023-03-16T12:16:34+00:00\",\"author\":{\"@id\":\"\"},\"breadcrumb\":{\"@id\":\"https:\/\/www.blogsoestado.com\/danielmatos\/presidente-da-aged-caue-aragao-acompanha-brandao-em-agenda-no-ministerio-da-agricultura-para-viabilizar-liberacao-de-vacina-contra-febre-aftosa\/#breadcrumb\"},\"inLanguage\":\"pt-BR\",\"potentialAction\":[{\"@type\":\"ReadAction\",\"target\":[\"https:\/\/www.blogsoestado.com\/danielmatos\/presidente-da-aged-caue-aragao-acompanha-brandao-em-agenda-no-ministerio-da-agricultura-para-viabilizar-liberacao-de-vacina-contra-febre-aftosa\/\"]}]},{\"@type\":\"ImageObject\",\"inLanguage\":\"pt-BR\",\"@id\":\"https:\/\/www.blogsoestado.com\/danielmatos\/presidente-da-aged-caue-aragao-acompanha-brandao-em-agenda-no-ministerio-da-agricultura-para-viabilizar-liberacao-de-vacina-contra-febre-aftosa\/#primaryimage\",\"url\":\"https:\/\/www.blogsoestado.com\/danielmatos\/files\/2023\/03\/Screenshot_20230316-0903122.png\",\"contentUrl\":\"https:\/\/www.blogsoestado.com\/danielmatos\/files\/2023\/03\/Screenshot_20230316-0903122.png\"},{\"@type\":\"BreadcrumbList\",\"@id\":\"https:\/\/www.blogsoestado.com\/danielmatos\/presidente-da-aged-caue-aragao-acompanha-brandao-em-agenda-no-ministerio-da-agricultura-para-viabilizar-liberacao-de-vacina-contra-febre-aftosa\/#breadcrumb\",\"itemListElement\":[{\"@type\":\"ListItem\",\"position\":1,\"name\":\"In\u00edcio\",\"item\":\"https:\/\/www.blogsoestado.com\/danielmatos\/\"},{\"@type\":\"ListItem\",\"position\":2,\"name\":\"Brand\u00e3o e presidente da Aged, Cau\u00ea Arag\u00e3o, v\u00e3o a Bras\u00edlia viabilizar vacina contra aftosa para valorizar rebanho\"}]},{\"@type\":\"WebSite\",\"@id\":\"https:\/\/www.blogsoestado.com\/danielmatos\/#website\",\"url\":\"https:\/\/www.blogsoestado.com\/danielmatos\/\",\"name\":\"Daniel Matos\",\"description\":\"\",\"potentialAction\":[{\"@type\":\"SearchAction\",\"target\":{\"@type\":\"EntryPoint\",\"urlTemplate\":\"https:\/\/www.blogsoestado.com\/danielmatos\/?s={search_term_string}\"},\"query-input\":{\"@type\":\"PropertyValueSpecification\",\"valueRequired\":true,\"valueName\":\"search_term_string\"}}],\"inLanguage\":\"pt-BR\"}]}<\/script>\n<!-- \/ Yoast SEO plugin. -->","yoast_head_json":{"title":"Brand\u00e3o e presidente da Aged, Cau\u00ea Arag\u00e3o, v\u00e3o a Bras\u00edlia viabilizar vacina contra aftosa para valorizar rebanho - Daniel Matos","robots":{"index":"index","follow":"follow","max-snippet":"max-snippet:-1","max-image-preview":"max-image-preview:large","max-video-preview":"max-video-preview:-1"},"canonical":"https:\/\/www.blogsoestado.com\/danielmatos\/presidente-da-aged-caue-aragao-acompanha-brandao-em-agenda-no-ministerio-da-agricultura-para-viabilizar-liberacao-de-vacina-contra-febre-aftosa\/","og_locale":"pt_BR","og_type":"article","og_title":"Brand\u00e3o e presidente da Aged, Cau\u00ea Arag\u00e3o, v\u00e3o a Bras\u00edlia viabilizar vacina contra aftosa para valorizar rebanho - Daniel Matos","og_description":"O presidente da Ag\u00eancia Estadual de Defesa Agropecu\u00e1ria (Aged), Cau\u00ea Arag\u00e3o, acompanhou o governador Carlos Brand\u00e3o (PSB) em agenda nessa [&hellip;]","og_url":"https:\/\/www.blogsoestado.com\/danielmatos\/presidente-da-aged-caue-aragao-acompanha-brandao-em-agenda-no-ministerio-da-agricultura-para-viabilizar-liberacao-de-vacina-contra-febre-aftosa\/","og_site_name":"Daniel Matos","article_published_time":"2023-03-16T12:16:34+00:00","og_image":[{"url":"https:\/\/www.blogsoestado.com\/danielmatos\/files\/2023\/03\/Screenshot_20230316-0903122.png","type":"","width":"","height":""}],"twitter_card":"summary_large_image","twitter_misc":{"Est. tempo de leitura":"3 minutos"},"schema":{"@context":"https:\/\/schema.org","@graph":[{"@type":"WebPage","@id":"https:\/\/www.blogsoestado.com\/danielmatos\/presidente-da-aged-caue-aragao-acompanha-brandao-em-agenda-no-ministerio-da-agricultura-para-viabilizar-liberacao-de-vacina-contra-febre-aftosa\/","url":"https:\/\/www.blogsoestado.com\/danielmatos\/presidente-da-aged-caue-aragao-acompanha-brandao-em-agenda-no-ministerio-da-agricultura-para-viabilizar-liberacao-de-vacina-contra-febre-aftosa\/","name":"Brand\u00e3o e presidente da Aged, Cau\u00ea Arag\u00e3o, v\u00e3o a Bras\u00edlia viabilizar vacina contra aftosa para valorizar rebanho - Daniel Matos","isPartOf":{"@id":"https:\/\/www.blogsoestado.com\/danielmatos\/#website"},"primaryImageOfPage":{"@id":"https:\/\/www.blogsoestado.com\/danielmatos\/presidente-da-aged-caue-aragao-acompanha-brandao-em-agenda-no-ministerio-da-agricultura-para-viabilizar-liberacao-de-vacina-contra-febre-aftosa\/#primaryimage"},"image":{"@id":"https:\/\/www.blogsoestado.com\/danielmatos\/presidente-da-aged-caue-aragao-acompanha-brandao-em-agenda-no-ministerio-da-agricultura-para-viabilizar-liberacao-de-vacina-contra-febre-aftosa\/#primaryimage"},"thumbnailUrl":"https:\/\/www.blogsoestado.com\/danielmatos\/files\/2023\/03\/Screenshot_20230316-0903122.png","datePublished":"2023-03-16T12:16:34+00:00","author":{"@id":""},"breadcrumb":{"@id":"https:\/\/www.blogsoestado.com\/danielmatos\/presidente-da-aged-caue-aragao-acompanha-brandao-em-agenda-no-ministerio-da-agricultura-para-viabilizar-liberacao-de-vacina-contra-febre-aftosa\/#breadcrumb"},"inLanguage":"pt-BR","potentialAction":[{"@type":"ReadAction","target":["https:\/\/www.blogsoestado.com\/danielmatos\/presidente-da-aged-caue-aragao-acompanha-brandao-em-agenda-no-ministerio-da-agricultura-para-viabilizar-liberacao-de-vacina-contra-febre-aftosa\/"]}]},{"@type":"ImageObject","inLanguage":"pt-BR","@id":"https:\/\/www.blogsoestado.com\/danielmatos\/presidente-da-aged-caue-aragao-acompanha-brandao-em-agenda-no-ministerio-da-agricultura-para-viabilizar-liberacao-de-vacina-contra-febre-aftosa\/#primaryimage","url":"https:\/\/www.blogsoestado.com\/danielmatos\/files\/2023\/03\/Screenshot_20230316-0903122.png","contentUrl":"https:\/\/www.blogsoestado.com\/danielmatos\/files\/2023\/03\/Screenshot_20230316-0903122.png"},{"@type":"BreadcrumbList","@id":"https:\/\/www.blogsoestado.com\/danielmatos\/presidente-da-aged-caue-aragao-acompanha-brandao-em-agenda-no-ministerio-da-agricultura-para-viabilizar-liberacao-de-vacina-contra-febre-aftosa\/#breadcrumb","itemListElement":[{"@type":"ListItem","position":1,"name":"In\u00edcio","item":"https:\/\/www.blogsoestado.com\/danielmatos\/"},{"@type":"ListItem","position":2,"name":"Brand\u00e3o e presidente da Aged, Cau\u00ea Arag\u00e3o, v\u00e3o a Bras\u00edlia viabilizar vacina contra aftosa para valorizar rebanho"}]},{"@type":"WebSite","@id":"https:\/\/www.blogsoestado.com\/danielmatos\/#website","url":"https:\/\/www.blogsoestado.com\/danielmatos\/","name":"Daniel Matos","description":"","potentialAction":[{"@type":"SearchAction","target":{"@type":"EntryPoint","urlTemplate":"https:\/\/www.blogsoestado.com\/danielmatos\/?s={search_term_string}"},"query-input":{"@type":"PropertyValueSpecification","valueRequired":true,"valueName":"search_term_string"}}],"inLanguage":"pt-BR"}]}},"jetpack_featured_media_url":"","_links":{"self":[{"href":"https:\/\/www.blogsoestado.com\/danielmatos\/wp-json\/wp\/v2\/posts\/107122","targetHints":{"allow":["GET"]}}],"collection":[{"href":"https:\/\/www.blogsoestado.com\/danielmatos\/wp-json\/wp\/v2\/posts"}],"about":[{"href":"https:\/\/www.blogsoestado.com\/danielmatos\/wp-json\/wp\/v2\/types\/post"}],"replies":[{"embeddable":true,"href":"https:\/\/www.blogsoestado.com\/danielmatos\/wp-json\/wp\/v2\/comments?post=107122"}],"version-history":[{"count":0,"href":"https:\/\/www.blogsoestado.com\/danielmatos\/wp-json\/wp\/v2\/posts\/107122\/revisions"}],"wp:attachment":[{"href":"https:\/\/www.blogsoestado.com\/danielmatos\/wp-json\/wp\/v2\/media?parent=107122"}],"wp:term":[{"taxonomy":"category","embeddable":true,"href":"https:\/\/www.blogsoestado.com\/danielmatos\/wp-json\/wp\/v2\/categories?post=107122"},{"taxonomy":"post_tag","embeddable":true,"href":"https:\/\/www.blogsoestado.com\/danielmatos\/wp-json\/wp\/v2\/tags?post=107122"}],"curies":[{"name":"wp","href":"https:\/\/api.w.org\/{rel}","templated":true}]}}