{"id":107158,"date":"2023-03-17T12:01:58","date_gmt":"2023-03-17T15:01:58","guid":{"rendered":"https:\/\/www.blogsoestado.com\/danielmatos\/?p=107158"},"modified":"2023-03-17T12:01:58","modified_gmt":"2023-03-17T15:01:58","slug":"pf-cumpre-mandados-no-maranhao-em-operacao-contra-atos-de-8-de-janeiro-em-brasilia","status":"publish","type":"post","link":"https:\/\/www.blogsoestado.com\/danielmatos\/pf-cumpre-mandados-no-maranhao-em-operacao-contra-atos-de-8-de-janeiro-em-brasilia\/","title":{"rendered":"PF cumpre mandados no Maranh\u00e3o em opera\u00e7\u00e3o contra atos de 8 de janeiro, em Bras\u00edlia"},"content":{"rendered":"\n<div class=\"wp-block-image\"><figure class=\"aligncenter size-large\"><a href=\"https:\/\/www.blogsoestado.com\/danielmatos\/files\/2023\/03\/Screenshot_20230317-1155483.png\"><img decoding=\"async\" src=\"https:\/\/www.blogsoestado.com\/danielmatos\/files\/2023\/03\/Screenshot_20230317-1155483.png\" alt=\"\" class=\"wp-image-107160\"\/><\/a><figcaption>Policiais federais verificam arquivos de computador em busca de ind\u00edcios de envolvimento nos crimes investigados<\/figcaption><\/figure><\/div>\n\n\n\n<p>A Pol\u00edcia Federal deflagra, na manh\u00e3 desta sexta-feira (17), a oitava fase da Opera\u00e7\u00e3o Lesa P\u00e1tria, com o objetivo de identificar pessoas que participaram, financiaram, omitiram-se ou fomentaram os fatos ocorridos em 8 de janeiro, em Bras\u00edlia\/DF, quando o Pal\u00e1cio do Planalto, o Congresso Nacional e o Supremo Tribunal Federal foram invadidos por indiv\u00edduos que promoveram viol\u00eancia e dano generalizado contra os im\u00f3veis, m\u00f3veis e objetos daquelas institui\u00e7\u00f5es.<\/p>\n\n\n\n<p>Policiais federais cumprem 46 mandados de busca e apreens\u00e3o e 32 mandados de pris\u00e3o preventiva nos estados da Bahia, Esp\u00edrito Santo, Goi\u00e1s, <strong>Maranh\u00e3o<\/strong>, Minas Gerais, Paran\u00e1, Rond\u00f4nia, Rio Grande do Sul, S\u00e3o Paulo e no Distrito Federal.<\/p>\n\n\n\n<div class=\"wp-block-image\"><figure class=\"aligncenter size-large\"><a href=\"https:\/\/www.blogsoestado.com\/danielmatos\/files\/2023\/03\/Screenshot_20230317-1154372.png\"><img decoding=\"async\" src=\"https:\/\/www.blogsoestado.com\/danielmatos\/files\/2023\/03\/Screenshot_20230317-1154372.png\" alt=\"\" class=\"wp-image-107161\"\/><\/a><figcaption>Equipe da Pol\u00edcia Federal chega para incurs\u00e3o em endere\u00e7o suspeito <\/figcaption><\/figure><\/div>\n\n\n\n<p>Os fatos investigados constituem, em tese, os crimes de aboli\u00e7\u00e3o violenta do Estado Democr\u00e1tico de Direito, golpe de Estado, dano qualificado, associa\u00e7\u00e3o criminosa, incita\u00e7\u00e3o ao crime, destrui\u00e7\u00e3o e deteriora\u00e7\u00e3o ou inutiliza\u00e7\u00e3o de bem especialmente protegido.<\/p>\n\n\n\n<p>Caso tenha informa\u00e7\u00f5es sobre a identifica\u00e7\u00e3o de pessoas que participaram, financiaram ou fomentaram os fatos ocorridos em 8 de janeiro, em Bras\u00edlia\/DF, a PF solicita que as encaminhe para o e-mail <a href=\"denuncia8janeiro@pf.gov.br\">denuncia8janeiro@pf.gov.br<\/a>.<\/p>\n","protected":false},"excerpt":{"rendered":"<p>A Pol\u00edcia Federal deflagra, na manh\u00e3 desta sexta-feira (17), a oitava fase da Opera\u00e7\u00e3o Lesa P\u00e1tria, com o objetivo de [&hellip;]<\/p>\n","protected":false},"author":0,"featured_media":0,"comment_status":"open","ping_status":"open","sticky":false,"template":"","format":"standard","meta":{"site-sidebar-layout":"default","site-content-layout":"","ast-site-content-layout":"default","site-content-style":"default","site-sidebar-style":"default","ast-global-header-display":"","ast-banner-title-visibility":"","ast-main-header-display":"","ast-hfb-above-header-display":"","ast-hfb-below-header-display":"","ast-hfb-mobile-header-display":"","site-post-title":"","ast-breadcrumbs-content":"","ast-featured-img":"","footer-sml-layout":"","ast-disable-related-posts":"","theme-transparent-header-meta":"","adv-header-id-meta":"","stick-header-meta":"","header-above-stick-meta":"","header-main-stick-meta":"","header-below-stick-meta":"","astra-migrate-meta-layouts":"default","ast-page-background-enabled":"default","ast-page-background-meta":{"desktop":{"background-color":"var(--ast-global-color-5)","background-image":"","background-repeat":"repeat","background-position":"center center","background-size":"auto","background-attachment":"scroll","background-type":"","background-media":"","overlay-type":"","overlay-color":"","overlay-opacity":"","overlay-gradient":""},"tablet":{"background-color":"","background-image":"","background-repeat":"repeat","background-position":"center center","background-size":"auto","background-attachment":"scroll","background-type":"","background-media":"","overlay-type":"","overlay-color":"","overlay-opacity":"","overlay-gradient":""},"mobile":{"background-color":"","background-image":"","background-repeat":"repeat","background-position":"center center","background-size":"auto","background-attachment":"scroll","background-type":"","background-media":"","overlay-type":"","overlay-color":"","overlay-opacity":"","overlay-gradient":""}},"ast-content-background-meta":{"desktop":{"background-color":"var(--ast-global-color-4)","background-image":"","background-repeat":"repeat","background-position":"center center","background-size":"auto","background-attachment":"scroll","background-type":"","background-media":"","overlay-type":"","overlay-color":"","overlay-opacity":"","overlay-gradient":""},"tablet":{"background-color":"var(--ast-global-color-4)","background-image":"","background-repeat":"repeat","background-position":"center center","background-size":"auto","background-attachment":"scroll","background-type":"","background-media":"","overlay-type":"","overlay-color":"","overlay-opacity":"","overlay-gradient":""},"mobile":{"background-color":"var(--ast-global-color-4)","background-image":"","background-repeat":"repeat","background-position":"center center","background-size":"auto","background-attachment":"scroll","background-type":"","background-media":"","overlay-type":"","overlay-color":"","overlay-opacity":"","overlay-gradient":""}},"footnotes":""},"categories":[1],"tags":[],"class_list":["post-107158","post","type-post","status-publish","format-standard","hentry","category-sem-categoria"],"yoast_head":"<!-- This site is optimized with the Yoast SEO plugin v26.6 - https:\/\/yoast.com\/wordpress\/plugins\/seo\/ -->\n<title>PF cumpre mandados no Maranh\u00e3o em opera\u00e7\u00e3o contra atos de 8 de janeiro, em Bras\u00edlia - Daniel Matos<\/title>\n<meta name=\"robots\" content=\"index, follow, max-snippet:-1, max-image-preview:large, max-video-preview:-1\" \/>\n<link rel=\"canonical\" href=\"https:\/\/www.blogsoestado.com\/danielmatos\/pf-cumpre-mandados-no-maranhao-em-operacao-contra-atos-de-8-de-janeiro-em-brasilia\/\" \/>\n<meta property=\"og:locale\" content=\"pt_BR\" \/>\n<meta property=\"og:type\" content=\"article\" \/>\n<meta property=\"og:title\" content=\"PF cumpre mandados no Maranh\u00e3o em opera\u00e7\u00e3o contra atos de 8 de janeiro, em Bras\u00edlia - Daniel Matos\" \/>\n<meta property=\"og:description\" content=\"A Pol\u00edcia Federal deflagra, na manh\u00e3 desta sexta-feira (17), a oitava fase da Opera\u00e7\u00e3o Lesa P\u00e1tria, com o objetivo de [&hellip;]\" \/>\n<meta property=\"og:url\" content=\"https:\/\/www.blogsoestado.com\/danielmatos\/pf-cumpre-mandados-no-maranhao-em-operacao-contra-atos-de-8-de-janeiro-em-brasilia\/\" \/>\n<meta property=\"og:site_name\" content=\"Daniel Matos\" \/>\n<meta property=\"article:published_time\" content=\"2023-03-17T15:01:58+00:00\" \/>\n<meta property=\"og:image\" content=\"https:\/\/www.blogsoestado.com\/danielmatos\/files\/2023\/03\/Screenshot_20230317-1155483.png\" \/>\n<meta name=\"twitter:card\" content=\"summary_large_image\" \/>\n<meta name=\"twitter:label1\" content=\"Est. tempo de leitura\" \/>\n\t<meta name=\"twitter:data1\" content=\"2 minutos\" \/>\n<script type=\"application\/ld+json\" class=\"yoast-schema-graph\">{\"@context\":\"https:\/\/schema.org\",\"@graph\":[{\"@type\":\"WebPage\",\"@id\":\"https:\/\/www.blogsoestado.com\/danielmatos\/pf-cumpre-mandados-no-maranhao-em-operacao-contra-atos-de-8-de-janeiro-em-brasilia\/\",\"url\":\"https:\/\/www.blogsoestado.com\/danielmatos\/pf-cumpre-mandados-no-maranhao-em-operacao-contra-atos-de-8-de-janeiro-em-brasilia\/\",\"name\":\"PF cumpre mandados no Maranh\u00e3o em opera\u00e7\u00e3o contra atos de 8 de janeiro, em Bras\u00edlia - Daniel Matos\",\"isPartOf\":{\"@id\":\"https:\/\/www.blogsoestado.com\/danielmatos\/#website\"},\"primaryImageOfPage\":{\"@id\":\"https:\/\/www.blogsoestado.com\/danielmatos\/pf-cumpre-mandados-no-maranhao-em-operacao-contra-atos-de-8-de-janeiro-em-brasilia\/#primaryimage\"},\"image\":{\"@id\":\"https:\/\/www.blogsoestado.com\/danielmatos\/pf-cumpre-mandados-no-maranhao-em-operacao-contra-atos-de-8-de-janeiro-em-brasilia\/#primaryimage\"},\"thumbnailUrl\":\"https:\/\/www.blogsoestado.com\/danielmatos\/files\/2023\/03\/Screenshot_20230317-1155483.png\",\"datePublished\":\"2023-03-17T15:01:58+00:00\",\"author\":{\"@id\":\"\"},\"breadcrumb\":{\"@id\":\"https:\/\/www.blogsoestado.com\/danielmatos\/pf-cumpre-mandados-no-maranhao-em-operacao-contra-atos-de-8-de-janeiro-em-brasilia\/#breadcrumb\"},\"inLanguage\":\"pt-BR\",\"potentialAction\":[{\"@type\":\"ReadAction\",\"target\":[\"https:\/\/www.blogsoestado.com\/danielmatos\/pf-cumpre-mandados-no-maranhao-em-operacao-contra-atos-de-8-de-janeiro-em-brasilia\/\"]}]},{\"@type\":\"ImageObject\",\"inLanguage\":\"pt-BR\",\"@id\":\"https:\/\/www.blogsoestado.com\/danielmatos\/pf-cumpre-mandados-no-maranhao-em-operacao-contra-atos-de-8-de-janeiro-em-brasilia\/#primaryimage\",\"url\":\"https:\/\/www.blogsoestado.com\/danielmatos\/files\/2023\/03\/Screenshot_20230317-1155483.png\",\"contentUrl\":\"https:\/\/www.blogsoestado.com\/danielmatos\/files\/2023\/03\/Screenshot_20230317-1155483.png\"},{\"@type\":\"BreadcrumbList\",\"@id\":\"https:\/\/www.blogsoestado.com\/danielmatos\/pf-cumpre-mandados-no-maranhao-em-operacao-contra-atos-de-8-de-janeiro-em-brasilia\/#breadcrumb\",\"itemListElement\":[{\"@type\":\"ListItem\",\"position\":1,\"name\":\"In\u00edcio\",\"item\":\"https:\/\/www.blogsoestado.com\/danielmatos\/\"},{\"@type\":\"ListItem\",\"position\":2,\"name\":\"PF cumpre mandados no Maranh\u00e3o em opera\u00e7\u00e3o contra atos de 8 de janeiro, em Bras\u00edlia\"}]},{\"@type\":\"WebSite\",\"@id\":\"https:\/\/www.blogsoestado.com\/danielmatos\/#website\",\"url\":\"https:\/\/www.blogsoestado.com\/danielmatos\/\",\"name\":\"Daniel Matos\",\"description\":\"\",\"potentialAction\":[{\"@type\":\"SearchAction\",\"target\":{\"@type\":\"EntryPoint\",\"urlTemplate\":\"https:\/\/www.blogsoestado.com\/danielmatos\/?s={search_term_string}\"},\"query-input\":{\"@type\":\"PropertyValueSpecification\",\"valueRequired\":true,\"valueName\":\"search_term_string\"}}],\"inLanguage\":\"pt-BR\"}]}<\/script>\n<!-- \/ Yoast SEO plugin. -->","yoast_head_json":{"title":"PF cumpre mandados no Maranh\u00e3o em opera\u00e7\u00e3o contra atos de 8 de janeiro, em Bras\u00edlia - Daniel Matos","robots":{"index":"index","follow":"follow","max-snippet":"max-snippet:-1","max-image-preview":"max-image-preview:large","max-video-preview":"max-video-preview:-1"},"canonical":"https:\/\/www.blogsoestado.com\/danielmatos\/pf-cumpre-mandados-no-maranhao-em-operacao-contra-atos-de-8-de-janeiro-em-brasilia\/","og_locale":"pt_BR","og_type":"article","og_title":"PF cumpre mandados no Maranh\u00e3o em opera\u00e7\u00e3o contra atos de 8 de janeiro, em Bras\u00edlia - Daniel Matos","og_description":"A Pol\u00edcia Federal deflagra, na manh\u00e3 desta sexta-feira (17), a oitava fase da Opera\u00e7\u00e3o Lesa P\u00e1tria, com o objetivo de [&hellip;]","og_url":"https:\/\/www.blogsoestado.com\/danielmatos\/pf-cumpre-mandados-no-maranhao-em-operacao-contra-atos-de-8-de-janeiro-em-brasilia\/","og_site_name":"Daniel Matos","article_published_time":"2023-03-17T15:01:58+00:00","og_image":[{"url":"https:\/\/www.blogsoestado.com\/danielmatos\/files\/2023\/03\/Screenshot_20230317-1155483.png","type":"","width":"","height":""}],"twitter_card":"summary_large_image","twitter_misc":{"Est. tempo de leitura":"2 minutos"},"schema":{"@context":"https:\/\/schema.org","@graph":[{"@type":"WebPage","@id":"https:\/\/www.blogsoestado.com\/danielmatos\/pf-cumpre-mandados-no-maranhao-em-operacao-contra-atos-de-8-de-janeiro-em-brasilia\/","url":"https:\/\/www.blogsoestado.com\/danielmatos\/pf-cumpre-mandados-no-maranhao-em-operacao-contra-atos-de-8-de-janeiro-em-brasilia\/","name":"PF cumpre mandados no Maranh\u00e3o em opera\u00e7\u00e3o contra atos de 8 de janeiro, em Bras\u00edlia - Daniel Matos","isPartOf":{"@id":"https:\/\/www.blogsoestado.com\/danielmatos\/#website"},"primaryImageOfPage":{"@id":"https:\/\/www.blogsoestado.com\/danielmatos\/pf-cumpre-mandados-no-maranhao-em-operacao-contra-atos-de-8-de-janeiro-em-brasilia\/#primaryimage"},"image":{"@id":"https:\/\/www.blogsoestado.com\/danielmatos\/pf-cumpre-mandados-no-maranhao-em-operacao-contra-atos-de-8-de-janeiro-em-brasilia\/#primaryimage"},"thumbnailUrl":"https:\/\/www.blogsoestado.com\/danielmatos\/files\/2023\/03\/Screenshot_20230317-1155483.png","datePublished":"2023-03-17T15:01:58+00:00","author":{"@id":""},"breadcrumb":{"@id":"https:\/\/www.blogsoestado.com\/danielmatos\/pf-cumpre-mandados-no-maranhao-em-operacao-contra-atos-de-8-de-janeiro-em-brasilia\/#breadcrumb"},"inLanguage":"pt-BR","potentialAction":[{"@type":"ReadAction","target":["https:\/\/www.blogsoestado.com\/danielmatos\/pf-cumpre-mandados-no-maranhao-em-operacao-contra-atos-de-8-de-janeiro-em-brasilia\/"]}]},{"@type":"ImageObject","inLanguage":"pt-BR","@id":"https:\/\/www.blogsoestado.com\/danielmatos\/pf-cumpre-mandados-no-maranhao-em-operacao-contra-atos-de-8-de-janeiro-em-brasilia\/#primaryimage","url":"https:\/\/www.blogsoestado.com\/danielmatos\/files\/2023\/03\/Screenshot_20230317-1155483.png","contentUrl":"https:\/\/www.blogsoestado.com\/danielmatos\/files\/2023\/03\/Screenshot_20230317-1155483.png"},{"@type":"BreadcrumbList","@id":"https:\/\/www.blogsoestado.com\/danielmatos\/pf-cumpre-mandados-no-maranhao-em-operacao-contra-atos-de-8-de-janeiro-em-brasilia\/#breadcrumb","itemListElement":[{"@type":"ListItem","position":1,"name":"In\u00edcio","item":"https:\/\/www.blogsoestado.com\/danielmatos\/"},{"@type":"ListItem","position":2,"name":"PF cumpre mandados no Maranh\u00e3o em opera\u00e7\u00e3o contra atos de 8 de janeiro, em Bras\u00edlia"}]},{"@type":"WebSite","@id":"https:\/\/www.blogsoestado.com\/danielmatos\/#website","url":"https:\/\/www.blogsoestado.com\/danielmatos\/","name":"Daniel Matos","description":"","potentialAction":[{"@type":"SearchAction","target":{"@type":"EntryPoint","urlTemplate":"https:\/\/www.blogsoestado.com\/danielmatos\/?s={search_term_string}"},"query-input":{"@type":"PropertyValueSpecification","valueRequired":true,"valueName":"search_term_string"}}],"inLanguage":"pt-BR"}]}},"jetpack_featured_media_url":"","_links":{"self":[{"href":"https:\/\/www.blogsoestado.com\/danielmatos\/wp-json\/wp\/v2\/posts\/107158","targetHints":{"allow":["GET"]}}],"collection":[{"href":"https:\/\/www.blogsoestado.com\/danielmatos\/wp-json\/wp\/v2\/posts"}],"about":[{"href":"https:\/\/www.blogsoestado.com\/danielmatos\/wp-json\/wp\/v2\/types\/post"}],"replies":[{"embeddable":true,"href":"https:\/\/www.blogsoestado.com\/danielmatos\/wp-json\/wp\/v2\/comments?post=107158"}],"version-history":[{"count":0,"href":"https:\/\/www.blogsoestado.com\/danielmatos\/wp-json\/wp\/v2\/posts\/107158\/revisions"}],"wp:attachment":[{"href":"https:\/\/www.blogsoestado.com\/danielmatos\/wp-json\/wp\/v2\/media?parent=107158"}],"wp:term":[{"taxonomy":"category","embeddable":true,"href":"https:\/\/www.blogsoestado.com\/danielmatos\/wp-json\/wp\/v2\/categories?post=107158"},{"taxonomy":"post_tag","embeddable":true,"href":"https:\/\/www.blogsoestado.com\/danielmatos\/wp-json\/wp\/v2\/tags?post=107158"}],"curies":[{"name":"wp","href":"https:\/\/api.w.org\/{rel}","templated":true}]}}