{"id":107169,"date":"2023-03-17T15:22:09","date_gmt":"2023-03-17T18:22:09","guid":{"rendered":"https:\/\/www.blogsoestado.com\/danielmatos\/?p=107169"},"modified":"2023-03-17T15:22:09","modified_gmt":"2023-03-17T18:22:09","slug":"so-falo-por-mim-diz-filho-de-bolsonaro-sobre-decisao-dos-colegas-de-partido-josimar-e-detinha-de-retirar-assinaturas-da-cpmi-dos-atos-de-8-de-janeiro","status":"publish","type":"post","link":"https:\/\/www.blogsoestado.com\/danielmatos\/so-falo-por-mim-diz-filho-de-bolsonaro-sobre-decisao-dos-colegas-de-partido-josimar-e-detinha-de-retirar-assinaturas-da-cpmi-dos-atos-de-8-de-janeiro\/","title":{"rendered":"&#8220;S\u00f3 falo por mim&#8221;, diz filho de Bolsonaro sobre decis\u00e3o dos colegas de partido Josimar e Detinha de retirar assinaturas da CPMI dos Atos de 8 de Janeiro"},"content":{"rendered":"\n<div class=\"wp-block-image\"><figure class=\"aligncenter size-large\"><a href=\"https:\/\/www.blogsoestado.com\/danielmatos\/files\/2023\/03\/Screenshot_20230317-1510502.png\"><img decoding=\"async\" src=\"https:\/\/www.blogsoestado.com\/danielmatos\/files\/2023\/03\/Screenshot_20230317-1510502.png\" alt=\"\" class=\"wp-image-107171\"\/><\/a><figcaption>Eduardo Bolsonaro foi sucinto ao comentar decis\u00e3o de deputados.federais do Maranh\u00e3o da proposta que prev\u00ea a cria\u00e7\u00e3o da CPMI do 8 de janeiro<\/figcaption><\/figure><\/div>\n\n\n\n<p>Em entrevista concedida ao vivo ao programa P\u00e2nico, na R\u00e1dio Jovem Pan, no in\u00edcio da tarde desta sexta-feira (17), o deputado federal Eduardo Bolsonaro (PL-SP), filho n\u00famero 3 do ex-presidente da Rep\u00fablica Jair Bolsonaro, foi curto e grosso ao comentar a decis\u00e3o do casal de deputados federais do Maranh\u00e3o Josimar de Maranh\u00e3ozinho e Detinha, ambos tamb\u00e9m do Partido Liberal (PL), de retirar suas assinaturas da proposta que cria a Comiss\u00e3o Parlamentar Mista de Inqu\u00e9rito (CPMI) destinada a apurar os chamados &#8220;atos antidemocr\u00e1ticos&#8221; cometidos contra as sedes dos Tr\u00eas Poderes, em Bras\u00edlia, no dia 8 de janeiro de deste ano.<\/p>\n\n\n\n<p>Questionado sobre a postura dos colegas de partido &#8211; um deles, Josimar, \u00e9 presidente estadual da sigla no Maranh\u00e3o -, Eduardo foi sucinto. &#8220;S\u00f3 falo por mim&#8221;, respondeu o terceiro filho de Bolsonaro, para em seguida afirmar que n\u00e3o tinha conhecimento do fato.<\/p>\n\n\n\n<p>Sobre poss\u00edveis complica\u00e7\u00f5es pol\u00edticas que ser\u00e3o enfrentadas pelo casal de deputados federais maranhenses, o herdeiro bolsonarista seguiu usando poucas palavras. &#8220;Complica para ele&#8221;, resumiu.<\/p>\n\n\n\n<p><strong>Em tempo:<\/strong> apesar da aparente indiferen\u00e7a de Eduardo Bolsonaro em rela\u00e7\u00e3o \u00e0 decis\u00e3o de parlamentares do PL, maior partido de oposi\u00e7\u00e3o ao governo do PT no Congresso Nacional, ao qual \u00e9 filiado o pr\u00f3prio ex-presidente Bolsonaro, alas mais radicais da direita conservadora, inclusive do Maranh\u00e3o, defendem a expuls\u00e3o sum\u00e1ria de Josimar e Detinha da legenda. <\/p>\n","protected":false},"excerpt":{"rendered":"<p>Em entrevista concedida ao vivo ao programa P\u00e2nico, na R\u00e1dio Jovem Pan, no in\u00edcio da tarde desta sexta-feira (17), o [&hellip;]<\/p>\n","protected":false},"author":0,"featured_media":0,"comment_status":"open","ping_status":"open","sticky":false,"template":"","format":"standard","meta":{"site-sidebar-layout":"default","site-content-layout":"","ast-site-content-layout":"default","site-content-style":"default","site-sidebar-style":"default","ast-global-header-display":"","ast-banner-title-visibility":"","ast-main-header-display":"","ast-hfb-above-header-display":"","ast-hfb-below-header-display":"","ast-hfb-mobile-header-display":"","site-post-title":"","ast-breadcrumbs-content":"","ast-featured-img":"","footer-sml-layout":"","ast-disable-related-posts":"","theme-transparent-header-meta":"","adv-header-id-meta":"","stick-header-meta":"","header-above-stick-meta":"","header-main-stick-meta":"","header-below-stick-meta":"","astra-migrate-meta-layouts":"default","ast-page-background-enabled":"default","ast-page-background-meta":{"desktop":{"background-color":"var(--ast-global-color-5)","background-image":"","background-repeat":"repeat","background-position":"center center","background-size":"auto","background-attachment":"scroll","background-type":"","background-media":"","overlay-type":"","overlay-color":"","overlay-opacity":"","overlay-gradient":""},"tablet":{"background-color":"","background-image":"","background-repeat":"repeat","background-position":"center center","background-size":"auto","background-attachment":"scroll","background-type":"","background-media":"","overlay-type":"","overlay-color":"","overlay-opacity":"","overlay-gradient":""},"mobile":{"background-color":"","background-image":"","background-repeat":"repeat","background-position":"center center","background-size":"auto","background-attachment":"scroll","background-type":"","background-media":"","overlay-type":"","overlay-color":"","overlay-opacity":"","overlay-gradient":""}},"ast-content-background-meta":{"desktop":{"background-color":"var(--ast-global-color-4)","background-image":"","background-repeat":"repeat","background-position":"center center","background-size":"auto","background-attachment":"scroll","background-type":"","background-media":"","overlay-type":"","overlay-color":"","overlay-opacity":"","overlay-gradient":""},"tablet":{"background-color":"var(--ast-global-color-4)","background-image":"","background-repeat":"repeat","background-position":"center center","background-size":"auto","background-attachment":"scroll","background-type":"","background-media":"","overlay-type":"","overlay-color":"","overlay-opacity":"","overlay-gradient":""},"mobile":{"background-color":"var(--ast-global-color-4)","background-image":"","background-repeat":"repeat","background-position":"center center","background-size":"auto","background-attachment":"scroll","background-type":"","background-media":"","overlay-type":"","overlay-color":"","overlay-opacity":"","overlay-gradient":""}},"footnotes":""},"categories":[1],"tags":[],"class_list":["post-107169","post","type-post","status-publish","format-standard","hentry","category-sem-categoria"],"yoast_head":"<!-- This site is optimized with the Yoast SEO plugin v26.6 - https:\/\/yoast.com\/wordpress\/plugins\/seo\/ -->\n<title>&quot;S\u00f3 falo por mim&quot;, diz filho de Bolsonaro sobre decis\u00e3o dos colegas de partido Josimar e Detinha de retirar assinaturas da CPMI dos Atos de 8 de Janeiro - Daniel Matos<\/title>\n<meta name=\"robots\" content=\"index, follow, max-snippet:-1, max-image-preview:large, max-video-preview:-1\" \/>\n<link rel=\"canonical\" href=\"https:\/\/www.blogsoestado.com\/danielmatos\/so-falo-por-mim-diz-filho-de-bolsonaro-sobre-decisao-dos-colegas-de-partido-josimar-e-detinha-de-retirar-assinaturas-da-cpmi-dos-atos-de-8-de-janeiro\/\" \/>\n<meta property=\"og:locale\" content=\"pt_BR\" \/>\n<meta property=\"og:type\" content=\"article\" \/>\n<meta property=\"og:title\" content=\"&quot;S\u00f3 falo por mim&quot;, diz filho de Bolsonaro sobre decis\u00e3o dos colegas de partido Josimar e Detinha de retirar assinaturas da CPMI dos Atos de 8 de Janeiro - Daniel Matos\" \/>\n<meta property=\"og:description\" content=\"Em entrevista concedida ao vivo ao programa P\u00e2nico, na R\u00e1dio Jovem Pan, no in\u00edcio da tarde desta sexta-feira (17), o [&hellip;]\" \/>\n<meta property=\"og:url\" content=\"https:\/\/www.blogsoestado.com\/danielmatos\/so-falo-por-mim-diz-filho-de-bolsonaro-sobre-decisao-dos-colegas-de-partido-josimar-e-detinha-de-retirar-assinaturas-da-cpmi-dos-atos-de-8-de-janeiro\/\" \/>\n<meta property=\"og:site_name\" content=\"Daniel Matos\" \/>\n<meta property=\"article:published_time\" content=\"2023-03-17T18:22:09+00:00\" \/>\n<meta property=\"og:image\" content=\"https:\/\/www.blogsoestado.com\/danielmatos\/files\/2023\/03\/Screenshot_20230317-1510502.png\" \/>\n<meta name=\"twitter:card\" content=\"summary_large_image\" \/>\n<meta name=\"twitter:label1\" content=\"Est. tempo de leitura\" \/>\n\t<meta name=\"twitter:data1\" content=\"2 minutos\" \/>\n<script type=\"application\/ld+json\" class=\"yoast-schema-graph\">{\"@context\":\"https:\/\/schema.org\",\"@graph\":[{\"@type\":\"WebPage\",\"@id\":\"https:\/\/www.blogsoestado.com\/danielmatos\/so-falo-por-mim-diz-filho-de-bolsonaro-sobre-decisao-dos-colegas-de-partido-josimar-e-detinha-de-retirar-assinaturas-da-cpmi-dos-atos-de-8-de-janeiro\/\",\"url\":\"https:\/\/www.blogsoestado.com\/danielmatos\/so-falo-por-mim-diz-filho-de-bolsonaro-sobre-decisao-dos-colegas-de-partido-josimar-e-detinha-de-retirar-assinaturas-da-cpmi-dos-atos-de-8-de-janeiro\/\",\"name\":\"\\\"S\u00f3 falo por mim\\\", diz filho de Bolsonaro sobre decis\u00e3o dos colegas de partido Josimar e Detinha de retirar assinaturas da CPMI dos Atos de 8 de Janeiro - Daniel Matos\",\"isPartOf\":{\"@id\":\"https:\/\/www.blogsoestado.com\/danielmatos\/#website\"},\"primaryImageOfPage\":{\"@id\":\"https:\/\/www.blogsoestado.com\/danielmatos\/so-falo-por-mim-diz-filho-de-bolsonaro-sobre-decisao-dos-colegas-de-partido-josimar-e-detinha-de-retirar-assinaturas-da-cpmi-dos-atos-de-8-de-janeiro\/#primaryimage\"},\"image\":{\"@id\":\"https:\/\/www.blogsoestado.com\/danielmatos\/so-falo-por-mim-diz-filho-de-bolsonaro-sobre-decisao-dos-colegas-de-partido-josimar-e-detinha-de-retirar-assinaturas-da-cpmi-dos-atos-de-8-de-janeiro\/#primaryimage\"},\"thumbnailUrl\":\"https:\/\/www.blogsoestado.com\/danielmatos\/files\/2023\/03\/Screenshot_20230317-1510502.png\",\"datePublished\":\"2023-03-17T18:22:09+00:00\",\"author\":{\"@id\":\"\"},\"breadcrumb\":{\"@id\":\"https:\/\/www.blogsoestado.com\/danielmatos\/so-falo-por-mim-diz-filho-de-bolsonaro-sobre-decisao-dos-colegas-de-partido-josimar-e-detinha-de-retirar-assinaturas-da-cpmi-dos-atos-de-8-de-janeiro\/#breadcrumb\"},\"inLanguage\":\"pt-BR\",\"potentialAction\":[{\"@type\":\"ReadAction\",\"target\":[\"https:\/\/www.blogsoestado.com\/danielmatos\/so-falo-por-mim-diz-filho-de-bolsonaro-sobre-decisao-dos-colegas-de-partido-josimar-e-detinha-de-retirar-assinaturas-da-cpmi-dos-atos-de-8-de-janeiro\/\"]}]},{\"@type\":\"ImageObject\",\"inLanguage\":\"pt-BR\",\"@id\":\"https:\/\/www.blogsoestado.com\/danielmatos\/so-falo-por-mim-diz-filho-de-bolsonaro-sobre-decisao-dos-colegas-de-partido-josimar-e-detinha-de-retirar-assinaturas-da-cpmi-dos-atos-de-8-de-janeiro\/#primaryimage\",\"url\":\"https:\/\/www.blogsoestado.com\/danielmatos\/files\/2023\/03\/Screenshot_20230317-1510502.png\",\"contentUrl\":\"https:\/\/www.blogsoestado.com\/danielmatos\/files\/2023\/03\/Screenshot_20230317-1510502.png\"},{\"@type\":\"BreadcrumbList\",\"@id\":\"https:\/\/www.blogsoestado.com\/danielmatos\/so-falo-por-mim-diz-filho-de-bolsonaro-sobre-decisao-dos-colegas-de-partido-josimar-e-detinha-de-retirar-assinaturas-da-cpmi-dos-atos-de-8-de-janeiro\/#breadcrumb\",\"itemListElement\":[{\"@type\":\"ListItem\",\"position\":1,\"name\":\"In\u00edcio\",\"item\":\"https:\/\/www.blogsoestado.com\/danielmatos\/\"},{\"@type\":\"ListItem\",\"position\":2,\"name\":\"&#8220;S\u00f3 falo por mim&#8221;, diz filho de Bolsonaro sobre decis\u00e3o dos colegas de partido Josimar e Detinha de retirar assinaturas da CPMI dos Atos de 8 de Janeiro\"}]},{\"@type\":\"WebSite\",\"@id\":\"https:\/\/www.blogsoestado.com\/danielmatos\/#website\",\"url\":\"https:\/\/www.blogsoestado.com\/danielmatos\/\",\"name\":\"Daniel Matos\",\"description\":\"\",\"potentialAction\":[{\"@type\":\"SearchAction\",\"target\":{\"@type\":\"EntryPoint\",\"urlTemplate\":\"https:\/\/www.blogsoestado.com\/danielmatos\/?s={search_term_string}\"},\"query-input\":{\"@type\":\"PropertyValueSpecification\",\"valueRequired\":true,\"valueName\":\"search_term_string\"}}],\"inLanguage\":\"pt-BR\"}]}<\/script>\n<!-- \/ Yoast SEO plugin. -->","yoast_head_json":{"title":"\"S\u00f3 falo por mim\", diz filho de Bolsonaro sobre decis\u00e3o dos colegas de partido Josimar e Detinha de retirar assinaturas da CPMI dos Atos de 8 de Janeiro - Daniel Matos","robots":{"index":"index","follow":"follow","max-snippet":"max-snippet:-1","max-image-preview":"max-image-preview:large","max-video-preview":"max-video-preview:-1"},"canonical":"https:\/\/www.blogsoestado.com\/danielmatos\/so-falo-por-mim-diz-filho-de-bolsonaro-sobre-decisao-dos-colegas-de-partido-josimar-e-detinha-de-retirar-assinaturas-da-cpmi-dos-atos-de-8-de-janeiro\/","og_locale":"pt_BR","og_type":"article","og_title":"\"S\u00f3 falo por mim\", diz filho de Bolsonaro sobre decis\u00e3o dos colegas de partido Josimar e Detinha de retirar assinaturas da CPMI dos Atos de 8 de Janeiro - Daniel Matos","og_description":"Em entrevista concedida ao vivo ao programa P\u00e2nico, na R\u00e1dio Jovem Pan, no in\u00edcio da tarde desta sexta-feira (17), o [&hellip;]","og_url":"https:\/\/www.blogsoestado.com\/danielmatos\/so-falo-por-mim-diz-filho-de-bolsonaro-sobre-decisao-dos-colegas-de-partido-josimar-e-detinha-de-retirar-assinaturas-da-cpmi-dos-atos-de-8-de-janeiro\/","og_site_name":"Daniel Matos","article_published_time":"2023-03-17T18:22:09+00:00","og_image":[{"url":"https:\/\/www.blogsoestado.com\/danielmatos\/files\/2023\/03\/Screenshot_20230317-1510502.png","type":"","width":"","height":""}],"twitter_card":"summary_large_image","twitter_misc":{"Est. tempo de leitura":"2 minutos"},"schema":{"@context":"https:\/\/schema.org","@graph":[{"@type":"WebPage","@id":"https:\/\/www.blogsoestado.com\/danielmatos\/so-falo-por-mim-diz-filho-de-bolsonaro-sobre-decisao-dos-colegas-de-partido-josimar-e-detinha-de-retirar-assinaturas-da-cpmi-dos-atos-de-8-de-janeiro\/","url":"https:\/\/www.blogsoestado.com\/danielmatos\/so-falo-por-mim-diz-filho-de-bolsonaro-sobre-decisao-dos-colegas-de-partido-josimar-e-detinha-de-retirar-assinaturas-da-cpmi-dos-atos-de-8-de-janeiro\/","name":"\"S\u00f3 falo por mim\", diz filho de Bolsonaro sobre decis\u00e3o dos colegas de partido Josimar e Detinha de retirar assinaturas da CPMI dos Atos de 8 de Janeiro - Daniel Matos","isPartOf":{"@id":"https:\/\/www.blogsoestado.com\/danielmatos\/#website"},"primaryImageOfPage":{"@id":"https:\/\/www.blogsoestado.com\/danielmatos\/so-falo-por-mim-diz-filho-de-bolsonaro-sobre-decisao-dos-colegas-de-partido-josimar-e-detinha-de-retirar-assinaturas-da-cpmi-dos-atos-de-8-de-janeiro\/#primaryimage"},"image":{"@id":"https:\/\/www.blogsoestado.com\/danielmatos\/so-falo-por-mim-diz-filho-de-bolsonaro-sobre-decisao-dos-colegas-de-partido-josimar-e-detinha-de-retirar-assinaturas-da-cpmi-dos-atos-de-8-de-janeiro\/#primaryimage"},"thumbnailUrl":"https:\/\/www.blogsoestado.com\/danielmatos\/files\/2023\/03\/Screenshot_20230317-1510502.png","datePublished":"2023-03-17T18:22:09+00:00","author":{"@id":""},"breadcrumb":{"@id":"https:\/\/www.blogsoestado.com\/danielmatos\/so-falo-por-mim-diz-filho-de-bolsonaro-sobre-decisao-dos-colegas-de-partido-josimar-e-detinha-de-retirar-assinaturas-da-cpmi-dos-atos-de-8-de-janeiro\/#breadcrumb"},"inLanguage":"pt-BR","potentialAction":[{"@type":"ReadAction","target":["https:\/\/www.blogsoestado.com\/danielmatos\/so-falo-por-mim-diz-filho-de-bolsonaro-sobre-decisao-dos-colegas-de-partido-josimar-e-detinha-de-retirar-assinaturas-da-cpmi-dos-atos-de-8-de-janeiro\/"]}]},{"@type":"ImageObject","inLanguage":"pt-BR","@id":"https:\/\/www.blogsoestado.com\/danielmatos\/so-falo-por-mim-diz-filho-de-bolsonaro-sobre-decisao-dos-colegas-de-partido-josimar-e-detinha-de-retirar-assinaturas-da-cpmi-dos-atos-de-8-de-janeiro\/#primaryimage","url":"https:\/\/www.blogsoestado.com\/danielmatos\/files\/2023\/03\/Screenshot_20230317-1510502.png","contentUrl":"https:\/\/www.blogsoestado.com\/danielmatos\/files\/2023\/03\/Screenshot_20230317-1510502.png"},{"@type":"BreadcrumbList","@id":"https:\/\/www.blogsoestado.com\/danielmatos\/so-falo-por-mim-diz-filho-de-bolsonaro-sobre-decisao-dos-colegas-de-partido-josimar-e-detinha-de-retirar-assinaturas-da-cpmi-dos-atos-de-8-de-janeiro\/#breadcrumb","itemListElement":[{"@type":"ListItem","position":1,"name":"In\u00edcio","item":"https:\/\/www.blogsoestado.com\/danielmatos\/"},{"@type":"ListItem","position":2,"name":"&#8220;S\u00f3 falo por mim&#8221;, diz filho de Bolsonaro sobre decis\u00e3o dos colegas de partido Josimar e Detinha de retirar assinaturas da CPMI dos Atos de 8 de Janeiro"}]},{"@type":"WebSite","@id":"https:\/\/www.blogsoestado.com\/danielmatos\/#website","url":"https:\/\/www.blogsoestado.com\/danielmatos\/","name":"Daniel Matos","description":"","potentialAction":[{"@type":"SearchAction","target":{"@type":"EntryPoint","urlTemplate":"https:\/\/www.blogsoestado.com\/danielmatos\/?s={search_term_string}"},"query-input":{"@type":"PropertyValueSpecification","valueRequired":true,"valueName":"search_term_string"}}],"inLanguage":"pt-BR"}]}},"jetpack_featured_media_url":"","_links":{"self":[{"href":"https:\/\/www.blogsoestado.com\/danielmatos\/wp-json\/wp\/v2\/posts\/107169","targetHints":{"allow":["GET"]}}],"collection":[{"href":"https:\/\/www.blogsoestado.com\/danielmatos\/wp-json\/wp\/v2\/posts"}],"about":[{"href":"https:\/\/www.blogsoestado.com\/danielmatos\/wp-json\/wp\/v2\/types\/post"}],"replies":[{"embeddable":true,"href":"https:\/\/www.blogsoestado.com\/danielmatos\/wp-json\/wp\/v2\/comments?post=107169"}],"version-history":[{"count":0,"href":"https:\/\/www.blogsoestado.com\/danielmatos\/wp-json\/wp\/v2\/posts\/107169\/revisions"}],"wp:attachment":[{"href":"https:\/\/www.blogsoestado.com\/danielmatos\/wp-json\/wp\/v2\/media?parent=107169"}],"wp:term":[{"taxonomy":"category","embeddable":true,"href":"https:\/\/www.blogsoestado.com\/danielmatos\/wp-json\/wp\/v2\/categories?post=107169"},{"taxonomy":"post_tag","embeddable":true,"href":"https:\/\/www.blogsoestado.com\/danielmatos\/wp-json\/wp\/v2\/tags?post=107169"}],"curies":[{"name":"wp","href":"https:\/\/api.w.org\/{rel}","templated":true}]}}