{"id":107173,"date":"2023-03-17T18:37:10","date_gmt":"2023-03-17T21:37:10","guid":{"rendered":"https:\/\/www.blogsoestado.com\/danielmatos\/?p=107173"},"modified":"2023-03-17T18:37:10","modified_gmt":"2023-03-17T21:37:10","slug":"sindicalista-revela-que-smtt-recomendou-a-rodoviarios-que-parem-empresas-para-pressionar-por-salarios-e-outros-direitos","status":"publish","type":"post","link":"https:\/\/www.blogsoestado.com\/danielmatos\/sindicalista-revela-que-smtt-recomendou-a-rodoviarios-que-parem-empresas-para-pressionar-por-salarios-e-outros-direitos\/","title":{"rendered":"Sindicalista revela que SMTT recomendou a rodovi\u00e1rios que parem empresas, mesmo causando transtorno a usu\u00e1rios de \u00f4nibus"},"content":{"rendered":"\n<div class=\"wp-block-image\"><figure class=\"aligncenter size-large\"><a href=\"https:\/\/www.blogsoestado.com\/danielmatos\/files\/2023\/03\/Screenshot_20230317-1828593.png\"><img decoding=\"async\" src=\"https:\/\/www.blogsoestado.com\/danielmatos\/files\/2023\/03\/Screenshot_20230317-1828593.png\" alt=\"\" class=\"wp-image-107177\"\/><\/a><figcaption>Usu\u00e1rios de transporte p\u00fablico em uma das \u00faltimas greves deflagradas pela categoria dos rodovi\u00e1rios em S\u00e3o Lu\u00eds: quem mais sofre \u00e9 o povo<\/figcaption><\/figure><\/div>\n\n\n\n<p>Em entrevista \u00e0 R\u00e1dio Educadora AM, na manh\u00e3 desta sexta-feira (17), o presidente do Sindicato dos Trabalhadores em Transporte Rodovi\u00e1rio do Estado do Maranh\u00e3o (STTREMA), Marcelo Brito, fez uma revela\u00e7\u00e3o bomb\u00e1stica, que exp\u00f4s a falta de compromisso da Prefeitura de S\u00e3o Lu\u00eds com os usu\u00e1rios do sistema de transporte coletivo da capital. O sindicalista afirmou ter recebido, em recente reuni\u00e3o na Secretaria Municipal de Tr\u00e2nsito e Transportes (SMTT), a recomenda\u00e7\u00e3o de parar as empresas que operam as linhas de \u00f4nibus como forma de pression\u00e1-las a pagar o reajuste salarial acertado na \u00faltima negocia\u00e7\u00e3o e outros direitos \u00e0 categoria.<\/p>\n\n\n\n<p>Caso seja colocada em pr\u00e1tica, a sugest\u00e3o do \u00f3rg\u00e3o municipal de tr\u00e2nsito prejudicar\u00e1 gravemente centenas de milhares de usu\u00e1rios do transporte coletivo em S\u00e3o Lu\u00eds, com reflexos negativos nos outros tr\u00eas munic\u00edpios da regi\u00e3o metropolitana +S\u00e3o Jos\u00e9 de Ribamar, Pa\u00e7o do Lumiar e Raposa), perfazendo algo em torno de 1 milh\u00e3o de pessoas afetadas.<\/p>\n\n\n\n<p>Mesmo ciente da crise enfrentada pelas empresas concession\u00e1rias, motivada por m\u00faltiplos fatores, como a perda de passageiros para outras modalidades de transporte, a prefeitura prefere estimular o caos, apostando no conflito entre empregados e patr\u00f5es, que teria como consequ\u00eancia mais danosa a priva\u00e7\u00e3o do direito de ir e vir \u00e0 imensa maioria da popula\u00e7\u00e3o da Grande Ilha.<\/p>\n\n\n\n<p>Mais do que um atestado de incompet\u00eancia, a recomenda\u00e7\u00e3o da SMTT revelada pelo presidente do Sindicato dos Rodovi\u00e1rios \u00e9 um ato de maldade extrema. Ainda mais quando se sabe que a dificuldade de caixa das empresas &#8211; que inviabiliza o cumprimento de todas as cl\u00e1usulas da \u00faltima conven\u00e7\u00e3o coletiva de trabalho &#8211; decorre, principalmente, do atraso dos repasses dos subs\u00eddios ao sistema de transporte p\u00fablico, tanto em \u00e2mbito municipal, quanto estadual.<\/p>\n\n\n\n<p>Em vez de chamar para si a responsabilidade, a prefeitura insufla um movimento cujas consequ\u00eancias todos j\u00e1 sabem: centenas de milhares de cidad\u00e3os sem mobilidade ou se aventurando em meios de locomo\u00e7\u00e3o clandestinos, sem o m\u00ednimo conforto e perigosos e perdas incalcul\u00e1veis para a economia, sobretudo para o com\u00e9rcio varejista.<\/p>\n\n\n\n<p>Ao que tudo indica, o plano maligno da administra\u00e7\u00e3o municipal tende a se concretizar, para desgosto e sofrimento da popula\u00e7\u00e3o. Isso porque o Sindicato dos Rodovi\u00e1rios j\u00e1 se mobiliza para deflagrar mais uma greve e at\u00e9 j\u00e1 tornou p\u00fablica a amea\u00e7a, conforme comunicado divulgado nessa quinta-feira (16).<\/p>\n\n\n\n<p>Enquanto a Prefeitura de S\u00e3o Lu\u00eds demonstra total apatia, m\u00e1 vontade e vis\u00edvel inaptid\u00e3o para lidar de forma resolutiva com as quest\u00f5es mais delicadas, uma parcela cada mais expressiva do povo se pergunta: seria esse o modo correto de gerenciar uma crise?<\/p>\n\n\n\n<p>Abaixo, o comunicado do Sindicato dos Rodovi\u00e1rios com a amea\u00e7a de nova paralisa\u00e7\u00e3o do transporte:<\/p>\n\n\n\n<div class=\"wp-block-image\"><figure class=\"aligncenter size-large\"><a href=\"https:\/\/www.blogsoestado.com\/danielmatos\/files\/2023\/03\/Screenshot_20230317-1823332.png\"><img decoding=\"async\" src=\"https:\/\/www.blogsoestado.com\/danielmatos\/files\/2023\/03\/Screenshot_20230317-1823332.png\" alt=\"\" class=\"wp-image-107174\"\/><\/a><\/figure><\/div>\n\n\n\n<p><\/p>\n","protected":false},"excerpt":{"rendered":"<p>Em entrevista \u00e0 R\u00e1dio Educadora AM, na manh\u00e3 desta sexta-feira (17), o presidente do Sindicato dos Trabalhadores em Transporte Rodovi\u00e1rio [&hellip;]<\/p>\n","protected":false},"author":0,"featured_media":0,"comment_status":"open","ping_status":"open","sticky":false,"template":"","format":"standard","meta":{"site-sidebar-layout":"default","site-content-layout":"","ast-site-content-layout":"default","site-content-style":"default","site-sidebar-style":"default","ast-global-header-display":"","ast-banner-title-visibility":"","ast-main-header-display":"","ast-hfb-above-header-display":"","ast-hfb-below-header-display":"","ast-hfb-mobile-header-display":"","site-post-title":"","ast-breadcrumbs-content":"","ast-featured-img":"","footer-sml-layout":"","ast-disable-related-posts":"","theme-transparent-header-meta":"","adv-header-id-meta":"","stick-header-meta":"","header-above-stick-meta":"","header-main-stick-meta":"","header-below-stick-meta":"","astra-migrate-meta-layouts":"default","ast-page-background-enabled":"default","ast-page-background-meta":{"desktop":{"background-color":"var(--ast-global-color-5)","background-image":"","background-repeat":"repeat","background-position":"center center","background-size":"auto","background-attachment":"scroll","background-type":"","background-media":"","overlay-type":"","overlay-color":"","overlay-opacity":"","overlay-gradient":""},"tablet":{"background-color":"","background-image":"","background-repeat":"repeat","background-position":"center center","background-size":"auto","background-attachment":"scroll","background-type":"","background-media":"","overlay-type":"","overlay-color":"","overlay-opacity":"","overlay-gradient":""},"mobile":{"background-color":"","background-image":"","background-repeat":"repeat","background-position":"center center","background-size":"auto","background-attachment":"scroll","background-type":"","background-media":"","overlay-type":"","overlay-color":"","overlay-opacity":"","overlay-gradient":""}},"ast-content-background-meta":{"desktop":{"background-color":"var(--ast-global-color-4)","background-image":"","background-repeat":"repeat","background-position":"center center","background-size":"auto","background-attachment":"scroll","background-type":"","background-media":"","overlay-type":"","overlay-color":"","overlay-opacity":"","overlay-gradient":""},"tablet":{"background-color":"var(--ast-global-color-4)","background-image":"","background-repeat":"repeat","background-position":"center center","background-size":"auto","background-attachment":"scroll","background-type":"","background-media":"","overlay-type":"","overlay-color":"","overlay-opacity":"","overlay-gradient":""},"mobile":{"background-color":"var(--ast-global-color-4)","background-image":"","background-repeat":"repeat","background-position":"center center","background-size":"auto","background-attachment":"scroll","background-type":"","background-media":"","overlay-type":"","overlay-color":"","overlay-opacity":"","overlay-gradient":""}},"footnotes":""},"categories":[1],"tags":[],"class_list":["post-107173","post","type-post","status-publish","format-standard","hentry","category-sem-categoria"],"yoast_head":"<!-- This site is optimized with the Yoast SEO plugin v26.6 - https:\/\/yoast.com\/wordpress\/plugins\/seo\/ -->\n<title>Sindicalista revela que SMTT recomendou a rodovi\u00e1rios que parem empresas, mesmo causando transtorno a usu\u00e1rios de \u00f4nibus - Daniel Matos<\/title>\n<meta name=\"robots\" content=\"index, follow, max-snippet:-1, max-image-preview:large, max-video-preview:-1\" \/>\n<link rel=\"canonical\" href=\"https:\/\/www.blogsoestado.com\/danielmatos\/sindicalista-revela-que-smtt-recomendou-a-rodoviarios-que-parem-empresas-para-pressionar-por-salarios-e-outros-direitos\/\" \/>\n<meta property=\"og:locale\" content=\"pt_BR\" \/>\n<meta property=\"og:type\" content=\"article\" \/>\n<meta property=\"og:title\" content=\"Sindicalista revela que SMTT recomendou a rodovi\u00e1rios que parem empresas, mesmo causando transtorno a usu\u00e1rios de \u00f4nibus - Daniel Matos\" \/>\n<meta property=\"og:description\" content=\"Em entrevista \u00e0 R\u00e1dio Educadora AM, na manh\u00e3 desta sexta-feira (17), o presidente do Sindicato dos Trabalhadores em Transporte Rodovi\u00e1rio [&hellip;]\" \/>\n<meta property=\"og:url\" content=\"https:\/\/www.blogsoestado.com\/danielmatos\/sindicalista-revela-que-smtt-recomendou-a-rodoviarios-que-parem-empresas-para-pressionar-por-salarios-e-outros-direitos\/\" \/>\n<meta property=\"og:site_name\" content=\"Daniel Matos\" \/>\n<meta property=\"article:published_time\" content=\"2023-03-17T21:37:10+00:00\" \/>\n<meta property=\"og:image\" content=\"https:\/\/www.blogsoestado.com\/danielmatos\/files\/2023\/03\/Screenshot_20230317-1828593.png\" \/>\n<meta name=\"twitter:card\" content=\"summary_large_image\" \/>\n<meta name=\"twitter:label1\" content=\"Est. tempo de leitura\" \/>\n\t<meta name=\"twitter:data1\" content=\"3 minutos\" \/>\n<script type=\"application\/ld+json\" class=\"yoast-schema-graph\">{\"@context\":\"https:\/\/schema.org\",\"@graph\":[{\"@type\":\"WebPage\",\"@id\":\"https:\/\/www.blogsoestado.com\/danielmatos\/sindicalista-revela-que-smtt-recomendou-a-rodoviarios-que-parem-empresas-para-pressionar-por-salarios-e-outros-direitos\/\",\"url\":\"https:\/\/www.blogsoestado.com\/danielmatos\/sindicalista-revela-que-smtt-recomendou-a-rodoviarios-que-parem-empresas-para-pressionar-por-salarios-e-outros-direitos\/\",\"name\":\"Sindicalista revela que SMTT recomendou a rodovi\u00e1rios que parem empresas, mesmo causando transtorno a usu\u00e1rios de \u00f4nibus - Daniel Matos\",\"isPartOf\":{\"@id\":\"https:\/\/www.blogsoestado.com\/danielmatos\/#website\"},\"primaryImageOfPage\":{\"@id\":\"https:\/\/www.blogsoestado.com\/danielmatos\/sindicalista-revela-que-smtt-recomendou-a-rodoviarios-que-parem-empresas-para-pressionar-por-salarios-e-outros-direitos\/#primaryimage\"},\"image\":{\"@id\":\"https:\/\/www.blogsoestado.com\/danielmatos\/sindicalista-revela-que-smtt-recomendou-a-rodoviarios-que-parem-empresas-para-pressionar-por-salarios-e-outros-direitos\/#primaryimage\"},\"thumbnailUrl\":\"https:\/\/www.blogsoestado.com\/danielmatos\/files\/2023\/03\/Screenshot_20230317-1828593.png\",\"datePublished\":\"2023-03-17T21:37:10+00:00\",\"author\":{\"@id\":\"\"},\"breadcrumb\":{\"@id\":\"https:\/\/www.blogsoestado.com\/danielmatos\/sindicalista-revela-que-smtt-recomendou-a-rodoviarios-que-parem-empresas-para-pressionar-por-salarios-e-outros-direitos\/#breadcrumb\"},\"inLanguage\":\"pt-BR\",\"potentialAction\":[{\"@type\":\"ReadAction\",\"target\":[\"https:\/\/www.blogsoestado.com\/danielmatos\/sindicalista-revela-que-smtt-recomendou-a-rodoviarios-que-parem-empresas-para-pressionar-por-salarios-e-outros-direitos\/\"]}]},{\"@type\":\"ImageObject\",\"inLanguage\":\"pt-BR\",\"@id\":\"https:\/\/www.blogsoestado.com\/danielmatos\/sindicalista-revela-que-smtt-recomendou-a-rodoviarios-que-parem-empresas-para-pressionar-por-salarios-e-outros-direitos\/#primaryimage\",\"url\":\"https:\/\/www.blogsoestado.com\/danielmatos\/files\/2023\/03\/Screenshot_20230317-1828593.png\",\"contentUrl\":\"https:\/\/www.blogsoestado.com\/danielmatos\/files\/2023\/03\/Screenshot_20230317-1828593.png\"},{\"@type\":\"BreadcrumbList\",\"@id\":\"https:\/\/www.blogsoestado.com\/danielmatos\/sindicalista-revela-que-smtt-recomendou-a-rodoviarios-que-parem-empresas-para-pressionar-por-salarios-e-outros-direitos\/#breadcrumb\",\"itemListElement\":[{\"@type\":\"ListItem\",\"position\":1,\"name\":\"In\u00edcio\",\"item\":\"https:\/\/www.blogsoestado.com\/danielmatos\/\"},{\"@type\":\"ListItem\",\"position\":2,\"name\":\"Sindicalista revela que SMTT recomendou a rodovi\u00e1rios que parem empresas, mesmo causando transtorno a usu\u00e1rios de \u00f4nibus\"}]},{\"@type\":\"WebSite\",\"@id\":\"https:\/\/www.blogsoestado.com\/danielmatos\/#website\",\"url\":\"https:\/\/www.blogsoestado.com\/danielmatos\/\",\"name\":\"Daniel Matos\",\"description\":\"\",\"potentialAction\":[{\"@type\":\"SearchAction\",\"target\":{\"@type\":\"EntryPoint\",\"urlTemplate\":\"https:\/\/www.blogsoestado.com\/danielmatos\/?s={search_term_string}\"},\"query-input\":{\"@type\":\"PropertyValueSpecification\",\"valueRequired\":true,\"valueName\":\"search_term_string\"}}],\"inLanguage\":\"pt-BR\"}]}<\/script>\n<!-- \/ Yoast SEO plugin. -->","yoast_head_json":{"title":"Sindicalista revela que SMTT recomendou a rodovi\u00e1rios que parem empresas, mesmo causando transtorno a usu\u00e1rios de \u00f4nibus - Daniel Matos","robots":{"index":"index","follow":"follow","max-snippet":"max-snippet:-1","max-image-preview":"max-image-preview:large","max-video-preview":"max-video-preview:-1"},"canonical":"https:\/\/www.blogsoestado.com\/danielmatos\/sindicalista-revela-que-smtt-recomendou-a-rodoviarios-que-parem-empresas-para-pressionar-por-salarios-e-outros-direitos\/","og_locale":"pt_BR","og_type":"article","og_title":"Sindicalista revela que SMTT recomendou a rodovi\u00e1rios que parem empresas, mesmo causando transtorno a usu\u00e1rios de \u00f4nibus - Daniel Matos","og_description":"Em entrevista \u00e0 R\u00e1dio Educadora AM, na manh\u00e3 desta sexta-feira (17), o presidente do Sindicato dos Trabalhadores em Transporte Rodovi\u00e1rio [&hellip;]","og_url":"https:\/\/www.blogsoestado.com\/danielmatos\/sindicalista-revela-que-smtt-recomendou-a-rodoviarios-que-parem-empresas-para-pressionar-por-salarios-e-outros-direitos\/","og_site_name":"Daniel Matos","article_published_time":"2023-03-17T21:37:10+00:00","og_image":[{"url":"https:\/\/www.blogsoestado.com\/danielmatos\/files\/2023\/03\/Screenshot_20230317-1828593.png","type":"","width":"","height":""}],"twitter_card":"summary_large_image","twitter_misc":{"Est. tempo de leitura":"3 minutos"},"schema":{"@context":"https:\/\/schema.org","@graph":[{"@type":"WebPage","@id":"https:\/\/www.blogsoestado.com\/danielmatos\/sindicalista-revela-que-smtt-recomendou-a-rodoviarios-que-parem-empresas-para-pressionar-por-salarios-e-outros-direitos\/","url":"https:\/\/www.blogsoestado.com\/danielmatos\/sindicalista-revela-que-smtt-recomendou-a-rodoviarios-que-parem-empresas-para-pressionar-por-salarios-e-outros-direitos\/","name":"Sindicalista revela que SMTT recomendou a rodovi\u00e1rios que parem empresas, mesmo causando transtorno a usu\u00e1rios de \u00f4nibus - Daniel Matos","isPartOf":{"@id":"https:\/\/www.blogsoestado.com\/danielmatos\/#website"},"primaryImageOfPage":{"@id":"https:\/\/www.blogsoestado.com\/danielmatos\/sindicalista-revela-que-smtt-recomendou-a-rodoviarios-que-parem-empresas-para-pressionar-por-salarios-e-outros-direitos\/#primaryimage"},"image":{"@id":"https:\/\/www.blogsoestado.com\/danielmatos\/sindicalista-revela-que-smtt-recomendou-a-rodoviarios-que-parem-empresas-para-pressionar-por-salarios-e-outros-direitos\/#primaryimage"},"thumbnailUrl":"https:\/\/www.blogsoestado.com\/danielmatos\/files\/2023\/03\/Screenshot_20230317-1828593.png","datePublished":"2023-03-17T21:37:10+00:00","author":{"@id":""},"breadcrumb":{"@id":"https:\/\/www.blogsoestado.com\/danielmatos\/sindicalista-revela-que-smtt-recomendou-a-rodoviarios-que-parem-empresas-para-pressionar-por-salarios-e-outros-direitos\/#breadcrumb"},"inLanguage":"pt-BR","potentialAction":[{"@type":"ReadAction","target":["https:\/\/www.blogsoestado.com\/danielmatos\/sindicalista-revela-que-smtt-recomendou-a-rodoviarios-que-parem-empresas-para-pressionar-por-salarios-e-outros-direitos\/"]}]},{"@type":"ImageObject","inLanguage":"pt-BR","@id":"https:\/\/www.blogsoestado.com\/danielmatos\/sindicalista-revela-que-smtt-recomendou-a-rodoviarios-que-parem-empresas-para-pressionar-por-salarios-e-outros-direitos\/#primaryimage","url":"https:\/\/www.blogsoestado.com\/danielmatos\/files\/2023\/03\/Screenshot_20230317-1828593.png","contentUrl":"https:\/\/www.blogsoestado.com\/danielmatos\/files\/2023\/03\/Screenshot_20230317-1828593.png"},{"@type":"BreadcrumbList","@id":"https:\/\/www.blogsoestado.com\/danielmatos\/sindicalista-revela-que-smtt-recomendou-a-rodoviarios-que-parem-empresas-para-pressionar-por-salarios-e-outros-direitos\/#breadcrumb","itemListElement":[{"@type":"ListItem","position":1,"name":"In\u00edcio","item":"https:\/\/www.blogsoestado.com\/danielmatos\/"},{"@type":"ListItem","position":2,"name":"Sindicalista revela que SMTT recomendou a rodovi\u00e1rios que parem empresas, mesmo causando transtorno a usu\u00e1rios de \u00f4nibus"}]},{"@type":"WebSite","@id":"https:\/\/www.blogsoestado.com\/danielmatos\/#website","url":"https:\/\/www.blogsoestado.com\/danielmatos\/","name":"Daniel Matos","description":"","potentialAction":[{"@type":"SearchAction","target":{"@type":"EntryPoint","urlTemplate":"https:\/\/www.blogsoestado.com\/danielmatos\/?s={search_term_string}"},"query-input":{"@type":"PropertyValueSpecification","valueRequired":true,"valueName":"search_term_string"}}],"inLanguage":"pt-BR"}]}},"jetpack_featured_media_url":"","_links":{"self":[{"href":"https:\/\/www.blogsoestado.com\/danielmatos\/wp-json\/wp\/v2\/posts\/107173","targetHints":{"allow":["GET"]}}],"collection":[{"href":"https:\/\/www.blogsoestado.com\/danielmatos\/wp-json\/wp\/v2\/posts"}],"about":[{"href":"https:\/\/www.blogsoestado.com\/danielmatos\/wp-json\/wp\/v2\/types\/post"}],"replies":[{"embeddable":true,"href":"https:\/\/www.blogsoestado.com\/danielmatos\/wp-json\/wp\/v2\/comments?post=107173"}],"version-history":[{"count":0,"href":"https:\/\/www.blogsoestado.com\/danielmatos\/wp-json\/wp\/v2\/posts\/107173\/revisions"}],"wp:attachment":[{"href":"https:\/\/www.blogsoestado.com\/danielmatos\/wp-json\/wp\/v2\/media?parent=107173"}],"wp:term":[{"taxonomy":"category","embeddable":true,"href":"https:\/\/www.blogsoestado.com\/danielmatos\/wp-json\/wp\/v2\/categories?post=107173"},{"taxonomy":"post_tag","embeddable":true,"href":"https:\/\/www.blogsoestado.com\/danielmatos\/wp-json\/wp\/v2\/tags?post=107173"}],"curies":[{"name":"wp","href":"https:\/\/api.w.org\/{rel}","templated":true}]}}