{"id":107199,"date":"2023-03-17T23:45:23","date_gmt":"2023-03-18T02:45:23","guid":{"rendered":"https:\/\/www.blogsoestado.com\/danielmatos\/?p=107199"},"modified":"2023-03-17T23:45:23","modified_gmt":"2023-03-18T02:45:23","slug":"em-sao-luis-romeu-zema-anuncia-uso-do-fundo-partidario-e-novos-filiados-do-partido-novo","status":"publish","type":"post","link":"https:\/\/www.blogsoestado.com\/danielmatos\/em-sao-luis-romeu-zema-anuncia-uso-do-fundo-partidario-e-novos-filiados-do-partido-novo\/","title":{"rendered":"Em S\u00e3o Lu\u00eds, Romeu Zema anuncia uso do fundo partid\u00e1rio e novos filiados do partido Novo"},"content":{"rendered":"\n<div class=\"wp-block-image\"><figure class=\"aligncenter size-large\"><a href=\"https:\/\/www.blogsoestado.com\/danielmatos\/files\/2023\/03\/Screenshot_20230317-2341472.png\"><img decoding=\"async\" src=\"https:\/\/www.blogsoestado.com\/danielmatos\/files\/2023\/03\/Screenshot_20230317-2341472.png\" alt=\"\" class=\"wp-image-107200\"\/><\/a><\/figure><\/div>\n\n\n\n<p>Desembarcam na madrugada deste s\u00e1bado (18), em S\u00e3o Lu\u00eds, o governador de Minas Gerais, Romeu Zema, e o presidente do diret\u00f3rio nacional do Novo, Eduardo Ribeiro. A dupla participa de uma s\u00e9rie de eventos que tem como objetivo divulgar as novas regras internas do partido, assim como filiar novos membros e discutir com empres\u00e1rios e pol\u00edticos, um projeto, visando a elei\u00e7\u00e3o de 2026.<\/p>\n\n\n\n<p>O primeiro compromisso de Romeu Zema em S\u00e3o Lu\u00eds ser\u00e1 uma reuni\u00e3o com a dire\u00e7\u00e3o estadual do Novo, que \u00e9 liderado por Leonardo Arruda. Logo em seguida, ele se re\u00fane com o ex-prefeito de S\u00e3o Pedro dos Crentes Lahesio Bonfim. \u00c0s 10h, o presidenci\u00e1vel concede entrevista coletiva no Blue Tree Hotel, no bairro Calhau.<\/p>\n\n\n\n<p>Durante a coletiva, Romeu Zema deve anunciar quem s\u00e3o os novos filiados do Novo, assim como as estrat\u00e9gias do partido para as disputas eleitorais de 2024 e 2026.<\/p>\n\n\n\n<p>\u00c0s 12h, Romeu Zema, Eduardo Ribeiro e Leonardo Arruda participam de um almo\u00e7o com empres\u00e1rios e \u00e0s 15h no audit\u00f3rio Fernando Falc\u00e3o na Assembleia Legislativa do Maranh\u00e3o, ocorre o Encontro Estadual de filiados e simpatizantes do Partido NOVO Maranh\u00e3o.<\/p>\n\n\n\n<p>Os interessados em participar dever\u00e3o fazer inscri\u00e7\u00e3o no site https:\/\/www.sympla.com.br\/evento\/encontro-estadual-de-filiados-e-simpatizantes-do-partido-novo-maranhao\/1896016 e retirar as suas d\u00favidas atrav\u00e9s do telefone (98) 98740-1170.<\/p>\n","protected":false},"excerpt":{"rendered":"<p>Desembarcam na madrugada deste s\u00e1bado (18), em S\u00e3o Lu\u00eds, o governador de Minas Gerais, Romeu Zema, e o presidente do [&hellip;]<\/p>\n","protected":false},"author":0,"featured_media":0,"comment_status":"open","ping_status":"open","sticky":false,"template":"","format":"standard","meta":{"site-sidebar-layout":"default","site-content-layout":"","ast-site-content-layout":"default","site-content-style":"default","site-sidebar-style":"default","ast-global-header-display":"","ast-banner-title-visibility":"","ast-main-header-display":"","ast-hfb-above-header-display":"","ast-hfb-below-header-display":"","ast-hfb-mobile-header-display":"","site-post-title":"","ast-breadcrumbs-content":"","ast-featured-img":"","footer-sml-layout":"","ast-disable-related-posts":"","theme-transparent-header-meta":"","adv-header-id-meta":"","stick-header-meta":"","header-above-stick-meta":"","header-main-stick-meta":"","header-below-stick-meta":"","astra-migrate-meta-layouts":"default","ast-page-background-enabled":"default","ast-page-background-meta":{"desktop":{"background-color":"var(--ast-global-color-5)","background-image":"","background-repeat":"repeat","background-position":"center center","background-size":"auto","background-attachment":"scroll","background-type":"","background-media":"","overlay-type":"","overlay-color":"","overlay-opacity":"","overlay-gradient":""},"tablet":{"background-color":"","background-image":"","background-repeat":"repeat","background-position":"center center","background-size":"auto","background-attachment":"scroll","background-type":"","background-media":"","overlay-type":"","overlay-color":"","overlay-opacity":"","overlay-gradient":""},"mobile":{"background-color":"","background-image":"","background-repeat":"repeat","background-position":"center center","background-size":"auto","background-attachment":"scroll","background-type":"","background-media":"","overlay-type":"","overlay-color":"","overlay-opacity":"","overlay-gradient":""}},"ast-content-background-meta":{"desktop":{"background-color":"var(--ast-global-color-4)","background-image":"","background-repeat":"repeat","background-position":"center center","background-size":"auto","background-attachment":"scroll","background-type":"","background-media":"","overlay-type":"","overlay-color":"","overlay-opacity":"","overlay-gradient":""},"tablet":{"background-color":"var(--ast-global-color-4)","background-image":"","background-repeat":"repeat","background-position":"center center","background-size":"auto","background-attachment":"scroll","background-type":"","background-media":"","overlay-type":"","overlay-color":"","overlay-opacity":"","overlay-gradient":""},"mobile":{"background-color":"var(--ast-global-color-4)","background-image":"","background-repeat":"repeat","background-position":"center center","background-size":"auto","background-attachment":"scroll","background-type":"","background-media":"","overlay-type":"","overlay-color":"","overlay-opacity":"","overlay-gradient":""}},"footnotes":""},"categories":[1],"tags":[],"class_list":["post-107199","post","type-post","status-publish","format-standard","hentry","category-sem-categoria"],"yoast_head":"<!-- This site is optimized with the Yoast SEO plugin v26.6 - https:\/\/yoast.com\/wordpress\/plugins\/seo\/ -->\n<title>Em S\u00e3o Lu\u00eds, Romeu Zema anuncia uso do fundo partid\u00e1rio e novos filiados do partido Novo - Daniel Matos<\/title>\n<meta name=\"robots\" content=\"index, follow, max-snippet:-1, max-image-preview:large, max-video-preview:-1\" \/>\n<link rel=\"canonical\" href=\"https:\/\/www.blogsoestado.com\/danielmatos\/em-sao-luis-romeu-zema-anuncia-uso-do-fundo-partidario-e-novos-filiados-do-partido-novo\/\" \/>\n<meta property=\"og:locale\" content=\"pt_BR\" \/>\n<meta property=\"og:type\" content=\"article\" \/>\n<meta property=\"og:title\" content=\"Em S\u00e3o Lu\u00eds, Romeu Zema anuncia uso do fundo partid\u00e1rio e novos filiados do partido Novo - Daniel Matos\" \/>\n<meta property=\"og:description\" content=\"Desembarcam na madrugada deste s\u00e1bado (18), em S\u00e3o Lu\u00eds, o governador de Minas Gerais, Romeu Zema, e o presidente do [&hellip;]\" \/>\n<meta property=\"og:url\" content=\"https:\/\/www.blogsoestado.com\/danielmatos\/em-sao-luis-romeu-zema-anuncia-uso-do-fundo-partidario-e-novos-filiados-do-partido-novo\/\" \/>\n<meta property=\"og:site_name\" content=\"Daniel Matos\" \/>\n<meta property=\"article:published_time\" content=\"2023-03-18T02:45:23+00:00\" \/>\n<meta property=\"og:image\" content=\"https:\/\/www.blogsoestado.com\/danielmatos\/files\/2023\/03\/Screenshot_20230317-2341472.png\" \/>\n<meta name=\"twitter:card\" content=\"summary_large_image\" \/>\n<meta name=\"twitter:label1\" content=\"Est. tempo de leitura\" \/>\n\t<meta name=\"twitter:data1\" content=\"2 minutos\" \/>\n<script type=\"application\/ld+json\" class=\"yoast-schema-graph\">{\"@context\":\"https:\/\/schema.org\",\"@graph\":[{\"@type\":\"WebPage\",\"@id\":\"https:\/\/www.blogsoestado.com\/danielmatos\/em-sao-luis-romeu-zema-anuncia-uso-do-fundo-partidario-e-novos-filiados-do-partido-novo\/\",\"url\":\"https:\/\/www.blogsoestado.com\/danielmatos\/em-sao-luis-romeu-zema-anuncia-uso-do-fundo-partidario-e-novos-filiados-do-partido-novo\/\",\"name\":\"Em S\u00e3o Lu\u00eds, Romeu Zema anuncia uso do fundo partid\u00e1rio e novos filiados do partido Novo - Daniel Matos\",\"isPartOf\":{\"@id\":\"https:\/\/www.blogsoestado.com\/danielmatos\/#website\"},\"primaryImageOfPage\":{\"@id\":\"https:\/\/www.blogsoestado.com\/danielmatos\/em-sao-luis-romeu-zema-anuncia-uso-do-fundo-partidario-e-novos-filiados-do-partido-novo\/#primaryimage\"},\"image\":{\"@id\":\"https:\/\/www.blogsoestado.com\/danielmatos\/em-sao-luis-romeu-zema-anuncia-uso-do-fundo-partidario-e-novos-filiados-do-partido-novo\/#primaryimage\"},\"thumbnailUrl\":\"https:\/\/www.blogsoestado.com\/danielmatos\/files\/2023\/03\/Screenshot_20230317-2341472.png\",\"datePublished\":\"2023-03-18T02:45:23+00:00\",\"author\":{\"@id\":\"\"},\"breadcrumb\":{\"@id\":\"https:\/\/www.blogsoestado.com\/danielmatos\/em-sao-luis-romeu-zema-anuncia-uso-do-fundo-partidario-e-novos-filiados-do-partido-novo\/#breadcrumb\"},\"inLanguage\":\"pt-BR\",\"potentialAction\":[{\"@type\":\"ReadAction\",\"target\":[\"https:\/\/www.blogsoestado.com\/danielmatos\/em-sao-luis-romeu-zema-anuncia-uso-do-fundo-partidario-e-novos-filiados-do-partido-novo\/\"]}]},{\"@type\":\"ImageObject\",\"inLanguage\":\"pt-BR\",\"@id\":\"https:\/\/www.blogsoestado.com\/danielmatos\/em-sao-luis-romeu-zema-anuncia-uso-do-fundo-partidario-e-novos-filiados-do-partido-novo\/#primaryimage\",\"url\":\"https:\/\/www.blogsoestado.com\/danielmatos\/files\/2023\/03\/Screenshot_20230317-2341472.png\",\"contentUrl\":\"https:\/\/www.blogsoestado.com\/danielmatos\/files\/2023\/03\/Screenshot_20230317-2341472.png\"},{\"@type\":\"BreadcrumbList\",\"@id\":\"https:\/\/www.blogsoestado.com\/danielmatos\/em-sao-luis-romeu-zema-anuncia-uso-do-fundo-partidario-e-novos-filiados-do-partido-novo\/#breadcrumb\",\"itemListElement\":[{\"@type\":\"ListItem\",\"position\":1,\"name\":\"In\u00edcio\",\"item\":\"https:\/\/www.blogsoestado.com\/danielmatos\/\"},{\"@type\":\"ListItem\",\"position\":2,\"name\":\"Em S\u00e3o Lu\u00eds, Romeu Zema anuncia uso do fundo partid\u00e1rio e novos filiados do partido Novo\"}]},{\"@type\":\"WebSite\",\"@id\":\"https:\/\/www.blogsoestado.com\/danielmatos\/#website\",\"url\":\"https:\/\/www.blogsoestado.com\/danielmatos\/\",\"name\":\"Daniel Matos\",\"description\":\"\",\"potentialAction\":[{\"@type\":\"SearchAction\",\"target\":{\"@type\":\"EntryPoint\",\"urlTemplate\":\"https:\/\/www.blogsoestado.com\/danielmatos\/?s={search_term_string}\"},\"query-input\":{\"@type\":\"PropertyValueSpecification\",\"valueRequired\":true,\"valueName\":\"search_term_string\"}}],\"inLanguage\":\"pt-BR\"}]}<\/script>\n<!-- \/ Yoast SEO plugin. -->","yoast_head_json":{"title":"Em S\u00e3o Lu\u00eds, Romeu Zema anuncia uso do fundo partid\u00e1rio e novos filiados do partido Novo - Daniel Matos","robots":{"index":"index","follow":"follow","max-snippet":"max-snippet:-1","max-image-preview":"max-image-preview:large","max-video-preview":"max-video-preview:-1"},"canonical":"https:\/\/www.blogsoestado.com\/danielmatos\/em-sao-luis-romeu-zema-anuncia-uso-do-fundo-partidario-e-novos-filiados-do-partido-novo\/","og_locale":"pt_BR","og_type":"article","og_title":"Em S\u00e3o Lu\u00eds, Romeu Zema anuncia uso do fundo partid\u00e1rio e novos filiados do partido Novo - Daniel Matos","og_description":"Desembarcam na madrugada deste s\u00e1bado (18), em S\u00e3o Lu\u00eds, o governador de Minas Gerais, Romeu Zema, e o presidente do [&hellip;]","og_url":"https:\/\/www.blogsoestado.com\/danielmatos\/em-sao-luis-romeu-zema-anuncia-uso-do-fundo-partidario-e-novos-filiados-do-partido-novo\/","og_site_name":"Daniel Matos","article_published_time":"2023-03-18T02:45:23+00:00","og_image":[{"url":"https:\/\/www.blogsoestado.com\/danielmatos\/files\/2023\/03\/Screenshot_20230317-2341472.png","type":"","width":"","height":""}],"twitter_card":"summary_large_image","twitter_misc":{"Est. tempo de leitura":"2 minutos"},"schema":{"@context":"https:\/\/schema.org","@graph":[{"@type":"WebPage","@id":"https:\/\/www.blogsoestado.com\/danielmatos\/em-sao-luis-romeu-zema-anuncia-uso-do-fundo-partidario-e-novos-filiados-do-partido-novo\/","url":"https:\/\/www.blogsoestado.com\/danielmatos\/em-sao-luis-romeu-zema-anuncia-uso-do-fundo-partidario-e-novos-filiados-do-partido-novo\/","name":"Em S\u00e3o Lu\u00eds, Romeu Zema anuncia uso do fundo partid\u00e1rio e novos filiados do partido Novo - Daniel Matos","isPartOf":{"@id":"https:\/\/www.blogsoestado.com\/danielmatos\/#website"},"primaryImageOfPage":{"@id":"https:\/\/www.blogsoestado.com\/danielmatos\/em-sao-luis-romeu-zema-anuncia-uso-do-fundo-partidario-e-novos-filiados-do-partido-novo\/#primaryimage"},"image":{"@id":"https:\/\/www.blogsoestado.com\/danielmatos\/em-sao-luis-romeu-zema-anuncia-uso-do-fundo-partidario-e-novos-filiados-do-partido-novo\/#primaryimage"},"thumbnailUrl":"https:\/\/www.blogsoestado.com\/danielmatos\/files\/2023\/03\/Screenshot_20230317-2341472.png","datePublished":"2023-03-18T02:45:23+00:00","author":{"@id":""},"breadcrumb":{"@id":"https:\/\/www.blogsoestado.com\/danielmatos\/em-sao-luis-romeu-zema-anuncia-uso-do-fundo-partidario-e-novos-filiados-do-partido-novo\/#breadcrumb"},"inLanguage":"pt-BR","potentialAction":[{"@type":"ReadAction","target":["https:\/\/www.blogsoestado.com\/danielmatos\/em-sao-luis-romeu-zema-anuncia-uso-do-fundo-partidario-e-novos-filiados-do-partido-novo\/"]}]},{"@type":"ImageObject","inLanguage":"pt-BR","@id":"https:\/\/www.blogsoestado.com\/danielmatos\/em-sao-luis-romeu-zema-anuncia-uso-do-fundo-partidario-e-novos-filiados-do-partido-novo\/#primaryimage","url":"https:\/\/www.blogsoestado.com\/danielmatos\/files\/2023\/03\/Screenshot_20230317-2341472.png","contentUrl":"https:\/\/www.blogsoestado.com\/danielmatos\/files\/2023\/03\/Screenshot_20230317-2341472.png"},{"@type":"BreadcrumbList","@id":"https:\/\/www.blogsoestado.com\/danielmatos\/em-sao-luis-romeu-zema-anuncia-uso-do-fundo-partidario-e-novos-filiados-do-partido-novo\/#breadcrumb","itemListElement":[{"@type":"ListItem","position":1,"name":"In\u00edcio","item":"https:\/\/www.blogsoestado.com\/danielmatos\/"},{"@type":"ListItem","position":2,"name":"Em S\u00e3o Lu\u00eds, Romeu Zema anuncia uso do fundo partid\u00e1rio e novos filiados do partido Novo"}]},{"@type":"WebSite","@id":"https:\/\/www.blogsoestado.com\/danielmatos\/#website","url":"https:\/\/www.blogsoestado.com\/danielmatos\/","name":"Daniel Matos","description":"","potentialAction":[{"@type":"SearchAction","target":{"@type":"EntryPoint","urlTemplate":"https:\/\/www.blogsoestado.com\/danielmatos\/?s={search_term_string}"},"query-input":{"@type":"PropertyValueSpecification","valueRequired":true,"valueName":"search_term_string"}}],"inLanguage":"pt-BR"}]}},"jetpack_featured_media_url":"","_links":{"self":[{"href":"https:\/\/www.blogsoestado.com\/danielmatos\/wp-json\/wp\/v2\/posts\/107199","targetHints":{"allow":["GET"]}}],"collection":[{"href":"https:\/\/www.blogsoestado.com\/danielmatos\/wp-json\/wp\/v2\/posts"}],"about":[{"href":"https:\/\/www.blogsoestado.com\/danielmatos\/wp-json\/wp\/v2\/types\/post"}],"replies":[{"embeddable":true,"href":"https:\/\/www.blogsoestado.com\/danielmatos\/wp-json\/wp\/v2\/comments?post=107199"}],"version-history":[{"count":0,"href":"https:\/\/www.blogsoestado.com\/danielmatos\/wp-json\/wp\/v2\/posts\/107199\/revisions"}],"wp:attachment":[{"href":"https:\/\/www.blogsoestado.com\/danielmatos\/wp-json\/wp\/v2\/media?parent=107199"}],"wp:term":[{"taxonomy":"category","embeddable":true,"href":"https:\/\/www.blogsoestado.com\/danielmatos\/wp-json\/wp\/v2\/categories?post=107199"},{"taxonomy":"post_tag","embeddable":true,"href":"https:\/\/www.blogsoestado.com\/danielmatos\/wp-json\/wp\/v2\/tags?post=107199"}],"curies":[{"name":"wp","href":"https:\/\/api.w.org\/{rel}","templated":true}]}}