{"id":107209,"date":"2023-03-18T07:00:00","date_gmt":"2023-03-18T10:00:00","guid":{"rendered":"https:\/\/www.blogsoestado.com\/danielmatos\/?p=107209"},"modified":"2023-03-18T07:00:00","modified_gmt":"2023-03-18T10:00:00","slug":"brandao-decreta-situacao-de-emergencia-em-20-cidades-do-maranhao-afetadas-por-desastres-causados-por-chuvas-intensas","status":"publish","type":"post","link":"https:\/\/www.blogsoestado.com\/danielmatos\/brandao-decreta-situacao-de-emergencia-em-20-cidades-do-maranhao-afetadas-por-desastres-causados-por-chuvas-intensas\/","title":{"rendered":"Brand\u00e3o decreta situa\u00e7\u00e3o de emerg\u00eancia em 20 cidades do Maranh\u00e3o devastadas por chuvas intensas"},"content":{"rendered":"\n<div class=\"wp-block-image\"><figure class=\"aligncenter size-large\"><a href=\"https:\/\/www.blogsoestado.com\/danielmatos\/files\/2023\/03\/Screenshot_20230318-0509122.png\"><img decoding=\"async\" src=\"https:\/\/www.blogsoestado.com\/danielmatos\/files\/2023\/03\/Screenshot_20230318-0509122.png\" alt=\"\" class=\"wp-image-107212\"\/><\/a><figcaption>Um dos munic\u00edpios inclu\u00eddos no decreto expedido pelo governador Carlos Brand\u00e3o, Santa In\u00eas teve vias alagadas e at\u00e9 motocicletas submersas <\/figcaption><\/figure><\/div>\n\n\n\n<p>O governador Carlos Brand\u00e3o (PSB) decretou, nessa sexta-feira (17), situa\u00e7\u00e3o de emerg\u00eancia em 20 munic\u00edpios do Maranh\u00e3o com ocorr\u00eancias de desastres provocados pelas intensas registradas nos \u00faltimos dias. A medida tem como base relat\u00f3rios expedidos pela Coordenadoria Estadual de Prote\u00e7\u00e3o e Defesa Civil, que avaliou os estragos causados por sucessivos temporais que t\u00eam castigado todas as regi\u00f5es do estado na presente esta\u00e7\u00e3o chuvosa.<\/p>\n\n\n\n<p>De acordo com o governador Carlos Brand\u00e3o, a medida tem como objetivo preservar o bem-estar da popula\u00e7\u00e3o atingida por danos ocasionados pelas fortes chuvas, viabilizando, assim, assist\u00eancia \u00e0s v\u00edtimas de inunda\u00e7\u00f5es, movimenta\u00e7\u00f5es de massas, enxurradas e alagamentos.<\/p>\n\n\n\n<p>O decreto governamental visa, sobretudo, amenizar os danos humanos, materiais e as perdas econ\u00f4micas sofridas pelos maranhenses que habitam as \u00e1reas mais vulner\u00e1veis aos fen\u00f4menos naturais relatados.<\/p>\n\n\n\n<p>Confira abaixo c\u00f3pia do decreto, que cont\u00e9m a lista das cidades maranhenses afetadas pelas fortes chuvas:<\/p>\n\n\n\n<div class=\"wp-block-image\"><figure class=\"aligncenter size-large\"><a href=\"https:\/\/www.blogsoestado.com\/danielmatos\/files\/2023\/03\/Screenshot_20230318-0441122.png\"><img decoding=\"async\" src=\"https:\/\/www.blogsoestado.com\/danielmatos\/files\/2023\/03\/Screenshot_20230318-0441122.png\" alt=\"\" class=\"wp-image-107210\"\/><\/a><\/figure><\/div>\n\n\n\n<div class=\"wp-block-image\"><figure class=\"aligncenter size-large\"><a href=\"https:\/\/www.blogsoestado.com\/danielmatos\/files\/2023\/03\/Screenshot_20230318-0440382.png\"><img decoding=\"async\" src=\"https:\/\/www.blogsoestado.com\/danielmatos\/files\/2023\/03\/Screenshot_20230318-0440382.png\" alt=\"\" class=\"wp-image-107211\"\/><\/a><\/figure><\/div>\n","protected":false},"excerpt":{"rendered":"<p>O governador Carlos Brand\u00e3o (PSB) decretou, nessa sexta-feira (17), situa\u00e7\u00e3o de emerg\u00eancia em 20 munic\u00edpios do Maranh\u00e3o com ocorr\u00eancias de [&hellip;]<\/p>\n","protected":false},"author":0,"featured_media":0,"comment_status":"open","ping_status":"open","sticky":false,"template":"","format":"standard","meta":{"site-sidebar-layout":"default","site-content-layout":"","ast-site-content-layout":"default","site-content-style":"default","site-sidebar-style":"default","ast-global-header-display":"","ast-banner-title-visibility":"","ast-main-header-display":"","ast-hfb-above-header-display":"","ast-hfb-below-header-display":"","ast-hfb-mobile-header-display":"","site-post-title":"","ast-breadcrumbs-content":"","ast-featured-img":"","footer-sml-layout":"","ast-disable-related-posts":"","theme-transparent-header-meta":"","adv-header-id-meta":"","stick-header-meta":"","header-above-stick-meta":"","header-main-stick-meta":"","header-below-stick-meta":"","astra-migrate-meta-layouts":"default","ast-page-background-enabled":"default","ast-page-background-meta":{"desktop":{"background-color":"var(--ast-global-color-5)","background-image":"","background-repeat":"repeat","background-position":"center center","background-size":"auto","background-attachment":"scroll","background-type":"","background-media":"","overlay-type":"","overlay-color":"","overlay-opacity":"","overlay-gradient":""},"tablet":{"background-color":"","background-image":"","background-repeat":"repeat","background-position":"center center","background-size":"auto","background-attachment":"scroll","background-type":"","background-media":"","overlay-type":"","overlay-color":"","overlay-opacity":"","overlay-gradient":""},"mobile":{"background-color":"","background-image":"","background-repeat":"repeat","background-position":"center center","background-size":"auto","background-attachment":"scroll","background-type":"","background-media":"","overlay-type":"","overlay-color":"","overlay-opacity":"","overlay-gradient":""}},"ast-content-background-meta":{"desktop":{"background-color":"var(--ast-global-color-4)","background-image":"","background-repeat":"repeat","background-position":"center center","background-size":"auto","background-attachment":"scroll","background-type":"","background-media":"","overlay-type":"","overlay-color":"","overlay-opacity":"","overlay-gradient":""},"tablet":{"background-color":"var(--ast-global-color-4)","background-image":"","background-repeat":"repeat","background-position":"center center","background-size":"auto","background-attachment":"scroll","background-type":"","background-media":"","overlay-type":"","overlay-color":"","overlay-opacity":"","overlay-gradient":""},"mobile":{"background-color":"var(--ast-global-color-4)","background-image":"","background-repeat":"repeat","background-position":"center center","background-size":"auto","background-attachment":"scroll","background-type":"","background-media":"","overlay-type":"","overlay-color":"","overlay-opacity":"","overlay-gradient":""}},"footnotes":""},"categories":[1],"tags":[],"class_list":["post-107209","post","type-post","status-publish","format-standard","hentry","category-sem-categoria"],"yoast_head":"<!-- This site is optimized with the Yoast SEO plugin v26.6 - https:\/\/yoast.com\/wordpress\/plugins\/seo\/ -->\n<title>Brand\u00e3o decreta situa\u00e7\u00e3o de emerg\u00eancia em 20 cidades do Maranh\u00e3o devastadas por chuvas intensas - Daniel Matos<\/title>\n<meta name=\"robots\" content=\"index, follow, max-snippet:-1, max-image-preview:large, max-video-preview:-1\" \/>\n<link rel=\"canonical\" href=\"https:\/\/www.blogsoestado.com\/danielmatos\/brandao-decreta-situacao-de-emergencia-em-20-cidades-do-maranhao-afetadas-por-desastres-causados-por-chuvas-intensas\/\" \/>\n<meta property=\"og:locale\" content=\"pt_BR\" \/>\n<meta property=\"og:type\" content=\"article\" \/>\n<meta property=\"og:title\" content=\"Brand\u00e3o decreta situa\u00e7\u00e3o de emerg\u00eancia em 20 cidades do Maranh\u00e3o devastadas por chuvas intensas - Daniel Matos\" \/>\n<meta property=\"og:description\" content=\"O governador Carlos Brand\u00e3o (PSB) decretou, nessa sexta-feira (17), situa\u00e7\u00e3o de emerg\u00eancia em 20 munic\u00edpios do Maranh\u00e3o com ocorr\u00eancias de [&hellip;]\" \/>\n<meta property=\"og:url\" content=\"https:\/\/www.blogsoestado.com\/danielmatos\/brandao-decreta-situacao-de-emergencia-em-20-cidades-do-maranhao-afetadas-por-desastres-causados-por-chuvas-intensas\/\" \/>\n<meta property=\"og:site_name\" content=\"Daniel Matos\" \/>\n<meta property=\"article:published_time\" content=\"2023-03-18T10:00:00+00:00\" \/>\n<meta property=\"og:image\" content=\"https:\/\/www.blogsoestado.com\/danielmatos\/files\/2023\/03\/Screenshot_20230318-0509122.png\" \/>\n<meta name=\"twitter:card\" content=\"summary_large_image\" \/>\n<meta name=\"twitter:label1\" content=\"Est. tempo de leitura\" \/>\n\t<meta name=\"twitter:data1\" content=\"2 minutos\" \/>\n<script type=\"application\/ld+json\" class=\"yoast-schema-graph\">{\"@context\":\"https:\/\/schema.org\",\"@graph\":[{\"@type\":\"WebPage\",\"@id\":\"https:\/\/www.blogsoestado.com\/danielmatos\/brandao-decreta-situacao-de-emergencia-em-20-cidades-do-maranhao-afetadas-por-desastres-causados-por-chuvas-intensas\/\",\"url\":\"https:\/\/www.blogsoestado.com\/danielmatos\/brandao-decreta-situacao-de-emergencia-em-20-cidades-do-maranhao-afetadas-por-desastres-causados-por-chuvas-intensas\/\",\"name\":\"Brand\u00e3o decreta situa\u00e7\u00e3o de emerg\u00eancia em 20 cidades do Maranh\u00e3o devastadas por chuvas intensas - Daniel Matos\",\"isPartOf\":{\"@id\":\"https:\/\/www.blogsoestado.com\/danielmatos\/#website\"},\"primaryImageOfPage\":{\"@id\":\"https:\/\/www.blogsoestado.com\/danielmatos\/brandao-decreta-situacao-de-emergencia-em-20-cidades-do-maranhao-afetadas-por-desastres-causados-por-chuvas-intensas\/#primaryimage\"},\"image\":{\"@id\":\"https:\/\/www.blogsoestado.com\/danielmatos\/brandao-decreta-situacao-de-emergencia-em-20-cidades-do-maranhao-afetadas-por-desastres-causados-por-chuvas-intensas\/#primaryimage\"},\"thumbnailUrl\":\"https:\/\/www.blogsoestado.com\/danielmatos\/files\/2023\/03\/Screenshot_20230318-0509122.png\",\"datePublished\":\"2023-03-18T10:00:00+00:00\",\"author\":{\"@id\":\"\"},\"breadcrumb\":{\"@id\":\"https:\/\/www.blogsoestado.com\/danielmatos\/brandao-decreta-situacao-de-emergencia-em-20-cidades-do-maranhao-afetadas-por-desastres-causados-por-chuvas-intensas\/#breadcrumb\"},\"inLanguage\":\"pt-BR\",\"potentialAction\":[{\"@type\":\"ReadAction\",\"target\":[\"https:\/\/www.blogsoestado.com\/danielmatos\/brandao-decreta-situacao-de-emergencia-em-20-cidades-do-maranhao-afetadas-por-desastres-causados-por-chuvas-intensas\/\"]}]},{\"@type\":\"ImageObject\",\"inLanguage\":\"pt-BR\",\"@id\":\"https:\/\/www.blogsoestado.com\/danielmatos\/brandao-decreta-situacao-de-emergencia-em-20-cidades-do-maranhao-afetadas-por-desastres-causados-por-chuvas-intensas\/#primaryimage\",\"url\":\"https:\/\/www.blogsoestado.com\/danielmatos\/files\/2023\/03\/Screenshot_20230318-0509122.png\",\"contentUrl\":\"https:\/\/www.blogsoestado.com\/danielmatos\/files\/2023\/03\/Screenshot_20230318-0509122.png\"},{\"@type\":\"BreadcrumbList\",\"@id\":\"https:\/\/www.blogsoestado.com\/danielmatos\/brandao-decreta-situacao-de-emergencia-em-20-cidades-do-maranhao-afetadas-por-desastres-causados-por-chuvas-intensas\/#breadcrumb\",\"itemListElement\":[{\"@type\":\"ListItem\",\"position\":1,\"name\":\"In\u00edcio\",\"item\":\"https:\/\/www.blogsoestado.com\/danielmatos\/\"},{\"@type\":\"ListItem\",\"position\":2,\"name\":\"Brand\u00e3o decreta situa\u00e7\u00e3o de emerg\u00eancia em 20 cidades do Maranh\u00e3o devastadas por chuvas intensas\"}]},{\"@type\":\"WebSite\",\"@id\":\"https:\/\/www.blogsoestado.com\/danielmatos\/#website\",\"url\":\"https:\/\/www.blogsoestado.com\/danielmatos\/\",\"name\":\"Daniel Matos\",\"description\":\"\",\"potentialAction\":[{\"@type\":\"SearchAction\",\"target\":{\"@type\":\"EntryPoint\",\"urlTemplate\":\"https:\/\/www.blogsoestado.com\/danielmatos\/?s={search_term_string}\"},\"query-input\":{\"@type\":\"PropertyValueSpecification\",\"valueRequired\":true,\"valueName\":\"search_term_string\"}}],\"inLanguage\":\"pt-BR\"}]}<\/script>\n<!-- \/ Yoast SEO plugin. -->","yoast_head_json":{"title":"Brand\u00e3o decreta situa\u00e7\u00e3o de emerg\u00eancia em 20 cidades do Maranh\u00e3o devastadas por chuvas intensas - Daniel Matos","robots":{"index":"index","follow":"follow","max-snippet":"max-snippet:-1","max-image-preview":"max-image-preview:large","max-video-preview":"max-video-preview:-1"},"canonical":"https:\/\/www.blogsoestado.com\/danielmatos\/brandao-decreta-situacao-de-emergencia-em-20-cidades-do-maranhao-afetadas-por-desastres-causados-por-chuvas-intensas\/","og_locale":"pt_BR","og_type":"article","og_title":"Brand\u00e3o decreta situa\u00e7\u00e3o de emerg\u00eancia em 20 cidades do Maranh\u00e3o devastadas por chuvas intensas - Daniel Matos","og_description":"O governador Carlos Brand\u00e3o (PSB) decretou, nessa sexta-feira (17), situa\u00e7\u00e3o de emerg\u00eancia em 20 munic\u00edpios do Maranh\u00e3o com ocorr\u00eancias de [&hellip;]","og_url":"https:\/\/www.blogsoestado.com\/danielmatos\/brandao-decreta-situacao-de-emergencia-em-20-cidades-do-maranhao-afetadas-por-desastres-causados-por-chuvas-intensas\/","og_site_name":"Daniel Matos","article_published_time":"2023-03-18T10:00:00+00:00","og_image":[{"url":"https:\/\/www.blogsoestado.com\/danielmatos\/files\/2023\/03\/Screenshot_20230318-0509122.png","type":"","width":"","height":""}],"twitter_card":"summary_large_image","twitter_misc":{"Est. tempo de leitura":"2 minutos"},"schema":{"@context":"https:\/\/schema.org","@graph":[{"@type":"WebPage","@id":"https:\/\/www.blogsoestado.com\/danielmatos\/brandao-decreta-situacao-de-emergencia-em-20-cidades-do-maranhao-afetadas-por-desastres-causados-por-chuvas-intensas\/","url":"https:\/\/www.blogsoestado.com\/danielmatos\/brandao-decreta-situacao-de-emergencia-em-20-cidades-do-maranhao-afetadas-por-desastres-causados-por-chuvas-intensas\/","name":"Brand\u00e3o decreta situa\u00e7\u00e3o de emerg\u00eancia em 20 cidades do Maranh\u00e3o devastadas por chuvas intensas - Daniel Matos","isPartOf":{"@id":"https:\/\/www.blogsoestado.com\/danielmatos\/#website"},"primaryImageOfPage":{"@id":"https:\/\/www.blogsoestado.com\/danielmatos\/brandao-decreta-situacao-de-emergencia-em-20-cidades-do-maranhao-afetadas-por-desastres-causados-por-chuvas-intensas\/#primaryimage"},"image":{"@id":"https:\/\/www.blogsoestado.com\/danielmatos\/brandao-decreta-situacao-de-emergencia-em-20-cidades-do-maranhao-afetadas-por-desastres-causados-por-chuvas-intensas\/#primaryimage"},"thumbnailUrl":"https:\/\/www.blogsoestado.com\/danielmatos\/files\/2023\/03\/Screenshot_20230318-0509122.png","datePublished":"2023-03-18T10:00:00+00:00","author":{"@id":""},"breadcrumb":{"@id":"https:\/\/www.blogsoestado.com\/danielmatos\/brandao-decreta-situacao-de-emergencia-em-20-cidades-do-maranhao-afetadas-por-desastres-causados-por-chuvas-intensas\/#breadcrumb"},"inLanguage":"pt-BR","potentialAction":[{"@type":"ReadAction","target":["https:\/\/www.blogsoestado.com\/danielmatos\/brandao-decreta-situacao-de-emergencia-em-20-cidades-do-maranhao-afetadas-por-desastres-causados-por-chuvas-intensas\/"]}]},{"@type":"ImageObject","inLanguage":"pt-BR","@id":"https:\/\/www.blogsoestado.com\/danielmatos\/brandao-decreta-situacao-de-emergencia-em-20-cidades-do-maranhao-afetadas-por-desastres-causados-por-chuvas-intensas\/#primaryimage","url":"https:\/\/www.blogsoestado.com\/danielmatos\/files\/2023\/03\/Screenshot_20230318-0509122.png","contentUrl":"https:\/\/www.blogsoestado.com\/danielmatos\/files\/2023\/03\/Screenshot_20230318-0509122.png"},{"@type":"BreadcrumbList","@id":"https:\/\/www.blogsoestado.com\/danielmatos\/brandao-decreta-situacao-de-emergencia-em-20-cidades-do-maranhao-afetadas-por-desastres-causados-por-chuvas-intensas\/#breadcrumb","itemListElement":[{"@type":"ListItem","position":1,"name":"In\u00edcio","item":"https:\/\/www.blogsoestado.com\/danielmatos\/"},{"@type":"ListItem","position":2,"name":"Brand\u00e3o decreta situa\u00e7\u00e3o de emerg\u00eancia em 20 cidades do Maranh\u00e3o devastadas por chuvas intensas"}]},{"@type":"WebSite","@id":"https:\/\/www.blogsoestado.com\/danielmatos\/#website","url":"https:\/\/www.blogsoestado.com\/danielmatos\/","name":"Daniel Matos","description":"","potentialAction":[{"@type":"SearchAction","target":{"@type":"EntryPoint","urlTemplate":"https:\/\/www.blogsoestado.com\/danielmatos\/?s={search_term_string}"},"query-input":{"@type":"PropertyValueSpecification","valueRequired":true,"valueName":"search_term_string"}}],"inLanguage":"pt-BR"}]}},"jetpack_featured_media_url":"","_links":{"self":[{"href":"https:\/\/www.blogsoestado.com\/danielmatos\/wp-json\/wp\/v2\/posts\/107209","targetHints":{"allow":["GET"]}}],"collection":[{"href":"https:\/\/www.blogsoestado.com\/danielmatos\/wp-json\/wp\/v2\/posts"}],"about":[{"href":"https:\/\/www.blogsoestado.com\/danielmatos\/wp-json\/wp\/v2\/types\/post"}],"replies":[{"embeddable":true,"href":"https:\/\/www.blogsoestado.com\/danielmatos\/wp-json\/wp\/v2\/comments?post=107209"}],"version-history":[{"count":0,"href":"https:\/\/www.blogsoestado.com\/danielmatos\/wp-json\/wp\/v2\/posts\/107209\/revisions"}],"wp:attachment":[{"href":"https:\/\/www.blogsoestado.com\/danielmatos\/wp-json\/wp\/v2\/media?parent=107209"}],"wp:term":[{"taxonomy":"category","embeddable":true,"href":"https:\/\/www.blogsoestado.com\/danielmatos\/wp-json\/wp\/v2\/categories?post=107209"},{"taxonomy":"post_tag","embeddable":true,"href":"https:\/\/www.blogsoestado.com\/danielmatos\/wp-json\/wp\/v2\/tags?post=107209"}],"curies":[{"name":"wp","href":"https:\/\/api.w.org\/{rel}","templated":true}]}}