{"id":107223,"date":"2023-03-18T16:11:41","date_gmt":"2023-03-18T19:11:41","guid":{"rendered":"https:\/\/www.blogsoestado.com\/danielmatos\/?p=107223"},"modified":"2023-03-18T16:11:41","modified_gmt":"2023-03-18T19:11:41","slug":"deputado-wellington-debate-enfrentamento-a-automutilacao-a-depressao-e-ao-suicidio-e-contribui-para-forum-estadual-sobre-o-tema","status":"publish","type":"post","link":"https:\/\/www.blogsoestado.com\/danielmatos\/deputado-wellington-debate-enfrentamento-a-automutilacao-a-depressao-e-ao-suicidio-e-contribui-para-forum-estadual-sobre-o-tema\/","title":{"rendered":"Deputado Wellington  debate enfrentamento \u00e0 automutila\u00e7\u00e3o, \u00e0 depress\u00e3o e ao suicidio e contribui para f\u00f3rum estadual sobre o tema"},"content":{"rendered":"\n<div class=\"wp-block-image\"><figure class=\"aligncenter size-large\"><a href=\"https:\/\/www.blogsoestado.com\/danielmatos\/files\/2023\/03\/Screenshot_20230318-1608342.png\"><img decoding=\"async\" src=\"https:\/\/www.blogsoestado.com\/danielmatos\/files\/2023\/03\/Screenshot_20230318-1608342.png\" alt=\"\" class=\"wp-image-107224\"\/><\/a><figcaption>Wellington citou a import\u00e2ncia de dar aten\u00e7\u00e3o aos profissionais da seguran\u00e7a p\u00fablica, que tem sido acometidos com frequ\u00eancia pela depress\u00e3o e, em alguns casos, recorrido ao suic\u00eddio<\/figcaption><\/figure><\/div>\n\n\n\n<p>O deputado estadual Wellington do Curso participou, na manh\u00e3 desta sexta-feira (17), de importante reuni\u00e3o com a promotora de Justi\u00e7a Christiane Lago. O objetivo foi discutir sobre a programa\u00e7\u00e3o para 2023 do F\u00f3rum Estadual de Preven\u00e7\u00e3o da Automutila\u00e7\u00e3o e do Suic\u00eddio.\u00a0<\/p>\n\n\n\n<p>Na ocasi\u00e3o, Wellington citou a import\u00e2ncia de dar aten\u00e7\u00e3o aos profissionais da seguran\u00e7a p\u00fablica, que tem sido acometidos com frequ\u00eancia pela depress\u00e3o e, em alguns casos, recorrido ao suic\u00eddio.\u00a0<\/p>\n\n\n\n<p>\u201cA vida de todos \u00e9 muito importante. A sobrecarga de trabalho e outras press\u00f5es do dia a dia podem servir de gatilho em alguns casos. Exemplo \u00e9 o que vemos com policiais militares que tiram a pr\u00f3pria vida. Tais fatos exigem uma aten\u00e7\u00e3o especial. Por isso, sempre fa\u00e7o quest\u00e3o de me debru\u00e7ar sobre esse tema para que todos entendam que depress\u00e3o n\u00e3o \u00e9 fraqueza, n\u00e3o e \u2018mimimi\u2019. \u00c9 uma doen\u00e7a e tem tratamento. Parabenizo aqui a Promotora respons\u00e1vel e reafirmo meu compromisso em defender a vida de todos os maranhenses\u201d, disse Wellington.<\/p>\n\n\n\n<p>O deputado Wellington \u00e9 o idealizador e, tamb\u00e9m, um dos fundadores do F\u00f3rum Estadual de Preven\u00e7\u00e3o e Combate \u00e0 Depress\u00e3o, Automutila\u00e7\u00e3o e Suic\u00eddio no Maranh\u00e3o.<\/p>\n","protected":false},"excerpt":{"rendered":"<p>O deputado estadual Wellington do Curso participou, na manh\u00e3 desta sexta-feira (17), de importante reuni\u00e3o com a promotora de Justi\u00e7a [&hellip;]<\/p>\n","protected":false},"author":0,"featured_media":0,"comment_status":"open","ping_status":"open","sticky":false,"template":"","format":"standard","meta":{"site-sidebar-layout":"default","site-content-layout":"","ast-site-content-layout":"default","site-content-style":"default","site-sidebar-style":"default","ast-global-header-display":"","ast-banner-title-visibility":"","ast-main-header-display":"","ast-hfb-above-header-display":"","ast-hfb-below-header-display":"","ast-hfb-mobile-header-display":"","site-post-title":"","ast-breadcrumbs-content":"","ast-featured-img":"","footer-sml-layout":"","ast-disable-related-posts":"","theme-transparent-header-meta":"","adv-header-id-meta":"","stick-header-meta":"","header-above-stick-meta":"","header-main-stick-meta":"","header-below-stick-meta":"","astra-migrate-meta-layouts":"default","ast-page-background-enabled":"default","ast-page-background-meta":{"desktop":{"background-color":"var(--ast-global-color-5)","background-image":"","background-repeat":"repeat","background-position":"center center","background-size":"auto","background-attachment":"scroll","background-type":"","background-media":"","overlay-type":"","overlay-color":"","overlay-opacity":"","overlay-gradient":""},"tablet":{"background-color":"","background-image":"","background-repeat":"repeat","background-position":"center center","background-size":"auto","background-attachment":"scroll","background-type":"","background-media":"","overlay-type":"","overlay-color":"","overlay-opacity":"","overlay-gradient":""},"mobile":{"background-color":"","background-image":"","background-repeat":"repeat","background-position":"center center","background-size":"auto","background-attachment":"scroll","background-type":"","background-media":"","overlay-type":"","overlay-color":"","overlay-opacity":"","overlay-gradient":""}},"ast-content-background-meta":{"desktop":{"background-color":"var(--ast-global-color-4)","background-image":"","background-repeat":"repeat","background-position":"center center","background-size":"auto","background-attachment":"scroll","background-type":"","background-media":"","overlay-type":"","overlay-color":"","overlay-opacity":"","overlay-gradient":""},"tablet":{"background-color":"var(--ast-global-color-4)","background-image":"","background-repeat":"repeat","background-position":"center center","background-size":"auto","background-attachment":"scroll","background-type":"","background-media":"","overlay-type":"","overlay-color":"","overlay-opacity":"","overlay-gradient":""},"mobile":{"background-color":"var(--ast-global-color-4)","background-image":"","background-repeat":"repeat","background-position":"center center","background-size":"auto","background-attachment":"scroll","background-type":"","background-media":"","overlay-type":"","overlay-color":"","overlay-opacity":"","overlay-gradient":""}},"footnotes":""},"categories":[1],"tags":[],"class_list":["post-107223","post","type-post","status-publish","format-standard","hentry","category-sem-categoria"],"yoast_head":"<!-- This site is optimized with the Yoast SEO plugin v26.6 - https:\/\/yoast.com\/wordpress\/plugins\/seo\/ -->\n<title>Deputado Wellington debate enfrentamento \u00e0 automutila\u00e7\u00e3o, \u00e0 depress\u00e3o e ao suicidio e contribui para f\u00f3rum estadual sobre o tema - Daniel Matos<\/title>\n<meta name=\"robots\" content=\"index, follow, max-snippet:-1, max-image-preview:large, max-video-preview:-1\" \/>\n<link rel=\"canonical\" href=\"https:\/\/www.blogsoestado.com\/danielmatos\/deputado-wellington-debate-enfrentamento-a-automutilacao-a-depressao-e-ao-suicidio-e-contribui-para-forum-estadual-sobre-o-tema\/\" \/>\n<meta property=\"og:locale\" content=\"pt_BR\" \/>\n<meta property=\"og:type\" content=\"article\" \/>\n<meta property=\"og:title\" content=\"Deputado Wellington debate enfrentamento \u00e0 automutila\u00e7\u00e3o, \u00e0 depress\u00e3o e ao suicidio e contribui para f\u00f3rum estadual sobre o tema - Daniel Matos\" \/>\n<meta property=\"og:description\" content=\"O deputado estadual Wellington do Curso participou, na manh\u00e3 desta sexta-feira (17), de importante reuni\u00e3o com a promotora de Justi\u00e7a [&hellip;]\" \/>\n<meta property=\"og:url\" content=\"https:\/\/www.blogsoestado.com\/danielmatos\/deputado-wellington-debate-enfrentamento-a-automutilacao-a-depressao-e-ao-suicidio-e-contribui-para-forum-estadual-sobre-o-tema\/\" \/>\n<meta property=\"og:site_name\" content=\"Daniel Matos\" \/>\n<meta property=\"article:published_time\" content=\"2023-03-18T19:11:41+00:00\" \/>\n<meta property=\"og:image\" content=\"https:\/\/www.blogsoestado.com\/danielmatos\/files\/2023\/03\/Screenshot_20230318-1608342.png\" \/>\n<meta name=\"twitter:card\" content=\"summary_large_image\" \/>\n<meta name=\"twitter:label1\" content=\"Est. tempo de leitura\" \/>\n\t<meta name=\"twitter:data1\" content=\"2 minutos\" \/>\n<script type=\"application\/ld+json\" class=\"yoast-schema-graph\">{\"@context\":\"https:\/\/schema.org\",\"@graph\":[{\"@type\":\"WebPage\",\"@id\":\"https:\/\/www.blogsoestado.com\/danielmatos\/deputado-wellington-debate-enfrentamento-a-automutilacao-a-depressao-e-ao-suicidio-e-contribui-para-forum-estadual-sobre-o-tema\/\",\"url\":\"https:\/\/www.blogsoestado.com\/danielmatos\/deputado-wellington-debate-enfrentamento-a-automutilacao-a-depressao-e-ao-suicidio-e-contribui-para-forum-estadual-sobre-o-tema\/\",\"name\":\"Deputado Wellington debate enfrentamento \u00e0 automutila\u00e7\u00e3o, \u00e0 depress\u00e3o e ao suicidio e contribui para f\u00f3rum estadual sobre o tema - Daniel Matos\",\"isPartOf\":{\"@id\":\"https:\/\/www.blogsoestado.com\/danielmatos\/#website\"},\"primaryImageOfPage\":{\"@id\":\"https:\/\/www.blogsoestado.com\/danielmatos\/deputado-wellington-debate-enfrentamento-a-automutilacao-a-depressao-e-ao-suicidio-e-contribui-para-forum-estadual-sobre-o-tema\/#primaryimage\"},\"image\":{\"@id\":\"https:\/\/www.blogsoestado.com\/danielmatos\/deputado-wellington-debate-enfrentamento-a-automutilacao-a-depressao-e-ao-suicidio-e-contribui-para-forum-estadual-sobre-o-tema\/#primaryimage\"},\"thumbnailUrl\":\"https:\/\/www.blogsoestado.com\/danielmatos\/files\/2023\/03\/Screenshot_20230318-1608342.png\",\"datePublished\":\"2023-03-18T19:11:41+00:00\",\"author\":{\"@id\":\"\"},\"breadcrumb\":{\"@id\":\"https:\/\/www.blogsoestado.com\/danielmatos\/deputado-wellington-debate-enfrentamento-a-automutilacao-a-depressao-e-ao-suicidio-e-contribui-para-forum-estadual-sobre-o-tema\/#breadcrumb\"},\"inLanguage\":\"pt-BR\",\"potentialAction\":[{\"@type\":\"ReadAction\",\"target\":[\"https:\/\/www.blogsoestado.com\/danielmatos\/deputado-wellington-debate-enfrentamento-a-automutilacao-a-depressao-e-ao-suicidio-e-contribui-para-forum-estadual-sobre-o-tema\/\"]}]},{\"@type\":\"ImageObject\",\"inLanguage\":\"pt-BR\",\"@id\":\"https:\/\/www.blogsoestado.com\/danielmatos\/deputado-wellington-debate-enfrentamento-a-automutilacao-a-depressao-e-ao-suicidio-e-contribui-para-forum-estadual-sobre-o-tema\/#primaryimage\",\"url\":\"https:\/\/www.blogsoestado.com\/danielmatos\/files\/2023\/03\/Screenshot_20230318-1608342.png\",\"contentUrl\":\"https:\/\/www.blogsoestado.com\/danielmatos\/files\/2023\/03\/Screenshot_20230318-1608342.png\"},{\"@type\":\"BreadcrumbList\",\"@id\":\"https:\/\/www.blogsoestado.com\/danielmatos\/deputado-wellington-debate-enfrentamento-a-automutilacao-a-depressao-e-ao-suicidio-e-contribui-para-forum-estadual-sobre-o-tema\/#breadcrumb\",\"itemListElement\":[{\"@type\":\"ListItem\",\"position\":1,\"name\":\"In\u00edcio\",\"item\":\"https:\/\/www.blogsoestado.com\/danielmatos\/\"},{\"@type\":\"ListItem\",\"position\":2,\"name\":\"Deputado Wellington debate enfrentamento \u00e0 automutila\u00e7\u00e3o, \u00e0 depress\u00e3o e ao suicidio e contribui para f\u00f3rum estadual sobre o tema\"}]},{\"@type\":\"WebSite\",\"@id\":\"https:\/\/www.blogsoestado.com\/danielmatos\/#website\",\"url\":\"https:\/\/www.blogsoestado.com\/danielmatos\/\",\"name\":\"Daniel Matos\",\"description\":\"\",\"potentialAction\":[{\"@type\":\"SearchAction\",\"target\":{\"@type\":\"EntryPoint\",\"urlTemplate\":\"https:\/\/www.blogsoestado.com\/danielmatos\/?s={search_term_string}\"},\"query-input\":{\"@type\":\"PropertyValueSpecification\",\"valueRequired\":true,\"valueName\":\"search_term_string\"}}],\"inLanguage\":\"pt-BR\"}]}<\/script>\n<!-- \/ Yoast SEO plugin. -->","yoast_head_json":{"title":"Deputado Wellington debate enfrentamento \u00e0 automutila\u00e7\u00e3o, \u00e0 depress\u00e3o e ao suicidio e contribui para f\u00f3rum estadual sobre o tema - Daniel Matos","robots":{"index":"index","follow":"follow","max-snippet":"max-snippet:-1","max-image-preview":"max-image-preview:large","max-video-preview":"max-video-preview:-1"},"canonical":"https:\/\/www.blogsoestado.com\/danielmatos\/deputado-wellington-debate-enfrentamento-a-automutilacao-a-depressao-e-ao-suicidio-e-contribui-para-forum-estadual-sobre-o-tema\/","og_locale":"pt_BR","og_type":"article","og_title":"Deputado Wellington debate enfrentamento \u00e0 automutila\u00e7\u00e3o, \u00e0 depress\u00e3o e ao suicidio e contribui para f\u00f3rum estadual sobre o tema - Daniel Matos","og_description":"O deputado estadual Wellington do Curso participou, na manh\u00e3 desta sexta-feira (17), de importante reuni\u00e3o com a promotora de Justi\u00e7a [&hellip;]","og_url":"https:\/\/www.blogsoestado.com\/danielmatos\/deputado-wellington-debate-enfrentamento-a-automutilacao-a-depressao-e-ao-suicidio-e-contribui-para-forum-estadual-sobre-o-tema\/","og_site_name":"Daniel Matos","article_published_time":"2023-03-18T19:11:41+00:00","og_image":[{"url":"https:\/\/www.blogsoestado.com\/danielmatos\/files\/2023\/03\/Screenshot_20230318-1608342.png","type":"","width":"","height":""}],"twitter_card":"summary_large_image","twitter_misc":{"Est. tempo de leitura":"2 minutos"},"schema":{"@context":"https:\/\/schema.org","@graph":[{"@type":"WebPage","@id":"https:\/\/www.blogsoestado.com\/danielmatos\/deputado-wellington-debate-enfrentamento-a-automutilacao-a-depressao-e-ao-suicidio-e-contribui-para-forum-estadual-sobre-o-tema\/","url":"https:\/\/www.blogsoestado.com\/danielmatos\/deputado-wellington-debate-enfrentamento-a-automutilacao-a-depressao-e-ao-suicidio-e-contribui-para-forum-estadual-sobre-o-tema\/","name":"Deputado Wellington debate enfrentamento \u00e0 automutila\u00e7\u00e3o, \u00e0 depress\u00e3o e ao suicidio e contribui para f\u00f3rum estadual sobre o tema - Daniel Matos","isPartOf":{"@id":"https:\/\/www.blogsoestado.com\/danielmatos\/#website"},"primaryImageOfPage":{"@id":"https:\/\/www.blogsoestado.com\/danielmatos\/deputado-wellington-debate-enfrentamento-a-automutilacao-a-depressao-e-ao-suicidio-e-contribui-para-forum-estadual-sobre-o-tema\/#primaryimage"},"image":{"@id":"https:\/\/www.blogsoestado.com\/danielmatos\/deputado-wellington-debate-enfrentamento-a-automutilacao-a-depressao-e-ao-suicidio-e-contribui-para-forum-estadual-sobre-o-tema\/#primaryimage"},"thumbnailUrl":"https:\/\/www.blogsoestado.com\/danielmatos\/files\/2023\/03\/Screenshot_20230318-1608342.png","datePublished":"2023-03-18T19:11:41+00:00","author":{"@id":""},"breadcrumb":{"@id":"https:\/\/www.blogsoestado.com\/danielmatos\/deputado-wellington-debate-enfrentamento-a-automutilacao-a-depressao-e-ao-suicidio-e-contribui-para-forum-estadual-sobre-o-tema\/#breadcrumb"},"inLanguage":"pt-BR","potentialAction":[{"@type":"ReadAction","target":["https:\/\/www.blogsoestado.com\/danielmatos\/deputado-wellington-debate-enfrentamento-a-automutilacao-a-depressao-e-ao-suicidio-e-contribui-para-forum-estadual-sobre-o-tema\/"]}]},{"@type":"ImageObject","inLanguage":"pt-BR","@id":"https:\/\/www.blogsoestado.com\/danielmatos\/deputado-wellington-debate-enfrentamento-a-automutilacao-a-depressao-e-ao-suicidio-e-contribui-para-forum-estadual-sobre-o-tema\/#primaryimage","url":"https:\/\/www.blogsoestado.com\/danielmatos\/files\/2023\/03\/Screenshot_20230318-1608342.png","contentUrl":"https:\/\/www.blogsoestado.com\/danielmatos\/files\/2023\/03\/Screenshot_20230318-1608342.png"},{"@type":"BreadcrumbList","@id":"https:\/\/www.blogsoestado.com\/danielmatos\/deputado-wellington-debate-enfrentamento-a-automutilacao-a-depressao-e-ao-suicidio-e-contribui-para-forum-estadual-sobre-o-tema\/#breadcrumb","itemListElement":[{"@type":"ListItem","position":1,"name":"In\u00edcio","item":"https:\/\/www.blogsoestado.com\/danielmatos\/"},{"@type":"ListItem","position":2,"name":"Deputado Wellington debate enfrentamento \u00e0 automutila\u00e7\u00e3o, \u00e0 depress\u00e3o e ao suicidio e contribui para f\u00f3rum estadual sobre o tema"}]},{"@type":"WebSite","@id":"https:\/\/www.blogsoestado.com\/danielmatos\/#website","url":"https:\/\/www.blogsoestado.com\/danielmatos\/","name":"Daniel Matos","description":"","potentialAction":[{"@type":"SearchAction","target":{"@type":"EntryPoint","urlTemplate":"https:\/\/www.blogsoestado.com\/danielmatos\/?s={search_term_string}"},"query-input":{"@type":"PropertyValueSpecification","valueRequired":true,"valueName":"search_term_string"}}],"inLanguage":"pt-BR"}]}},"jetpack_featured_media_url":"","_links":{"self":[{"href":"https:\/\/www.blogsoestado.com\/danielmatos\/wp-json\/wp\/v2\/posts\/107223","targetHints":{"allow":["GET"]}}],"collection":[{"href":"https:\/\/www.blogsoestado.com\/danielmatos\/wp-json\/wp\/v2\/posts"}],"about":[{"href":"https:\/\/www.blogsoestado.com\/danielmatos\/wp-json\/wp\/v2\/types\/post"}],"replies":[{"embeddable":true,"href":"https:\/\/www.blogsoestado.com\/danielmatos\/wp-json\/wp\/v2\/comments?post=107223"}],"version-history":[{"count":0,"href":"https:\/\/www.blogsoestado.com\/danielmatos\/wp-json\/wp\/v2\/posts\/107223\/revisions"}],"wp:attachment":[{"href":"https:\/\/www.blogsoestado.com\/danielmatos\/wp-json\/wp\/v2\/media?parent=107223"}],"wp:term":[{"taxonomy":"category","embeddable":true,"href":"https:\/\/www.blogsoestado.com\/danielmatos\/wp-json\/wp\/v2\/categories?post=107223"},{"taxonomy":"post_tag","embeddable":true,"href":"https:\/\/www.blogsoestado.com\/danielmatos\/wp-json\/wp\/v2\/tags?post=107223"}],"curies":[{"name":"wp","href":"https:\/\/api.w.org\/{rel}","templated":true}]}}