{"id":107226,"date":"2023-03-18T19:10:12","date_gmt":"2023-03-18T22:10:12","guid":{"rendered":"https:\/\/www.blogsoestado.com\/danielmatos\/?p=107226"},"modified":"2023-03-18T19:10:12","modified_gmt":"2023-03-18T22:10:12","slug":"fabio-gentil-reafirma-protagonismo-ao-reunir-classe-politica-para-alinhar-acoes-que-resultem-em-melhorias-para-o-leste-maranhense","status":"publish","type":"post","link":"https:\/\/www.blogsoestado.com\/danielmatos\/fabio-gentil-reafirma-protagonismo-ao-reunir-classe-politica-para-alinhar-acoes-que-resultem-em-melhorias-para-o-leste-maranhense\/","title":{"rendered":"F\u00e1bio Gentil reafirma protagonismo ao reunir classe pol\u00edtica para alinhar a\u00e7\u00f5es que resultem em melhorias para o leste maranhense"},"content":{"rendered":"\n<div class=\"wp-block-image\"><figure class=\"aligncenter size-large\"><a href=\"https:\/\/www.blogsoestado.com\/danielmatos\/files\/2023\/03\/Screenshot_20230318-1904302.png\"><img decoding=\"async\" src=\"https:\/\/www.blogsoestado.com\/danielmatos\/files\/2023\/03\/Screenshot_20230318-1904302.png\" alt=\"\" class=\"wp-image-107227\"\/><\/a><figcaption>F\u00e1bio Gentil destacou o car\u00e1ter participativo da reuni\u00e3o e o interesse da classe pol\u00edtica em lutar por melhorias para o leste do Maranh\u00e3o <\/figcaption><\/figure><\/div>\n\n\n\n<p>Consolidado como um dos maiores l\u00edderes pol\u00edticos do Maranh\u00e3o, o prefeito de Caxias, F\u00e1bio Gentil, reafirmou seu protagonismo ao reunir, neste s\u00e1bado (18), tr\u00eas deputados estaduais e vereadores de tr\u00eas munic\u00edpios para alinhar a\u00e7\u00f5es que proporcionem melhorias para o leste do estado, popularmente conhecido como Regi\u00e3o dos Cocais.<\/p>\n\n\n\n<p>Pautado por discuss\u00f5es altamente propositivas, o encontro contou com a participa\u00e7\u00e3o do deputado estadual Rafael e das deputadas estaduais Daniella e Cl\u00e1udia Coutinho. Vereadores das cidades de Caxias, Timon e Mat\u00f5es tamb\u00e9m marcaram presen\u00e7a.<\/p>\n\n\n\n<p>Todos deram importantes contribui\u00e7\u00f5es ao debate e refor\u00e7aram o compromisso de atuar conjuntamente para levar desenvolvimento \u00e0 regi\u00e3o, com benfeitorias na sa\u00fade, educa\u00e7\u00e3o, infraestrutura, seguran\u00e7a p\u00fablica, gera\u00e7\u00e3o de emprego e renda e a\u00e7\u00f5es que resultem em melhor qualidade de vida para a popula\u00e7\u00e3o.<\/p>\n\n\n\n<p>O prefeito caxiense manifestou entusiasmo com a expressiva mobiliza\u00e7\u00e3o da classe pol\u00edtica em prol da Regi\u00e3o dos Cocais e destacou que a reuni\u00e3o, por ter sido t\u00e3o participativa, demonstrou o empenho dos representantes do povo de lutar juntos pelas melhorias que a Regi\u00e3o dos Cocais tanto almeja e precisa.<\/p>\n","protected":false},"excerpt":{"rendered":"<p>Consolidado como um dos maiores l\u00edderes pol\u00edticos do Maranh\u00e3o, o prefeito de Caxias, F\u00e1bio Gentil, reafirmou seu protagonismo ao reunir, [&hellip;]<\/p>\n","protected":false},"author":0,"featured_media":0,"comment_status":"open","ping_status":"open","sticky":false,"template":"","format":"standard","meta":{"site-sidebar-layout":"default","site-content-layout":"","ast-site-content-layout":"default","site-content-style":"default","site-sidebar-style":"default","ast-global-header-display":"","ast-banner-title-visibility":"","ast-main-header-display":"","ast-hfb-above-header-display":"","ast-hfb-below-header-display":"","ast-hfb-mobile-header-display":"","site-post-title":"","ast-breadcrumbs-content":"","ast-featured-img":"","footer-sml-layout":"","ast-disable-related-posts":"","theme-transparent-header-meta":"","adv-header-id-meta":"","stick-header-meta":"","header-above-stick-meta":"","header-main-stick-meta":"","header-below-stick-meta":"","astra-migrate-meta-layouts":"default","ast-page-background-enabled":"default","ast-page-background-meta":{"desktop":{"background-color":"var(--ast-global-color-5)","background-image":"","background-repeat":"repeat","background-position":"center center","background-size":"auto","background-attachment":"scroll","background-type":"","background-media":"","overlay-type":"","overlay-color":"","overlay-opacity":"","overlay-gradient":""},"tablet":{"background-color":"","background-image":"","background-repeat":"repeat","background-position":"center center","background-size":"auto","background-attachment":"scroll","background-type":"","background-media":"","overlay-type":"","overlay-color":"","overlay-opacity":"","overlay-gradient":""},"mobile":{"background-color":"","background-image":"","background-repeat":"repeat","background-position":"center center","background-size":"auto","background-attachment":"scroll","background-type":"","background-media":"","overlay-type":"","overlay-color":"","overlay-opacity":"","overlay-gradient":""}},"ast-content-background-meta":{"desktop":{"background-color":"var(--ast-global-color-4)","background-image":"","background-repeat":"repeat","background-position":"center center","background-size":"auto","background-attachment":"scroll","background-type":"","background-media":"","overlay-type":"","overlay-color":"","overlay-opacity":"","overlay-gradient":""},"tablet":{"background-color":"var(--ast-global-color-4)","background-image":"","background-repeat":"repeat","background-position":"center center","background-size":"auto","background-attachment":"scroll","background-type":"","background-media":"","overlay-type":"","overlay-color":"","overlay-opacity":"","overlay-gradient":""},"mobile":{"background-color":"var(--ast-global-color-4)","background-image":"","background-repeat":"repeat","background-position":"center center","background-size":"auto","background-attachment":"scroll","background-type":"","background-media":"","overlay-type":"","overlay-color":"","overlay-opacity":"","overlay-gradient":""}},"footnotes":""},"categories":[1],"tags":[],"class_list":["post-107226","post","type-post","status-publish","format-standard","hentry","category-sem-categoria"],"yoast_head":"<!-- This site is optimized with the Yoast SEO plugin v26.6 - https:\/\/yoast.com\/wordpress\/plugins\/seo\/ -->\n<title>F\u00e1bio Gentil reafirma protagonismo ao reunir classe pol\u00edtica para alinhar a\u00e7\u00f5es que resultem em melhorias para o leste maranhense - Daniel Matos<\/title>\n<meta name=\"robots\" content=\"index, follow, max-snippet:-1, max-image-preview:large, max-video-preview:-1\" \/>\n<link rel=\"canonical\" href=\"https:\/\/www.blogsoestado.com\/danielmatos\/fabio-gentil-reafirma-protagonismo-ao-reunir-classe-politica-para-alinhar-acoes-que-resultem-em-melhorias-para-o-leste-maranhense\/\" \/>\n<meta property=\"og:locale\" content=\"pt_BR\" \/>\n<meta property=\"og:type\" content=\"article\" \/>\n<meta property=\"og:title\" content=\"F\u00e1bio Gentil reafirma protagonismo ao reunir classe pol\u00edtica para alinhar a\u00e7\u00f5es que resultem em melhorias para o leste maranhense - Daniel Matos\" \/>\n<meta property=\"og:description\" content=\"Consolidado como um dos maiores l\u00edderes pol\u00edticos do Maranh\u00e3o, o prefeito de Caxias, F\u00e1bio Gentil, reafirmou seu protagonismo ao reunir, [&hellip;]\" \/>\n<meta property=\"og:url\" content=\"https:\/\/www.blogsoestado.com\/danielmatos\/fabio-gentil-reafirma-protagonismo-ao-reunir-classe-politica-para-alinhar-acoes-que-resultem-em-melhorias-para-o-leste-maranhense\/\" \/>\n<meta property=\"og:site_name\" content=\"Daniel Matos\" \/>\n<meta property=\"article:published_time\" content=\"2023-03-18T22:10:12+00:00\" \/>\n<meta property=\"og:image\" content=\"https:\/\/www.blogsoestado.com\/danielmatos\/files\/2023\/03\/Screenshot_20230318-1904302.png\" \/>\n<meta name=\"twitter:card\" content=\"summary_large_image\" \/>\n<meta name=\"twitter:label1\" content=\"Est. tempo de leitura\" \/>\n\t<meta name=\"twitter:data1\" content=\"2 minutos\" \/>\n<script type=\"application\/ld+json\" class=\"yoast-schema-graph\">{\"@context\":\"https:\/\/schema.org\",\"@graph\":[{\"@type\":\"WebPage\",\"@id\":\"https:\/\/www.blogsoestado.com\/danielmatos\/fabio-gentil-reafirma-protagonismo-ao-reunir-classe-politica-para-alinhar-acoes-que-resultem-em-melhorias-para-o-leste-maranhense\/\",\"url\":\"https:\/\/www.blogsoestado.com\/danielmatos\/fabio-gentil-reafirma-protagonismo-ao-reunir-classe-politica-para-alinhar-acoes-que-resultem-em-melhorias-para-o-leste-maranhense\/\",\"name\":\"F\u00e1bio Gentil reafirma protagonismo ao reunir classe pol\u00edtica para alinhar a\u00e7\u00f5es que resultem em melhorias para o leste maranhense - Daniel Matos\",\"isPartOf\":{\"@id\":\"https:\/\/www.blogsoestado.com\/danielmatos\/#website\"},\"primaryImageOfPage\":{\"@id\":\"https:\/\/www.blogsoestado.com\/danielmatos\/fabio-gentil-reafirma-protagonismo-ao-reunir-classe-politica-para-alinhar-acoes-que-resultem-em-melhorias-para-o-leste-maranhense\/#primaryimage\"},\"image\":{\"@id\":\"https:\/\/www.blogsoestado.com\/danielmatos\/fabio-gentil-reafirma-protagonismo-ao-reunir-classe-politica-para-alinhar-acoes-que-resultem-em-melhorias-para-o-leste-maranhense\/#primaryimage\"},\"thumbnailUrl\":\"https:\/\/www.blogsoestado.com\/danielmatos\/files\/2023\/03\/Screenshot_20230318-1904302.png\",\"datePublished\":\"2023-03-18T22:10:12+00:00\",\"author\":{\"@id\":\"\"},\"breadcrumb\":{\"@id\":\"https:\/\/www.blogsoestado.com\/danielmatos\/fabio-gentil-reafirma-protagonismo-ao-reunir-classe-politica-para-alinhar-acoes-que-resultem-em-melhorias-para-o-leste-maranhense\/#breadcrumb\"},\"inLanguage\":\"pt-BR\",\"potentialAction\":[{\"@type\":\"ReadAction\",\"target\":[\"https:\/\/www.blogsoestado.com\/danielmatos\/fabio-gentil-reafirma-protagonismo-ao-reunir-classe-politica-para-alinhar-acoes-que-resultem-em-melhorias-para-o-leste-maranhense\/\"]}]},{\"@type\":\"ImageObject\",\"inLanguage\":\"pt-BR\",\"@id\":\"https:\/\/www.blogsoestado.com\/danielmatos\/fabio-gentil-reafirma-protagonismo-ao-reunir-classe-politica-para-alinhar-acoes-que-resultem-em-melhorias-para-o-leste-maranhense\/#primaryimage\",\"url\":\"https:\/\/www.blogsoestado.com\/danielmatos\/files\/2023\/03\/Screenshot_20230318-1904302.png\",\"contentUrl\":\"https:\/\/www.blogsoestado.com\/danielmatos\/files\/2023\/03\/Screenshot_20230318-1904302.png\"},{\"@type\":\"BreadcrumbList\",\"@id\":\"https:\/\/www.blogsoestado.com\/danielmatos\/fabio-gentil-reafirma-protagonismo-ao-reunir-classe-politica-para-alinhar-acoes-que-resultem-em-melhorias-para-o-leste-maranhense\/#breadcrumb\",\"itemListElement\":[{\"@type\":\"ListItem\",\"position\":1,\"name\":\"In\u00edcio\",\"item\":\"https:\/\/www.blogsoestado.com\/danielmatos\/\"},{\"@type\":\"ListItem\",\"position\":2,\"name\":\"F\u00e1bio Gentil reafirma protagonismo ao reunir classe pol\u00edtica para alinhar a\u00e7\u00f5es que resultem em melhorias para o leste maranhense\"}]},{\"@type\":\"WebSite\",\"@id\":\"https:\/\/www.blogsoestado.com\/danielmatos\/#website\",\"url\":\"https:\/\/www.blogsoestado.com\/danielmatos\/\",\"name\":\"Daniel Matos\",\"description\":\"\",\"potentialAction\":[{\"@type\":\"SearchAction\",\"target\":{\"@type\":\"EntryPoint\",\"urlTemplate\":\"https:\/\/www.blogsoestado.com\/danielmatos\/?s={search_term_string}\"},\"query-input\":{\"@type\":\"PropertyValueSpecification\",\"valueRequired\":true,\"valueName\":\"search_term_string\"}}],\"inLanguage\":\"pt-BR\"}]}<\/script>\n<!-- \/ Yoast SEO plugin. -->","yoast_head_json":{"title":"F\u00e1bio Gentil reafirma protagonismo ao reunir classe pol\u00edtica para alinhar a\u00e7\u00f5es que resultem em melhorias para o leste maranhense - Daniel Matos","robots":{"index":"index","follow":"follow","max-snippet":"max-snippet:-1","max-image-preview":"max-image-preview:large","max-video-preview":"max-video-preview:-1"},"canonical":"https:\/\/www.blogsoestado.com\/danielmatos\/fabio-gentil-reafirma-protagonismo-ao-reunir-classe-politica-para-alinhar-acoes-que-resultem-em-melhorias-para-o-leste-maranhense\/","og_locale":"pt_BR","og_type":"article","og_title":"F\u00e1bio Gentil reafirma protagonismo ao reunir classe pol\u00edtica para alinhar a\u00e7\u00f5es que resultem em melhorias para o leste maranhense - Daniel Matos","og_description":"Consolidado como um dos maiores l\u00edderes pol\u00edticos do Maranh\u00e3o, o prefeito de Caxias, F\u00e1bio Gentil, reafirmou seu protagonismo ao reunir, [&hellip;]","og_url":"https:\/\/www.blogsoestado.com\/danielmatos\/fabio-gentil-reafirma-protagonismo-ao-reunir-classe-politica-para-alinhar-acoes-que-resultem-em-melhorias-para-o-leste-maranhense\/","og_site_name":"Daniel Matos","article_published_time":"2023-03-18T22:10:12+00:00","og_image":[{"url":"https:\/\/www.blogsoestado.com\/danielmatos\/files\/2023\/03\/Screenshot_20230318-1904302.png","type":"","width":"","height":""}],"twitter_card":"summary_large_image","twitter_misc":{"Est. tempo de leitura":"2 minutos"},"schema":{"@context":"https:\/\/schema.org","@graph":[{"@type":"WebPage","@id":"https:\/\/www.blogsoestado.com\/danielmatos\/fabio-gentil-reafirma-protagonismo-ao-reunir-classe-politica-para-alinhar-acoes-que-resultem-em-melhorias-para-o-leste-maranhense\/","url":"https:\/\/www.blogsoestado.com\/danielmatos\/fabio-gentil-reafirma-protagonismo-ao-reunir-classe-politica-para-alinhar-acoes-que-resultem-em-melhorias-para-o-leste-maranhense\/","name":"F\u00e1bio Gentil reafirma protagonismo ao reunir classe pol\u00edtica para alinhar a\u00e7\u00f5es que resultem em melhorias para o leste maranhense - Daniel Matos","isPartOf":{"@id":"https:\/\/www.blogsoestado.com\/danielmatos\/#website"},"primaryImageOfPage":{"@id":"https:\/\/www.blogsoestado.com\/danielmatos\/fabio-gentil-reafirma-protagonismo-ao-reunir-classe-politica-para-alinhar-acoes-que-resultem-em-melhorias-para-o-leste-maranhense\/#primaryimage"},"image":{"@id":"https:\/\/www.blogsoestado.com\/danielmatos\/fabio-gentil-reafirma-protagonismo-ao-reunir-classe-politica-para-alinhar-acoes-que-resultem-em-melhorias-para-o-leste-maranhense\/#primaryimage"},"thumbnailUrl":"https:\/\/www.blogsoestado.com\/danielmatos\/files\/2023\/03\/Screenshot_20230318-1904302.png","datePublished":"2023-03-18T22:10:12+00:00","author":{"@id":""},"breadcrumb":{"@id":"https:\/\/www.blogsoestado.com\/danielmatos\/fabio-gentil-reafirma-protagonismo-ao-reunir-classe-politica-para-alinhar-acoes-que-resultem-em-melhorias-para-o-leste-maranhense\/#breadcrumb"},"inLanguage":"pt-BR","potentialAction":[{"@type":"ReadAction","target":["https:\/\/www.blogsoestado.com\/danielmatos\/fabio-gentil-reafirma-protagonismo-ao-reunir-classe-politica-para-alinhar-acoes-que-resultem-em-melhorias-para-o-leste-maranhense\/"]}]},{"@type":"ImageObject","inLanguage":"pt-BR","@id":"https:\/\/www.blogsoestado.com\/danielmatos\/fabio-gentil-reafirma-protagonismo-ao-reunir-classe-politica-para-alinhar-acoes-que-resultem-em-melhorias-para-o-leste-maranhense\/#primaryimage","url":"https:\/\/www.blogsoestado.com\/danielmatos\/files\/2023\/03\/Screenshot_20230318-1904302.png","contentUrl":"https:\/\/www.blogsoestado.com\/danielmatos\/files\/2023\/03\/Screenshot_20230318-1904302.png"},{"@type":"BreadcrumbList","@id":"https:\/\/www.blogsoestado.com\/danielmatos\/fabio-gentil-reafirma-protagonismo-ao-reunir-classe-politica-para-alinhar-acoes-que-resultem-em-melhorias-para-o-leste-maranhense\/#breadcrumb","itemListElement":[{"@type":"ListItem","position":1,"name":"In\u00edcio","item":"https:\/\/www.blogsoestado.com\/danielmatos\/"},{"@type":"ListItem","position":2,"name":"F\u00e1bio Gentil reafirma protagonismo ao reunir classe pol\u00edtica para alinhar a\u00e7\u00f5es que resultem em melhorias para o leste maranhense"}]},{"@type":"WebSite","@id":"https:\/\/www.blogsoestado.com\/danielmatos\/#website","url":"https:\/\/www.blogsoestado.com\/danielmatos\/","name":"Daniel Matos","description":"","potentialAction":[{"@type":"SearchAction","target":{"@type":"EntryPoint","urlTemplate":"https:\/\/www.blogsoestado.com\/danielmatos\/?s={search_term_string}"},"query-input":{"@type":"PropertyValueSpecification","valueRequired":true,"valueName":"search_term_string"}}],"inLanguage":"pt-BR"}]}},"jetpack_featured_media_url":"","_links":{"self":[{"href":"https:\/\/www.blogsoestado.com\/danielmatos\/wp-json\/wp\/v2\/posts\/107226","targetHints":{"allow":["GET"]}}],"collection":[{"href":"https:\/\/www.blogsoestado.com\/danielmatos\/wp-json\/wp\/v2\/posts"}],"about":[{"href":"https:\/\/www.blogsoestado.com\/danielmatos\/wp-json\/wp\/v2\/types\/post"}],"replies":[{"embeddable":true,"href":"https:\/\/www.blogsoestado.com\/danielmatos\/wp-json\/wp\/v2\/comments?post=107226"}],"version-history":[{"count":0,"href":"https:\/\/www.blogsoestado.com\/danielmatos\/wp-json\/wp\/v2\/posts\/107226\/revisions"}],"wp:attachment":[{"href":"https:\/\/www.blogsoestado.com\/danielmatos\/wp-json\/wp\/v2\/media?parent=107226"}],"wp:term":[{"taxonomy":"category","embeddable":true,"href":"https:\/\/www.blogsoestado.com\/danielmatos\/wp-json\/wp\/v2\/categories?post=107226"},{"taxonomy":"post_tag","embeddable":true,"href":"https:\/\/www.blogsoestado.com\/danielmatos\/wp-json\/wp\/v2\/tags?post=107226"}],"curies":[{"name":"wp","href":"https:\/\/api.w.org\/{rel}","templated":true}]}}