{"id":107229,"date":"2023-03-18T20:30:00","date_gmt":"2023-03-18T23:30:00","guid":{"rendered":"https:\/\/www.blogsoestado.com\/danielmatos\/?p=107229"},"modified":"2023-03-18T20:30:00","modified_gmt":"2023-03-18T23:30:00","slug":"alunos-da-universidade-ceuma-acompanham-aprovacao-do-plano-diretor-de-sao-luis-na-camara-municipal","status":"publish","type":"post","link":"https:\/\/www.blogsoestado.com\/danielmatos\/alunos-da-universidade-ceuma-acompanham-aprovacao-do-plano-diretor-de-sao-luis-na-camara-municipal\/","title":{"rendered":"Alunos da Universidade Ceuma acompanham aprova\u00e7\u00e3o do Plano Diretor de S\u00e3o Lu\u00eds na C\u00e2mara Municipal"},"content":{"rendered":"\n<div class=\"wp-block-image\"><figure class=\"aligncenter size-large\"><a href=\"https:\/\/www.blogsoestado.com\/danielmatos\/files\/2023\/03\/Screenshot_20230318-1934342.png\"><img decoding=\"async\" src=\"https:\/\/www.blogsoestado.com\/danielmatos\/files\/2023\/03\/Screenshot_20230318-1934342.png\" alt=\"\" class=\"wp-image-107230\"\/><\/a><figcaption>Os acad\u00eamicos de Arquitetura e Urbanismo da Universidade Ceuma com o presidente da C\u00e2mara Municipal, Francisco Chaguinhas, e outros vereadores na sess\u00e3o em que foi aprovado o Plano Diretor de S\u00e3o Lu\u00eds<\/figcaption><\/figure><\/div>\n\n\n\n<p>Um grupo de alunos do Curso de Arquitetura e Urbanismo da Universidade Ceuma acompanhou, na C\u00e2mara Municipal, a sess\u00e3o ordin\u00e1ria da segunda vota\u00e7\u00e3o na qual foi aprovado o projeto de lei que institui o novo Plano Diretor de S\u00e3o Lu\u00eds.<\/p>\n\n\n\n<p>Orientados pelo professor do curso de Arquitetura e Urbanismo, Aquiles Andrade, os graduandos estiveram no parlamento municipal e participaram, na condi\u00e7\u00e3o de ouvintes, da discuss\u00e3o sobre as emendas legislativas \u00e0 minuta da lei, o principal instrumento da pol\u00edtica urbana brasileira.<\/p>\n\n\n\n<p>\u201cCompreender o territ\u00f3rio urbano e a complexidade do processo de planejamento e gest\u00e3o da cidade fora da sala de aula resulta em profissionais com maior responsabilidade social\u201d. Afirma o professor Aquiles Andrade.<\/p>\n\n\n\n<p>A experi\u00eancia extracurricular dos discentes confirma o compromisso da Institui\u00e7\u00e3o CEUMA na forma\u00e7\u00e3o de profissionais de Arquitetura e Urbanismo, a partir de experi\u00eancias pr\u00e1ticas e da discuss\u00e3o dos problemas de nossa cidade.<\/p>\n\n\n\n<p>Desse modo, a aluna Paula Athan relatou que:<\/p>\n\n\n\n<p>\u201cHoje foi um dia importante n\u00e3o s\u00f3 para S\u00e3o Lu\u00eds como tamb\u00e9m para todos n\u00f3s como futuros profissionais de arquitetura e urbanismo, refor\u00e7ando o nosso compromisso de desenvolver projetos respeitando a legisla\u00e7\u00e3o de nossa cidade.\u201d<\/p>\n\n\n\n<p>Ao final da sess\u00e3o, todos os alunos presentes foram recebidos pelo Presidente da C\u00e2mara, Vereador Francisco Chaguinhas, e pelos membros da Comiss\u00e3o Especial para Revis\u00e3o do Plano Diretor.<\/p>\n","protected":false},"excerpt":{"rendered":"<p>Um grupo de alunos do Curso de Arquitetura e Urbanismo da Universidade Ceuma acompanhou, na C\u00e2mara Municipal, a sess\u00e3o ordin\u00e1ria [&hellip;]<\/p>\n","protected":false},"author":0,"featured_media":0,"comment_status":"open","ping_status":"open","sticky":false,"template":"","format":"standard","meta":{"site-sidebar-layout":"default","site-content-layout":"","ast-site-content-layout":"default","site-content-style":"default","site-sidebar-style":"default","ast-global-header-display":"","ast-banner-title-visibility":"","ast-main-header-display":"","ast-hfb-above-header-display":"","ast-hfb-below-header-display":"","ast-hfb-mobile-header-display":"","site-post-title":"","ast-breadcrumbs-content":"","ast-featured-img":"","footer-sml-layout":"","ast-disable-related-posts":"","theme-transparent-header-meta":"","adv-header-id-meta":"","stick-header-meta":"","header-above-stick-meta":"","header-main-stick-meta":"","header-below-stick-meta":"","astra-migrate-meta-layouts":"default","ast-page-background-enabled":"default","ast-page-background-meta":{"desktop":{"background-color":"var(--ast-global-color-5)","background-image":"","background-repeat":"repeat","background-position":"center center","background-size":"auto","background-attachment":"scroll","background-type":"","background-media":"","overlay-type":"","overlay-color":"","overlay-opacity":"","overlay-gradient":""},"tablet":{"background-color":"","background-image":"","background-repeat":"repeat","background-position":"center center","background-size":"auto","background-attachment":"scroll","background-type":"","background-media":"","overlay-type":"","overlay-color":"","overlay-opacity":"","overlay-gradient":""},"mobile":{"background-color":"","background-image":"","background-repeat":"repeat","background-position":"center center","background-size":"auto","background-attachment":"scroll","background-type":"","background-media":"","overlay-type":"","overlay-color":"","overlay-opacity":"","overlay-gradient":""}},"ast-content-background-meta":{"desktop":{"background-color":"var(--ast-global-color-4)","background-image":"","background-repeat":"repeat","background-position":"center center","background-size":"auto","background-attachment":"scroll","background-type":"","background-media":"","overlay-type":"","overlay-color":"","overlay-opacity":"","overlay-gradient":""},"tablet":{"background-color":"var(--ast-global-color-4)","background-image":"","background-repeat":"repeat","background-position":"center center","background-size":"auto","background-attachment":"scroll","background-type":"","background-media":"","overlay-type":"","overlay-color":"","overlay-opacity":"","overlay-gradient":""},"mobile":{"background-color":"var(--ast-global-color-4)","background-image":"","background-repeat":"repeat","background-position":"center center","background-size":"auto","background-attachment":"scroll","background-type":"","background-media":"","overlay-type":"","overlay-color":"","overlay-opacity":"","overlay-gradient":""}},"footnotes":""},"categories":[1],"tags":[],"class_list":["post-107229","post","type-post","status-publish","format-standard","hentry","category-sem-categoria"],"yoast_head":"<!-- This site is optimized with the Yoast SEO plugin v26.6 - https:\/\/yoast.com\/wordpress\/plugins\/seo\/ -->\n<title>Alunos da Universidade Ceuma acompanham aprova\u00e7\u00e3o do Plano Diretor de S\u00e3o Lu\u00eds na C\u00e2mara Municipal - Daniel Matos<\/title>\n<meta name=\"robots\" content=\"index, follow, max-snippet:-1, max-image-preview:large, max-video-preview:-1\" \/>\n<link rel=\"canonical\" href=\"https:\/\/www.blogsoestado.com\/danielmatos\/alunos-da-universidade-ceuma-acompanham-aprovacao-do-plano-diretor-de-sao-luis-na-camara-municipal\/\" \/>\n<meta property=\"og:locale\" content=\"pt_BR\" \/>\n<meta property=\"og:type\" content=\"article\" \/>\n<meta property=\"og:title\" content=\"Alunos da Universidade Ceuma acompanham aprova\u00e7\u00e3o do Plano Diretor de S\u00e3o Lu\u00eds na C\u00e2mara Municipal - Daniel Matos\" \/>\n<meta property=\"og:description\" content=\"Um grupo de alunos do Curso de Arquitetura e Urbanismo da Universidade Ceuma acompanhou, na C\u00e2mara Municipal, a sess\u00e3o ordin\u00e1ria [&hellip;]\" \/>\n<meta property=\"og:url\" content=\"https:\/\/www.blogsoestado.com\/danielmatos\/alunos-da-universidade-ceuma-acompanham-aprovacao-do-plano-diretor-de-sao-luis-na-camara-municipal\/\" \/>\n<meta property=\"og:site_name\" content=\"Daniel Matos\" \/>\n<meta property=\"article:published_time\" content=\"2023-03-18T23:30:00+00:00\" \/>\n<meta property=\"og:image\" content=\"https:\/\/www.blogsoestado.com\/danielmatos\/files\/2023\/03\/Screenshot_20230318-1934342.png\" \/>\n<meta name=\"twitter:card\" content=\"summary_large_image\" \/>\n<meta name=\"twitter:label1\" content=\"Est. tempo de leitura\" \/>\n\t<meta name=\"twitter:data1\" content=\"2 minutos\" \/>\n<script type=\"application\/ld+json\" class=\"yoast-schema-graph\">{\"@context\":\"https:\/\/schema.org\",\"@graph\":[{\"@type\":\"WebPage\",\"@id\":\"https:\/\/www.blogsoestado.com\/danielmatos\/alunos-da-universidade-ceuma-acompanham-aprovacao-do-plano-diretor-de-sao-luis-na-camara-municipal\/\",\"url\":\"https:\/\/www.blogsoestado.com\/danielmatos\/alunos-da-universidade-ceuma-acompanham-aprovacao-do-plano-diretor-de-sao-luis-na-camara-municipal\/\",\"name\":\"Alunos da Universidade Ceuma acompanham aprova\u00e7\u00e3o do Plano Diretor de S\u00e3o Lu\u00eds na C\u00e2mara Municipal - Daniel Matos\",\"isPartOf\":{\"@id\":\"https:\/\/www.blogsoestado.com\/danielmatos\/#website\"},\"primaryImageOfPage\":{\"@id\":\"https:\/\/www.blogsoestado.com\/danielmatos\/alunos-da-universidade-ceuma-acompanham-aprovacao-do-plano-diretor-de-sao-luis-na-camara-municipal\/#primaryimage\"},\"image\":{\"@id\":\"https:\/\/www.blogsoestado.com\/danielmatos\/alunos-da-universidade-ceuma-acompanham-aprovacao-do-plano-diretor-de-sao-luis-na-camara-municipal\/#primaryimage\"},\"thumbnailUrl\":\"https:\/\/www.blogsoestado.com\/danielmatos\/files\/2023\/03\/Screenshot_20230318-1934342.png\",\"datePublished\":\"2023-03-18T23:30:00+00:00\",\"author\":{\"@id\":\"\"},\"breadcrumb\":{\"@id\":\"https:\/\/www.blogsoestado.com\/danielmatos\/alunos-da-universidade-ceuma-acompanham-aprovacao-do-plano-diretor-de-sao-luis-na-camara-municipal\/#breadcrumb\"},\"inLanguage\":\"pt-BR\",\"potentialAction\":[{\"@type\":\"ReadAction\",\"target\":[\"https:\/\/www.blogsoestado.com\/danielmatos\/alunos-da-universidade-ceuma-acompanham-aprovacao-do-plano-diretor-de-sao-luis-na-camara-municipal\/\"]}]},{\"@type\":\"ImageObject\",\"inLanguage\":\"pt-BR\",\"@id\":\"https:\/\/www.blogsoestado.com\/danielmatos\/alunos-da-universidade-ceuma-acompanham-aprovacao-do-plano-diretor-de-sao-luis-na-camara-municipal\/#primaryimage\",\"url\":\"https:\/\/www.blogsoestado.com\/danielmatos\/files\/2023\/03\/Screenshot_20230318-1934342.png\",\"contentUrl\":\"https:\/\/www.blogsoestado.com\/danielmatos\/files\/2023\/03\/Screenshot_20230318-1934342.png\"},{\"@type\":\"BreadcrumbList\",\"@id\":\"https:\/\/www.blogsoestado.com\/danielmatos\/alunos-da-universidade-ceuma-acompanham-aprovacao-do-plano-diretor-de-sao-luis-na-camara-municipal\/#breadcrumb\",\"itemListElement\":[{\"@type\":\"ListItem\",\"position\":1,\"name\":\"In\u00edcio\",\"item\":\"https:\/\/www.blogsoestado.com\/danielmatos\/\"},{\"@type\":\"ListItem\",\"position\":2,\"name\":\"Alunos da Universidade Ceuma acompanham aprova\u00e7\u00e3o do Plano Diretor de S\u00e3o Lu\u00eds na C\u00e2mara Municipal\"}]},{\"@type\":\"WebSite\",\"@id\":\"https:\/\/www.blogsoestado.com\/danielmatos\/#website\",\"url\":\"https:\/\/www.blogsoestado.com\/danielmatos\/\",\"name\":\"Daniel Matos\",\"description\":\"\",\"potentialAction\":[{\"@type\":\"SearchAction\",\"target\":{\"@type\":\"EntryPoint\",\"urlTemplate\":\"https:\/\/www.blogsoestado.com\/danielmatos\/?s={search_term_string}\"},\"query-input\":{\"@type\":\"PropertyValueSpecification\",\"valueRequired\":true,\"valueName\":\"search_term_string\"}}],\"inLanguage\":\"pt-BR\"}]}<\/script>\n<!-- \/ Yoast SEO plugin. -->","yoast_head_json":{"title":"Alunos da Universidade Ceuma acompanham aprova\u00e7\u00e3o do Plano Diretor de S\u00e3o Lu\u00eds na C\u00e2mara Municipal - Daniel Matos","robots":{"index":"index","follow":"follow","max-snippet":"max-snippet:-1","max-image-preview":"max-image-preview:large","max-video-preview":"max-video-preview:-1"},"canonical":"https:\/\/www.blogsoestado.com\/danielmatos\/alunos-da-universidade-ceuma-acompanham-aprovacao-do-plano-diretor-de-sao-luis-na-camara-municipal\/","og_locale":"pt_BR","og_type":"article","og_title":"Alunos da Universidade Ceuma acompanham aprova\u00e7\u00e3o do Plano Diretor de S\u00e3o Lu\u00eds na C\u00e2mara Municipal - Daniel Matos","og_description":"Um grupo de alunos do Curso de Arquitetura e Urbanismo da Universidade Ceuma acompanhou, na C\u00e2mara Municipal, a sess\u00e3o ordin\u00e1ria [&hellip;]","og_url":"https:\/\/www.blogsoestado.com\/danielmatos\/alunos-da-universidade-ceuma-acompanham-aprovacao-do-plano-diretor-de-sao-luis-na-camara-municipal\/","og_site_name":"Daniel Matos","article_published_time":"2023-03-18T23:30:00+00:00","og_image":[{"url":"https:\/\/www.blogsoestado.com\/danielmatos\/files\/2023\/03\/Screenshot_20230318-1934342.png","type":"","width":"","height":""}],"twitter_card":"summary_large_image","twitter_misc":{"Est. tempo de leitura":"2 minutos"},"schema":{"@context":"https:\/\/schema.org","@graph":[{"@type":"WebPage","@id":"https:\/\/www.blogsoestado.com\/danielmatos\/alunos-da-universidade-ceuma-acompanham-aprovacao-do-plano-diretor-de-sao-luis-na-camara-municipal\/","url":"https:\/\/www.blogsoestado.com\/danielmatos\/alunos-da-universidade-ceuma-acompanham-aprovacao-do-plano-diretor-de-sao-luis-na-camara-municipal\/","name":"Alunos da Universidade Ceuma acompanham aprova\u00e7\u00e3o do Plano Diretor de S\u00e3o Lu\u00eds na C\u00e2mara Municipal - Daniel Matos","isPartOf":{"@id":"https:\/\/www.blogsoestado.com\/danielmatos\/#website"},"primaryImageOfPage":{"@id":"https:\/\/www.blogsoestado.com\/danielmatos\/alunos-da-universidade-ceuma-acompanham-aprovacao-do-plano-diretor-de-sao-luis-na-camara-municipal\/#primaryimage"},"image":{"@id":"https:\/\/www.blogsoestado.com\/danielmatos\/alunos-da-universidade-ceuma-acompanham-aprovacao-do-plano-diretor-de-sao-luis-na-camara-municipal\/#primaryimage"},"thumbnailUrl":"https:\/\/www.blogsoestado.com\/danielmatos\/files\/2023\/03\/Screenshot_20230318-1934342.png","datePublished":"2023-03-18T23:30:00+00:00","author":{"@id":""},"breadcrumb":{"@id":"https:\/\/www.blogsoestado.com\/danielmatos\/alunos-da-universidade-ceuma-acompanham-aprovacao-do-plano-diretor-de-sao-luis-na-camara-municipal\/#breadcrumb"},"inLanguage":"pt-BR","potentialAction":[{"@type":"ReadAction","target":["https:\/\/www.blogsoestado.com\/danielmatos\/alunos-da-universidade-ceuma-acompanham-aprovacao-do-plano-diretor-de-sao-luis-na-camara-municipal\/"]}]},{"@type":"ImageObject","inLanguage":"pt-BR","@id":"https:\/\/www.blogsoestado.com\/danielmatos\/alunos-da-universidade-ceuma-acompanham-aprovacao-do-plano-diretor-de-sao-luis-na-camara-municipal\/#primaryimage","url":"https:\/\/www.blogsoestado.com\/danielmatos\/files\/2023\/03\/Screenshot_20230318-1934342.png","contentUrl":"https:\/\/www.blogsoestado.com\/danielmatos\/files\/2023\/03\/Screenshot_20230318-1934342.png"},{"@type":"BreadcrumbList","@id":"https:\/\/www.blogsoestado.com\/danielmatos\/alunos-da-universidade-ceuma-acompanham-aprovacao-do-plano-diretor-de-sao-luis-na-camara-municipal\/#breadcrumb","itemListElement":[{"@type":"ListItem","position":1,"name":"In\u00edcio","item":"https:\/\/www.blogsoestado.com\/danielmatos\/"},{"@type":"ListItem","position":2,"name":"Alunos da Universidade Ceuma acompanham aprova\u00e7\u00e3o do Plano Diretor de S\u00e3o Lu\u00eds na C\u00e2mara Municipal"}]},{"@type":"WebSite","@id":"https:\/\/www.blogsoestado.com\/danielmatos\/#website","url":"https:\/\/www.blogsoestado.com\/danielmatos\/","name":"Daniel Matos","description":"","potentialAction":[{"@type":"SearchAction","target":{"@type":"EntryPoint","urlTemplate":"https:\/\/www.blogsoestado.com\/danielmatos\/?s={search_term_string}"},"query-input":{"@type":"PropertyValueSpecification","valueRequired":true,"valueName":"search_term_string"}}],"inLanguage":"pt-BR"}]}},"jetpack_featured_media_url":"","_links":{"self":[{"href":"https:\/\/www.blogsoestado.com\/danielmatos\/wp-json\/wp\/v2\/posts\/107229","targetHints":{"allow":["GET"]}}],"collection":[{"href":"https:\/\/www.blogsoestado.com\/danielmatos\/wp-json\/wp\/v2\/posts"}],"about":[{"href":"https:\/\/www.blogsoestado.com\/danielmatos\/wp-json\/wp\/v2\/types\/post"}],"replies":[{"embeddable":true,"href":"https:\/\/www.blogsoestado.com\/danielmatos\/wp-json\/wp\/v2\/comments?post=107229"}],"version-history":[{"count":0,"href":"https:\/\/www.blogsoestado.com\/danielmatos\/wp-json\/wp\/v2\/posts\/107229\/revisions"}],"wp:attachment":[{"href":"https:\/\/www.blogsoestado.com\/danielmatos\/wp-json\/wp\/v2\/media?parent=107229"}],"wp:term":[{"taxonomy":"category","embeddable":true,"href":"https:\/\/www.blogsoestado.com\/danielmatos\/wp-json\/wp\/v2\/categories?post=107229"},{"taxonomy":"post_tag","embeddable":true,"href":"https:\/\/www.blogsoestado.com\/danielmatos\/wp-json\/wp\/v2\/tags?post=107229"}],"curies":[{"name":"wp","href":"https:\/\/api.w.org\/{rel}","templated":true}]}}