{"id":107242,"date":"2023-03-19T07:20:55","date_gmt":"2023-03-19T10:20:55","guid":{"rendered":"https:\/\/www.blogsoestado.com\/danielmatos\/?p=107242"},"modified":"2023-03-19T07:20:55","modified_gmt":"2023-03-19T10:20:55","slug":"sobe-para-31-numero-de-municipios-do-maranhao-em-situacao-de-emergencia-por-causa-das-fortes-chuvas","status":"publish","type":"post","link":"https:\/\/www.blogsoestado.com\/danielmatos\/sobe-para-31-numero-de-municipios-do-maranhao-em-situacao-de-emergencia-por-causa-das-fortes-chuvas\/","title":{"rendered":"Sobe para 31 n\u00famero de munic\u00edpios do Maranh\u00e3o em situa\u00e7\u00e3o de emerg\u00eancia por causa das fortes chuvas"},"content":{"rendered":"\n<p><strong><span class=\"has-inline-color has-vivid-red-color\">At\u00e9 o momento, h\u00e1 quase 15 mil fam\u00edlias afetadas por desastres provocados por temporais,vidas quais 191 desabrigadas e 281 est\u00e3o desalojadas<\/span><\/strong> <\/p>\n\n\n\n<div class=\"wp-block-image\"><figure class=\"aligncenter size-large\"><a href=\"https:\/\/www.blogsoestado.com\/danielmatos\/files\/2023\/03\/Screenshot_20230319-0653492.png\"><img decoding=\"async\" src=\"https:\/\/www.blogsoestado.com\/danielmatos\/files\/2023\/03\/Screenshot_20230319-0653492.png\" alt=\"\" class=\"wp-image-107244\"\/><\/a><figcaption>Homens do Corpo de Bombeiros em opera\u00e7\u00e3o se resgate de v\u00edtimas de enchente em plena Avenida Casemiro J\u00fanior, <\/figcaption><\/figure><\/div>\n\n\n\n<p>Aumentou para 31, nos \u00faltimos dias, o n\u00famero de munic\u00edpios do Maranh\u00e3o em situa\u00e7\u00e3o de emerg\u00eancia decretada pelo Governo do Estado por causa das fortes chuvas. Da lista fazem parte a capital e as outras tr\u00eas cidades que integram a Grande Ilha de S\u00e3o Lu\u00eds. Segundo o Corpo de Bombeiros, at\u00e9 o momento, h\u00e1 14.971 fam\u00edlias afetadas por desastres provocados por temporais, das quais 191 est\u00e3o desabrigadas e 281 est\u00e3o desalojadas.<\/p>\n\n\n\n<p>Equipes da Coordenadoria Estadual de Defesa Civil est\u00e3o nas regi\u00f5es do territ\u00f3rio maranhense atingidas prestando aux\u00edlio e apoio \u00e0s coordenadorias municipais de Defesa Civil, mantidas pelas prefeituras. Um refor\u00e7o de militares da capital tamb\u00e9m foi mobilizado para intervir em ocorr\u00eancias de alagamentos, deslizamentos de terra e outros tipos de desastres.<\/p>\n\n\n\n<div class=\"wp-block-image\"><figure class=\"aligncenter size-large\"><a href=\"https:\/\/www.blogsoestado.com\/danielmatos\/files\/2023\/03\/Screenshot_20230319-0614032.png\"><img decoding=\"async\" src=\"https:\/\/www.blogsoestado.com\/danielmatos\/files\/2023\/03\/Screenshot_20230319-0614032.png\" alt=\"\" class=\"wp-image-107245\"\/><\/a><figcaption>Vista a\u00e9rea de pontos de alagamento no bairro S\u00e1 Viana, na \u00e1rea Itaqui-Bacanga<\/figcaption><\/figure><\/div>\n\n\n\n<p><strong>Ocorr\u00eancias<\/strong><\/p>\n\n\n\n<p>Um dos registros mais graves foi um desmoronamento de barreira sobre uma resid\u00eancia no bairro Jo\u00e3o de Deus, em S\u00e3o Lu\u00eds. A v\u00edtima foi resgatada consciente e encaminhada a uma unidade de sa\u00fade. O S\u00e1 Viana, bairro da \u00e1rea Itaqui-Bacanga, tamb\u00e9m na capital, ficou alagado durante a tempestade que castigou a capital na noite do \u00faltimo dia 13.<\/p>\n\n\n\n<p>Em Santa Luzia do Tide, houve um deslizamento de terra, que deixou v\u00edtimas. O Corpo de Bombeiros e uma equipe do Centro T\u00e1tico A\u00e9reo (CTA) se deslocaram \u00e0s regi\u00f5es mais atingidas para prestar os primeiros atendimentos \u00e0 popula\u00e7\u00e3o.<\/p>\n\n\n\n<p>Em Barra do Corda e em Santo Ant\u00f4nio dos Lopes, houve rompimentos em pontos de a\u00e7udes, que provocaram alagamentos e algumas \u00e1reas.<\/p>\n\n\n\n<div class=\"wp-block-image\"><figure class=\"aligncenter size-large\"><a href=\"https:\/\/www.blogsoestado.com\/danielmatos\/files\/2023\/03\/Screenshot_20230319-0657272.png\"><img decoding=\"async\" src=\"https:\/\/www.blogsoestado.com\/danielmatos\/files\/2023\/03\/Screenshot_20230319-0657272.png\" alt=\"\" class=\"wp-image-107246\"\/><\/a><figcaption>Inunda\u00e7\u00f5es de \u00e1reas extensas est\u00e3o entre as ocorr\u00eancias mais comuns nos munic\u00edpios maranhenses em situa\u00e7\u00e3o de emerg\u00eancia <\/figcaption><\/figure><\/div>\n\n\n\n<p>Outros munic\u00edpios que tamb\u00e9m registraram preju\u00edzos causados pelas chuvas est\u00e3o sendo permanentemente monitorados pela Coordenadoria Estadual de Defesa Civil.<\/p>\n","protected":false},"excerpt":{"rendered":"<p>At\u00e9 o momento, h\u00e1 quase 15 mil fam\u00edlias afetadas por desastres provocados por temporais,vidas quais 191 desabrigadas e 281 est\u00e3o [&hellip;]<\/p>\n","protected":false},"author":0,"featured_media":0,"comment_status":"open","ping_status":"open","sticky":false,"template":"","format":"standard","meta":{"site-sidebar-layout":"default","site-content-layout":"","ast-site-content-layout":"default","site-content-style":"default","site-sidebar-style":"default","ast-global-header-display":"","ast-banner-title-visibility":"","ast-main-header-display":"","ast-hfb-above-header-display":"","ast-hfb-below-header-display":"","ast-hfb-mobile-header-display":"","site-post-title":"","ast-breadcrumbs-content":"","ast-featured-img":"","footer-sml-layout":"","ast-disable-related-posts":"","theme-transparent-header-meta":"","adv-header-id-meta":"","stick-header-meta":"","header-above-stick-meta":"","header-main-stick-meta":"","header-below-stick-meta":"","astra-migrate-meta-layouts":"default","ast-page-background-enabled":"default","ast-page-background-meta":{"desktop":{"background-color":"var(--ast-global-color-5)","background-image":"","background-repeat":"repeat","background-position":"center center","background-size":"auto","background-attachment":"scroll","background-type":"","background-media":"","overlay-type":"","overlay-color":"","overlay-opacity":"","overlay-gradient":""},"tablet":{"background-color":"","background-image":"","background-repeat":"repeat","background-position":"center center","background-size":"auto","background-attachment":"scroll","background-type":"","background-media":"","overlay-type":"","overlay-color":"","overlay-opacity":"","overlay-gradient":""},"mobile":{"background-color":"","background-image":"","background-repeat":"repeat","background-position":"center center","background-size":"auto","background-attachment":"scroll","background-type":"","background-media":"","overlay-type":"","overlay-color":"","overlay-opacity":"","overlay-gradient":""}},"ast-content-background-meta":{"desktop":{"background-color":"var(--ast-global-color-4)","background-image":"","background-repeat":"repeat","background-position":"center center","background-size":"auto","background-attachment":"scroll","background-type":"","background-media":"","overlay-type":"","overlay-color":"","overlay-opacity":"","overlay-gradient":""},"tablet":{"background-color":"var(--ast-global-color-4)","background-image":"","background-repeat":"repeat","background-position":"center center","background-size":"auto","background-attachment":"scroll","background-type":"","background-media":"","overlay-type":"","overlay-color":"","overlay-opacity":"","overlay-gradient":""},"mobile":{"background-color":"var(--ast-global-color-4)","background-image":"","background-repeat":"repeat","background-position":"center center","background-size":"auto","background-attachment":"scroll","background-type":"","background-media":"","overlay-type":"","overlay-color":"","overlay-opacity":"","overlay-gradient":""}},"footnotes":""},"categories":[1],"tags":[],"class_list":["post-107242","post","type-post","status-publish","format-standard","hentry","category-sem-categoria"],"yoast_head":"<!-- This site is optimized with the Yoast SEO plugin v26.6 - https:\/\/yoast.com\/wordpress\/plugins\/seo\/ -->\n<title>Sobe para 31 n\u00famero de munic\u00edpios do Maranh\u00e3o em situa\u00e7\u00e3o de emerg\u00eancia por causa das fortes chuvas - Daniel Matos<\/title>\n<meta name=\"robots\" content=\"index, follow, max-snippet:-1, max-image-preview:large, max-video-preview:-1\" \/>\n<link rel=\"canonical\" href=\"https:\/\/www.blogsoestado.com\/danielmatos\/sobe-para-31-numero-de-municipios-do-maranhao-em-situacao-de-emergencia-por-causa-das-fortes-chuvas\/\" \/>\n<meta property=\"og:locale\" content=\"pt_BR\" \/>\n<meta property=\"og:type\" content=\"article\" \/>\n<meta property=\"og:title\" content=\"Sobe para 31 n\u00famero de munic\u00edpios do Maranh\u00e3o em situa\u00e7\u00e3o de emerg\u00eancia por causa das fortes chuvas - Daniel Matos\" \/>\n<meta property=\"og:description\" content=\"At\u00e9 o momento, h\u00e1 quase 15 mil fam\u00edlias afetadas por desastres provocados por temporais,vidas quais 191 desabrigadas e 281 est\u00e3o [&hellip;]\" \/>\n<meta property=\"og:url\" content=\"https:\/\/www.blogsoestado.com\/danielmatos\/sobe-para-31-numero-de-municipios-do-maranhao-em-situacao-de-emergencia-por-causa-das-fortes-chuvas\/\" \/>\n<meta property=\"og:site_name\" content=\"Daniel Matos\" \/>\n<meta property=\"article:published_time\" content=\"2023-03-19T10:20:55+00:00\" \/>\n<meta property=\"og:image\" content=\"https:\/\/www.blogsoestado.com\/danielmatos\/files\/2023\/03\/Screenshot_20230319-0653492.png\" \/>\n<meta name=\"twitter:card\" content=\"summary_large_image\" \/>\n<meta name=\"twitter:label1\" content=\"Est. tempo de leitura\" \/>\n\t<meta name=\"twitter:data1\" content=\"3 minutos\" \/>\n<script type=\"application\/ld+json\" class=\"yoast-schema-graph\">{\"@context\":\"https:\/\/schema.org\",\"@graph\":[{\"@type\":\"WebPage\",\"@id\":\"https:\/\/www.blogsoestado.com\/danielmatos\/sobe-para-31-numero-de-municipios-do-maranhao-em-situacao-de-emergencia-por-causa-das-fortes-chuvas\/\",\"url\":\"https:\/\/www.blogsoestado.com\/danielmatos\/sobe-para-31-numero-de-municipios-do-maranhao-em-situacao-de-emergencia-por-causa-das-fortes-chuvas\/\",\"name\":\"Sobe para 31 n\u00famero de munic\u00edpios do Maranh\u00e3o em situa\u00e7\u00e3o de emerg\u00eancia por causa das fortes chuvas - Daniel Matos\",\"isPartOf\":{\"@id\":\"https:\/\/www.blogsoestado.com\/danielmatos\/#website\"},\"primaryImageOfPage\":{\"@id\":\"https:\/\/www.blogsoestado.com\/danielmatos\/sobe-para-31-numero-de-municipios-do-maranhao-em-situacao-de-emergencia-por-causa-das-fortes-chuvas\/#primaryimage\"},\"image\":{\"@id\":\"https:\/\/www.blogsoestado.com\/danielmatos\/sobe-para-31-numero-de-municipios-do-maranhao-em-situacao-de-emergencia-por-causa-das-fortes-chuvas\/#primaryimage\"},\"thumbnailUrl\":\"https:\/\/www.blogsoestado.com\/danielmatos\/files\/2023\/03\/Screenshot_20230319-0653492.png\",\"datePublished\":\"2023-03-19T10:20:55+00:00\",\"author\":{\"@id\":\"\"},\"breadcrumb\":{\"@id\":\"https:\/\/www.blogsoestado.com\/danielmatos\/sobe-para-31-numero-de-municipios-do-maranhao-em-situacao-de-emergencia-por-causa-das-fortes-chuvas\/#breadcrumb\"},\"inLanguage\":\"pt-BR\",\"potentialAction\":[{\"@type\":\"ReadAction\",\"target\":[\"https:\/\/www.blogsoestado.com\/danielmatos\/sobe-para-31-numero-de-municipios-do-maranhao-em-situacao-de-emergencia-por-causa-das-fortes-chuvas\/\"]}]},{\"@type\":\"ImageObject\",\"inLanguage\":\"pt-BR\",\"@id\":\"https:\/\/www.blogsoestado.com\/danielmatos\/sobe-para-31-numero-de-municipios-do-maranhao-em-situacao-de-emergencia-por-causa-das-fortes-chuvas\/#primaryimage\",\"url\":\"https:\/\/www.blogsoestado.com\/danielmatos\/files\/2023\/03\/Screenshot_20230319-0653492.png\",\"contentUrl\":\"https:\/\/www.blogsoestado.com\/danielmatos\/files\/2023\/03\/Screenshot_20230319-0653492.png\"},{\"@type\":\"BreadcrumbList\",\"@id\":\"https:\/\/www.blogsoestado.com\/danielmatos\/sobe-para-31-numero-de-municipios-do-maranhao-em-situacao-de-emergencia-por-causa-das-fortes-chuvas\/#breadcrumb\",\"itemListElement\":[{\"@type\":\"ListItem\",\"position\":1,\"name\":\"In\u00edcio\",\"item\":\"https:\/\/www.blogsoestado.com\/danielmatos\/\"},{\"@type\":\"ListItem\",\"position\":2,\"name\":\"Sobe para 31 n\u00famero de munic\u00edpios do Maranh\u00e3o em situa\u00e7\u00e3o de emerg\u00eancia por causa das fortes chuvas\"}]},{\"@type\":\"WebSite\",\"@id\":\"https:\/\/www.blogsoestado.com\/danielmatos\/#website\",\"url\":\"https:\/\/www.blogsoestado.com\/danielmatos\/\",\"name\":\"Daniel Matos\",\"description\":\"\",\"potentialAction\":[{\"@type\":\"SearchAction\",\"target\":{\"@type\":\"EntryPoint\",\"urlTemplate\":\"https:\/\/www.blogsoestado.com\/danielmatos\/?s={search_term_string}\"},\"query-input\":{\"@type\":\"PropertyValueSpecification\",\"valueRequired\":true,\"valueName\":\"search_term_string\"}}],\"inLanguage\":\"pt-BR\"}]}<\/script>\n<!-- \/ Yoast SEO plugin. -->","yoast_head_json":{"title":"Sobe para 31 n\u00famero de munic\u00edpios do Maranh\u00e3o em situa\u00e7\u00e3o de emerg\u00eancia por causa das fortes chuvas - Daniel Matos","robots":{"index":"index","follow":"follow","max-snippet":"max-snippet:-1","max-image-preview":"max-image-preview:large","max-video-preview":"max-video-preview:-1"},"canonical":"https:\/\/www.blogsoestado.com\/danielmatos\/sobe-para-31-numero-de-municipios-do-maranhao-em-situacao-de-emergencia-por-causa-das-fortes-chuvas\/","og_locale":"pt_BR","og_type":"article","og_title":"Sobe para 31 n\u00famero de munic\u00edpios do Maranh\u00e3o em situa\u00e7\u00e3o de emerg\u00eancia por causa das fortes chuvas - Daniel Matos","og_description":"At\u00e9 o momento, h\u00e1 quase 15 mil fam\u00edlias afetadas por desastres provocados por temporais,vidas quais 191 desabrigadas e 281 est\u00e3o [&hellip;]","og_url":"https:\/\/www.blogsoestado.com\/danielmatos\/sobe-para-31-numero-de-municipios-do-maranhao-em-situacao-de-emergencia-por-causa-das-fortes-chuvas\/","og_site_name":"Daniel Matos","article_published_time":"2023-03-19T10:20:55+00:00","og_image":[{"url":"https:\/\/www.blogsoestado.com\/danielmatos\/files\/2023\/03\/Screenshot_20230319-0653492.png","type":"","width":"","height":""}],"twitter_card":"summary_large_image","twitter_misc":{"Est. tempo de leitura":"3 minutos"},"schema":{"@context":"https:\/\/schema.org","@graph":[{"@type":"WebPage","@id":"https:\/\/www.blogsoestado.com\/danielmatos\/sobe-para-31-numero-de-municipios-do-maranhao-em-situacao-de-emergencia-por-causa-das-fortes-chuvas\/","url":"https:\/\/www.blogsoestado.com\/danielmatos\/sobe-para-31-numero-de-municipios-do-maranhao-em-situacao-de-emergencia-por-causa-das-fortes-chuvas\/","name":"Sobe para 31 n\u00famero de munic\u00edpios do Maranh\u00e3o em situa\u00e7\u00e3o de emerg\u00eancia por causa das fortes chuvas - Daniel Matos","isPartOf":{"@id":"https:\/\/www.blogsoestado.com\/danielmatos\/#website"},"primaryImageOfPage":{"@id":"https:\/\/www.blogsoestado.com\/danielmatos\/sobe-para-31-numero-de-municipios-do-maranhao-em-situacao-de-emergencia-por-causa-das-fortes-chuvas\/#primaryimage"},"image":{"@id":"https:\/\/www.blogsoestado.com\/danielmatos\/sobe-para-31-numero-de-municipios-do-maranhao-em-situacao-de-emergencia-por-causa-das-fortes-chuvas\/#primaryimage"},"thumbnailUrl":"https:\/\/www.blogsoestado.com\/danielmatos\/files\/2023\/03\/Screenshot_20230319-0653492.png","datePublished":"2023-03-19T10:20:55+00:00","author":{"@id":""},"breadcrumb":{"@id":"https:\/\/www.blogsoestado.com\/danielmatos\/sobe-para-31-numero-de-municipios-do-maranhao-em-situacao-de-emergencia-por-causa-das-fortes-chuvas\/#breadcrumb"},"inLanguage":"pt-BR","potentialAction":[{"@type":"ReadAction","target":["https:\/\/www.blogsoestado.com\/danielmatos\/sobe-para-31-numero-de-municipios-do-maranhao-em-situacao-de-emergencia-por-causa-das-fortes-chuvas\/"]}]},{"@type":"ImageObject","inLanguage":"pt-BR","@id":"https:\/\/www.blogsoestado.com\/danielmatos\/sobe-para-31-numero-de-municipios-do-maranhao-em-situacao-de-emergencia-por-causa-das-fortes-chuvas\/#primaryimage","url":"https:\/\/www.blogsoestado.com\/danielmatos\/files\/2023\/03\/Screenshot_20230319-0653492.png","contentUrl":"https:\/\/www.blogsoestado.com\/danielmatos\/files\/2023\/03\/Screenshot_20230319-0653492.png"},{"@type":"BreadcrumbList","@id":"https:\/\/www.blogsoestado.com\/danielmatos\/sobe-para-31-numero-de-municipios-do-maranhao-em-situacao-de-emergencia-por-causa-das-fortes-chuvas\/#breadcrumb","itemListElement":[{"@type":"ListItem","position":1,"name":"In\u00edcio","item":"https:\/\/www.blogsoestado.com\/danielmatos\/"},{"@type":"ListItem","position":2,"name":"Sobe para 31 n\u00famero de munic\u00edpios do Maranh\u00e3o em situa\u00e7\u00e3o de emerg\u00eancia por causa das fortes chuvas"}]},{"@type":"WebSite","@id":"https:\/\/www.blogsoestado.com\/danielmatos\/#website","url":"https:\/\/www.blogsoestado.com\/danielmatos\/","name":"Daniel Matos","description":"","potentialAction":[{"@type":"SearchAction","target":{"@type":"EntryPoint","urlTemplate":"https:\/\/www.blogsoestado.com\/danielmatos\/?s={search_term_string}"},"query-input":{"@type":"PropertyValueSpecification","valueRequired":true,"valueName":"search_term_string"}}],"inLanguage":"pt-BR"}]}},"jetpack_featured_media_url":"","_links":{"self":[{"href":"https:\/\/www.blogsoestado.com\/danielmatos\/wp-json\/wp\/v2\/posts\/107242","targetHints":{"allow":["GET"]}}],"collection":[{"href":"https:\/\/www.blogsoestado.com\/danielmatos\/wp-json\/wp\/v2\/posts"}],"about":[{"href":"https:\/\/www.blogsoestado.com\/danielmatos\/wp-json\/wp\/v2\/types\/post"}],"replies":[{"embeddable":true,"href":"https:\/\/www.blogsoestado.com\/danielmatos\/wp-json\/wp\/v2\/comments?post=107242"}],"version-history":[{"count":0,"href":"https:\/\/www.blogsoestado.com\/danielmatos\/wp-json\/wp\/v2\/posts\/107242\/revisions"}],"wp:attachment":[{"href":"https:\/\/www.blogsoestado.com\/danielmatos\/wp-json\/wp\/v2\/media?parent=107242"}],"wp:term":[{"taxonomy":"category","embeddable":true,"href":"https:\/\/www.blogsoestado.com\/danielmatos\/wp-json\/wp\/v2\/categories?post=107242"},{"taxonomy":"post_tag","embeddable":true,"href":"https:\/\/www.blogsoestado.com\/danielmatos\/wp-json\/wp\/v2\/tags?post=107242"}],"curies":[{"name":"wp","href":"https:\/\/api.w.org\/{rel}","templated":true}]}}