{"id":107276,"date":"2023-03-20T16:16:13","date_gmt":"2023-03-20T19:16:13","guid":{"rendered":"https:\/\/www.blogsoestado.com\/danielmatos\/?p=107276"},"modified":"2023-03-20T16:16:13","modified_gmt":"2023-03-20T19:16:13","slug":"oab-divulga-lista-de-candidatos-ao-quinto-constitucional","status":"publish","type":"post","link":"https:\/\/www.blogsoestado.com\/danielmatos\/oab-divulga-lista-de-candidatos-ao-quinto-constitucional\/","title":{"rendered":"OAB divulga lista de candidatos ao Quinto Constitucional"},"content":{"rendered":"\n<div class=\"wp-block-image\"><figure class=\"aligncenter size-large\"><a href=\"https:\/\/www.blogsoestado.com\/danielmatos\/files\/2023\/03\/Screenshot_20230320-1611282.png\"><img decoding=\"async\" src=\"https:\/\/www.blogsoestado.com\/danielmatos\/files\/2023\/03\/Screenshot_20230320-1611282.png\" alt=\"\" class=\"wp-image-107277\"\/><\/a><figcaption>Sede da Ordem dos Advogados do Brasil, seccional Maranh\u00e3o, localizada no bairro Calhau<\/figcaption><\/figure><\/div>\n\n\n\n<p>A Ordem dos Advogados do Brasil no estado (OAB-MA) tornou p\u00fablica a lista de candidatos e candidatas que ir\u00e3o disputar o cargo de desembargador pelo Quinto Constitucional para o Tribunal de Justi\u00e7a do Maranh\u00e3o (TJ-MA).<\/p>\n\n\n\n<p>As inscri\u00e7\u00f5es foram encerradas na \u00faltima semana, contando com a participa\u00e7\u00e3o de 37 representantes &#8211; sendo 28 homens e 9 mulheres &#8211; j\u00e1 demonstrando uma disputa acirrada, visto que o regimento do processo exige a sele\u00e7\u00e3o de seis homens e seis mulheres para compor a lista de 12 nomes que ser\u00e3o escolhidos e encaminhamos para o Conselho Estadual da OAB.&nbsp;<\/p>\n\n\n\n<p>De acordo com a lista, o primeiro inscrito foi o advogado Gilson Ramalho de Lima, representando a regi\u00e3o sul do estado. O postulante ao cargo \u00e9 reconhecido pela forte atua\u00e7\u00e3o no direito eleitoral e do consumidor, tendo ocupado, entre outros cargos, o de membro do Tribunal Regional Eleitoral do Maranh\u00e3o (TRE-MA) e procurador do Munic\u00edpio de Imperatriz.\u00a0<\/p>\n\n\n\n<p>Na lista constam, ainda, v\u00e1rios filhos de magistrados e ex-magistrados, al\u00e9m de outros nomes conhecidos pela atua\u00e7\u00e3o como advogados, ju\u00edzes eleitorais e fun\u00e7\u00f5es administrativas. Confira a lista completa dos inscritos no processo de forma\u00e7\u00e3o da lista s\u00eaxtupla para a vaga de Desembargador no Tribunal de Justi\u00e7a do Estado do Maranh\u00e3o:<\/p>\n\n\n\n<p>1. GILSON RAMALHO DE LIMA2. GUSTAVO ARAUJO VILAS BOAS3. ANA LETICIA SILVA FREITAS FIGUEIREDO4. ANTONIO DE MORAES REGO GASPAR5. HUGO ASSIS PASSOS6. ORLANDO DA SILVA CAMPOS7. GABRIEL AHID COSTA8. JOSE AFONSO BEZERRA DE LIMA JUNIOR9. RIOD BARBOSA AYOUB10. JOSINEILE DE SOUSA PEDROZA11. POLLYANNA SILVA FREIRE LAUANDE12. DIEGO MENEZES SOARES13. PETRONIO ALVES MACEDO14. RITA MONYELLY BARRETO LIMA15. STENYO VIANA MELO16. VALERIA LAUANDE CARVALHO COSTA17. ANTONIO JOSE SALES BACELAR COUTO18. ITALO GUSTAVO E SILVA LEITE19. ALESSANDRA BELFORT E SILVA20. JOSE ALENCAR DE OLIVEIRA21. GUSTAVO SAUAIA DE OLIVEIRA22. SIDNEY ROBSON BARROS COSTA23. MARCIO ANTONIO PINTO DE ALMEIDA FILHO24. JOSE DOS SANTOS FERREIRA SOBRINHO25. ANA CRISTINA BRANDAO FEITOSA26. LORENA SABOYA VIEIRA SOARES27. ANTONIO PACHECO GUERREIRO NETO28. GUSTAVO DE ALBUQUERQUE BELFORT29. HARLEY WANDEY TELES RODRIGUES BRISSAC30. AMAURI BASTOS SANTOS31. RHELMSON ATHAYDE ROCHA32. ANNA GRAZIELLA SANTANA NEIVA COSTA33. GENIVAL ABRAO FERREIRA34. ABDON CLEMENTINO DE MARINHO35. SAULO JOSE PORTELA NUNES CARVALHO36. FLAVIO VINICIUS ARAUJO COSTA37. JOSE ANTONIO FIGUEIREDO DE ALMEIDA SILVA<\/p>\n","protected":false},"excerpt":{"rendered":"<p>A Ordem dos Advogados do Brasil no estado (OAB-MA) tornou p\u00fablica a lista de candidatos e candidatas que ir\u00e3o disputar [&hellip;]<\/p>\n","protected":false},"author":0,"featured_media":0,"comment_status":"open","ping_status":"open","sticky":false,"template":"","format":"standard","meta":{"site-sidebar-layout":"default","site-content-layout":"","ast-site-content-layout":"default","site-content-style":"default","site-sidebar-style":"default","ast-global-header-display":"","ast-banner-title-visibility":"","ast-main-header-display":"","ast-hfb-above-header-display":"","ast-hfb-below-header-display":"","ast-hfb-mobile-header-display":"","site-post-title":"","ast-breadcrumbs-content":"","ast-featured-img":"","footer-sml-layout":"","ast-disable-related-posts":"","theme-transparent-header-meta":"","adv-header-id-meta":"","stick-header-meta":"","header-above-stick-meta":"","header-main-stick-meta":"","header-below-stick-meta":"","astra-migrate-meta-layouts":"default","ast-page-background-enabled":"default","ast-page-background-meta":{"desktop":{"background-color":"var(--ast-global-color-5)","background-image":"","background-repeat":"repeat","background-position":"center center","background-size":"auto","background-attachment":"scroll","background-type":"","background-media":"","overlay-type":"","overlay-color":"","overlay-opacity":"","overlay-gradient":""},"tablet":{"background-color":"","background-image":"","background-repeat":"repeat","background-position":"center center","background-size":"auto","background-attachment":"scroll","background-type":"","background-media":"","overlay-type":"","overlay-color":"","overlay-opacity":"","overlay-gradient":""},"mobile":{"background-color":"","background-image":"","background-repeat":"repeat","background-position":"center center","background-size":"auto","background-attachment":"scroll","background-type":"","background-media":"","overlay-type":"","overlay-color":"","overlay-opacity":"","overlay-gradient":""}},"ast-content-background-meta":{"desktop":{"background-color":"var(--ast-global-color-4)","background-image":"","background-repeat":"repeat","background-position":"center center","background-size":"auto","background-attachment":"scroll","background-type":"","background-media":"","overlay-type":"","overlay-color":"","overlay-opacity":"","overlay-gradient":""},"tablet":{"background-color":"var(--ast-global-color-4)","background-image":"","background-repeat":"repeat","background-position":"center center","background-size":"auto","background-attachment":"scroll","background-type":"","background-media":"","overlay-type":"","overlay-color":"","overlay-opacity":"","overlay-gradient":""},"mobile":{"background-color":"var(--ast-global-color-4)","background-image":"","background-repeat":"repeat","background-position":"center center","background-size":"auto","background-attachment":"scroll","background-type":"","background-media":"","overlay-type":"","overlay-color":"","overlay-opacity":"","overlay-gradient":""}},"footnotes":""},"categories":[1],"tags":[],"class_list":["post-107276","post","type-post","status-publish","format-standard","hentry","category-sem-categoria"],"yoast_head":"<!-- This site is optimized with the Yoast SEO plugin v26.6 - https:\/\/yoast.com\/wordpress\/plugins\/seo\/ -->\n<title>OAB divulga lista de candidatos ao Quinto Constitucional - Daniel Matos<\/title>\n<meta name=\"robots\" content=\"index, follow, max-snippet:-1, max-image-preview:large, max-video-preview:-1\" \/>\n<link rel=\"canonical\" href=\"https:\/\/www.blogsoestado.com\/danielmatos\/oab-divulga-lista-de-candidatos-ao-quinto-constitucional\/\" \/>\n<meta property=\"og:locale\" content=\"pt_BR\" \/>\n<meta property=\"og:type\" content=\"article\" \/>\n<meta property=\"og:title\" content=\"OAB divulga lista de candidatos ao Quinto Constitucional - Daniel Matos\" \/>\n<meta property=\"og:description\" content=\"A Ordem dos Advogados do Brasil no estado (OAB-MA) tornou p\u00fablica a lista de candidatos e candidatas que ir\u00e3o disputar [&hellip;]\" \/>\n<meta property=\"og:url\" content=\"https:\/\/www.blogsoestado.com\/danielmatos\/oab-divulga-lista-de-candidatos-ao-quinto-constitucional\/\" \/>\n<meta property=\"og:site_name\" content=\"Daniel Matos\" \/>\n<meta property=\"article:published_time\" content=\"2023-03-20T19:16:13+00:00\" \/>\n<meta property=\"og:image\" content=\"https:\/\/www.blogsoestado.com\/danielmatos\/files\/2023\/03\/Screenshot_20230320-1611282.png\" \/>\n<meta name=\"twitter:card\" content=\"summary_large_image\" \/>\n<meta name=\"twitter:label1\" content=\"Est. tempo de leitura\" \/>\n\t<meta name=\"twitter:data1\" content=\"2 minutos\" \/>\n<script type=\"application\/ld+json\" class=\"yoast-schema-graph\">{\"@context\":\"https:\/\/schema.org\",\"@graph\":[{\"@type\":\"WebPage\",\"@id\":\"https:\/\/www.blogsoestado.com\/danielmatos\/oab-divulga-lista-de-candidatos-ao-quinto-constitucional\/\",\"url\":\"https:\/\/www.blogsoestado.com\/danielmatos\/oab-divulga-lista-de-candidatos-ao-quinto-constitucional\/\",\"name\":\"OAB divulga lista de candidatos ao Quinto Constitucional - Daniel Matos\",\"isPartOf\":{\"@id\":\"https:\/\/www.blogsoestado.com\/danielmatos\/#website\"},\"primaryImageOfPage\":{\"@id\":\"https:\/\/www.blogsoestado.com\/danielmatos\/oab-divulga-lista-de-candidatos-ao-quinto-constitucional\/#primaryimage\"},\"image\":{\"@id\":\"https:\/\/www.blogsoestado.com\/danielmatos\/oab-divulga-lista-de-candidatos-ao-quinto-constitucional\/#primaryimage\"},\"thumbnailUrl\":\"https:\/\/www.blogsoestado.com\/danielmatos\/files\/2023\/03\/Screenshot_20230320-1611282.png\",\"datePublished\":\"2023-03-20T19:16:13+00:00\",\"author\":{\"@id\":\"\"},\"breadcrumb\":{\"@id\":\"https:\/\/www.blogsoestado.com\/danielmatos\/oab-divulga-lista-de-candidatos-ao-quinto-constitucional\/#breadcrumb\"},\"inLanguage\":\"pt-BR\",\"potentialAction\":[{\"@type\":\"ReadAction\",\"target\":[\"https:\/\/www.blogsoestado.com\/danielmatos\/oab-divulga-lista-de-candidatos-ao-quinto-constitucional\/\"]}]},{\"@type\":\"ImageObject\",\"inLanguage\":\"pt-BR\",\"@id\":\"https:\/\/www.blogsoestado.com\/danielmatos\/oab-divulga-lista-de-candidatos-ao-quinto-constitucional\/#primaryimage\",\"url\":\"https:\/\/www.blogsoestado.com\/danielmatos\/files\/2023\/03\/Screenshot_20230320-1611282.png\",\"contentUrl\":\"https:\/\/www.blogsoestado.com\/danielmatos\/files\/2023\/03\/Screenshot_20230320-1611282.png\"},{\"@type\":\"BreadcrumbList\",\"@id\":\"https:\/\/www.blogsoestado.com\/danielmatos\/oab-divulga-lista-de-candidatos-ao-quinto-constitucional\/#breadcrumb\",\"itemListElement\":[{\"@type\":\"ListItem\",\"position\":1,\"name\":\"In\u00edcio\",\"item\":\"https:\/\/www.blogsoestado.com\/danielmatos\/\"},{\"@type\":\"ListItem\",\"position\":2,\"name\":\"OAB divulga lista de candidatos ao Quinto Constitucional\"}]},{\"@type\":\"WebSite\",\"@id\":\"https:\/\/www.blogsoestado.com\/danielmatos\/#website\",\"url\":\"https:\/\/www.blogsoestado.com\/danielmatos\/\",\"name\":\"Daniel Matos\",\"description\":\"\",\"potentialAction\":[{\"@type\":\"SearchAction\",\"target\":{\"@type\":\"EntryPoint\",\"urlTemplate\":\"https:\/\/www.blogsoestado.com\/danielmatos\/?s={search_term_string}\"},\"query-input\":{\"@type\":\"PropertyValueSpecification\",\"valueRequired\":true,\"valueName\":\"search_term_string\"}}],\"inLanguage\":\"pt-BR\"}]}<\/script>\n<!-- \/ Yoast SEO plugin. -->","yoast_head_json":{"title":"OAB divulga lista de candidatos ao Quinto Constitucional - Daniel Matos","robots":{"index":"index","follow":"follow","max-snippet":"max-snippet:-1","max-image-preview":"max-image-preview:large","max-video-preview":"max-video-preview:-1"},"canonical":"https:\/\/www.blogsoestado.com\/danielmatos\/oab-divulga-lista-de-candidatos-ao-quinto-constitucional\/","og_locale":"pt_BR","og_type":"article","og_title":"OAB divulga lista de candidatos ao Quinto Constitucional - Daniel Matos","og_description":"A Ordem dos Advogados do Brasil no estado (OAB-MA) tornou p\u00fablica a lista de candidatos e candidatas que ir\u00e3o disputar [&hellip;]","og_url":"https:\/\/www.blogsoestado.com\/danielmatos\/oab-divulga-lista-de-candidatos-ao-quinto-constitucional\/","og_site_name":"Daniel Matos","article_published_time":"2023-03-20T19:16:13+00:00","og_image":[{"url":"https:\/\/www.blogsoestado.com\/danielmatos\/files\/2023\/03\/Screenshot_20230320-1611282.png","type":"","width":"","height":""}],"twitter_card":"summary_large_image","twitter_misc":{"Est. tempo de leitura":"2 minutos"},"schema":{"@context":"https:\/\/schema.org","@graph":[{"@type":"WebPage","@id":"https:\/\/www.blogsoestado.com\/danielmatos\/oab-divulga-lista-de-candidatos-ao-quinto-constitucional\/","url":"https:\/\/www.blogsoestado.com\/danielmatos\/oab-divulga-lista-de-candidatos-ao-quinto-constitucional\/","name":"OAB divulga lista de candidatos ao Quinto Constitucional - Daniel Matos","isPartOf":{"@id":"https:\/\/www.blogsoestado.com\/danielmatos\/#website"},"primaryImageOfPage":{"@id":"https:\/\/www.blogsoestado.com\/danielmatos\/oab-divulga-lista-de-candidatos-ao-quinto-constitucional\/#primaryimage"},"image":{"@id":"https:\/\/www.blogsoestado.com\/danielmatos\/oab-divulga-lista-de-candidatos-ao-quinto-constitucional\/#primaryimage"},"thumbnailUrl":"https:\/\/www.blogsoestado.com\/danielmatos\/files\/2023\/03\/Screenshot_20230320-1611282.png","datePublished":"2023-03-20T19:16:13+00:00","author":{"@id":""},"breadcrumb":{"@id":"https:\/\/www.blogsoestado.com\/danielmatos\/oab-divulga-lista-de-candidatos-ao-quinto-constitucional\/#breadcrumb"},"inLanguage":"pt-BR","potentialAction":[{"@type":"ReadAction","target":["https:\/\/www.blogsoestado.com\/danielmatos\/oab-divulga-lista-de-candidatos-ao-quinto-constitucional\/"]}]},{"@type":"ImageObject","inLanguage":"pt-BR","@id":"https:\/\/www.blogsoestado.com\/danielmatos\/oab-divulga-lista-de-candidatos-ao-quinto-constitucional\/#primaryimage","url":"https:\/\/www.blogsoestado.com\/danielmatos\/files\/2023\/03\/Screenshot_20230320-1611282.png","contentUrl":"https:\/\/www.blogsoestado.com\/danielmatos\/files\/2023\/03\/Screenshot_20230320-1611282.png"},{"@type":"BreadcrumbList","@id":"https:\/\/www.blogsoestado.com\/danielmatos\/oab-divulga-lista-de-candidatos-ao-quinto-constitucional\/#breadcrumb","itemListElement":[{"@type":"ListItem","position":1,"name":"In\u00edcio","item":"https:\/\/www.blogsoestado.com\/danielmatos\/"},{"@type":"ListItem","position":2,"name":"OAB divulga lista de candidatos ao Quinto Constitucional"}]},{"@type":"WebSite","@id":"https:\/\/www.blogsoestado.com\/danielmatos\/#website","url":"https:\/\/www.blogsoestado.com\/danielmatos\/","name":"Daniel Matos","description":"","potentialAction":[{"@type":"SearchAction","target":{"@type":"EntryPoint","urlTemplate":"https:\/\/www.blogsoestado.com\/danielmatos\/?s={search_term_string}"},"query-input":{"@type":"PropertyValueSpecification","valueRequired":true,"valueName":"search_term_string"}}],"inLanguage":"pt-BR"}]}},"jetpack_featured_media_url":"","_links":{"self":[{"href":"https:\/\/www.blogsoestado.com\/danielmatos\/wp-json\/wp\/v2\/posts\/107276","targetHints":{"allow":["GET"]}}],"collection":[{"href":"https:\/\/www.blogsoestado.com\/danielmatos\/wp-json\/wp\/v2\/posts"}],"about":[{"href":"https:\/\/www.blogsoestado.com\/danielmatos\/wp-json\/wp\/v2\/types\/post"}],"replies":[{"embeddable":true,"href":"https:\/\/www.blogsoestado.com\/danielmatos\/wp-json\/wp\/v2\/comments?post=107276"}],"version-history":[{"count":0,"href":"https:\/\/www.blogsoestado.com\/danielmatos\/wp-json\/wp\/v2\/posts\/107276\/revisions"}],"wp:attachment":[{"href":"https:\/\/www.blogsoestado.com\/danielmatos\/wp-json\/wp\/v2\/media?parent=107276"}],"wp:term":[{"taxonomy":"category","embeddable":true,"href":"https:\/\/www.blogsoestado.com\/danielmatos\/wp-json\/wp\/v2\/categories?post=107276"},{"taxonomy":"post_tag","embeddable":true,"href":"https:\/\/www.blogsoestado.com\/danielmatos\/wp-json\/wp\/v2\/tags?post=107276"}],"curies":[{"name":"wp","href":"https:\/\/api.w.org\/{rel}","templated":true}]}}