{"id":107284,"date":"2023-03-20T17:26:28","date_gmt":"2023-03-20T20:26:28","guid":{"rendered":"https:\/\/www.blogsoestado.com\/danielmatos\/?p=107284"},"modified":"2023-03-20T17:26:28","modified_gmt":"2023-03-20T20:26:28","slug":"iracema-vale-discute-fortalecimento-da-economia-com-representantes-da-classe-empresarial-maranhense","status":"publish","type":"post","link":"https:\/\/www.blogsoestado.com\/danielmatos\/iracema-vale-discute-fortalecimento-da-economia-com-representantes-da-classe-empresarial-maranhense\/","title":{"rendered":"Iracema Vale discute fortalecimento da economia com representantes da classe empresarial maranhense"},"content":{"rendered":"\n<div class=\"wp-block-image\"><figure class=\"aligncenter size-large\"><a href=\"https:\/\/www.blogsoestado.com\/danielmatos\/files\/2023\/03\/Screenshot_20230320-1721262.png\"><img decoding=\"async\" src=\"https:\/\/www.blogsoestado.com\/danielmatos\/files\/2023\/03\/Screenshot_20230320-1721262.png\" alt=\"\" class=\"wp-image-107285\"\/><\/a><figcaption>Iracema Vale em reuni\u00e3o com presidentes de entidades representantes da ind\u00fastria, com\u00e9rcio e agroneg\u00f3cio do Maranh\u00e3o (<strong>Fotos: <\/strong>Biaman Prado)<\/figcaption><\/figure><\/div>\n\n\n\n<p>A presidente da Assembleia Legislativa, deputada Iracema Vale (PSB), recebeu, nesta segunda-feira (20), a visita de entidades representantes da ind\u00fastria, com\u00e9rcio e do agroneg\u00f3cio do Maranh\u00e3o. Na ocasi\u00e3o, foi debatido a import\u00e2ncia do fortalecimento das rela\u00e7\u00f5es entre o setor empresarial e o Poder Legislativo para garantir mais desenvolvimento ao estado.<\/p>\n\n\n\n<p>Participaram do encontro o presidente da Federa\u00e7\u00e3o das Ind\u00fastrias do Estado do Maranh\u00e3o (Fiema), Edilson Baldez; o vice-presidente da Fiema, Cl\u00e1udio Azevedo; o presidente do Conselho Deliberativo do Sebrae Maranh\u00e3o, Celso Gon\u00e7alo; o presidente da&nbsp; Federa\u00e7\u00e3o do Com\u00e9rcio do Maranh\u00e3o (Fecom\u00e9rcio), Maur\u00edcio Feij\u00f3; e o presidente da Associa\u00e7\u00e3o de Jovens Empres\u00e1rios do Maranh\u00e3o (AJE), Odilon Duarte.<\/p>\n\n\n\n<p>Tamb\u00e9m estiveram presentes na reuni\u00e3o a presidente da Federa\u00e7\u00e3o das C\u00e2maras de Dirigentes Lojistas do Maranh\u00e3o (FCDL), Socorro Noronha; o presidente da Federa\u00e7\u00e3o da Agricultura e Pecu\u00e1ria do Estado do Maranh\u00e3o (Faema), Raimundo Coelho; o presidente da Associa\u00e7\u00e3o Comercial do Maranh\u00e3o (ACM), Cristiano Fernandes; e o superintendente da Fiema, C\u00e9sar Miranda.<\/p>\n\n\n\n<p>Ao lado dos deputados estaduais Ant\u00f4nio Pereira (PSB), Roberto Costa (MDB), Ariston Ribeiro (PSB) e Francisco Nagib (PSB), Iracema Vale destacou a import\u00e2ncia de fomentar as cadeias produtivas. \u201cFicamos muito feliz em receber todas as institui\u00e7\u00f5es que ajudam o Maranh\u00e3o a prosperar, gerar emprego e renda. Colocamos esta Casa \u00e0 disposi\u00e7\u00e3o para ouvir o setor produtivo, que \u00e9 muito importante para o desenvolvimento do nosso estado\u201d, afirmou a chefe do Legislativo maranhense.<\/p>\n\n\n\n<p>O deputado Francisco Nagib, presidente da Comiss\u00e3o de Assuntos Econ\u00f4micos da Assembleia, disse que o di\u00e1logo com esses setores \u00e9 crucial no sentido de implementar iniciativas para movimentar a economia local. \u201c\u00c9 extremamente necess\u00e1rio estreitar os la\u00e7os com esses setores para que possamos gerar mais trabalho e renda aos maranhenses\u201d, ressaltou.<\/p>\n\n\n\n<div class=\"wp-block-image\"><figure class=\"aligncenter size-large\"><a href=\"https:\/\/www.blogsoestado.com\/danielmatos\/files\/2023\/03\/Screenshot_20230320-1723482.png\"><img decoding=\"async\" src=\"https:\/\/www.blogsoestado.com\/danielmatos\/files\/2023\/03\/Screenshot_20230320-1723482.png\" alt=\"\" class=\"wp-image-107286\"\/><\/a><figcaption>Presidente Iracema Vale com representantes da classe empresarial ap\u00f3s reuni\u00e3o realizada na Assembleia Legislativa<\/figcaption><\/figure><\/div>\n\n\n\n<p><strong>Economia<\/strong><\/p>\n\n\n\n<p>O presidente da Fiema, Edilson Baldez, apresentou as principais demandas dos setores que movimentam a economia do Maranh\u00e3o. \u201cEstamos alinhados com as propostas do governador Carlos Brand\u00e3o e com a presidente da Assembleia. Temos certeza de que avan\u00e7aremos no desenvolvimento do nosso estado\u201d, disse.<\/p>\n\n\n\n<p>Para Maur\u00edcio Feij\u00f3, presidente da Fecom\u00e9rcio, a uni\u00e3o entre o Parlamento Estadual e as entidades \u00e9 necess\u00e1ria. \u201cEssa parceria me deixa muito otimista. A deputada Iracema abriu esse espa\u00e7o de di\u00e1logo para que, juntos, possamos tra\u00e7ar novos caminhos em prol dos maranhenses\u201d, destacou.<\/p>\n\n\n\n<p>O presidente da Faema, Raimundo Coelho, elogiou a iniciativa dos parlamentares em receber os representantes de entidades que s\u00e3o indispens\u00e1veis para gera\u00e7\u00e3o de emprego e renda. \u201cEsse debate com todos os setores fortalece o empresariado, mas, acima de tudo, atende \u00e0s necessidades dos maranhenses\u201d, afirmou.<\/p>\n","protected":false},"excerpt":{"rendered":"<p>A presidente da Assembleia Legislativa, deputada Iracema Vale (PSB), recebeu, nesta segunda-feira (20), a visita de entidades representantes da ind\u00fastria, [&hellip;]<\/p>\n","protected":false},"author":0,"featured_media":0,"comment_status":"open","ping_status":"open","sticky":false,"template":"","format":"standard","meta":{"site-sidebar-layout":"default","site-content-layout":"","ast-site-content-layout":"default","site-content-style":"default","site-sidebar-style":"default","ast-global-header-display":"","ast-banner-title-visibility":"","ast-main-header-display":"","ast-hfb-above-header-display":"","ast-hfb-below-header-display":"","ast-hfb-mobile-header-display":"","site-post-title":"","ast-breadcrumbs-content":"","ast-featured-img":"","footer-sml-layout":"","ast-disable-related-posts":"","theme-transparent-header-meta":"","adv-header-id-meta":"","stick-header-meta":"","header-above-stick-meta":"","header-main-stick-meta":"","header-below-stick-meta":"","astra-migrate-meta-layouts":"default","ast-page-background-enabled":"default","ast-page-background-meta":{"desktop":{"background-color":"var(--ast-global-color-5)","background-image":"","background-repeat":"repeat","background-position":"center center","background-size":"auto","background-attachment":"scroll","background-type":"","background-media":"","overlay-type":"","overlay-color":"","overlay-opacity":"","overlay-gradient":""},"tablet":{"background-color":"","background-image":"","background-repeat":"repeat","background-position":"center center","background-size":"auto","background-attachment":"scroll","background-type":"","background-media":"","overlay-type":"","overlay-color":"","overlay-opacity":"","overlay-gradient":""},"mobile":{"background-color":"","background-image":"","background-repeat":"repeat","background-position":"center center","background-size":"auto","background-attachment":"scroll","background-type":"","background-media":"","overlay-type":"","overlay-color":"","overlay-opacity":"","overlay-gradient":""}},"ast-content-background-meta":{"desktop":{"background-color":"var(--ast-global-color-4)","background-image":"","background-repeat":"repeat","background-position":"center center","background-size":"auto","background-attachment":"scroll","background-type":"","background-media":"","overlay-type":"","overlay-color":"","overlay-opacity":"","overlay-gradient":""},"tablet":{"background-color":"var(--ast-global-color-4)","background-image":"","background-repeat":"repeat","background-position":"center center","background-size":"auto","background-attachment":"scroll","background-type":"","background-media":"","overlay-type":"","overlay-color":"","overlay-opacity":"","overlay-gradient":""},"mobile":{"background-color":"var(--ast-global-color-4)","background-image":"","background-repeat":"repeat","background-position":"center center","background-size":"auto","background-attachment":"scroll","background-type":"","background-media":"","overlay-type":"","overlay-color":"","overlay-opacity":"","overlay-gradient":""}},"footnotes":""},"categories":[1],"tags":[],"class_list":["post-107284","post","type-post","status-publish","format-standard","hentry","category-sem-categoria"],"yoast_head":"<!-- This site is optimized with the Yoast SEO plugin v26.6 - https:\/\/yoast.com\/wordpress\/plugins\/seo\/ -->\n<title>Iracema Vale discute fortalecimento da economia com representantes da classe empresarial maranhense - Daniel Matos<\/title>\n<meta name=\"robots\" content=\"index, follow, max-snippet:-1, max-image-preview:large, max-video-preview:-1\" \/>\n<link rel=\"canonical\" href=\"https:\/\/www.blogsoestado.com\/danielmatos\/iracema-vale-discute-fortalecimento-da-economia-com-representantes-da-classe-empresarial-maranhense\/\" \/>\n<meta property=\"og:locale\" content=\"pt_BR\" \/>\n<meta property=\"og:type\" content=\"article\" \/>\n<meta property=\"og:title\" content=\"Iracema Vale discute fortalecimento da economia com representantes da classe empresarial maranhense - Daniel Matos\" \/>\n<meta property=\"og:description\" content=\"A presidente da Assembleia Legislativa, deputada Iracema Vale (PSB), recebeu, nesta segunda-feira (20), a visita de entidades representantes da ind\u00fastria, [&hellip;]\" \/>\n<meta property=\"og:url\" content=\"https:\/\/www.blogsoestado.com\/danielmatos\/iracema-vale-discute-fortalecimento-da-economia-com-representantes-da-classe-empresarial-maranhense\/\" \/>\n<meta property=\"og:site_name\" content=\"Daniel Matos\" \/>\n<meta property=\"article:published_time\" content=\"2023-03-20T20:26:28+00:00\" \/>\n<meta property=\"og:image\" content=\"https:\/\/www.blogsoestado.com\/danielmatos\/files\/2023\/03\/Screenshot_20230320-1721262.png\" \/>\n<meta name=\"twitter:card\" content=\"summary_large_image\" \/>\n<meta name=\"twitter:label1\" content=\"Est. tempo de leitura\" \/>\n\t<meta name=\"twitter:data1\" content=\"3 minutos\" \/>\n<script type=\"application\/ld+json\" class=\"yoast-schema-graph\">{\"@context\":\"https:\/\/schema.org\",\"@graph\":[{\"@type\":\"WebPage\",\"@id\":\"https:\/\/www.blogsoestado.com\/danielmatos\/iracema-vale-discute-fortalecimento-da-economia-com-representantes-da-classe-empresarial-maranhense\/\",\"url\":\"https:\/\/www.blogsoestado.com\/danielmatos\/iracema-vale-discute-fortalecimento-da-economia-com-representantes-da-classe-empresarial-maranhense\/\",\"name\":\"Iracema Vale discute fortalecimento da economia com representantes da classe empresarial maranhense - Daniel Matos\",\"isPartOf\":{\"@id\":\"https:\/\/www.blogsoestado.com\/danielmatos\/#website\"},\"primaryImageOfPage\":{\"@id\":\"https:\/\/www.blogsoestado.com\/danielmatos\/iracema-vale-discute-fortalecimento-da-economia-com-representantes-da-classe-empresarial-maranhense\/#primaryimage\"},\"image\":{\"@id\":\"https:\/\/www.blogsoestado.com\/danielmatos\/iracema-vale-discute-fortalecimento-da-economia-com-representantes-da-classe-empresarial-maranhense\/#primaryimage\"},\"thumbnailUrl\":\"https:\/\/www.blogsoestado.com\/danielmatos\/files\/2023\/03\/Screenshot_20230320-1721262.png\",\"datePublished\":\"2023-03-20T20:26:28+00:00\",\"author\":{\"@id\":\"\"},\"breadcrumb\":{\"@id\":\"https:\/\/www.blogsoestado.com\/danielmatos\/iracema-vale-discute-fortalecimento-da-economia-com-representantes-da-classe-empresarial-maranhense\/#breadcrumb\"},\"inLanguage\":\"pt-BR\",\"potentialAction\":[{\"@type\":\"ReadAction\",\"target\":[\"https:\/\/www.blogsoestado.com\/danielmatos\/iracema-vale-discute-fortalecimento-da-economia-com-representantes-da-classe-empresarial-maranhense\/\"]}]},{\"@type\":\"ImageObject\",\"inLanguage\":\"pt-BR\",\"@id\":\"https:\/\/www.blogsoestado.com\/danielmatos\/iracema-vale-discute-fortalecimento-da-economia-com-representantes-da-classe-empresarial-maranhense\/#primaryimage\",\"url\":\"https:\/\/www.blogsoestado.com\/danielmatos\/files\/2023\/03\/Screenshot_20230320-1721262.png\",\"contentUrl\":\"https:\/\/www.blogsoestado.com\/danielmatos\/files\/2023\/03\/Screenshot_20230320-1721262.png\"},{\"@type\":\"BreadcrumbList\",\"@id\":\"https:\/\/www.blogsoestado.com\/danielmatos\/iracema-vale-discute-fortalecimento-da-economia-com-representantes-da-classe-empresarial-maranhense\/#breadcrumb\",\"itemListElement\":[{\"@type\":\"ListItem\",\"position\":1,\"name\":\"In\u00edcio\",\"item\":\"https:\/\/www.blogsoestado.com\/danielmatos\/\"},{\"@type\":\"ListItem\",\"position\":2,\"name\":\"Iracema Vale discute fortalecimento da economia com representantes da classe empresarial maranhense\"}]},{\"@type\":\"WebSite\",\"@id\":\"https:\/\/www.blogsoestado.com\/danielmatos\/#website\",\"url\":\"https:\/\/www.blogsoestado.com\/danielmatos\/\",\"name\":\"Daniel Matos\",\"description\":\"\",\"potentialAction\":[{\"@type\":\"SearchAction\",\"target\":{\"@type\":\"EntryPoint\",\"urlTemplate\":\"https:\/\/www.blogsoestado.com\/danielmatos\/?s={search_term_string}\"},\"query-input\":{\"@type\":\"PropertyValueSpecification\",\"valueRequired\":true,\"valueName\":\"search_term_string\"}}],\"inLanguage\":\"pt-BR\"}]}<\/script>\n<!-- \/ Yoast SEO plugin. -->","yoast_head_json":{"title":"Iracema Vale discute fortalecimento da economia com representantes da classe empresarial maranhense - Daniel Matos","robots":{"index":"index","follow":"follow","max-snippet":"max-snippet:-1","max-image-preview":"max-image-preview:large","max-video-preview":"max-video-preview:-1"},"canonical":"https:\/\/www.blogsoestado.com\/danielmatos\/iracema-vale-discute-fortalecimento-da-economia-com-representantes-da-classe-empresarial-maranhense\/","og_locale":"pt_BR","og_type":"article","og_title":"Iracema Vale discute fortalecimento da economia com representantes da classe empresarial maranhense - Daniel Matos","og_description":"A presidente da Assembleia Legislativa, deputada Iracema Vale (PSB), recebeu, nesta segunda-feira (20), a visita de entidades representantes da ind\u00fastria, [&hellip;]","og_url":"https:\/\/www.blogsoestado.com\/danielmatos\/iracema-vale-discute-fortalecimento-da-economia-com-representantes-da-classe-empresarial-maranhense\/","og_site_name":"Daniel Matos","article_published_time":"2023-03-20T20:26:28+00:00","og_image":[{"url":"https:\/\/www.blogsoestado.com\/danielmatos\/files\/2023\/03\/Screenshot_20230320-1721262.png","type":"","width":"","height":""}],"twitter_card":"summary_large_image","twitter_misc":{"Est. tempo de leitura":"3 minutos"},"schema":{"@context":"https:\/\/schema.org","@graph":[{"@type":"WebPage","@id":"https:\/\/www.blogsoestado.com\/danielmatos\/iracema-vale-discute-fortalecimento-da-economia-com-representantes-da-classe-empresarial-maranhense\/","url":"https:\/\/www.blogsoestado.com\/danielmatos\/iracema-vale-discute-fortalecimento-da-economia-com-representantes-da-classe-empresarial-maranhense\/","name":"Iracema Vale discute fortalecimento da economia com representantes da classe empresarial maranhense - Daniel Matos","isPartOf":{"@id":"https:\/\/www.blogsoestado.com\/danielmatos\/#website"},"primaryImageOfPage":{"@id":"https:\/\/www.blogsoestado.com\/danielmatos\/iracema-vale-discute-fortalecimento-da-economia-com-representantes-da-classe-empresarial-maranhense\/#primaryimage"},"image":{"@id":"https:\/\/www.blogsoestado.com\/danielmatos\/iracema-vale-discute-fortalecimento-da-economia-com-representantes-da-classe-empresarial-maranhense\/#primaryimage"},"thumbnailUrl":"https:\/\/www.blogsoestado.com\/danielmatos\/files\/2023\/03\/Screenshot_20230320-1721262.png","datePublished":"2023-03-20T20:26:28+00:00","author":{"@id":""},"breadcrumb":{"@id":"https:\/\/www.blogsoestado.com\/danielmatos\/iracema-vale-discute-fortalecimento-da-economia-com-representantes-da-classe-empresarial-maranhense\/#breadcrumb"},"inLanguage":"pt-BR","potentialAction":[{"@type":"ReadAction","target":["https:\/\/www.blogsoestado.com\/danielmatos\/iracema-vale-discute-fortalecimento-da-economia-com-representantes-da-classe-empresarial-maranhense\/"]}]},{"@type":"ImageObject","inLanguage":"pt-BR","@id":"https:\/\/www.blogsoestado.com\/danielmatos\/iracema-vale-discute-fortalecimento-da-economia-com-representantes-da-classe-empresarial-maranhense\/#primaryimage","url":"https:\/\/www.blogsoestado.com\/danielmatos\/files\/2023\/03\/Screenshot_20230320-1721262.png","contentUrl":"https:\/\/www.blogsoestado.com\/danielmatos\/files\/2023\/03\/Screenshot_20230320-1721262.png"},{"@type":"BreadcrumbList","@id":"https:\/\/www.blogsoestado.com\/danielmatos\/iracema-vale-discute-fortalecimento-da-economia-com-representantes-da-classe-empresarial-maranhense\/#breadcrumb","itemListElement":[{"@type":"ListItem","position":1,"name":"In\u00edcio","item":"https:\/\/www.blogsoestado.com\/danielmatos\/"},{"@type":"ListItem","position":2,"name":"Iracema Vale discute fortalecimento da economia com representantes da classe empresarial maranhense"}]},{"@type":"WebSite","@id":"https:\/\/www.blogsoestado.com\/danielmatos\/#website","url":"https:\/\/www.blogsoestado.com\/danielmatos\/","name":"Daniel Matos","description":"","potentialAction":[{"@type":"SearchAction","target":{"@type":"EntryPoint","urlTemplate":"https:\/\/www.blogsoestado.com\/danielmatos\/?s={search_term_string}"},"query-input":{"@type":"PropertyValueSpecification","valueRequired":true,"valueName":"search_term_string"}}],"inLanguage":"pt-BR"}]}},"jetpack_featured_media_url":"","_links":{"self":[{"href":"https:\/\/www.blogsoestado.com\/danielmatos\/wp-json\/wp\/v2\/posts\/107284","targetHints":{"allow":["GET"]}}],"collection":[{"href":"https:\/\/www.blogsoestado.com\/danielmatos\/wp-json\/wp\/v2\/posts"}],"about":[{"href":"https:\/\/www.blogsoestado.com\/danielmatos\/wp-json\/wp\/v2\/types\/post"}],"replies":[{"embeddable":true,"href":"https:\/\/www.blogsoestado.com\/danielmatos\/wp-json\/wp\/v2\/comments?post=107284"}],"version-history":[{"count":0,"href":"https:\/\/www.blogsoestado.com\/danielmatos\/wp-json\/wp\/v2\/posts\/107284\/revisions"}],"wp:attachment":[{"href":"https:\/\/www.blogsoestado.com\/danielmatos\/wp-json\/wp\/v2\/media?parent=107284"}],"wp:term":[{"taxonomy":"category","embeddable":true,"href":"https:\/\/www.blogsoestado.com\/danielmatos\/wp-json\/wp\/v2\/categories?post=107284"},{"taxonomy":"post_tag","embeddable":true,"href":"https:\/\/www.blogsoestado.com\/danielmatos\/wp-json\/wp\/v2\/tags?post=107284"}],"curies":[{"name":"wp","href":"https:\/\/api.w.org\/{rel}","templated":true}]}}