{"id":107288,"date":"2023-03-20T19:41:05","date_gmt":"2023-03-20T22:41:05","guid":{"rendered":"https:\/\/www.blogsoestado.com\/danielmatos\/?p=107288"},"modified":"2023-03-20T19:41:05","modified_gmt":"2023-03-20T22:41:05","slug":"com-129-casos-confirmados-de-variola-dos-macacos-maranhao-comeca-a-vacinar-grupos-prioritarios-nesta-terca-feira-21","status":"publish","type":"post","link":"https:\/\/www.blogsoestado.com\/danielmatos\/com-129-casos-confirmados-de-variola-dos-macacos-maranhao-comeca-a-vacinar-grupos-prioritarios-nesta-terca-feira-21\/","title":{"rendered":"Com 129 casos confirmados de var\u00edola dos macacos, Maranh\u00e3o come\u00e7a a vacinar grupos priorit\u00e1rios nesta ter\u00e7a-feira (21)"},"content":{"rendered":"\n<div class=\"wp-block-image\"><figure class=\"aligncenter size-large\"><a href=\"https:\/\/www.blogsoestado.com\/danielmatos\/files\/2023\/03\/Screenshot_20230320-1937302.png\"><img decoding=\"async\" src=\"https:\/\/www.blogsoestado.com\/danielmatos\/files\/2023\/03\/Screenshot_20230320-1937302.png\" alt=\"\" class=\"wp-image-107289\"\/><\/a><figcaption>O Maranh\u00e3o recebeu 478 doses da vacina. Al\u00e9m de S\u00e3o Lu\u00eds, tamb\u00e9m iniciam a a\u00e7\u00e3o de imuniza\u00e7\u00e3o os munic\u00edpios de Imperatriz e Bacabal<\/figcaption><\/figure><\/div>\n\n\n\n<p>O Governo do Maranh\u00e3o, por meio da Secretaria de Estado da Sa\u00fade (SES), inicia, nesta ter\u00e7a-feira (21), \u00e0s 9h, a Campanha de Vacina\u00e7\u00e3o Contra Monkeypox, doen\u00e7a anteriormente chamada de &#8220;&#8216;var\u00edola dos macacos&#8221;. O Maranh\u00e3o possui 129 casos da doen\u00e7a confirmados. A abertura da vacina\u00e7\u00e3o ser\u00e1 no Centro de Refer\u00eancia para Imunobiol\u00f3gicos Especiais (CRIE) &#8211; Hospital Universit\u00e1rio Presidente Dutra, em S\u00e3o Lu\u00eds.<\/p>\n\n\n\n<p>O Maranh\u00e3o recebeu 478 doses da vacina. Al\u00e9m de S\u00e3o Lu\u00eds, tamb\u00e9m iniciam a a\u00e7\u00e3o de imuniza\u00e7\u00e3o os munic\u00edpios de Imperatriz e Bacabal. Em S\u00e3o Lu\u00eds, a vacina monkeypox estar\u00e1 dispon\u00edvel no Centro de Sa\u00fade (SAE) do bairro de F\u00e1tima, no Centro de Refer\u00eancia para Imunobiol\u00f3gicos Especiais (CRIE) &#8211; Hospital Universit\u00e1rio Presidente Dutra, al\u00e9m do SAE Bacabal e SAE Imperatriz.<\/p>\n\n\n\n<p>O esquema vacinal ser\u00e1 de duas doses, com intervalo de quatro semanas entre elas. A vacina \u00e9 a Jynneos, produzida pela empresa dinamarquesa Bavarian Nordic. Esse \u00e9 o mesmo imunizante utilizado nos Estados Unidos e na Europa.<\/p>\n\n\n\n<p>Para a vacina\u00e7\u00e3o, ser\u00e3o priorizadas a prote\u00e7\u00e3o das pessoas com maior risco de contamina\u00e7\u00e3o e evolu\u00e7\u00e3o para as formas graves da doen\u00e7a. Se enquadram nesses crit\u00e9rios:<\/p>\n\n\n\n<ul class=\"wp-block-list\"><li>Pessoas vivendo com HIV\/Aids (PVHA): homens cisg\u00eaneros, travestis e mulheres transexuais; com idade igual ou superior a 18 anos; e com status imunol\u00f3gico identificado pela contagem de linf\u00f3citos T CD4 inferior a 200 c\u00e9lulas nos \u00faltimos seis meses;<\/li><li>Profissionais de laborat\u00f3rio que trabalham diretamente com Orthopoxv\u00edrus em laborat\u00f3rios com n\u00edvel de biosseguran\u00e7a 3 (NB-3), de 18 a 49 anos de idade;<\/li><li>P\u00f3s-exposi\u00e7\u00e3o: pessoas que tiveram contato direto com fluidos e secre\u00e7\u00f5es corporais de pessoas suspeitas, prov\u00e1veis ou confirmadas para mpox, cuja exposi\u00e7\u00e3o seja classificada como de alto ou m\u00e9dio risco, conforme recomenda\u00e7\u00f5es da Organiza\u00e7\u00e3o Mundia de Sa\u00fade (OMS).<\/li><\/ul>\n\n\n\n<p>Nesse \u00faltimo caso, p\u00f3s-exposi\u00e7\u00e3o, tamb\u00e9m existem regras espec\u00edficas. O p\u00fablico apto a se vacinar precisa:<\/p>\n\n\n\n<ul class=\"wp-block-list\"><li>Ter tido um contato de m\u00e9dio ou alto risco de exposi\u00e7\u00e3o (Quadro1) com um caso index suspeito, prov\u00e1vel ou confirmado para mpox;<\/li><li>Ter entre 18 a 49 anos de idade;<\/li><li>Comparecer ao servi\u00e7o para vacina\u00e7\u00e3o at\u00e9 4 dias ap\u00f3s a exposi\u00e7\u00e3o.<\/li><\/ul>\n\n\n\n<p><strong>SERVI\u00c7O<\/strong><\/p>\n\n\n\n<p>O qu\u00ea: Monkeypox: Maranh\u00e3o inicia vacina\u00e7\u00e3o de grupos priorit\u00e1rios<br \/>Quando: Nesta ter\u00e7a-feira (21), \u00e0s 9h<br \/>Onde: Centro de Refer\u00eancia para Imunobiol\u00f3gicos Especiais (CRIE) &#8211; Hospital Universit\u00e1rio Presidente Dutranj <\/p>\n","protected":false},"excerpt":{"rendered":"<p>O Governo do Maranh\u00e3o, por meio da Secretaria de Estado da Sa\u00fade (SES), inicia, nesta ter\u00e7a-feira (21), \u00e0s 9h, a [&hellip;]<\/p>\n","protected":false},"author":0,"featured_media":0,"comment_status":"open","ping_status":"open","sticky":false,"template":"","format":"standard","meta":{"site-sidebar-layout":"default","site-content-layout":"","ast-site-content-layout":"default","site-content-style":"default","site-sidebar-style":"default","ast-global-header-display":"","ast-banner-title-visibility":"","ast-main-header-display":"","ast-hfb-above-header-display":"","ast-hfb-below-header-display":"","ast-hfb-mobile-header-display":"","site-post-title":"","ast-breadcrumbs-content":"","ast-featured-img":"","footer-sml-layout":"","ast-disable-related-posts":"","theme-transparent-header-meta":"","adv-header-id-meta":"","stick-header-meta":"","header-above-stick-meta":"","header-main-stick-meta":"","header-below-stick-meta":"","astra-migrate-meta-layouts":"default","ast-page-background-enabled":"default","ast-page-background-meta":{"desktop":{"background-color":"var(--ast-global-color-5)","background-image":"","background-repeat":"repeat","background-position":"center center","background-size":"auto","background-attachment":"scroll","background-type":"","background-media":"","overlay-type":"","overlay-color":"","overlay-opacity":"","overlay-gradient":""},"tablet":{"background-color":"","background-image":"","background-repeat":"repeat","background-position":"center center","background-size":"auto","background-attachment":"scroll","background-type":"","background-media":"","overlay-type":"","overlay-color":"","overlay-opacity":"","overlay-gradient":""},"mobile":{"background-color":"","background-image":"","background-repeat":"repeat","background-position":"center center","background-size":"auto","background-attachment":"scroll","background-type":"","background-media":"","overlay-type":"","overlay-color":"","overlay-opacity":"","overlay-gradient":""}},"ast-content-background-meta":{"desktop":{"background-color":"var(--ast-global-color-4)","background-image":"","background-repeat":"repeat","background-position":"center center","background-size":"auto","background-attachment":"scroll","background-type":"","background-media":"","overlay-type":"","overlay-color":"","overlay-opacity":"","overlay-gradient":""},"tablet":{"background-color":"var(--ast-global-color-4)","background-image":"","background-repeat":"repeat","background-position":"center center","background-size":"auto","background-attachment":"scroll","background-type":"","background-media":"","overlay-type":"","overlay-color":"","overlay-opacity":"","overlay-gradient":""},"mobile":{"background-color":"var(--ast-global-color-4)","background-image":"","background-repeat":"repeat","background-position":"center center","background-size":"auto","background-attachment":"scroll","background-type":"","background-media":"","overlay-type":"","overlay-color":"","overlay-opacity":"","overlay-gradient":""}},"footnotes":""},"categories":[1],"tags":[],"class_list":["post-107288","post","type-post","status-publish","format-standard","hentry","category-sem-categoria"],"yoast_head":"<!-- This site is optimized with the Yoast SEO plugin v26.6 - https:\/\/yoast.com\/wordpress\/plugins\/seo\/ -->\n<title>Com 129 casos confirmados de var\u00edola dos macacos, Maranh\u00e3o come\u00e7a a vacinar grupos priorit\u00e1rios nesta ter\u00e7a-feira (21) - Daniel Matos<\/title>\n<meta name=\"robots\" content=\"index, follow, max-snippet:-1, max-image-preview:large, max-video-preview:-1\" \/>\n<link rel=\"canonical\" href=\"https:\/\/www.blogsoestado.com\/danielmatos\/com-129-casos-confirmados-de-variola-dos-macacos-maranhao-comeca-a-vacinar-grupos-prioritarios-nesta-terca-feira-21\/\" \/>\n<meta property=\"og:locale\" content=\"pt_BR\" \/>\n<meta property=\"og:type\" content=\"article\" \/>\n<meta property=\"og:title\" content=\"Com 129 casos confirmados de var\u00edola dos macacos, Maranh\u00e3o come\u00e7a a vacinar grupos priorit\u00e1rios nesta ter\u00e7a-feira (21) - Daniel Matos\" \/>\n<meta property=\"og:description\" content=\"O Governo do Maranh\u00e3o, por meio da Secretaria de Estado da Sa\u00fade (SES), inicia, nesta ter\u00e7a-feira (21), \u00e0s 9h, a [&hellip;]\" \/>\n<meta property=\"og:url\" content=\"https:\/\/www.blogsoestado.com\/danielmatos\/com-129-casos-confirmados-de-variola-dos-macacos-maranhao-comeca-a-vacinar-grupos-prioritarios-nesta-terca-feira-21\/\" \/>\n<meta property=\"og:site_name\" content=\"Daniel Matos\" \/>\n<meta property=\"article:published_time\" content=\"2023-03-20T22:41:05+00:00\" \/>\n<meta property=\"og:image\" content=\"https:\/\/www.blogsoestado.com\/danielmatos\/files\/2023\/03\/Screenshot_20230320-1937302.png\" \/>\n<meta name=\"twitter:card\" content=\"summary_large_image\" \/>\n<meta name=\"twitter:label1\" content=\"Est. tempo de leitura\" \/>\n\t<meta name=\"twitter:data1\" content=\"2 minutos\" \/>\n<script type=\"application\/ld+json\" class=\"yoast-schema-graph\">{\"@context\":\"https:\/\/schema.org\",\"@graph\":[{\"@type\":\"WebPage\",\"@id\":\"https:\/\/www.blogsoestado.com\/danielmatos\/com-129-casos-confirmados-de-variola-dos-macacos-maranhao-comeca-a-vacinar-grupos-prioritarios-nesta-terca-feira-21\/\",\"url\":\"https:\/\/www.blogsoestado.com\/danielmatos\/com-129-casos-confirmados-de-variola-dos-macacos-maranhao-comeca-a-vacinar-grupos-prioritarios-nesta-terca-feira-21\/\",\"name\":\"Com 129 casos confirmados de var\u00edola dos macacos, Maranh\u00e3o come\u00e7a a vacinar grupos priorit\u00e1rios nesta ter\u00e7a-feira (21) - Daniel Matos\",\"isPartOf\":{\"@id\":\"https:\/\/www.blogsoestado.com\/danielmatos\/#website\"},\"primaryImageOfPage\":{\"@id\":\"https:\/\/www.blogsoestado.com\/danielmatos\/com-129-casos-confirmados-de-variola-dos-macacos-maranhao-comeca-a-vacinar-grupos-prioritarios-nesta-terca-feira-21\/#primaryimage\"},\"image\":{\"@id\":\"https:\/\/www.blogsoestado.com\/danielmatos\/com-129-casos-confirmados-de-variola-dos-macacos-maranhao-comeca-a-vacinar-grupos-prioritarios-nesta-terca-feira-21\/#primaryimage\"},\"thumbnailUrl\":\"https:\/\/www.blogsoestado.com\/danielmatos\/files\/2023\/03\/Screenshot_20230320-1937302.png\",\"datePublished\":\"2023-03-20T22:41:05+00:00\",\"author\":{\"@id\":\"\"},\"breadcrumb\":{\"@id\":\"https:\/\/www.blogsoestado.com\/danielmatos\/com-129-casos-confirmados-de-variola-dos-macacos-maranhao-comeca-a-vacinar-grupos-prioritarios-nesta-terca-feira-21\/#breadcrumb\"},\"inLanguage\":\"pt-BR\",\"potentialAction\":[{\"@type\":\"ReadAction\",\"target\":[\"https:\/\/www.blogsoestado.com\/danielmatos\/com-129-casos-confirmados-de-variola-dos-macacos-maranhao-comeca-a-vacinar-grupos-prioritarios-nesta-terca-feira-21\/\"]}]},{\"@type\":\"ImageObject\",\"inLanguage\":\"pt-BR\",\"@id\":\"https:\/\/www.blogsoestado.com\/danielmatos\/com-129-casos-confirmados-de-variola-dos-macacos-maranhao-comeca-a-vacinar-grupos-prioritarios-nesta-terca-feira-21\/#primaryimage\",\"url\":\"https:\/\/www.blogsoestado.com\/danielmatos\/files\/2023\/03\/Screenshot_20230320-1937302.png\",\"contentUrl\":\"https:\/\/www.blogsoestado.com\/danielmatos\/files\/2023\/03\/Screenshot_20230320-1937302.png\"},{\"@type\":\"BreadcrumbList\",\"@id\":\"https:\/\/www.blogsoestado.com\/danielmatos\/com-129-casos-confirmados-de-variola-dos-macacos-maranhao-comeca-a-vacinar-grupos-prioritarios-nesta-terca-feira-21\/#breadcrumb\",\"itemListElement\":[{\"@type\":\"ListItem\",\"position\":1,\"name\":\"In\u00edcio\",\"item\":\"https:\/\/www.blogsoestado.com\/danielmatos\/\"},{\"@type\":\"ListItem\",\"position\":2,\"name\":\"Com 129 casos confirmados de var\u00edola dos macacos, Maranh\u00e3o come\u00e7a a vacinar grupos priorit\u00e1rios nesta ter\u00e7a-feira (21)\"}]},{\"@type\":\"WebSite\",\"@id\":\"https:\/\/www.blogsoestado.com\/danielmatos\/#website\",\"url\":\"https:\/\/www.blogsoestado.com\/danielmatos\/\",\"name\":\"Daniel Matos\",\"description\":\"\",\"potentialAction\":[{\"@type\":\"SearchAction\",\"target\":{\"@type\":\"EntryPoint\",\"urlTemplate\":\"https:\/\/www.blogsoestado.com\/danielmatos\/?s={search_term_string}\"},\"query-input\":{\"@type\":\"PropertyValueSpecification\",\"valueRequired\":true,\"valueName\":\"search_term_string\"}}],\"inLanguage\":\"pt-BR\"}]}<\/script>\n<!-- \/ Yoast SEO plugin. -->","yoast_head_json":{"title":"Com 129 casos confirmados de var\u00edola dos macacos, Maranh\u00e3o come\u00e7a a vacinar grupos priorit\u00e1rios nesta ter\u00e7a-feira (21) - Daniel Matos","robots":{"index":"index","follow":"follow","max-snippet":"max-snippet:-1","max-image-preview":"max-image-preview:large","max-video-preview":"max-video-preview:-1"},"canonical":"https:\/\/www.blogsoestado.com\/danielmatos\/com-129-casos-confirmados-de-variola-dos-macacos-maranhao-comeca-a-vacinar-grupos-prioritarios-nesta-terca-feira-21\/","og_locale":"pt_BR","og_type":"article","og_title":"Com 129 casos confirmados de var\u00edola dos macacos, Maranh\u00e3o come\u00e7a a vacinar grupos priorit\u00e1rios nesta ter\u00e7a-feira (21) - Daniel Matos","og_description":"O Governo do Maranh\u00e3o, por meio da Secretaria de Estado da Sa\u00fade (SES), inicia, nesta ter\u00e7a-feira (21), \u00e0s 9h, a [&hellip;]","og_url":"https:\/\/www.blogsoestado.com\/danielmatos\/com-129-casos-confirmados-de-variola-dos-macacos-maranhao-comeca-a-vacinar-grupos-prioritarios-nesta-terca-feira-21\/","og_site_name":"Daniel Matos","article_published_time":"2023-03-20T22:41:05+00:00","og_image":[{"url":"https:\/\/www.blogsoestado.com\/danielmatos\/files\/2023\/03\/Screenshot_20230320-1937302.png","type":"","width":"","height":""}],"twitter_card":"summary_large_image","twitter_misc":{"Est. tempo de leitura":"2 minutos"},"schema":{"@context":"https:\/\/schema.org","@graph":[{"@type":"WebPage","@id":"https:\/\/www.blogsoestado.com\/danielmatos\/com-129-casos-confirmados-de-variola-dos-macacos-maranhao-comeca-a-vacinar-grupos-prioritarios-nesta-terca-feira-21\/","url":"https:\/\/www.blogsoestado.com\/danielmatos\/com-129-casos-confirmados-de-variola-dos-macacos-maranhao-comeca-a-vacinar-grupos-prioritarios-nesta-terca-feira-21\/","name":"Com 129 casos confirmados de var\u00edola dos macacos, Maranh\u00e3o come\u00e7a a vacinar grupos priorit\u00e1rios nesta ter\u00e7a-feira (21) - Daniel Matos","isPartOf":{"@id":"https:\/\/www.blogsoestado.com\/danielmatos\/#website"},"primaryImageOfPage":{"@id":"https:\/\/www.blogsoestado.com\/danielmatos\/com-129-casos-confirmados-de-variola-dos-macacos-maranhao-comeca-a-vacinar-grupos-prioritarios-nesta-terca-feira-21\/#primaryimage"},"image":{"@id":"https:\/\/www.blogsoestado.com\/danielmatos\/com-129-casos-confirmados-de-variola-dos-macacos-maranhao-comeca-a-vacinar-grupos-prioritarios-nesta-terca-feira-21\/#primaryimage"},"thumbnailUrl":"https:\/\/www.blogsoestado.com\/danielmatos\/files\/2023\/03\/Screenshot_20230320-1937302.png","datePublished":"2023-03-20T22:41:05+00:00","author":{"@id":""},"breadcrumb":{"@id":"https:\/\/www.blogsoestado.com\/danielmatos\/com-129-casos-confirmados-de-variola-dos-macacos-maranhao-comeca-a-vacinar-grupos-prioritarios-nesta-terca-feira-21\/#breadcrumb"},"inLanguage":"pt-BR","potentialAction":[{"@type":"ReadAction","target":["https:\/\/www.blogsoestado.com\/danielmatos\/com-129-casos-confirmados-de-variola-dos-macacos-maranhao-comeca-a-vacinar-grupos-prioritarios-nesta-terca-feira-21\/"]}]},{"@type":"ImageObject","inLanguage":"pt-BR","@id":"https:\/\/www.blogsoestado.com\/danielmatos\/com-129-casos-confirmados-de-variola-dos-macacos-maranhao-comeca-a-vacinar-grupos-prioritarios-nesta-terca-feira-21\/#primaryimage","url":"https:\/\/www.blogsoestado.com\/danielmatos\/files\/2023\/03\/Screenshot_20230320-1937302.png","contentUrl":"https:\/\/www.blogsoestado.com\/danielmatos\/files\/2023\/03\/Screenshot_20230320-1937302.png"},{"@type":"BreadcrumbList","@id":"https:\/\/www.blogsoestado.com\/danielmatos\/com-129-casos-confirmados-de-variola-dos-macacos-maranhao-comeca-a-vacinar-grupos-prioritarios-nesta-terca-feira-21\/#breadcrumb","itemListElement":[{"@type":"ListItem","position":1,"name":"In\u00edcio","item":"https:\/\/www.blogsoestado.com\/danielmatos\/"},{"@type":"ListItem","position":2,"name":"Com 129 casos confirmados de var\u00edola dos macacos, Maranh\u00e3o come\u00e7a a vacinar grupos priorit\u00e1rios nesta ter\u00e7a-feira (21)"}]},{"@type":"WebSite","@id":"https:\/\/www.blogsoestado.com\/danielmatos\/#website","url":"https:\/\/www.blogsoestado.com\/danielmatos\/","name":"Daniel Matos","description":"","potentialAction":[{"@type":"SearchAction","target":{"@type":"EntryPoint","urlTemplate":"https:\/\/www.blogsoestado.com\/danielmatos\/?s={search_term_string}"},"query-input":{"@type":"PropertyValueSpecification","valueRequired":true,"valueName":"search_term_string"}}],"inLanguage":"pt-BR"}]}},"jetpack_featured_media_url":"","_links":{"self":[{"href":"https:\/\/www.blogsoestado.com\/danielmatos\/wp-json\/wp\/v2\/posts\/107288","targetHints":{"allow":["GET"]}}],"collection":[{"href":"https:\/\/www.blogsoestado.com\/danielmatos\/wp-json\/wp\/v2\/posts"}],"about":[{"href":"https:\/\/www.blogsoestado.com\/danielmatos\/wp-json\/wp\/v2\/types\/post"}],"replies":[{"embeddable":true,"href":"https:\/\/www.blogsoestado.com\/danielmatos\/wp-json\/wp\/v2\/comments?post=107288"}],"version-history":[{"count":0,"href":"https:\/\/www.blogsoestado.com\/danielmatos\/wp-json\/wp\/v2\/posts\/107288\/revisions"}],"wp:attachment":[{"href":"https:\/\/www.blogsoestado.com\/danielmatos\/wp-json\/wp\/v2\/media?parent=107288"}],"wp:term":[{"taxonomy":"category","embeddable":true,"href":"https:\/\/www.blogsoestado.com\/danielmatos\/wp-json\/wp\/v2\/categories?post=107288"},{"taxonomy":"post_tag","embeddable":true,"href":"https:\/\/www.blogsoestado.com\/danielmatos\/wp-json\/wp\/v2\/tags?post=107288"}],"curies":[{"name":"wp","href":"https:\/\/api.w.org\/{rel}","templated":true}]}}