{"id":1073,"date":"2009-05-25T10:29:46","date_gmt":"2009-05-25T13:29:46","guid":{"rendered":"https:\/\/www.blogsoestado.com\/danielmatos\/2009\/05\/25\/caos-no-socorrao-ii-e-retrato-da-crise-na-saude-municipal-afirma-ex-diretor\/"},"modified":"2009-05-25T10:29:46","modified_gmt":"2009-05-25T13:29:46","slug":"caos-no-socorrao-ii-e-retrato-da-crise-na-saude-municipal-afirma-ex-diretor","status":"publish","type":"post","link":"https:\/\/www.blogsoestado.com\/danielmatos\/caos-no-socorrao-ii-e-retrato-da-crise-na-saude-municipal-afirma-ex-diretor\/","title":{"rendered":"&#8220;Caos no Socorr\u00e3o II \u00e9 retrato da crise na sa\u00fade municipal&#8221;, afirma ex-diretor"},"content":{"rendered":"<p><a href=\"https:\/\/www.blogsoestado.com\/danielmatos\/files\/2009\/05\/oliveira.jpg\" title=\"oliveira.jpg\"><img decoding=\"async\" align=\"right\" src=\"https:\/\/www.blogsoestado.com\/danielmatos\/files\/2009\/05\/oliveira.jpg\" alt=\"oliveira.jpg\" \/><\/a>Em entrevista ao blog, o m\u00e9dico ortopedista Ant\u00f4nio Carlos Oliveira (foto), demitido por telefone, na \u00faltima sexta-feira, da dire\u00e7\u00e3o-geral do Hospital Clementino Moura, o Socorr\u00e3o II, afirma que seu afastamento teve motiva\u00e7\u00e3o puramente pol\u00edtica. Nomeado pela ex-secret\u00e1ria de Sa\u00fade e vice-prefeita Helena Duailibe, tamb\u00e9m exonerada de forma nebulosa, ele revela que, devido ao caos na unidade de sa\u00fade, chegou a entregar o cargo duas vezes, na gest\u00e3o de Helena Duailibe e na atual, comandada por Gutemberg Ara\u00fajo. Com a experi\u00eancia de quem atua como gestor na \u00e1rea m\u00e9dica h\u00e1 mais de 25 anos, ele diz que o caos no Socorr\u00e3o II \u00e9 o retrato da crise em toda a rede municipal de sa\u00fade.<\/p>\n<p><strong>Daniel Matos<\/strong> \u2013 Como o senhor foi informado de que estava demitido?<\/p>\n<p><strong>Oliveira<\/strong> \u2013 Por telefone. A secret\u00e1ria adjunta de Sa\u00fade, Ieda Vanderlei, me ligou informando que entre os of\u00edcios que havia recebido naquele dia com medidas a serem executadas na Semus, estava um sobre a minha pessoa. Respondi que sabia do que se tratava e ela abriu o jogo. De modo algum, a exonera\u00e7\u00e3o me surpreendeu, pois, al\u00e9m de j\u00e1 ter pedido para sair duas vezes, era natural que com a sa\u00edda da Helena eu tamb\u00e9m deixasse o cargo.<\/p>\n<p><strong>DM<\/strong> \u2013 A que o senhor atribuiu a demiss\u00e3o?<br \/>\n\u00a0<br \/>\n<strong>Oliveira<\/strong> \u2013 Posso garantir que incompet\u00eancia minha n\u00e3o foi. At\u00e9 porque eu n\u00e3o gerenciava recursos. Al\u00e9m do mais, consegui equipar um pouco mais o hospital, pois fazia muitas solicita\u00e7\u00f5es ao comando da secretaria. A \u00fanica explica\u00e7\u00e3o para a minha sa\u00edda \u00e9 o revanchismo pol\u00edtico. \u00c9 not\u00f3rio que essa situa\u00e7\u00e3o come\u00e7ou quando a ent\u00e3o secret\u00e1ria Helena Duailibe se reuniu com o secret\u00e1rio estadual de Sa\u00fade, Ricardo Murad, para discutir uma a\u00e7\u00e3o conjunta na \u00e1rea em favor da popula\u00e7\u00e3o de S\u00e3o Lu\u00eds.<\/p>\n<p><strong>DM<\/strong> \u2013 De que forma o senhor avalia a experi\u00eancia como diretor do hospital?<\/p>\n<p><strong>Oliveira<\/strong> \u2013 Houve alguns avan\u00e7os, mas, no geral, o trabalho foi marcado por extrema dificuldade. Para se ter id\u00e9ia, v\u00e1rios m\u00e9dicos j\u00e1 abandonaram o emprego no hospital por causa dos baixos sal\u00e1rios e da falta de condi\u00e7\u00f5es de trabalho. Isso reduziu ainda mais nossa capacidade de atendimento. \u00c9 um absurdo um m\u00e9dico receber R$ 1 mil de sal\u00e1rio, como \u00e9 o caso de alguns profissionais que atuam no Socorr\u00e3o II. H\u00e1 t\u00e9cnicos de enfermagem que ganham R$ 300, muito menos que um sal\u00e1rio m\u00ednimo. Esse dinheiro d\u00e1 muito mal para pagar a passagem de \u00f4nibus. Uma das principais causas do problema \u00e9 a baixa remunera\u00e7\u00e3o. N\u00e3o h\u00e1 como ter profissionais dedicados com sal\u00e1rios irris\u00f3rios.<\/p>\n<p><strong>DM<\/strong> \u2013 Por que o Socorr\u00e3o II est\u00e1 em uma situa\u00e7\u00e3o t\u00e3o cr\u00edtica?<\/p>\n<p><strong>Oliveira<\/strong> \u2013 O hospital n\u00e3o tem or\u00e7amento pr\u00f3prio e isso compromete o trabalho de administra\u00e7\u00e3o da casa. \u00c9 inadmiss\u00edvel que uma unidade de sa\u00fade do porte do Socorr\u00e3o II, que faz cerca de 5 mil atendimentos por m\u00eas e consome entre R$ 3 e R$ 4 milh\u00f5es em recursos mensalmente, n\u00e3o tenha autonomia financeira. Para receber equipamentos, material hospitalar e outros itens, o diretor tem que elaborar uma lista e cabe \u00e0 Semus providenciar a compra. Em quase cinco meses \u00e0 frente do Socorr\u00e3o II, eu nunca tive acesso a nenhuma planilha de gastos. Isso acaba engessando qualquer gest\u00e3o.<\/p>\n<p><strong>DM <\/strong>\u2013 Mas as dificuldades n\u00e3o est\u00e3o s\u00f3 no Socorr\u00e3o II.<\/p>\n<p><strong>Oliveira<\/strong> \u2013 Claro que n\u00e3o. Toda a rede de sa\u00fade do Munic\u00edpio est\u00e1 em crise. Nenhuma unidade atende a contento. O caos no Socorr\u00e3o II \u00e9 apenas o retrato dessa crise, que s\u00f3 poder\u00e1 ser eliminada com uma profunda reformula\u00e7\u00e3o administrativa.\u00a0<\/p>\n<p><strong>DM<\/strong> \u2013 Que mensagem o senhor deixa \u00e0 nova gest\u00e3o?<\/p>\n<p><strong>Oliveira<\/strong> \u2013 Espero que com a minha sa\u00edda as coisas melhorem, pois se houve a substitui\u00e7\u00e3o \u00e9 porque a Semus pretende dar nova din\u00e2mica \u00e0 administra\u00e7\u00e3o do hospital. Conhe\u00e7o o novo diretor-geral, Artur Serra, que era meu diretor-t\u00e9cnico e \u00e9 um profissional jovem e competente. Se ele e sua equipe conseguirem superar as dificuldades, vou ficar satisfeito.<\/p>\n<p><strong>Fotos:<\/strong> Flora Dolores\/<strong>O Estado do Maranh\u00e3o<\/strong><\/p>\n","protected":false},"excerpt":{"rendered":"<p>Em entrevista ao blog, o m\u00e9dico ortopedista Ant\u00f4nio Carlos Oliveira (foto), demitido por telefone, na \u00faltima sexta-feira, da dire\u00e7\u00e3o-geral do [&hellip;]<\/p>\n","protected":false},"author":0,"featured_media":0,"comment_status":"open","ping_status":"open","sticky":false,"template":"","format":"standard","meta":{"site-sidebar-layout":"default","site-content-layout":"","ast-site-content-layout":"default","site-content-style":"default","site-sidebar-style":"default","ast-global-header-display":"","ast-banner-title-visibility":"","ast-main-header-display":"","ast-hfb-above-header-display":"","ast-hfb-below-header-display":"","ast-hfb-mobile-header-display":"","site-post-title":"","ast-breadcrumbs-content":"","ast-featured-img":"","footer-sml-layout":"","ast-disable-related-posts":"","theme-transparent-header-meta":"","adv-header-id-meta":"","stick-header-meta":"","header-above-stick-meta":"","header-main-stick-meta":"","header-below-stick-meta":"","astra-migrate-meta-layouts":"default","ast-page-background-enabled":"default","ast-page-background-meta":{"desktop":{"background-color":"var(--ast-global-color-5)","background-image":"","background-repeat":"repeat","background-position":"center center","background-size":"auto","background-attachment":"scroll","background-type":"","background-media":"","overlay-type":"","overlay-color":"","overlay-opacity":"","overlay-gradient":""},"tablet":{"background-color":"","background-image":"","background-repeat":"repeat","background-position":"center center","background-size":"auto","background-attachment":"scroll","background-type":"","background-media":"","overlay-type":"","overlay-color":"","overlay-opacity":"","overlay-gradient":""},"mobile":{"background-color":"","background-image":"","background-repeat":"repeat","background-position":"center center","background-size":"auto","background-attachment":"scroll","background-type":"","background-media":"","overlay-type":"","overlay-color":"","overlay-opacity":"","overlay-gradient":""}},"ast-content-background-meta":{"desktop":{"background-color":"var(--ast-global-color-4)","background-image":"","background-repeat":"repeat","background-position":"center center","background-size":"auto","background-attachment":"scroll","background-type":"","background-media":"","overlay-type":"","overlay-color":"","overlay-opacity":"","overlay-gradient":""},"tablet":{"background-color":"var(--ast-global-color-4)","background-image":"","background-repeat":"repeat","background-position":"center center","background-size":"auto","background-attachment":"scroll","background-type":"","background-media":"","overlay-type":"","overlay-color":"","overlay-opacity":"","overlay-gradient":""},"mobile":{"background-color":"var(--ast-global-color-4)","background-image":"","background-repeat":"repeat","background-position":"center center","background-size":"auto","background-attachment":"scroll","background-type":"","background-media":"","overlay-type":"","overlay-color":"","overlay-opacity":"","overlay-gradient":""}},"footnotes":""},"categories":[1],"tags":[],"class_list":["post-1073","post","type-post","status-publish","format-standard","hentry","category-sem-categoria"],"yoast_head":"<!-- This site is optimized with the Yoast SEO plugin v26.6 - https:\/\/yoast.com\/wordpress\/plugins\/seo\/ -->\n<title>&quot;Caos no Socorr\u00e3o II \u00e9 retrato da crise na sa\u00fade municipal&quot;, afirma ex-diretor - Daniel Matos<\/title>\n<meta name=\"robots\" content=\"index, follow, max-snippet:-1, max-image-preview:large, max-video-preview:-1\" \/>\n<link rel=\"canonical\" href=\"https:\/\/www.blogsoestado.com\/danielmatos\/caos-no-socorrao-ii-e-retrato-da-crise-na-saude-municipal-afirma-ex-diretor\/\" \/>\n<meta property=\"og:locale\" content=\"pt_BR\" \/>\n<meta property=\"og:type\" content=\"article\" \/>\n<meta property=\"og:title\" content=\"&quot;Caos no Socorr\u00e3o II \u00e9 retrato da crise na sa\u00fade municipal&quot;, afirma ex-diretor - Daniel Matos\" \/>\n<meta property=\"og:description\" content=\"Em entrevista ao blog, o m\u00e9dico ortopedista Ant\u00f4nio Carlos Oliveira (foto), demitido por telefone, na \u00faltima sexta-feira, da dire\u00e7\u00e3o-geral do [&hellip;]\" \/>\n<meta property=\"og:url\" content=\"https:\/\/www.blogsoestado.com\/danielmatos\/caos-no-socorrao-ii-e-retrato-da-crise-na-saude-municipal-afirma-ex-diretor\/\" \/>\n<meta property=\"og:site_name\" content=\"Daniel Matos\" \/>\n<meta property=\"article:published_time\" content=\"2009-05-25T13:29:46+00:00\" \/>\n<meta property=\"og:image\" content=\"https:\/\/www.blogsoestado.com\/danielmatos\/files\/2009\/05\/oliveira.jpg\" \/>\n<meta name=\"twitter:card\" content=\"summary_large_image\" \/>\n<meta name=\"twitter:label1\" content=\"Est. tempo de leitura\" \/>\n\t<meta name=\"twitter:data1\" content=\"4 minutos\" \/>\n<script type=\"application\/ld+json\" class=\"yoast-schema-graph\">{\"@context\":\"https:\/\/schema.org\",\"@graph\":[{\"@type\":\"WebPage\",\"@id\":\"https:\/\/www.blogsoestado.com\/danielmatos\/caos-no-socorrao-ii-e-retrato-da-crise-na-saude-municipal-afirma-ex-diretor\/\",\"url\":\"https:\/\/www.blogsoestado.com\/danielmatos\/caos-no-socorrao-ii-e-retrato-da-crise-na-saude-municipal-afirma-ex-diretor\/\",\"name\":\"\\\"Caos no Socorr\u00e3o II \u00e9 retrato da crise na sa\u00fade municipal\\\", afirma ex-diretor - Daniel Matos\",\"isPartOf\":{\"@id\":\"https:\/\/www.blogsoestado.com\/danielmatos\/#website\"},\"primaryImageOfPage\":{\"@id\":\"https:\/\/www.blogsoestado.com\/danielmatos\/caos-no-socorrao-ii-e-retrato-da-crise-na-saude-municipal-afirma-ex-diretor\/#primaryimage\"},\"image\":{\"@id\":\"https:\/\/www.blogsoestado.com\/danielmatos\/caos-no-socorrao-ii-e-retrato-da-crise-na-saude-municipal-afirma-ex-diretor\/#primaryimage\"},\"thumbnailUrl\":\"https:\/\/www.blogsoestado.com\/danielmatos\/files\/2009\/05\/oliveira.jpg\",\"datePublished\":\"2009-05-25T13:29:46+00:00\",\"author\":{\"@id\":\"\"},\"breadcrumb\":{\"@id\":\"https:\/\/www.blogsoestado.com\/danielmatos\/caos-no-socorrao-ii-e-retrato-da-crise-na-saude-municipal-afirma-ex-diretor\/#breadcrumb\"},\"inLanguage\":\"pt-BR\",\"potentialAction\":[{\"@type\":\"ReadAction\",\"target\":[\"https:\/\/www.blogsoestado.com\/danielmatos\/caos-no-socorrao-ii-e-retrato-da-crise-na-saude-municipal-afirma-ex-diretor\/\"]}]},{\"@type\":\"ImageObject\",\"inLanguage\":\"pt-BR\",\"@id\":\"https:\/\/www.blogsoestado.com\/danielmatos\/caos-no-socorrao-ii-e-retrato-da-crise-na-saude-municipal-afirma-ex-diretor\/#primaryimage\",\"url\":\"https:\/\/www.blogsoestado.com\/danielmatos\/files\/2009\/05\/oliveira.jpg\",\"contentUrl\":\"https:\/\/www.blogsoestado.com\/danielmatos\/files\/2009\/05\/oliveira.jpg\"},{\"@type\":\"BreadcrumbList\",\"@id\":\"https:\/\/www.blogsoestado.com\/danielmatos\/caos-no-socorrao-ii-e-retrato-da-crise-na-saude-municipal-afirma-ex-diretor\/#breadcrumb\",\"itemListElement\":[{\"@type\":\"ListItem\",\"position\":1,\"name\":\"In\u00edcio\",\"item\":\"https:\/\/www.blogsoestado.com\/danielmatos\/\"},{\"@type\":\"ListItem\",\"position\":2,\"name\":\"&#8220;Caos no Socorr\u00e3o II \u00e9 retrato da crise na sa\u00fade municipal&#8221;, afirma ex-diretor\"}]},{\"@type\":\"WebSite\",\"@id\":\"https:\/\/www.blogsoestado.com\/danielmatos\/#website\",\"url\":\"https:\/\/www.blogsoestado.com\/danielmatos\/\",\"name\":\"Daniel Matos\",\"description\":\"\",\"potentialAction\":[{\"@type\":\"SearchAction\",\"target\":{\"@type\":\"EntryPoint\",\"urlTemplate\":\"https:\/\/www.blogsoestado.com\/danielmatos\/?s={search_term_string}\"},\"query-input\":{\"@type\":\"PropertyValueSpecification\",\"valueRequired\":true,\"valueName\":\"search_term_string\"}}],\"inLanguage\":\"pt-BR\"}]}<\/script>\n<!-- \/ Yoast SEO plugin. -->","yoast_head_json":{"title":"\"Caos no Socorr\u00e3o II \u00e9 retrato da crise na sa\u00fade municipal\", afirma ex-diretor - Daniel Matos","robots":{"index":"index","follow":"follow","max-snippet":"max-snippet:-1","max-image-preview":"max-image-preview:large","max-video-preview":"max-video-preview:-1"},"canonical":"https:\/\/www.blogsoestado.com\/danielmatos\/caos-no-socorrao-ii-e-retrato-da-crise-na-saude-municipal-afirma-ex-diretor\/","og_locale":"pt_BR","og_type":"article","og_title":"\"Caos no Socorr\u00e3o II \u00e9 retrato da crise na sa\u00fade municipal\", afirma ex-diretor - Daniel Matos","og_description":"Em entrevista ao blog, o m\u00e9dico ortopedista Ant\u00f4nio Carlos Oliveira (foto), demitido por telefone, na \u00faltima sexta-feira, da dire\u00e7\u00e3o-geral do [&hellip;]","og_url":"https:\/\/www.blogsoestado.com\/danielmatos\/caos-no-socorrao-ii-e-retrato-da-crise-na-saude-municipal-afirma-ex-diretor\/","og_site_name":"Daniel Matos","article_published_time":"2009-05-25T13:29:46+00:00","og_image":[{"url":"https:\/\/www.blogsoestado.com\/danielmatos\/files\/2009\/05\/oliveira.jpg","type":"","width":"","height":""}],"twitter_card":"summary_large_image","twitter_misc":{"Est. tempo de leitura":"4 minutos"},"schema":{"@context":"https:\/\/schema.org","@graph":[{"@type":"WebPage","@id":"https:\/\/www.blogsoestado.com\/danielmatos\/caos-no-socorrao-ii-e-retrato-da-crise-na-saude-municipal-afirma-ex-diretor\/","url":"https:\/\/www.blogsoestado.com\/danielmatos\/caos-no-socorrao-ii-e-retrato-da-crise-na-saude-municipal-afirma-ex-diretor\/","name":"\"Caos no Socorr\u00e3o II \u00e9 retrato da crise na sa\u00fade municipal\", afirma ex-diretor - Daniel Matos","isPartOf":{"@id":"https:\/\/www.blogsoestado.com\/danielmatos\/#website"},"primaryImageOfPage":{"@id":"https:\/\/www.blogsoestado.com\/danielmatos\/caos-no-socorrao-ii-e-retrato-da-crise-na-saude-municipal-afirma-ex-diretor\/#primaryimage"},"image":{"@id":"https:\/\/www.blogsoestado.com\/danielmatos\/caos-no-socorrao-ii-e-retrato-da-crise-na-saude-municipal-afirma-ex-diretor\/#primaryimage"},"thumbnailUrl":"https:\/\/www.blogsoestado.com\/danielmatos\/files\/2009\/05\/oliveira.jpg","datePublished":"2009-05-25T13:29:46+00:00","author":{"@id":""},"breadcrumb":{"@id":"https:\/\/www.blogsoestado.com\/danielmatos\/caos-no-socorrao-ii-e-retrato-da-crise-na-saude-municipal-afirma-ex-diretor\/#breadcrumb"},"inLanguage":"pt-BR","potentialAction":[{"@type":"ReadAction","target":["https:\/\/www.blogsoestado.com\/danielmatos\/caos-no-socorrao-ii-e-retrato-da-crise-na-saude-municipal-afirma-ex-diretor\/"]}]},{"@type":"ImageObject","inLanguage":"pt-BR","@id":"https:\/\/www.blogsoestado.com\/danielmatos\/caos-no-socorrao-ii-e-retrato-da-crise-na-saude-municipal-afirma-ex-diretor\/#primaryimage","url":"https:\/\/www.blogsoestado.com\/danielmatos\/files\/2009\/05\/oliveira.jpg","contentUrl":"https:\/\/www.blogsoestado.com\/danielmatos\/files\/2009\/05\/oliveira.jpg"},{"@type":"BreadcrumbList","@id":"https:\/\/www.blogsoestado.com\/danielmatos\/caos-no-socorrao-ii-e-retrato-da-crise-na-saude-municipal-afirma-ex-diretor\/#breadcrumb","itemListElement":[{"@type":"ListItem","position":1,"name":"In\u00edcio","item":"https:\/\/www.blogsoestado.com\/danielmatos\/"},{"@type":"ListItem","position":2,"name":"&#8220;Caos no Socorr\u00e3o II \u00e9 retrato da crise na sa\u00fade municipal&#8221;, afirma ex-diretor"}]},{"@type":"WebSite","@id":"https:\/\/www.blogsoestado.com\/danielmatos\/#website","url":"https:\/\/www.blogsoestado.com\/danielmatos\/","name":"Daniel Matos","description":"","potentialAction":[{"@type":"SearchAction","target":{"@type":"EntryPoint","urlTemplate":"https:\/\/www.blogsoestado.com\/danielmatos\/?s={search_term_string}"},"query-input":{"@type":"PropertyValueSpecification","valueRequired":true,"valueName":"search_term_string"}}],"inLanguage":"pt-BR"}]}},"jetpack_featured_media_url":"","_links":{"self":[{"href":"https:\/\/www.blogsoestado.com\/danielmatos\/wp-json\/wp\/v2\/posts\/1073","targetHints":{"allow":["GET"]}}],"collection":[{"href":"https:\/\/www.blogsoestado.com\/danielmatos\/wp-json\/wp\/v2\/posts"}],"about":[{"href":"https:\/\/www.blogsoestado.com\/danielmatos\/wp-json\/wp\/v2\/types\/post"}],"replies":[{"embeddable":true,"href":"https:\/\/www.blogsoestado.com\/danielmatos\/wp-json\/wp\/v2\/comments?post=1073"}],"version-history":[{"count":0,"href":"https:\/\/www.blogsoestado.com\/danielmatos\/wp-json\/wp\/v2\/posts\/1073\/revisions"}],"wp:attachment":[{"href":"https:\/\/www.blogsoestado.com\/danielmatos\/wp-json\/wp\/v2\/media?parent=1073"}],"wp:term":[{"taxonomy":"category","embeddable":true,"href":"https:\/\/www.blogsoestado.com\/danielmatos\/wp-json\/wp\/v2\/categories?post=1073"},{"taxonomy":"post_tag","embeddable":true,"href":"https:\/\/www.blogsoestado.com\/danielmatos\/wp-json\/wp\/v2\/tags?post=1073"}],"curies":[{"name":"wp","href":"https:\/\/api.w.org\/{rel}","templated":true}]}}