{"id":107302,"date":"2023-03-21T02:07:11","date_gmt":"2023-03-21T05:07:11","guid":{"rendered":"https:\/\/www.blogsoestado.com\/danielmatos\/?p=107302"},"modified":"2023-03-21T02:07:11","modified_gmt":"2023-03-21T05:07:11","slug":"secretario-nao-atende-a-convocacao-da-camara-municipal-para-esclarecer-situacao-do-transporte-publico-de-sao-luis","status":"publish","type":"post","link":"https:\/\/www.blogsoestado.com\/danielmatos\/secretario-nao-atende-a-convocacao-da-camara-municipal-para-esclarecer-situacao-do-transporte-publico-de-sao-luis\/","title":{"rendered":"Secret\u00e1rio n\u00e3o atende \u00e0 convoca\u00e7\u00e3o da C\u00e2mara Municipal para esclarecer situa\u00e7\u00e3o do transporte p\u00fablico de S\u00e3o Lu\u00eds"},"content":{"rendered":"\n<p><span class=\"has-inline-color has-vivid-red-color\" style=\"\"><b>O vereador \u00c1lvaro Pires, autor da proposta que pr\u00e9via a presen\u00e7a do titular da SMTT no plen\u00e1rio do <\/b><\/span><strong><span class=\"has-inline-color has-vivid-red-color\">Legislativo, <\/span><\/strong><span class=\"has-inline-color has-vivid-red-color\" style=\"\"><b>lembrou que a regra constitucional prev\u00ea penalidades nos casos de aus\u00eancia sem justifica\u00e7\u00e3o adequada<\/b><\/span> <strong><span class=\"has-inline-color has-vivid-red-color\">e anunciou que apresentar\u00e1 um pedido de reconvoca\u00e7\u00e3o<\/span><\/strong><\/p>\n\n\n\n<div class=\"wp-block-image\"><figure class=\"aligncenter size-large\"><a href=\"https:\/\/www.blogsoestado.com\/danielmatos\/files\/2023\/03\/Screenshot_20230321-0149152.png\"><img decoding=\"async\" src=\"https:\/\/www.blogsoestado.com\/danielmatos\/files\/2023\/03\/Screenshot_20230321-0149152.png\" alt=\"\" class=\"wp-image-107303\"\/><\/a><figcaption>O presidente da C\u00e2mara Municipal de S\u00e3o Lu\u00eds considerou um ato de desrespeito a aus\u00eancia do secret\u00e1rio convocado <\/figcaption><\/figure><\/div>\n\n\n\n<p>O secret\u00e1rio Diego Baluz, titular da Secretaria Municipal de Tr\u00e2nsito e Transporte \u2013 SMTT, n\u00e3o compareceu \u00e0 C\u00e2mara Municipal de S\u00e3o Lu\u00eds (CMSL), na tarde desta segunda-feira, dia 20, mesmo ap\u00f3s ser convocado para prestar esclarecimentos sobre a situa\u00e7\u00e3o do sistema de transporte p\u00fablico coletivo da capital maranhense.<\/p>\n\n\n\n<p>A presen\u00e7a do secret\u00e1rio no Legislativo foi solicitada por meio de requerimento, elaborado pelo vereador \u00c1lvaro Pires (PMN). O documento foi lido e aprovado pelos parlamentares na sess\u00e3o do dia 3 de mar\u00e7o. A convoca\u00e7\u00e3o est\u00e1 amparada pela Constitui\u00e7\u00e3o Federal, replicada na Lei Org\u00e2nica de S\u00e3o Lu\u00eds por for\u00e7a de simetria, em seu artigo 46, inciso XII.<\/p>\n\n\n\n<p>Durante a audi\u00eancia, o secret\u00e1rio n\u00e3o compareceu e nem mandou representante, o que foi questionado pelo vereador. \u201cA audi\u00eancia foi bastante representativa, mas faltou o secret\u00e1rio que n\u00e3o veio e nem mandou algu\u00e9m para represent\u00e1-lo. Vamos reconvoc\u00e1-lo para que ele fale sobre essa crise no sistema de transporte\u201d, afirmou.&nbsp;<\/p>\n\n\n\n<p><strong>Aus\u00eancia \u00e9 desrespeito\u00a0<\/strong><\/p>\n\n\n\n<p>Ao abrir a audi\u00eancia, o presidente da Casa, vereador Francisco Chaguinhas (Podemos) reconheceu a gravidade da crise e as diversas tarefas que cabem ao secret\u00e1rio neste momento, mas criticou o n\u00e3o atendimento da convoca\u00e7\u00e3o para participar da audi\u00eancia p\u00fablica e esclarecer pedidos de informa\u00e7\u00e3o dos vereadores, impedindo que o Legislativo cumpra sua fun\u00e7\u00e3o fiscalizat\u00f3ria e esclare\u00e7a as d\u00favidas da popula\u00e7\u00e3o que os elegeu para represent\u00e1-la.<\/p>\n\n\n\n<div class=\"wp-block-image\"><figure class=\"aligncenter size-large\"><a href=\"https:\/\/www.blogsoestado.com\/danielmatos\/files\/2023\/03\/Screenshot_20230321-0149502.png\"><img decoding=\"async\" src=\"https:\/\/www.blogsoestado.com\/danielmatos\/files\/2023\/03\/Screenshot_20230321-0149502.png\" alt=\"\" class=\"wp-image-107304\"\/><\/a><figcaption>Mesmo com a aus\u00eancia do secret\u00e1rio Diego Baluz, a audi\u00eancia na C\u00e2mara Municipal foi bastante participativa<\/figcaption><\/figure><\/div>\n\n\n\n<p>\u201cA aus\u00eancia do secret\u00e1rio \u00e9 considerada desrespeito \u00e0 C\u00e2mara e \u00e0 popula\u00e7\u00e3o. Temos graves problemas para debater sobre o transporte, mas n\u00e3o tem sentido discutir o assunto sem a presen\u00e7a do representante da prefeitura, que \u00e9 o poder concedente do servi\u00e7o\u201d, destacou.<\/p>\n\n\n\n<p>Na opini\u00e3o do vereador Astro de Ogum (PCdoB), presidente da Comiss\u00e3o de Mobilidade Urbana, a aus\u00eancia de informa\u00e7\u00f5es desrespeita principalmente a popula\u00e7\u00e3o da cidade, que j\u00e1 encaminhou centenas de quest\u00f5es aos gabinetes e redes sociais dos parlamentares. \u201cEsta Casa precisa tomar provid\u00eancias diante do caos no sistema de transporte. Esse servi\u00e7o n\u00e3o pode mais ficar prejudicando a popula\u00e7\u00e3o\u201d, afirmou.<\/p>\n\n\n\n<p>Em seu discurso, o vereador Pav\u00e3o Filho (PDT) pediu ao autor da proposta que pudesse remarcar a audi\u00eancia para uma nova data. \u201cO tema \u00e9 importante, mas sugiro que fosse remarcada para uma nova data. N\u00e3o tem sentido realizar essa audi\u00eancia sem a presen\u00e7a do secret\u00e1rio da SMTT\u201d, sugeriu.<\/p>\n\n\n\n<p><strong>Encaminhamentos<\/strong><\/p>\n\n\n\n<p>Diante da falta de transpar\u00eancia e da recusa ao di\u00e1logo, o vereador \u00c1lvaro Pires pediu a uni\u00e3o de todos para exigir o direito de exercer suas prerrogativas. O parlamentar afirmou que vai apresentar um novo pedido de reconvoca\u00e7\u00e3o do secret\u00e1rio, mas destacou que estar\u00e1 acionando o titular da SMTT junto ao Minist\u00e9rio P\u00fablico pela sonega\u00e7\u00e3o de informa\u00e7\u00f5es solicitadas com base na Lei de Acesso \u00e0 Informa\u00e7\u00e3o.<\/p>\n\n\n\n<div class=\"wp-block-image\"><figure class=\"aligncenter size-large\"><a href=\"https:\/\/www.blogsoestado.com\/danielmatos\/files\/2023\/03\/Screenshot_20230321-0150212.png\"><img decoding=\"async\" src=\"https:\/\/www.blogsoestado.com\/danielmatos\/files\/2023\/03\/Screenshot_20230321-0150212.png\" alt=\"\" class=\"wp-image-107305\"\/><\/a><figcaption>Representantes de segmentos ligados ao transporte p\u00fablico coletivo compareceram ao plen\u00e1rio do Legislatio municipal e sa\u00edram frustrados com a aus\u00eancia do secret\u00e1rio da SMTT<\/figcaption><\/figure><\/div>\n\n\n\n<p>\u201cJ\u00e1 protocolei um pedido de reconvoca\u00e7\u00e3o do secret\u00e1rio Diego Baluz, mas quero destacar tamb\u00e9m que estarei acionando o Minist\u00e9rio P\u00fablico para que o titular da SMTT possa apresentar os estudos e relat\u00f3rios da auditoria contratada pela SMTT por R$ 100 mil reais. Fiz o pedido formal, mas n\u00e3o tive resposta adequada quanto aos assuntos relativos ao sistema de transporte urbano e assuntos correlacionados\u201d, declarou.<\/p>\n\n\n\n<p><strong>O que diz a legisla\u00e7\u00e3o?<\/strong><\/p>\n\n\n\n<p>De acordo com o parlamentar, para algumas perguntas sobre a convoca\u00e7\u00e3o de gestores nos casos de aus\u00eancia sem justifica\u00e7\u00e3o adequada, o mandamento constitucional e a jurisprud\u00eancia trazem as respostas.<\/p>\n\n\n\n<p>Ele destacou, por exemplo, que a ordem na Constitui\u00e7\u00e3o Federal, replicada na Lei Org\u00e2nica de S\u00e3o Lu\u00eds, determina que os parlamentares podem \u201cconvocar o prefeito ou seus secret\u00e1rios, os dirigentes de empresas p\u00fablicas e funda\u00e7\u00f5es, ou qualquer titular de \u00f3rg\u00e3os p\u00fablico, para prestar informa\u00e7\u00f5es sobre mat\u00e9ria de sua compet\u00eancia\u201d.<\/p>\n\n\n\n<p>\u201cO diploma legal estabelece ainda que se n\u00e3o comparecerem e n\u00e3o houver \u2018justificativa adequada\u2019 os convocados podem responder por crime de responsabilidade\u201d, frisou Pires.<\/p>\n\n\n\n<div class=\"wp-block-image\"><figure class=\"aligncenter size-large\"><a href=\"https:\/\/www.blogsoestado.com\/danielmatos\/files\/2023\/03\/Screenshot_20230321-0151142.png\"><img decoding=\"async\" src=\"https:\/\/www.blogsoestado.com\/danielmatos\/files\/2023\/03\/Screenshot_20230321-0151142.png\" alt=\"\" class=\"wp-image-107307\"\/><\/a><figcaption>O presidente do Sindicato dos Trabalhadores em Transporte Rodovi\u00e1rio do Estado do Maranh\u00e3o, Marcelo Brito, relatou a situa\u00e7\u00e3o da categoria <\/figcaption><\/figure><\/div>\n\n\n\n<p><strong>Quem participou?<\/strong><\/p>\n\n\n\n<p>A audi\u00eancia tamb\u00e9m contou com a presen\u00e7a do diretor Executivo do Sindicato das Empresas de Transporte (SET), Paulo Pires; do Sindicato dos Rodovi\u00e1rios (STTREMA), Marcelo Brito; do presidente do Sindicato dos Usu\u00e1rios de Transporte Coletivo Rodovi\u00e1rio, Hidrovi\u00e1rio, A\u00e9reo do Estado do Maranh\u00e3o (SINDUTCOL-MA), Paulo Henrique da Silva; do presidente da Cooperativa de T\u00e1xi e Transporte Alternativo da \u00c1rea Itaqui-Bacanga (Coopertaaib), Charles Teixeira; os vereadores Marcelo Poeta (PCdoB), Rosana da Sa\u00fade (Republicanos) e F\u00e1tima Ara\u00fajo (PCdoB), al\u00e9m de representantes de entidades que atuam no sistema de transporte alternativo.<\/p>\n","protected":false},"excerpt":{"rendered":"<p>O vereador \u00c1lvaro Pires, autor da proposta que pr\u00e9via a presen\u00e7a do titular da SMTT no plen\u00e1rio do Legislativo, lembrou [&hellip;]<\/p>\n","protected":false},"author":0,"featured_media":0,"comment_status":"open","ping_status":"open","sticky":false,"template":"","format":"standard","meta":{"site-sidebar-layout":"default","site-content-layout":"","ast-site-content-layout":"default","site-content-style":"default","site-sidebar-style":"default","ast-global-header-display":"","ast-banner-title-visibility":"","ast-main-header-display":"","ast-hfb-above-header-display":"","ast-hfb-below-header-display":"","ast-hfb-mobile-header-display":"","site-post-title":"","ast-breadcrumbs-content":"","ast-featured-img":"","footer-sml-layout":"","ast-disable-related-posts":"","theme-transparent-header-meta":"","adv-header-id-meta":"","stick-header-meta":"","header-above-stick-meta":"","header-main-stick-meta":"","header-below-stick-meta":"","astra-migrate-meta-layouts":"default","ast-page-background-enabled":"default","ast-page-background-meta":{"desktop":{"background-color":"var(--ast-global-color-5)","background-image":"","background-repeat":"repeat","background-position":"center center","background-size":"auto","background-attachment":"scroll","background-type":"","background-media":"","overlay-type":"","overlay-color":"","overlay-opacity":"","overlay-gradient":""},"tablet":{"background-color":"","background-image":"","background-repeat":"repeat","background-position":"center center","background-size":"auto","background-attachment":"scroll","background-type":"","background-media":"","overlay-type":"","overlay-color":"","overlay-opacity":"","overlay-gradient":""},"mobile":{"background-color":"","background-image":"","background-repeat":"repeat","background-position":"center center","background-size":"auto","background-attachment":"scroll","background-type":"","background-media":"","overlay-type":"","overlay-color":"","overlay-opacity":"","overlay-gradient":""}},"ast-content-background-meta":{"desktop":{"background-color":"var(--ast-global-color-4)","background-image":"","background-repeat":"repeat","background-position":"center center","background-size":"auto","background-attachment":"scroll","background-type":"","background-media":"","overlay-type":"","overlay-color":"","overlay-opacity":"","overlay-gradient":""},"tablet":{"background-color":"var(--ast-global-color-4)","background-image":"","background-repeat":"repeat","background-position":"center center","background-size":"auto","background-attachment":"scroll","background-type":"","background-media":"","overlay-type":"","overlay-color":"","overlay-opacity":"","overlay-gradient":""},"mobile":{"background-color":"var(--ast-global-color-4)","background-image":"","background-repeat":"repeat","background-position":"center center","background-size":"auto","background-attachment":"scroll","background-type":"","background-media":"","overlay-type":"","overlay-color":"","overlay-opacity":"","overlay-gradient":""}},"footnotes":""},"categories":[1],"tags":[],"class_list":["post-107302","post","type-post","status-publish","format-standard","hentry","category-sem-categoria"],"yoast_head":"<!-- This site is optimized with the Yoast SEO plugin v26.6 - https:\/\/yoast.com\/wordpress\/plugins\/seo\/ -->\n<title>Secret\u00e1rio n\u00e3o atende \u00e0 convoca\u00e7\u00e3o da C\u00e2mara Municipal para esclarecer situa\u00e7\u00e3o do transporte p\u00fablico de S\u00e3o Lu\u00eds - Daniel Matos<\/title>\n<meta name=\"robots\" content=\"index, follow, max-snippet:-1, max-image-preview:large, max-video-preview:-1\" \/>\n<link rel=\"canonical\" href=\"https:\/\/www.blogsoestado.com\/danielmatos\/secretario-nao-atende-a-convocacao-da-camara-municipal-para-esclarecer-situacao-do-transporte-publico-de-sao-luis\/\" \/>\n<meta property=\"og:locale\" content=\"pt_BR\" \/>\n<meta property=\"og:type\" content=\"article\" \/>\n<meta property=\"og:title\" content=\"Secret\u00e1rio n\u00e3o atende \u00e0 convoca\u00e7\u00e3o da C\u00e2mara Municipal para esclarecer situa\u00e7\u00e3o do transporte p\u00fablico de S\u00e3o Lu\u00eds - Daniel Matos\" \/>\n<meta property=\"og:description\" content=\"O vereador \u00c1lvaro Pires, autor da proposta que pr\u00e9via a presen\u00e7a do titular da SMTT no plen\u00e1rio do Legislativo, lembrou [&hellip;]\" \/>\n<meta property=\"og:url\" content=\"https:\/\/www.blogsoestado.com\/danielmatos\/secretario-nao-atende-a-convocacao-da-camara-municipal-para-esclarecer-situacao-do-transporte-publico-de-sao-luis\/\" \/>\n<meta property=\"og:site_name\" content=\"Daniel Matos\" \/>\n<meta property=\"article:published_time\" content=\"2023-03-21T05:07:11+00:00\" \/>\n<meta property=\"og:image\" content=\"https:\/\/www.blogsoestado.com\/danielmatos\/files\/2023\/03\/Screenshot_20230321-0149152.png\" \/>\n<meta name=\"twitter:card\" content=\"summary_large_image\" \/>\n<meta name=\"twitter:label1\" content=\"Est. tempo de leitura\" \/>\n\t<meta name=\"twitter:data1\" content=\"5 minutos\" \/>\n<script type=\"application\/ld+json\" class=\"yoast-schema-graph\">{\"@context\":\"https:\/\/schema.org\",\"@graph\":[{\"@type\":\"WebPage\",\"@id\":\"https:\/\/www.blogsoestado.com\/danielmatos\/secretario-nao-atende-a-convocacao-da-camara-municipal-para-esclarecer-situacao-do-transporte-publico-de-sao-luis\/\",\"url\":\"https:\/\/www.blogsoestado.com\/danielmatos\/secretario-nao-atende-a-convocacao-da-camara-municipal-para-esclarecer-situacao-do-transporte-publico-de-sao-luis\/\",\"name\":\"Secret\u00e1rio n\u00e3o atende \u00e0 convoca\u00e7\u00e3o da C\u00e2mara Municipal para esclarecer situa\u00e7\u00e3o do transporte p\u00fablico de S\u00e3o Lu\u00eds - Daniel Matos\",\"isPartOf\":{\"@id\":\"https:\/\/www.blogsoestado.com\/danielmatos\/#website\"},\"primaryImageOfPage\":{\"@id\":\"https:\/\/www.blogsoestado.com\/danielmatos\/secretario-nao-atende-a-convocacao-da-camara-municipal-para-esclarecer-situacao-do-transporte-publico-de-sao-luis\/#primaryimage\"},\"image\":{\"@id\":\"https:\/\/www.blogsoestado.com\/danielmatos\/secretario-nao-atende-a-convocacao-da-camara-municipal-para-esclarecer-situacao-do-transporte-publico-de-sao-luis\/#primaryimage\"},\"thumbnailUrl\":\"https:\/\/www.blogsoestado.com\/danielmatos\/files\/2023\/03\/Screenshot_20230321-0149152.png\",\"datePublished\":\"2023-03-21T05:07:11+00:00\",\"author\":{\"@id\":\"\"},\"breadcrumb\":{\"@id\":\"https:\/\/www.blogsoestado.com\/danielmatos\/secretario-nao-atende-a-convocacao-da-camara-municipal-para-esclarecer-situacao-do-transporte-publico-de-sao-luis\/#breadcrumb\"},\"inLanguage\":\"pt-BR\",\"potentialAction\":[{\"@type\":\"ReadAction\",\"target\":[\"https:\/\/www.blogsoestado.com\/danielmatos\/secretario-nao-atende-a-convocacao-da-camara-municipal-para-esclarecer-situacao-do-transporte-publico-de-sao-luis\/\"]}]},{\"@type\":\"ImageObject\",\"inLanguage\":\"pt-BR\",\"@id\":\"https:\/\/www.blogsoestado.com\/danielmatos\/secretario-nao-atende-a-convocacao-da-camara-municipal-para-esclarecer-situacao-do-transporte-publico-de-sao-luis\/#primaryimage\",\"url\":\"https:\/\/www.blogsoestado.com\/danielmatos\/files\/2023\/03\/Screenshot_20230321-0149152.png\",\"contentUrl\":\"https:\/\/www.blogsoestado.com\/danielmatos\/files\/2023\/03\/Screenshot_20230321-0149152.png\"},{\"@type\":\"BreadcrumbList\",\"@id\":\"https:\/\/www.blogsoestado.com\/danielmatos\/secretario-nao-atende-a-convocacao-da-camara-municipal-para-esclarecer-situacao-do-transporte-publico-de-sao-luis\/#breadcrumb\",\"itemListElement\":[{\"@type\":\"ListItem\",\"position\":1,\"name\":\"In\u00edcio\",\"item\":\"https:\/\/www.blogsoestado.com\/danielmatos\/\"},{\"@type\":\"ListItem\",\"position\":2,\"name\":\"Secret\u00e1rio n\u00e3o atende \u00e0 convoca\u00e7\u00e3o da C\u00e2mara Municipal para esclarecer situa\u00e7\u00e3o do transporte p\u00fablico de S\u00e3o Lu\u00eds\"}]},{\"@type\":\"WebSite\",\"@id\":\"https:\/\/www.blogsoestado.com\/danielmatos\/#website\",\"url\":\"https:\/\/www.blogsoestado.com\/danielmatos\/\",\"name\":\"Daniel Matos\",\"description\":\"\",\"potentialAction\":[{\"@type\":\"SearchAction\",\"target\":{\"@type\":\"EntryPoint\",\"urlTemplate\":\"https:\/\/www.blogsoestado.com\/danielmatos\/?s={search_term_string}\"},\"query-input\":{\"@type\":\"PropertyValueSpecification\",\"valueRequired\":true,\"valueName\":\"search_term_string\"}}],\"inLanguage\":\"pt-BR\"}]}<\/script>\n<!-- \/ Yoast SEO plugin. -->","yoast_head_json":{"title":"Secret\u00e1rio n\u00e3o atende \u00e0 convoca\u00e7\u00e3o da C\u00e2mara Municipal para esclarecer situa\u00e7\u00e3o do transporte p\u00fablico de S\u00e3o Lu\u00eds - Daniel Matos","robots":{"index":"index","follow":"follow","max-snippet":"max-snippet:-1","max-image-preview":"max-image-preview:large","max-video-preview":"max-video-preview:-1"},"canonical":"https:\/\/www.blogsoestado.com\/danielmatos\/secretario-nao-atende-a-convocacao-da-camara-municipal-para-esclarecer-situacao-do-transporte-publico-de-sao-luis\/","og_locale":"pt_BR","og_type":"article","og_title":"Secret\u00e1rio n\u00e3o atende \u00e0 convoca\u00e7\u00e3o da C\u00e2mara Municipal para esclarecer situa\u00e7\u00e3o do transporte p\u00fablico de S\u00e3o Lu\u00eds - Daniel Matos","og_description":"O vereador \u00c1lvaro Pires, autor da proposta que pr\u00e9via a presen\u00e7a do titular da SMTT no plen\u00e1rio do Legislativo, lembrou [&hellip;]","og_url":"https:\/\/www.blogsoestado.com\/danielmatos\/secretario-nao-atende-a-convocacao-da-camara-municipal-para-esclarecer-situacao-do-transporte-publico-de-sao-luis\/","og_site_name":"Daniel Matos","article_published_time":"2023-03-21T05:07:11+00:00","og_image":[{"url":"https:\/\/www.blogsoestado.com\/danielmatos\/files\/2023\/03\/Screenshot_20230321-0149152.png","type":"","width":"","height":""}],"twitter_card":"summary_large_image","twitter_misc":{"Est. tempo de leitura":"5 minutos"},"schema":{"@context":"https:\/\/schema.org","@graph":[{"@type":"WebPage","@id":"https:\/\/www.blogsoestado.com\/danielmatos\/secretario-nao-atende-a-convocacao-da-camara-municipal-para-esclarecer-situacao-do-transporte-publico-de-sao-luis\/","url":"https:\/\/www.blogsoestado.com\/danielmatos\/secretario-nao-atende-a-convocacao-da-camara-municipal-para-esclarecer-situacao-do-transporte-publico-de-sao-luis\/","name":"Secret\u00e1rio n\u00e3o atende \u00e0 convoca\u00e7\u00e3o da C\u00e2mara Municipal para esclarecer situa\u00e7\u00e3o do transporte p\u00fablico de S\u00e3o Lu\u00eds - Daniel Matos","isPartOf":{"@id":"https:\/\/www.blogsoestado.com\/danielmatos\/#website"},"primaryImageOfPage":{"@id":"https:\/\/www.blogsoestado.com\/danielmatos\/secretario-nao-atende-a-convocacao-da-camara-municipal-para-esclarecer-situacao-do-transporte-publico-de-sao-luis\/#primaryimage"},"image":{"@id":"https:\/\/www.blogsoestado.com\/danielmatos\/secretario-nao-atende-a-convocacao-da-camara-municipal-para-esclarecer-situacao-do-transporte-publico-de-sao-luis\/#primaryimage"},"thumbnailUrl":"https:\/\/www.blogsoestado.com\/danielmatos\/files\/2023\/03\/Screenshot_20230321-0149152.png","datePublished":"2023-03-21T05:07:11+00:00","author":{"@id":""},"breadcrumb":{"@id":"https:\/\/www.blogsoestado.com\/danielmatos\/secretario-nao-atende-a-convocacao-da-camara-municipal-para-esclarecer-situacao-do-transporte-publico-de-sao-luis\/#breadcrumb"},"inLanguage":"pt-BR","potentialAction":[{"@type":"ReadAction","target":["https:\/\/www.blogsoestado.com\/danielmatos\/secretario-nao-atende-a-convocacao-da-camara-municipal-para-esclarecer-situacao-do-transporte-publico-de-sao-luis\/"]}]},{"@type":"ImageObject","inLanguage":"pt-BR","@id":"https:\/\/www.blogsoestado.com\/danielmatos\/secretario-nao-atende-a-convocacao-da-camara-municipal-para-esclarecer-situacao-do-transporte-publico-de-sao-luis\/#primaryimage","url":"https:\/\/www.blogsoestado.com\/danielmatos\/files\/2023\/03\/Screenshot_20230321-0149152.png","contentUrl":"https:\/\/www.blogsoestado.com\/danielmatos\/files\/2023\/03\/Screenshot_20230321-0149152.png"},{"@type":"BreadcrumbList","@id":"https:\/\/www.blogsoestado.com\/danielmatos\/secretario-nao-atende-a-convocacao-da-camara-municipal-para-esclarecer-situacao-do-transporte-publico-de-sao-luis\/#breadcrumb","itemListElement":[{"@type":"ListItem","position":1,"name":"In\u00edcio","item":"https:\/\/www.blogsoestado.com\/danielmatos\/"},{"@type":"ListItem","position":2,"name":"Secret\u00e1rio n\u00e3o atende \u00e0 convoca\u00e7\u00e3o da C\u00e2mara Municipal para esclarecer situa\u00e7\u00e3o do transporte p\u00fablico de S\u00e3o Lu\u00eds"}]},{"@type":"WebSite","@id":"https:\/\/www.blogsoestado.com\/danielmatos\/#website","url":"https:\/\/www.blogsoestado.com\/danielmatos\/","name":"Daniel Matos","description":"","potentialAction":[{"@type":"SearchAction","target":{"@type":"EntryPoint","urlTemplate":"https:\/\/www.blogsoestado.com\/danielmatos\/?s={search_term_string}"},"query-input":{"@type":"PropertyValueSpecification","valueRequired":true,"valueName":"search_term_string"}}],"inLanguage":"pt-BR"}]}},"jetpack_featured_media_url":"","_links":{"self":[{"href":"https:\/\/www.blogsoestado.com\/danielmatos\/wp-json\/wp\/v2\/posts\/107302","targetHints":{"allow":["GET"]}}],"collection":[{"href":"https:\/\/www.blogsoestado.com\/danielmatos\/wp-json\/wp\/v2\/posts"}],"about":[{"href":"https:\/\/www.blogsoestado.com\/danielmatos\/wp-json\/wp\/v2\/types\/post"}],"replies":[{"embeddable":true,"href":"https:\/\/www.blogsoestado.com\/danielmatos\/wp-json\/wp\/v2\/comments?post=107302"}],"version-history":[{"count":0,"href":"https:\/\/www.blogsoestado.com\/danielmatos\/wp-json\/wp\/v2\/posts\/107302\/revisions"}],"wp:attachment":[{"href":"https:\/\/www.blogsoestado.com\/danielmatos\/wp-json\/wp\/v2\/media?parent=107302"}],"wp:term":[{"taxonomy":"category","embeddable":true,"href":"https:\/\/www.blogsoestado.com\/danielmatos\/wp-json\/wp\/v2\/categories?post=107302"},{"taxonomy":"post_tag","embeddable":true,"href":"https:\/\/www.blogsoestado.com\/danielmatos\/wp-json\/wp\/v2\/tags?post=107302"}],"curies":[{"name":"wp","href":"https:\/\/api.w.org\/{rel}","templated":true}]}}