{"id":107325,"date":"2023-03-21T17:53:44","date_gmt":"2023-03-21T20:53:44","guid":{"rendered":"https:\/\/www.blogsoestado.com\/danielmatos\/?p=107325"},"modified":"2023-03-21T17:53:44","modified_gmt":"2023-03-21T20:53:44","slug":"jornalista-priscila-petrus-e-agraciada-com-o-premio-cafe-com-leane-lago","status":"publish","type":"post","link":"https:\/\/www.blogsoestado.com\/danielmatos\/jornalista-priscila-petrus-e-agraciada-com-o-premio-cafe-com-leane-lago\/","title":{"rendered":"Jornalista Priscila Petrus \u00e9 agraciada com o \u201cPr\u00eamio Caf\u00e9 com Leane Lago\u201d"},"content":{"rendered":"\n<div class=\"wp-block-image\"><figure class=\"aligncenter size-large\"><a href=\"https:\/\/www.blogsoestado.com\/danielmatos\/files\/2023\/03\/Screenshot_20230321-1641222.png\"><img decoding=\"async\" src=\"https:\/\/www.blogsoestado.com\/danielmatos\/files\/2023\/03\/Screenshot_20230321-1641222-696x1024.png\" alt=\"\" class=\"wp-image-107326\"\/><\/a><figcaption>Priscila Petrus recebe trof\u00e9u das m\u00e3os da publicit\u00e1ria e apresentadora de TV Leane Lago, idealizadora da premia\u00e7\u00e3o <\/figcaption><\/figure><\/div>\n\n\n\n<p>A jornalista Priscila Petrus, especialista em Assessoria de Comunica\u00e7\u00e3o e em Pol\u00edticas P\u00fablicas, foi agraciada com o &#8220;Trof\u00e9u Caf\u00e9 com Leane Lago&#8221;, na categoria &#8220;Personalidade&#8221;, por sua atua\u00e7\u00e3o como profissional de m\u00eddias digitais desde o ano de 2012, com \u00eanfase no notici\u00e1rio pol\u00edtico. Por meio do seu blog de not\u00edcias <a href=\"http:\/\/priscilapetrus.com.br\">priscilapetrus.com.br<\/a>, a comunicadora leva, diariamente, informa\u00e7\u00f5es precisas aos seus seguidores e ao p\u00fablico em geral, sempre com muita responsabilidade, \u00e9tica e credibilidade.<\/p>\n\n\n\n<div class=\"wp-block-image\"><figure class=\"aligncenter size-large\"><a href=\"https:\/\/www.blogsoestado.com\/danielmatos\/files\/2023\/03\/Screenshot_20230321-1641532.png\"><img decoding=\"async\" src=\"https:\/\/www.blogsoestado.com\/danielmatos\/files\/2023\/03\/Screenshot_20230321-1641532-704x1024.png\" alt=\"\" class=\"wp-image-107327\"\/><\/a><figcaption>A jornalista Priscila Petrus foi alvo de reconhecimento por seu trabalho de mais de 10 anos no mercado de comunica\u00e7\u00e3o digital, com \u00eanfase na publica\u00e7\u00e3o de not\u00edcias pol\u00edticas<\/figcaption><\/figure><\/div>\n\n\n\n<p>Em justo reconhecimento ao seu trabalho, Priscila Petrus recebeu o trof\u00e9u de honra ao m\u00e9rito por seu trabalho de destaque em 2022 das m\u00e3os da publicit\u00e1ria e apresentadora de TV Leane Lago, cujo <strong>programa vai ao ar nas manh\u00e3s de s\u00e1bado, \u00e0s 9h, na TV Guar\u00e1<\/strong> (canal 23). A premia\u00e7\u00e3o aconteceu na noite do \u00faltimo dia 18, em uma cerim\u00f4nia festiva e prestigiosa realizada no Sal\u00e3o \u00c1urea Eventos Buffet, localizado na Avenida Litor\u00e2nea, bairro Olho d&#8217;\u00c1gua. Na ocasi\u00e3o, foram agraciadas dezenas de outras figuras de proje\u00e7\u00e3o no Maranh\u00e3o, em suas respectivas \u00e1reas de atua\u00e7\u00e3o.<\/p>\n\n\n\n<div class=\"wp-block-image\"><figure class=\"aligncenter size-large\"><a href=\"https:\/\/www.blogsoestado.com\/danielmatos\/files\/2023\/03\/Screenshot_20230321-1642212.png\"><img decoding=\"async\" src=\"https:\/\/www.blogsoestado.com\/danielmatos\/files\/2023\/03\/Screenshot_20230321-1642212.png\" alt=\"\" class=\"wp-image-107328\"\/><\/a><figcaption>Priscila Petrus com a colega jornalista Rita Matos, outra profissional de comunica\u00e7\u00e3o que teve o trabalho reconhecido<\/figcaption><\/figure><\/div>\n\n\n\n<p>Na segunda edi\u00e7\u00e3o do pr\u00eamio, foram homenageados pol\u00edticos, empreendedores, filantropos, advogados, artistas, comunicadores e outras figuras de destaque por suas relevantes contribui\u00e7\u00f5es para a sociedade local e por serem refer\u00eancias e inspira\u00e7\u00e3o em seus ramos de atividade. <\/p>\n\n\n\n<p>O Pr\u00eamio Caf\u00e9 com Leane Lago foi entregue a pessoas que se notabilizaram nas seguintes categorias: Pol\u00edtico do Ano, Empreendedor de Sucesso e Personalidade.<\/p>\n\n\n\n<div class=\"wp-block-image\"><figure class=\"aligncenter size-large\"><a href=\"https:\/\/www.blogsoestado.com\/danielmatos\/files\/2023\/03\/Screenshot_20230321-1642582.png\"><img decoding=\"async\" src=\"https:\/\/www.blogsoestado.com\/danielmatos\/files\/2023\/03\/Screenshot_20230321-1642582.png\" alt=\"\" class=\"wp-image-107329\"\/><\/a><figcaption>A jornalista Priscila Petrus com os colegas de profiss\u00e3o Daniel Matos e Danilo Quixaba, que tamb\u00e9m foi premiado<\/figcaption><\/figure><\/div>\n\n\n\n<p>\u201cEsse pr\u00eamio nos motiva a cada dia a continuarmos realizando nosso trabalho com mais dedica\u00e7\u00e3o e seriedade. Leane Lago \u00e9 uma grande personalidade no nosso Estado e nos prestigia trazendo sempre muita informa\u00e7\u00e3o nos \u00e2mbitos pol\u00edtico, do empreendedorismo e outras \u00e1reas, sempre priorizando o interesse p\u00fablico&#8221;, assinalou Priscila Petrus. &#8220;Al\u00e9m de ser uma grande amiga, \u00e9 uma profissional sempre muito dedicada e que sabe fazer com brilhantismo o diferencial na comunica\u00e7\u00e3o do nosso estado. Desse modo, s\u00f3 tenho a agradec\u00ea-la pelo reconhecimento do meu trabalho e dos demais profissionais homenageados\u201d, complementou a jornalista.<\/p>\n","protected":false},"excerpt":{"rendered":"<p>A jornalista Priscila Petrus, especialista em Assessoria de Comunica\u00e7\u00e3o e em Pol\u00edticas P\u00fablicas, foi agraciada com o &#8220;Trof\u00e9u Caf\u00e9 com [&hellip;]<\/p>\n","protected":false},"author":0,"featured_media":0,"comment_status":"open","ping_status":"open","sticky":false,"template":"","format":"standard","meta":{"site-sidebar-layout":"default","site-content-layout":"","ast-site-content-layout":"default","site-content-style":"default","site-sidebar-style":"default","ast-global-header-display":"","ast-banner-title-visibility":"","ast-main-header-display":"","ast-hfb-above-header-display":"","ast-hfb-below-header-display":"","ast-hfb-mobile-header-display":"","site-post-title":"","ast-breadcrumbs-content":"","ast-featured-img":"","footer-sml-layout":"","ast-disable-related-posts":"","theme-transparent-header-meta":"","adv-header-id-meta":"","stick-header-meta":"","header-above-stick-meta":"","header-main-stick-meta":"","header-below-stick-meta":"","astra-migrate-meta-layouts":"default","ast-page-background-enabled":"default","ast-page-background-meta":{"desktop":{"background-color":"var(--ast-global-color-5)","background-image":"","background-repeat":"repeat","background-position":"center center","background-size":"auto","background-attachment":"scroll","background-type":"","background-media":"","overlay-type":"","overlay-color":"","overlay-opacity":"","overlay-gradient":""},"tablet":{"background-color":"","background-image":"","background-repeat":"repeat","background-position":"center center","background-size":"auto","background-attachment":"scroll","background-type":"","background-media":"","overlay-type":"","overlay-color":"","overlay-opacity":"","overlay-gradient":""},"mobile":{"background-color":"","background-image":"","background-repeat":"repeat","background-position":"center center","background-size":"auto","background-attachment":"scroll","background-type":"","background-media":"","overlay-type":"","overlay-color":"","overlay-opacity":"","overlay-gradient":""}},"ast-content-background-meta":{"desktop":{"background-color":"var(--ast-global-color-4)","background-image":"","background-repeat":"repeat","background-position":"center center","background-size":"auto","background-attachment":"scroll","background-type":"","background-media":"","overlay-type":"","overlay-color":"","overlay-opacity":"","overlay-gradient":""},"tablet":{"background-color":"var(--ast-global-color-4)","background-image":"","background-repeat":"repeat","background-position":"center center","background-size":"auto","background-attachment":"scroll","background-type":"","background-media":"","overlay-type":"","overlay-color":"","overlay-opacity":"","overlay-gradient":""},"mobile":{"background-color":"var(--ast-global-color-4)","background-image":"","background-repeat":"repeat","background-position":"center center","background-size":"auto","background-attachment":"scroll","background-type":"","background-media":"","overlay-type":"","overlay-color":"","overlay-opacity":"","overlay-gradient":""}},"footnotes":""},"categories":[1],"tags":[],"class_list":["post-107325","post","type-post","status-publish","format-standard","hentry","category-sem-categoria"],"yoast_head":"<!-- This site is optimized with the Yoast SEO plugin v26.6 - https:\/\/yoast.com\/wordpress\/plugins\/seo\/ -->\n<title>Jornalista Priscila Petrus \u00e9 agraciada com o \u201cPr\u00eamio Caf\u00e9 com Leane Lago\u201d - Daniel Matos<\/title>\n<meta name=\"robots\" content=\"index, follow, max-snippet:-1, max-image-preview:large, max-video-preview:-1\" \/>\n<link rel=\"canonical\" href=\"https:\/\/www.blogsoestado.com\/danielmatos\/jornalista-priscila-petrus-e-agraciada-com-o-premio-cafe-com-leane-lago\/\" \/>\n<meta property=\"og:locale\" content=\"pt_BR\" \/>\n<meta property=\"og:type\" content=\"article\" \/>\n<meta property=\"og:title\" content=\"Jornalista Priscila Petrus \u00e9 agraciada com o \u201cPr\u00eamio Caf\u00e9 com Leane Lago\u201d - Daniel Matos\" \/>\n<meta property=\"og:description\" content=\"A jornalista Priscila Petrus, especialista em Assessoria de Comunica\u00e7\u00e3o e em Pol\u00edticas P\u00fablicas, foi agraciada com o &#8220;Trof\u00e9u Caf\u00e9 com [&hellip;]\" \/>\n<meta property=\"og:url\" content=\"https:\/\/www.blogsoestado.com\/danielmatos\/jornalista-priscila-petrus-e-agraciada-com-o-premio-cafe-com-leane-lago\/\" \/>\n<meta property=\"og:site_name\" content=\"Daniel Matos\" \/>\n<meta property=\"article:published_time\" content=\"2023-03-21T20:53:44+00:00\" \/>\n<meta property=\"og:image\" content=\"https:\/\/www.blogsoestado.com\/danielmatos\/files\/2023\/03\/Screenshot_20230321-1641222-696x1024.png\" \/>\n<meta name=\"twitter:card\" content=\"summary_large_image\" \/>\n<meta name=\"twitter:label1\" content=\"Est. tempo de leitura\" \/>\n\t<meta name=\"twitter:data1\" content=\"3 minutos\" \/>\n<script type=\"application\/ld+json\" class=\"yoast-schema-graph\">{\"@context\":\"https:\/\/schema.org\",\"@graph\":[{\"@type\":\"WebPage\",\"@id\":\"https:\/\/www.blogsoestado.com\/danielmatos\/jornalista-priscila-petrus-e-agraciada-com-o-premio-cafe-com-leane-lago\/\",\"url\":\"https:\/\/www.blogsoestado.com\/danielmatos\/jornalista-priscila-petrus-e-agraciada-com-o-premio-cafe-com-leane-lago\/\",\"name\":\"Jornalista Priscila Petrus \u00e9 agraciada com o \u201cPr\u00eamio Caf\u00e9 com Leane Lago\u201d - Daniel Matos\",\"isPartOf\":{\"@id\":\"https:\/\/www.blogsoestado.com\/danielmatos\/#website\"},\"primaryImageOfPage\":{\"@id\":\"https:\/\/www.blogsoestado.com\/danielmatos\/jornalista-priscila-petrus-e-agraciada-com-o-premio-cafe-com-leane-lago\/#primaryimage\"},\"image\":{\"@id\":\"https:\/\/www.blogsoestado.com\/danielmatos\/jornalista-priscila-petrus-e-agraciada-com-o-premio-cafe-com-leane-lago\/#primaryimage\"},\"thumbnailUrl\":\"https:\/\/www.blogsoestado.com\/danielmatos\/files\/2023\/03\/Screenshot_20230321-1641222-696x1024.png\",\"datePublished\":\"2023-03-21T20:53:44+00:00\",\"author\":{\"@id\":\"\"},\"breadcrumb\":{\"@id\":\"https:\/\/www.blogsoestado.com\/danielmatos\/jornalista-priscila-petrus-e-agraciada-com-o-premio-cafe-com-leane-lago\/#breadcrumb\"},\"inLanguage\":\"pt-BR\",\"potentialAction\":[{\"@type\":\"ReadAction\",\"target\":[\"https:\/\/www.blogsoestado.com\/danielmatos\/jornalista-priscila-petrus-e-agraciada-com-o-premio-cafe-com-leane-lago\/\"]}]},{\"@type\":\"ImageObject\",\"inLanguage\":\"pt-BR\",\"@id\":\"https:\/\/www.blogsoestado.com\/danielmatos\/jornalista-priscila-petrus-e-agraciada-com-o-premio-cafe-com-leane-lago\/#primaryimage\",\"url\":\"https:\/\/www.blogsoestado.com\/danielmatos\/files\/2023\/03\/Screenshot_20230321-1641222-696x1024.png\",\"contentUrl\":\"https:\/\/www.blogsoestado.com\/danielmatos\/files\/2023\/03\/Screenshot_20230321-1641222-696x1024.png\"},{\"@type\":\"BreadcrumbList\",\"@id\":\"https:\/\/www.blogsoestado.com\/danielmatos\/jornalista-priscila-petrus-e-agraciada-com-o-premio-cafe-com-leane-lago\/#breadcrumb\",\"itemListElement\":[{\"@type\":\"ListItem\",\"position\":1,\"name\":\"In\u00edcio\",\"item\":\"https:\/\/www.blogsoestado.com\/danielmatos\/\"},{\"@type\":\"ListItem\",\"position\":2,\"name\":\"Jornalista Priscila Petrus \u00e9 agraciada com o \u201cPr\u00eamio Caf\u00e9 com Leane Lago\u201d\"}]},{\"@type\":\"WebSite\",\"@id\":\"https:\/\/www.blogsoestado.com\/danielmatos\/#website\",\"url\":\"https:\/\/www.blogsoestado.com\/danielmatos\/\",\"name\":\"Daniel Matos\",\"description\":\"\",\"potentialAction\":[{\"@type\":\"SearchAction\",\"target\":{\"@type\":\"EntryPoint\",\"urlTemplate\":\"https:\/\/www.blogsoestado.com\/danielmatos\/?s={search_term_string}\"},\"query-input\":{\"@type\":\"PropertyValueSpecification\",\"valueRequired\":true,\"valueName\":\"search_term_string\"}}],\"inLanguage\":\"pt-BR\"}]}<\/script>\n<!-- \/ Yoast SEO plugin. -->","yoast_head_json":{"title":"Jornalista Priscila Petrus \u00e9 agraciada com o \u201cPr\u00eamio Caf\u00e9 com Leane Lago\u201d - Daniel Matos","robots":{"index":"index","follow":"follow","max-snippet":"max-snippet:-1","max-image-preview":"max-image-preview:large","max-video-preview":"max-video-preview:-1"},"canonical":"https:\/\/www.blogsoestado.com\/danielmatos\/jornalista-priscila-petrus-e-agraciada-com-o-premio-cafe-com-leane-lago\/","og_locale":"pt_BR","og_type":"article","og_title":"Jornalista Priscila Petrus \u00e9 agraciada com o \u201cPr\u00eamio Caf\u00e9 com Leane Lago\u201d - Daniel Matos","og_description":"A jornalista Priscila Petrus, especialista em Assessoria de Comunica\u00e7\u00e3o e em Pol\u00edticas P\u00fablicas, foi agraciada com o &#8220;Trof\u00e9u Caf\u00e9 com [&hellip;]","og_url":"https:\/\/www.blogsoestado.com\/danielmatos\/jornalista-priscila-petrus-e-agraciada-com-o-premio-cafe-com-leane-lago\/","og_site_name":"Daniel Matos","article_published_time":"2023-03-21T20:53:44+00:00","og_image":[{"url":"https:\/\/www.blogsoestado.com\/danielmatos\/files\/2023\/03\/Screenshot_20230321-1641222-696x1024.png","type":"","width":"","height":""}],"twitter_card":"summary_large_image","twitter_misc":{"Est. tempo de leitura":"3 minutos"},"schema":{"@context":"https:\/\/schema.org","@graph":[{"@type":"WebPage","@id":"https:\/\/www.blogsoestado.com\/danielmatos\/jornalista-priscila-petrus-e-agraciada-com-o-premio-cafe-com-leane-lago\/","url":"https:\/\/www.blogsoestado.com\/danielmatos\/jornalista-priscila-petrus-e-agraciada-com-o-premio-cafe-com-leane-lago\/","name":"Jornalista Priscila Petrus \u00e9 agraciada com o \u201cPr\u00eamio Caf\u00e9 com Leane Lago\u201d - Daniel Matos","isPartOf":{"@id":"https:\/\/www.blogsoestado.com\/danielmatos\/#website"},"primaryImageOfPage":{"@id":"https:\/\/www.blogsoestado.com\/danielmatos\/jornalista-priscila-petrus-e-agraciada-com-o-premio-cafe-com-leane-lago\/#primaryimage"},"image":{"@id":"https:\/\/www.blogsoestado.com\/danielmatos\/jornalista-priscila-petrus-e-agraciada-com-o-premio-cafe-com-leane-lago\/#primaryimage"},"thumbnailUrl":"https:\/\/www.blogsoestado.com\/danielmatos\/files\/2023\/03\/Screenshot_20230321-1641222-696x1024.png","datePublished":"2023-03-21T20:53:44+00:00","author":{"@id":""},"breadcrumb":{"@id":"https:\/\/www.blogsoestado.com\/danielmatos\/jornalista-priscila-petrus-e-agraciada-com-o-premio-cafe-com-leane-lago\/#breadcrumb"},"inLanguage":"pt-BR","potentialAction":[{"@type":"ReadAction","target":["https:\/\/www.blogsoestado.com\/danielmatos\/jornalista-priscila-petrus-e-agraciada-com-o-premio-cafe-com-leane-lago\/"]}]},{"@type":"ImageObject","inLanguage":"pt-BR","@id":"https:\/\/www.blogsoestado.com\/danielmatos\/jornalista-priscila-petrus-e-agraciada-com-o-premio-cafe-com-leane-lago\/#primaryimage","url":"https:\/\/www.blogsoestado.com\/danielmatos\/files\/2023\/03\/Screenshot_20230321-1641222-696x1024.png","contentUrl":"https:\/\/www.blogsoestado.com\/danielmatos\/files\/2023\/03\/Screenshot_20230321-1641222-696x1024.png"},{"@type":"BreadcrumbList","@id":"https:\/\/www.blogsoestado.com\/danielmatos\/jornalista-priscila-petrus-e-agraciada-com-o-premio-cafe-com-leane-lago\/#breadcrumb","itemListElement":[{"@type":"ListItem","position":1,"name":"In\u00edcio","item":"https:\/\/www.blogsoestado.com\/danielmatos\/"},{"@type":"ListItem","position":2,"name":"Jornalista Priscila Petrus \u00e9 agraciada com o \u201cPr\u00eamio Caf\u00e9 com Leane Lago\u201d"}]},{"@type":"WebSite","@id":"https:\/\/www.blogsoestado.com\/danielmatos\/#website","url":"https:\/\/www.blogsoestado.com\/danielmatos\/","name":"Daniel Matos","description":"","potentialAction":[{"@type":"SearchAction","target":{"@type":"EntryPoint","urlTemplate":"https:\/\/www.blogsoestado.com\/danielmatos\/?s={search_term_string}"},"query-input":{"@type":"PropertyValueSpecification","valueRequired":true,"valueName":"search_term_string"}}],"inLanguage":"pt-BR"}]}},"jetpack_featured_media_url":"","_links":{"self":[{"href":"https:\/\/www.blogsoestado.com\/danielmatos\/wp-json\/wp\/v2\/posts\/107325","targetHints":{"allow":["GET"]}}],"collection":[{"href":"https:\/\/www.blogsoestado.com\/danielmatos\/wp-json\/wp\/v2\/posts"}],"about":[{"href":"https:\/\/www.blogsoestado.com\/danielmatos\/wp-json\/wp\/v2\/types\/post"}],"replies":[{"embeddable":true,"href":"https:\/\/www.blogsoestado.com\/danielmatos\/wp-json\/wp\/v2\/comments?post=107325"}],"version-history":[{"count":0,"href":"https:\/\/www.blogsoestado.com\/danielmatos\/wp-json\/wp\/v2\/posts\/107325\/revisions"}],"wp:attachment":[{"href":"https:\/\/www.blogsoestado.com\/danielmatos\/wp-json\/wp\/v2\/media?parent=107325"}],"wp:term":[{"taxonomy":"category","embeddable":true,"href":"https:\/\/www.blogsoestado.com\/danielmatos\/wp-json\/wp\/v2\/categories?post=107325"},{"taxonomy":"post_tag","embeddable":true,"href":"https:\/\/www.blogsoestado.com\/danielmatos\/wp-json\/wp\/v2\/tags?post=107325"}],"curies":[{"name":"wp","href":"https:\/\/api.w.org\/{rel}","templated":true}]}}