{"id":107331,"date":"2023-03-21T18:18:46","date_gmt":"2023-03-21T21:18:46","guid":{"rendered":"https:\/\/www.blogsoestado.com\/danielmatos\/?p=107331"},"modified":"2023-03-21T18:18:46","modified_gmt":"2023-03-21T21:18:46","slug":"marcial-lima-aborda-criminalidade-e-falta-de-infraestrutura-em-sao-luis-em-discurso-na-camara-municipal","status":"publish","type":"post","link":"https:\/\/www.blogsoestado.com\/danielmatos\/marcial-lima-aborda-criminalidade-e-falta-de-infraestrutura-em-sao-luis-em-discurso-na-camara-municipal\/","title":{"rendered":"Marcial Lima aborda criminalidade e falta de infraestrutura em S\u00e3o Lu\u00eds em discurso na C\u00e2mara Municipal"},"content":{"rendered":"\n<p><em><strong><span class=\"has-inline-color has-vivid-red-color\">Parlamentar cobrou nomea\u00e7\u00e3o do secret\u00e1rio de Seguran\u00e7a P\u00fablica e a volta de a\u00e7\u00f5es policiais preventivas<\/span><\/strong><\/em><\/p>\n\n\n\n<div class=\"wp-block-image\"><figure class=\"aligncenter size-large\"><a href=\"https:\/\/www.blogsoestado.com\/danielmatos\/files\/2023\/03\/Screenshot_20230321-1819382.png\"><img decoding=\"async\" src=\"https:\/\/www.blogsoestado.com\/danielmatos\/files\/2023\/03\/Screenshot_20230321-1819382.png\" alt=\"\" class=\"wp-image-107335\"\/><\/a><figcaption>O vereador falou sobre a tentativa de invas\u00e3o de domic\u00edlio sofrida pela vereadora F\u00e1tima Ara\u00fajo na madrugada de hoje, 21 (<strong>Foto:<\/strong> Leonardo Mendon\u00e7a)<\/figcaption><\/figure><\/div>\n\n\n\n<p id=\"E70\">O vereador Marcial Lima foi \u00e0 tribuna na manh\u00e3 desta ter\u00e7a-feira, 21, para falar sobre a viol\u00eancia no estado e na capital, especialmente, sobre a tentativa de invas\u00e3o de domic\u00edlio sofrida pela vereadora F\u00e1tima Ara\u00fajo na madrugada de hoje.<\/p>\n\n\n\n<p id=\"E72\">\u201cEstou subindo a esta tribuna para anunciar uma indica\u00e7\u00e3o ao governo do estado, n\u00e3o apenas pelo caso da vereadora, mas porque esse tipo de situa\u00e7\u00e3o ocorre todos os dias nesta cidade\u201d, declarou.<\/p>\n\n\n\n<p id=\"E75\">O parlamentar prestou solidariedade \u00e0 colega de parlamento, e cobrou dentre outras coisas a defini\u00e7\u00e3o do novo secret\u00e1rio de seguran\u00e7a \u2013 uma vez que, a vaga permanece em aberto. Marcial pediu a\u00e7\u00f5es de preven\u00e7\u00e3o da viol\u00eancia como a volta da barreira da Estiva, entrada e sa\u00edda de S\u00e3o Lu\u00eds.<\/p>\n\n\n\n<p id=\"E77\">\u201cEu duvido se o cidad\u00e3o de bem n\u00e3o gosta do seu carro ser revistado pelos policiais. Quando vou at\u00e9 Graja\u00fa, e encontro com uma barreira policial, fico satisfeito, pois sou um cidad\u00e3o de bem e n\u00e3o estou cometendo nenhuma conduta ilegal\u201d, frisou.<\/p>\n\n\n\n<p id=\"E80\"><strong>Outros temas<\/strong><\/p>\n\n\n\n<p id=\"E82\">Outro tema no seu discurso foram as obras asf\u00e1lticas realizadas pela Prefeitura. Marcial criticou o volume de servi\u00e7os realizados na capital, que n\u00e3o atendem \u00e0 demanda, bem como a qualidade e conclus\u00e3o entregues \u00e0 popula\u00e7\u00e3o. \u201cDe nada vai adiantar a Prefeitura fazer tr\u00e2nsito livre e deixar avenidas interbairros completamente largadas\u201d, avaliou.<\/p>\n\n\n\n<p id=\"E84\">Ele criticou ainda a inefici\u00eancia da gest\u00e3o no que tange as \u00e1reas de risco. O vereador refor\u00e7ou que o problema se agravou entre gest\u00f5es, tendo S\u00e3o Lu\u00eds, hoje, 10 \u00e1reas de risco a mais que na gest\u00e3o anterior. Segundo Marcial, isso demonstra a falta de pol\u00edticas eficazes.<\/p>\n\n\n\n<p><strong>Assista ao v\u00eddeo <a href=\"https:\/\/youtu.be\/wCUsd3QLTKU\">aqui<\/a><\/strong>.<\/p>\n","protected":false},"excerpt":{"rendered":"<p>Parlamentar cobrou nomea\u00e7\u00e3o do secret\u00e1rio de Seguran\u00e7a P\u00fablica e a volta de a\u00e7\u00f5es policiais preventivas O vereador Marcial Lima foi [&hellip;]<\/p>\n","protected":false},"author":0,"featured_media":0,"comment_status":"open","ping_status":"open","sticky":false,"template":"","format":"standard","meta":{"site-sidebar-layout":"default","site-content-layout":"","ast-site-content-layout":"default","site-content-style":"default","site-sidebar-style":"default","ast-global-header-display":"","ast-banner-title-visibility":"","ast-main-header-display":"","ast-hfb-above-header-display":"","ast-hfb-below-header-display":"","ast-hfb-mobile-header-display":"","site-post-title":"","ast-breadcrumbs-content":"","ast-featured-img":"","footer-sml-layout":"","ast-disable-related-posts":"","theme-transparent-header-meta":"","adv-header-id-meta":"","stick-header-meta":"","header-above-stick-meta":"","header-main-stick-meta":"","header-below-stick-meta":"","astra-migrate-meta-layouts":"default","ast-page-background-enabled":"default","ast-page-background-meta":{"desktop":{"background-color":"var(--ast-global-color-5)","background-image":"","background-repeat":"repeat","background-position":"center center","background-size":"auto","background-attachment":"scroll","background-type":"","background-media":"","overlay-type":"","overlay-color":"","overlay-opacity":"","overlay-gradient":""},"tablet":{"background-color":"","background-image":"","background-repeat":"repeat","background-position":"center center","background-size":"auto","background-attachment":"scroll","background-type":"","background-media":"","overlay-type":"","overlay-color":"","overlay-opacity":"","overlay-gradient":""},"mobile":{"background-color":"","background-image":"","background-repeat":"repeat","background-position":"center center","background-size":"auto","background-attachment":"scroll","background-type":"","background-media":"","overlay-type":"","overlay-color":"","overlay-opacity":"","overlay-gradient":""}},"ast-content-background-meta":{"desktop":{"background-color":"var(--ast-global-color-4)","background-image":"","background-repeat":"repeat","background-position":"center center","background-size":"auto","background-attachment":"scroll","background-type":"","background-media":"","overlay-type":"","overlay-color":"","overlay-opacity":"","overlay-gradient":""},"tablet":{"background-color":"var(--ast-global-color-4)","background-image":"","background-repeat":"repeat","background-position":"center center","background-size":"auto","background-attachment":"scroll","background-type":"","background-media":"","overlay-type":"","overlay-color":"","overlay-opacity":"","overlay-gradient":""},"mobile":{"background-color":"var(--ast-global-color-4)","background-image":"","background-repeat":"repeat","background-position":"center center","background-size":"auto","background-attachment":"scroll","background-type":"","background-media":"","overlay-type":"","overlay-color":"","overlay-opacity":"","overlay-gradient":""}},"footnotes":""},"categories":[1],"tags":[],"class_list":["post-107331","post","type-post","status-publish","format-standard","hentry","category-sem-categoria"],"yoast_head":"<!-- This site is optimized with the Yoast SEO plugin v26.6 - https:\/\/yoast.com\/wordpress\/plugins\/seo\/ -->\n<title>Marcial Lima aborda criminalidade e falta de infraestrutura em S\u00e3o Lu\u00eds em discurso na C\u00e2mara Municipal - Daniel Matos<\/title>\n<meta name=\"robots\" content=\"index, follow, max-snippet:-1, max-image-preview:large, max-video-preview:-1\" \/>\n<link rel=\"canonical\" href=\"https:\/\/www.blogsoestado.com\/danielmatos\/marcial-lima-aborda-criminalidade-e-falta-de-infraestrutura-em-sao-luis-em-discurso-na-camara-municipal\/\" \/>\n<meta property=\"og:locale\" content=\"pt_BR\" \/>\n<meta property=\"og:type\" content=\"article\" \/>\n<meta property=\"og:title\" content=\"Marcial Lima aborda criminalidade e falta de infraestrutura em S\u00e3o Lu\u00eds em discurso na C\u00e2mara Municipal - Daniel Matos\" \/>\n<meta property=\"og:description\" content=\"Parlamentar cobrou nomea\u00e7\u00e3o do secret\u00e1rio de Seguran\u00e7a P\u00fablica e a volta de a\u00e7\u00f5es policiais preventivas O vereador Marcial Lima foi [&hellip;]\" \/>\n<meta property=\"og:url\" content=\"https:\/\/www.blogsoestado.com\/danielmatos\/marcial-lima-aborda-criminalidade-e-falta-de-infraestrutura-em-sao-luis-em-discurso-na-camara-municipal\/\" \/>\n<meta property=\"og:site_name\" content=\"Daniel Matos\" \/>\n<meta property=\"article:published_time\" content=\"2023-03-21T21:18:46+00:00\" \/>\n<meta property=\"og:image\" content=\"https:\/\/www.blogsoestado.com\/danielmatos\/files\/2023\/03\/Screenshot_20230321-1819382.png\" \/>\n<meta name=\"twitter:card\" content=\"summary_large_image\" \/>\n<meta name=\"twitter:label1\" content=\"Est. tempo de leitura\" \/>\n\t<meta name=\"twitter:data1\" content=\"2 minutos\" \/>\n<script type=\"application\/ld+json\" class=\"yoast-schema-graph\">{\"@context\":\"https:\/\/schema.org\",\"@graph\":[{\"@type\":\"WebPage\",\"@id\":\"https:\/\/www.blogsoestado.com\/danielmatos\/marcial-lima-aborda-criminalidade-e-falta-de-infraestrutura-em-sao-luis-em-discurso-na-camara-municipal\/\",\"url\":\"https:\/\/www.blogsoestado.com\/danielmatos\/marcial-lima-aborda-criminalidade-e-falta-de-infraestrutura-em-sao-luis-em-discurso-na-camara-municipal\/\",\"name\":\"Marcial Lima aborda criminalidade e falta de infraestrutura em S\u00e3o Lu\u00eds em discurso na C\u00e2mara Municipal - Daniel Matos\",\"isPartOf\":{\"@id\":\"https:\/\/www.blogsoestado.com\/danielmatos\/#website\"},\"primaryImageOfPage\":{\"@id\":\"https:\/\/www.blogsoestado.com\/danielmatos\/marcial-lima-aborda-criminalidade-e-falta-de-infraestrutura-em-sao-luis-em-discurso-na-camara-municipal\/#primaryimage\"},\"image\":{\"@id\":\"https:\/\/www.blogsoestado.com\/danielmatos\/marcial-lima-aborda-criminalidade-e-falta-de-infraestrutura-em-sao-luis-em-discurso-na-camara-municipal\/#primaryimage\"},\"thumbnailUrl\":\"https:\/\/www.blogsoestado.com\/danielmatos\/files\/2023\/03\/Screenshot_20230321-1819382.png\",\"datePublished\":\"2023-03-21T21:18:46+00:00\",\"author\":{\"@id\":\"\"},\"breadcrumb\":{\"@id\":\"https:\/\/www.blogsoestado.com\/danielmatos\/marcial-lima-aborda-criminalidade-e-falta-de-infraestrutura-em-sao-luis-em-discurso-na-camara-municipal\/#breadcrumb\"},\"inLanguage\":\"pt-BR\",\"potentialAction\":[{\"@type\":\"ReadAction\",\"target\":[\"https:\/\/www.blogsoestado.com\/danielmatos\/marcial-lima-aborda-criminalidade-e-falta-de-infraestrutura-em-sao-luis-em-discurso-na-camara-municipal\/\"]}]},{\"@type\":\"ImageObject\",\"inLanguage\":\"pt-BR\",\"@id\":\"https:\/\/www.blogsoestado.com\/danielmatos\/marcial-lima-aborda-criminalidade-e-falta-de-infraestrutura-em-sao-luis-em-discurso-na-camara-municipal\/#primaryimage\",\"url\":\"https:\/\/www.blogsoestado.com\/danielmatos\/files\/2023\/03\/Screenshot_20230321-1819382.png\",\"contentUrl\":\"https:\/\/www.blogsoestado.com\/danielmatos\/files\/2023\/03\/Screenshot_20230321-1819382.png\"},{\"@type\":\"BreadcrumbList\",\"@id\":\"https:\/\/www.blogsoestado.com\/danielmatos\/marcial-lima-aborda-criminalidade-e-falta-de-infraestrutura-em-sao-luis-em-discurso-na-camara-municipal\/#breadcrumb\",\"itemListElement\":[{\"@type\":\"ListItem\",\"position\":1,\"name\":\"In\u00edcio\",\"item\":\"https:\/\/www.blogsoestado.com\/danielmatos\/\"},{\"@type\":\"ListItem\",\"position\":2,\"name\":\"Marcial Lima aborda criminalidade e falta de infraestrutura em S\u00e3o Lu\u00eds em discurso na C\u00e2mara Municipal\"}]},{\"@type\":\"WebSite\",\"@id\":\"https:\/\/www.blogsoestado.com\/danielmatos\/#website\",\"url\":\"https:\/\/www.blogsoestado.com\/danielmatos\/\",\"name\":\"Daniel Matos\",\"description\":\"\",\"potentialAction\":[{\"@type\":\"SearchAction\",\"target\":{\"@type\":\"EntryPoint\",\"urlTemplate\":\"https:\/\/www.blogsoestado.com\/danielmatos\/?s={search_term_string}\"},\"query-input\":{\"@type\":\"PropertyValueSpecification\",\"valueRequired\":true,\"valueName\":\"search_term_string\"}}],\"inLanguage\":\"pt-BR\"}]}<\/script>\n<!-- \/ Yoast SEO plugin. -->","yoast_head_json":{"title":"Marcial Lima aborda criminalidade e falta de infraestrutura em S\u00e3o Lu\u00eds em discurso na C\u00e2mara Municipal - Daniel Matos","robots":{"index":"index","follow":"follow","max-snippet":"max-snippet:-1","max-image-preview":"max-image-preview:large","max-video-preview":"max-video-preview:-1"},"canonical":"https:\/\/www.blogsoestado.com\/danielmatos\/marcial-lima-aborda-criminalidade-e-falta-de-infraestrutura-em-sao-luis-em-discurso-na-camara-municipal\/","og_locale":"pt_BR","og_type":"article","og_title":"Marcial Lima aborda criminalidade e falta de infraestrutura em S\u00e3o Lu\u00eds em discurso na C\u00e2mara Municipal - Daniel Matos","og_description":"Parlamentar cobrou nomea\u00e7\u00e3o do secret\u00e1rio de Seguran\u00e7a P\u00fablica e a volta de a\u00e7\u00f5es policiais preventivas O vereador Marcial Lima foi [&hellip;]","og_url":"https:\/\/www.blogsoestado.com\/danielmatos\/marcial-lima-aborda-criminalidade-e-falta-de-infraestrutura-em-sao-luis-em-discurso-na-camara-municipal\/","og_site_name":"Daniel Matos","article_published_time":"2023-03-21T21:18:46+00:00","og_image":[{"url":"https:\/\/www.blogsoestado.com\/danielmatos\/files\/2023\/03\/Screenshot_20230321-1819382.png","type":"","width":"","height":""}],"twitter_card":"summary_large_image","twitter_misc":{"Est. tempo de leitura":"2 minutos"},"schema":{"@context":"https:\/\/schema.org","@graph":[{"@type":"WebPage","@id":"https:\/\/www.blogsoestado.com\/danielmatos\/marcial-lima-aborda-criminalidade-e-falta-de-infraestrutura-em-sao-luis-em-discurso-na-camara-municipal\/","url":"https:\/\/www.blogsoestado.com\/danielmatos\/marcial-lima-aborda-criminalidade-e-falta-de-infraestrutura-em-sao-luis-em-discurso-na-camara-municipal\/","name":"Marcial Lima aborda criminalidade e falta de infraestrutura em S\u00e3o Lu\u00eds em discurso na C\u00e2mara Municipal - Daniel Matos","isPartOf":{"@id":"https:\/\/www.blogsoestado.com\/danielmatos\/#website"},"primaryImageOfPage":{"@id":"https:\/\/www.blogsoestado.com\/danielmatos\/marcial-lima-aborda-criminalidade-e-falta-de-infraestrutura-em-sao-luis-em-discurso-na-camara-municipal\/#primaryimage"},"image":{"@id":"https:\/\/www.blogsoestado.com\/danielmatos\/marcial-lima-aborda-criminalidade-e-falta-de-infraestrutura-em-sao-luis-em-discurso-na-camara-municipal\/#primaryimage"},"thumbnailUrl":"https:\/\/www.blogsoestado.com\/danielmatos\/files\/2023\/03\/Screenshot_20230321-1819382.png","datePublished":"2023-03-21T21:18:46+00:00","author":{"@id":""},"breadcrumb":{"@id":"https:\/\/www.blogsoestado.com\/danielmatos\/marcial-lima-aborda-criminalidade-e-falta-de-infraestrutura-em-sao-luis-em-discurso-na-camara-municipal\/#breadcrumb"},"inLanguage":"pt-BR","potentialAction":[{"@type":"ReadAction","target":["https:\/\/www.blogsoestado.com\/danielmatos\/marcial-lima-aborda-criminalidade-e-falta-de-infraestrutura-em-sao-luis-em-discurso-na-camara-municipal\/"]}]},{"@type":"ImageObject","inLanguage":"pt-BR","@id":"https:\/\/www.blogsoestado.com\/danielmatos\/marcial-lima-aborda-criminalidade-e-falta-de-infraestrutura-em-sao-luis-em-discurso-na-camara-municipal\/#primaryimage","url":"https:\/\/www.blogsoestado.com\/danielmatos\/files\/2023\/03\/Screenshot_20230321-1819382.png","contentUrl":"https:\/\/www.blogsoestado.com\/danielmatos\/files\/2023\/03\/Screenshot_20230321-1819382.png"},{"@type":"BreadcrumbList","@id":"https:\/\/www.blogsoestado.com\/danielmatos\/marcial-lima-aborda-criminalidade-e-falta-de-infraestrutura-em-sao-luis-em-discurso-na-camara-municipal\/#breadcrumb","itemListElement":[{"@type":"ListItem","position":1,"name":"In\u00edcio","item":"https:\/\/www.blogsoestado.com\/danielmatos\/"},{"@type":"ListItem","position":2,"name":"Marcial Lima aborda criminalidade e falta de infraestrutura em S\u00e3o Lu\u00eds em discurso na C\u00e2mara Municipal"}]},{"@type":"WebSite","@id":"https:\/\/www.blogsoestado.com\/danielmatos\/#website","url":"https:\/\/www.blogsoestado.com\/danielmatos\/","name":"Daniel Matos","description":"","potentialAction":[{"@type":"SearchAction","target":{"@type":"EntryPoint","urlTemplate":"https:\/\/www.blogsoestado.com\/danielmatos\/?s={search_term_string}"},"query-input":{"@type":"PropertyValueSpecification","valueRequired":true,"valueName":"search_term_string"}}],"inLanguage":"pt-BR"}]}},"jetpack_featured_media_url":"","_links":{"self":[{"href":"https:\/\/www.blogsoestado.com\/danielmatos\/wp-json\/wp\/v2\/posts\/107331","targetHints":{"allow":["GET"]}}],"collection":[{"href":"https:\/\/www.blogsoestado.com\/danielmatos\/wp-json\/wp\/v2\/posts"}],"about":[{"href":"https:\/\/www.blogsoestado.com\/danielmatos\/wp-json\/wp\/v2\/types\/post"}],"replies":[{"embeddable":true,"href":"https:\/\/www.blogsoestado.com\/danielmatos\/wp-json\/wp\/v2\/comments?post=107331"}],"version-history":[{"count":0,"href":"https:\/\/www.blogsoestado.com\/danielmatos\/wp-json\/wp\/v2\/posts\/107331\/revisions"}],"wp:attachment":[{"href":"https:\/\/www.blogsoestado.com\/danielmatos\/wp-json\/wp\/v2\/media?parent=107331"}],"wp:term":[{"taxonomy":"category","embeddable":true,"href":"https:\/\/www.blogsoestado.com\/danielmatos\/wp-json\/wp\/v2\/categories?post=107331"},{"taxonomy":"post_tag","embeddable":true,"href":"https:\/\/www.blogsoestado.com\/danielmatos\/wp-json\/wp\/v2\/tags?post=107331"}],"curies":[{"name":"wp","href":"https:\/\/api.w.org\/{rel}","templated":true}]}}