{"id":107339,"date":"2023-03-21T20:35:01","date_gmt":"2023-03-21T23:35:01","guid":{"rendered":"https:\/\/www.blogsoestado.com\/danielmatos\/?p=107339"},"modified":"2023-03-21T20:35:01","modified_gmt":"2023-03-21T23:35:01","slug":"brandao-exalta-alianca-politica-das-familias-gentil-e-coutinho-em-prol-do-maranhao-ao-referendar-parceria-em-reuniao-no-palacio-dos-leoes","status":"publish","type":"post","link":"https:\/\/www.blogsoestado.com\/danielmatos\/brandao-exalta-alianca-politica-das-familias-gentil-e-coutinho-em-prol-do-maranhao-ao-referendar-parceria-em-reuniao-no-palacio-dos-leoes\/","title":{"rendered":"Brand\u00e3o exalta alian\u00e7a pol\u00edtica das fam\u00edlias Gentil e Coutinho em prol do Maranh\u00e3o ao referendar parceria em reuni\u00e3o no Pal\u00e1cio dos Le\u00f5es"},"content":{"rendered":"\n<div class=\"wp-block-image\"><figure class=\"aligncenter size-large\"><a href=\"https:\/\/www.blogsoestado.com\/danielmatos\/files\/2023\/03\/Screenshot_20230321-2017192.png\"><img decoding=\"async\" src=\"https:\/\/www.blogsoestado.com\/danielmatos\/files\/2023\/03\/Screenshot_20230321-2017192.png\" alt=\"\" class=\"wp-image-107344\"\/><\/a><figcaption>Grupos pol\u00edticos liderados pelos prefeitos F\u00e1bio Gentil e Ferdinand Coutinho selaram alian\u00e7a em reuni\u00e3o no Pal\u00e1cio dos Le\u00f5es, com a presen\u00e7a do governador Carlos Brand\u00e3o, que referendou a parceria em prol do povo e do municipalismo<\/figcaption><\/figure><\/div>\n\n\n\n<p>O governador Carlos Brand\u00e3o registrou com entusiasmo, em suas redes sociais, a uni\u00e3o dos prefeitos F\u00e1bio Gentil, de Caxias, e Fernand Coutinho, de Mat\u00f5es, e suas respectivas fam\u00edlias e grupos pol\u00edticos em prol do Maranh\u00e3o. A alian\u00e7a entre os dois l\u00edderes do leste do estado, popularmente conhecido como Regi\u00e3o dos Cocais, foi selada em reuni\u00e3o no Pal\u00e1cio dos Le\u00f5es, nessa segunda-feira (20), na presen\u00e7a do governador e das deputadas estaduais Daniella e Claudia Coutinho.<\/p>\n\n\n\n<p>Outras lideran\u00e7as prestigiaram o ato, como o ex-vereador caxiense Ironaldo Alencar e o secret\u00e1rio de Governo de Mat\u00f5es, Nonatinho. Quanto a Alencar, a perspectiva \u00e9 que ele componha a chapa maiorit\u00e1ria na elei\u00e7\u00e3o para a Prefeitura de Caxias, em 2024. As movimenta\u00e7\u00f5es indicam que o escolhido para disputar a sucess\u00e3o do prefeito F\u00e1bio Gentil \u00e9 o atual secret\u00e1rio municipal de Infraestrutura, Gentil Neto.<\/p>\n\n\n\n<div class=\"wp-block-image\"><figure class=\"aligncenter size-large\"><a href=\"https:\/\/www.blogsoestado.com\/danielmatos\/files\/2023\/03\/Screenshot_20230321-2017482.png\"><img decoding=\"async\" src=\"https:\/\/www.blogsoestado.com\/danielmatos\/files\/2023\/03\/Screenshot_20230321-2017482.png\" alt=\"\" class=\"wp-image-107345\"\/><\/a><figcaption>F\u00e1bio Gentil e a deputada estadual Daniella com o governador Carlos Brand\u00e3o, com quem reafirmaram a parceria de trabalho e o alinhamento pol\u00edtico<\/figcaption><\/figure><\/div>\n\n\n\n<p>A composi\u00e7\u00e3o chancelada por Brand\u00e3o inclui, ainda, a pr\u00e9-candidatura da deputada estadual Daniella a prefeita de Presidente Dutra, terra natal da parlamentar, que al\u00e9m das ra\u00edzes familiares, mant\u00e9m forte identifica\u00e7\u00e3o e estreita rela\u00e7\u00e3o com figuras de express\u00e3o da pol\u00edtica do munic\u00edpio.<\/p>\n\n\n\n<p>O governador do Maranh\u00e3o destacou o car\u00e1ter municipalista da alian\u00e7a. &#8220;Nosso governo trabalha em parceria com todos os que querem o melhor para o nosso estado&#8221;, assinalou.<\/p>\n\n\n\n<div class=\"wp-block-image\"><figure class=\"aligncenter size-large\"><a href=\"https:\/\/www.blogsoestado.com\/danielmatos\/files\/2023\/03\/Screenshot_20230321-1615352.png\"><img decoding=\"async\" src=\"https:\/\/www.blogsoestado.com\/danielmatos\/files\/2023\/03\/Screenshot_20230321-1615352.png\" alt=\"\" class=\"wp-image-107346\"\/><\/a><figcaption>Brand\u00e3o demonstrou sintonia com as deputadas estaduais Daniella e Claudia Coutinho, que v\u00eam atuando juntas para.foeraleceena alian\u00e7a pol\u00edtica<\/figcaption><\/figure><\/div>\n\n\n\n<p><strong>Fortalecimento<\/strong> <\/p>\n\n\n\n<p>Ao comentar a participa\u00e7\u00e3o e o aval de Carlos Brand\u00e3o \u00e0 composi\u00e7\u00e3o pol\u00edtica, a deputada Daniella parabenizou o companheiro de vida e de luta, F\u00e1bio Gentil, e o governador por fortaleceram parcerias que s\u00e3o sin\u00f4nimos de trabalho em benef\u00edcio do povo, palavras que refor\u00e7aram o \u00e2nimo do chefe do Poder em se manter alinhado a t\u00e3o nobre prop\u00f3sito. &#8220;Vamos em frente&#8221;, escreveu Brand\u00e3o em resposta \u00e0 parlamentar.<\/p>\n\n\n\n<p>  <\/p>\n","protected":false},"excerpt":{"rendered":"<p>O governador Carlos Brand\u00e3o registrou com entusiasmo, em suas redes sociais, a uni\u00e3o dos prefeitos F\u00e1bio Gentil, de Caxias, e [&hellip;]<\/p>\n","protected":false},"author":0,"featured_media":0,"comment_status":"open","ping_status":"open","sticky":false,"template":"","format":"standard","meta":{"site-sidebar-layout":"default","site-content-layout":"","ast-site-content-layout":"default","site-content-style":"default","site-sidebar-style":"default","ast-global-header-display":"","ast-banner-title-visibility":"","ast-main-header-display":"","ast-hfb-above-header-display":"","ast-hfb-below-header-display":"","ast-hfb-mobile-header-display":"","site-post-title":"","ast-breadcrumbs-content":"","ast-featured-img":"","footer-sml-layout":"","ast-disable-related-posts":"","theme-transparent-header-meta":"","adv-header-id-meta":"","stick-header-meta":"","header-above-stick-meta":"","header-main-stick-meta":"","header-below-stick-meta":"","astra-migrate-meta-layouts":"default","ast-page-background-enabled":"default","ast-page-background-meta":{"desktop":{"background-color":"var(--ast-global-color-5)","background-image":"","background-repeat":"repeat","background-position":"center center","background-size":"auto","background-attachment":"scroll","background-type":"","background-media":"","overlay-type":"","overlay-color":"","overlay-opacity":"","overlay-gradient":""},"tablet":{"background-color":"","background-image":"","background-repeat":"repeat","background-position":"center center","background-size":"auto","background-attachment":"scroll","background-type":"","background-media":"","overlay-type":"","overlay-color":"","overlay-opacity":"","overlay-gradient":""},"mobile":{"background-color":"","background-image":"","background-repeat":"repeat","background-position":"center center","background-size":"auto","background-attachment":"scroll","background-type":"","background-media":"","overlay-type":"","overlay-color":"","overlay-opacity":"","overlay-gradient":""}},"ast-content-background-meta":{"desktop":{"background-color":"var(--ast-global-color-4)","background-image":"","background-repeat":"repeat","background-position":"center center","background-size":"auto","background-attachment":"scroll","background-type":"","background-media":"","overlay-type":"","overlay-color":"","overlay-opacity":"","overlay-gradient":""},"tablet":{"background-color":"var(--ast-global-color-4)","background-image":"","background-repeat":"repeat","background-position":"center center","background-size":"auto","background-attachment":"scroll","background-type":"","background-media":"","overlay-type":"","overlay-color":"","overlay-opacity":"","overlay-gradient":""},"mobile":{"background-color":"var(--ast-global-color-4)","background-image":"","background-repeat":"repeat","background-position":"center center","background-size":"auto","background-attachment":"scroll","background-type":"","background-media":"","overlay-type":"","overlay-color":"","overlay-opacity":"","overlay-gradient":""}},"footnotes":""},"categories":[1],"tags":[],"class_list":["post-107339","post","type-post","status-publish","format-standard","hentry","category-sem-categoria"],"yoast_head":"<!-- This site is optimized with the Yoast SEO plugin v26.6 - https:\/\/yoast.com\/wordpress\/plugins\/seo\/ -->\n<title>Brand\u00e3o exalta alian\u00e7a pol\u00edtica das fam\u00edlias Gentil e Coutinho em prol do Maranh\u00e3o ao referendar parceria em reuni\u00e3o no Pal\u00e1cio dos Le\u00f5es - Daniel Matos<\/title>\n<meta name=\"robots\" content=\"index, follow, max-snippet:-1, max-image-preview:large, max-video-preview:-1\" \/>\n<link rel=\"canonical\" href=\"https:\/\/www.blogsoestado.com\/danielmatos\/brandao-exalta-alianca-politica-das-familias-gentil-e-coutinho-em-prol-do-maranhao-ao-referendar-parceria-em-reuniao-no-palacio-dos-leoes\/\" \/>\n<meta property=\"og:locale\" content=\"pt_BR\" \/>\n<meta property=\"og:type\" content=\"article\" \/>\n<meta property=\"og:title\" content=\"Brand\u00e3o exalta alian\u00e7a pol\u00edtica das fam\u00edlias Gentil e Coutinho em prol do Maranh\u00e3o ao referendar parceria em reuni\u00e3o no Pal\u00e1cio dos Le\u00f5es - Daniel Matos\" \/>\n<meta property=\"og:description\" content=\"O governador Carlos Brand\u00e3o registrou com entusiasmo, em suas redes sociais, a uni\u00e3o dos prefeitos F\u00e1bio Gentil, de Caxias, e [&hellip;]\" \/>\n<meta property=\"og:url\" content=\"https:\/\/www.blogsoestado.com\/danielmatos\/brandao-exalta-alianca-politica-das-familias-gentil-e-coutinho-em-prol-do-maranhao-ao-referendar-parceria-em-reuniao-no-palacio-dos-leoes\/\" \/>\n<meta property=\"og:site_name\" content=\"Daniel Matos\" \/>\n<meta property=\"article:published_time\" content=\"2023-03-21T23:35:01+00:00\" \/>\n<meta property=\"og:image\" content=\"https:\/\/www.blogsoestado.com\/danielmatos\/files\/2023\/03\/Screenshot_20230321-2017192.png\" \/>\n<meta name=\"twitter:card\" content=\"summary_large_image\" \/>\n<meta name=\"twitter:label1\" content=\"Est. tempo de leitura\" \/>\n\t<meta name=\"twitter:data1\" content=\"3 minutos\" \/>\n<script type=\"application\/ld+json\" class=\"yoast-schema-graph\">{\"@context\":\"https:\/\/schema.org\",\"@graph\":[{\"@type\":\"WebPage\",\"@id\":\"https:\/\/www.blogsoestado.com\/danielmatos\/brandao-exalta-alianca-politica-das-familias-gentil-e-coutinho-em-prol-do-maranhao-ao-referendar-parceria-em-reuniao-no-palacio-dos-leoes\/\",\"url\":\"https:\/\/www.blogsoestado.com\/danielmatos\/brandao-exalta-alianca-politica-das-familias-gentil-e-coutinho-em-prol-do-maranhao-ao-referendar-parceria-em-reuniao-no-palacio-dos-leoes\/\",\"name\":\"Brand\u00e3o exalta alian\u00e7a pol\u00edtica das fam\u00edlias Gentil e Coutinho em prol do Maranh\u00e3o ao referendar parceria em reuni\u00e3o no Pal\u00e1cio dos Le\u00f5es - Daniel Matos\",\"isPartOf\":{\"@id\":\"https:\/\/www.blogsoestado.com\/danielmatos\/#website\"},\"primaryImageOfPage\":{\"@id\":\"https:\/\/www.blogsoestado.com\/danielmatos\/brandao-exalta-alianca-politica-das-familias-gentil-e-coutinho-em-prol-do-maranhao-ao-referendar-parceria-em-reuniao-no-palacio-dos-leoes\/#primaryimage\"},\"image\":{\"@id\":\"https:\/\/www.blogsoestado.com\/danielmatos\/brandao-exalta-alianca-politica-das-familias-gentil-e-coutinho-em-prol-do-maranhao-ao-referendar-parceria-em-reuniao-no-palacio-dos-leoes\/#primaryimage\"},\"thumbnailUrl\":\"https:\/\/www.blogsoestado.com\/danielmatos\/files\/2023\/03\/Screenshot_20230321-2017192.png\",\"datePublished\":\"2023-03-21T23:35:01+00:00\",\"author\":{\"@id\":\"\"},\"breadcrumb\":{\"@id\":\"https:\/\/www.blogsoestado.com\/danielmatos\/brandao-exalta-alianca-politica-das-familias-gentil-e-coutinho-em-prol-do-maranhao-ao-referendar-parceria-em-reuniao-no-palacio-dos-leoes\/#breadcrumb\"},\"inLanguage\":\"pt-BR\",\"potentialAction\":[{\"@type\":\"ReadAction\",\"target\":[\"https:\/\/www.blogsoestado.com\/danielmatos\/brandao-exalta-alianca-politica-das-familias-gentil-e-coutinho-em-prol-do-maranhao-ao-referendar-parceria-em-reuniao-no-palacio-dos-leoes\/\"]}]},{\"@type\":\"ImageObject\",\"inLanguage\":\"pt-BR\",\"@id\":\"https:\/\/www.blogsoestado.com\/danielmatos\/brandao-exalta-alianca-politica-das-familias-gentil-e-coutinho-em-prol-do-maranhao-ao-referendar-parceria-em-reuniao-no-palacio-dos-leoes\/#primaryimage\",\"url\":\"https:\/\/www.blogsoestado.com\/danielmatos\/files\/2023\/03\/Screenshot_20230321-2017192.png\",\"contentUrl\":\"https:\/\/www.blogsoestado.com\/danielmatos\/files\/2023\/03\/Screenshot_20230321-2017192.png\"},{\"@type\":\"BreadcrumbList\",\"@id\":\"https:\/\/www.blogsoestado.com\/danielmatos\/brandao-exalta-alianca-politica-das-familias-gentil-e-coutinho-em-prol-do-maranhao-ao-referendar-parceria-em-reuniao-no-palacio-dos-leoes\/#breadcrumb\",\"itemListElement\":[{\"@type\":\"ListItem\",\"position\":1,\"name\":\"In\u00edcio\",\"item\":\"https:\/\/www.blogsoestado.com\/danielmatos\/\"},{\"@type\":\"ListItem\",\"position\":2,\"name\":\"Brand\u00e3o exalta alian\u00e7a pol\u00edtica das fam\u00edlias Gentil e Coutinho em prol do Maranh\u00e3o ao referendar parceria em reuni\u00e3o no Pal\u00e1cio dos Le\u00f5es\"}]},{\"@type\":\"WebSite\",\"@id\":\"https:\/\/www.blogsoestado.com\/danielmatos\/#website\",\"url\":\"https:\/\/www.blogsoestado.com\/danielmatos\/\",\"name\":\"Daniel Matos\",\"description\":\"\",\"potentialAction\":[{\"@type\":\"SearchAction\",\"target\":{\"@type\":\"EntryPoint\",\"urlTemplate\":\"https:\/\/www.blogsoestado.com\/danielmatos\/?s={search_term_string}\"},\"query-input\":{\"@type\":\"PropertyValueSpecification\",\"valueRequired\":true,\"valueName\":\"search_term_string\"}}],\"inLanguage\":\"pt-BR\"}]}<\/script>\n<!-- \/ Yoast SEO plugin. -->","yoast_head_json":{"title":"Brand\u00e3o exalta alian\u00e7a pol\u00edtica das fam\u00edlias Gentil e Coutinho em prol do Maranh\u00e3o ao referendar parceria em reuni\u00e3o no Pal\u00e1cio dos Le\u00f5es - Daniel Matos","robots":{"index":"index","follow":"follow","max-snippet":"max-snippet:-1","max-image-preview":"max-image-preview:large","max-video-preview":"max-video-preview:-1"},"canonical":"https:\/\/www.blogsoestado.com\/danielmatos\/brandao-exalta-alianca-politica-das-familias-gentil-e-coutinho-em-prol-do-maranhao-ao-referendar-parceria-em-reuniao-no-palacio-dos-leoes\/","og_locale":"pt_BR","og_type":"article","og_title":"Brand\u00e3o exalta alian\u00e7a pol\u00edtica das fam\u00edlias Gentil e Coutinho em prol do Maranh\u00e3o ao referendar parceria em reuni\u00e3o no Pal\u00e1cio dos Le\u00f5es - Daniel Matos","og_description":"O governador Carlos Brand\u00e3o registrou com entusiasmo, em suas redes sociais, a uni\u00e3o dos prefeitos F\u00e1bio Gentil, de Caxias, e [&hellip;]","og_url":"https:\/\/www.blogsoestado.com\/danielmatos\/brandao-exalta-alianca-politica-das-familias-gentil-e-coutinho-em-prol-do-maranhao-ao-referendar-parceria-em-reuniao-no-palacio-dos-leoes\/","og_site_name":"Daniel Matos","article_published_time":"2023-03-21T23:35:01+00:00","og_image":[{"url":"https:\/\/www.blogsoestado.com\/danielmatos\/files\/2023\/03\/Screenshot_20230321-2017192.png","type":"","width":"","height":""}],"twitter_card":"summary_large_image","twitter_misc":{"Est. tempo de leitura":"3 minutos"},"schema":{"@context":"https:\/\/schema.org","@graph":[{"@type":"WebPage","@id":"https:\/\/www.blogsoestado.com\/danielmatos\/brandao-exalta-alianca-politica-das-familias-gentil-e-coutinho-em-prol-do-maranhao-ao-referendar-parceria-em-reuniao-no-palacio-dos-leoes\/","url":"https:\/\/www.blogsoestado.com\/danielmatos\/brandao-exalta-alianca-politica-das-familias-gentil-e-coutinho-em-prol-do-maranhao-ao-referendar-parceria-em-reuniao-no-palacio-dos-leoes\/","name":"Brand\u00e3o exalta alian\u00e7a pol\u00edtica das fam\u00edlias Gentil e Coutinho em prol do Maranh\u00e3o ao referendar parceria em reuni\u00e3o no Pal\u00e1cio dos Le\u00f5es - Daniel Matos","isPartOf":{"@id":"https:\/\/www.blogsoestado.com\/danielmatos\/#website"},"primaryImageOfPage":{"@id":"https:\/\/www.blogsoestado.com\/danielmatos\/brandao-exalta-alianca-politica-das-familias-gentil-e-coutinho-em-prol-do-maranhao-ao-referendar-parceria-em-reuniao-no-palacio-dos-leoes\/#primaryimage"},"image":{"@id":"https:\/\/www.blogsoestado.com\/danielmatos\/brandao-exalta-alianca-politica-das-familias-gentil-e-coutinho-em-prol-do-maranhao-ao-referendar-parceria-em-reuniao-no-palacio-dos-leoes\/#primaryimage"},"thumbnailUrl":"https:\/\/www.blogsoestado.com\/danielmatos\/files\/2023\/03\/Screenshot_20230321-2017192.png","datePublished":"2023-03-21T23:35:01+00:00","author":{"@id":""},"breadcrumb":{"@id":"https:\/\/www.blogsoestado.com\/danielmatos\/brandao-exalta-alianca-politica-das-familias-gentil-e-coutinho-em-prol-do-maranhao-ao-referendar-parceria-em-reuniao-no-palacio-dos-leoes\/#breadcrumb"},"inLanguage":"pt-BR","potentialAction":[{"@type":"ReadAction","target":["https:\/\/www.blogsoestado.com\/danielmatos\/brandao-exalta-alianca-politica-das-familias-gentil-e-coutinho-em-prol-do-maranhao-ao-referendar-parceria-em-reuniao-no-palacio-dos-leoes\/"]}]},{"@type":"ImageObject","inLanguage":"pt-BR","@id":"https:\/\/www.blogsoestado.com\/danielmatos\/brandao-exalta-alianca-politica-das-familias-gentil-e-coutinho-em-prol-do-maranhao-ao-referendar-parceria-em-reuniao-no-palacio-dos-leoes\/#primaryimage","url":"https:\/\/www.blogsoestado.com\/danielmatos\/files\/2023\/03\/Screenshot_20230321-2017192.png","contentUrl":"https:\/\/www.blogsoestado.com\/danielmatos\/files\/2023\/03\/Screenshot_20230321-2017192.png"},{"@type":"BreadcrumbList","@id":"https:\/\/www.blogsoestado.com\/danielmatos\/brandao-exalta-alianca-politica-das-familias-gentil-e-coutinho-em-prol-do-maranhao-ao-referendar-parceria-em-reuniao-no-palacio-dos-leoes\/#breadcrumb","itemListElement":[{"@type":"ListItem","position":1,"name":"In\u00edcio","item":"https:\/\/www.blogsoestado.com\/danielmatos\/"},{"@type":"ListItem","position":2,"name":"Brand\u00e3o exalta alian\u00e7a pol\u00edtica das fam\u00edlias Gentil e Coutinho em prol do Maranh\u00e3o ao referendar parceria em reuni\u00e3o no Pal\u00e1cio dos Le\u00f5es"}]},{"@type":"WebSite","@id":"https:\/\/www.blogsoestado.com\/danielmatos\/#website","url":"https:\/\/www.blogsoestado.com\/danielmatos\/","name":"Daniel Matos","description":"","potentialAction":[{"@type":"SearchAction","target":{"@type":"EntryPoint","urlTemplate":"https:\/\/www.blogsoestado.com\/danielmatos\/?s={search_term_string}"},"query-input":{"@type":"PropertyValueSpecification","valueRequired":true,"valueName":"search_term_string"}}],"inLanguage":"pt-BR"}]}},"jetpack_featured_media_url":"","_links":{"self":[{"href":"https:\/\/www.blogsoestado.com\/danielmatos\/wp-json\/wp\/v2\/posts\/107339","targetHints":{"allow":["GET"]}}],"collection":[{"href":"https:\/\/www.blogsoestado.com\/danielmatos\/wp-json\/wp\/v2\/posts"}],"about":[{"href":"https:\/\/www.blogsoestado.com\/danielmatos\/wp-json\/wp\/v2\/types\/post"}],"replies":[{"embeddable":true,"href":"https:\/\/www.blogsoestado.com\/danielmatos\/wp-json\/wp\/v2\/comments?post=107339"}],"version-history":[{"count":0,"href":"https:\/\/www.blogsoestado.com\/danielmatos\/wp-json\/wp\/v2\/posts\/107339\/revisions"}],"wp:attachment":[{"href":"https:\/\/www.blogsoestado.com\/danielmatos\/wp-json\/wp\/v2\/media?parent=107339"}],"wp:term":[{"taxonomy":"category","embeddable":true,"href":"https:\/\/www.blogsoestado.com\/danielmatos\/wp-json\/wp\/v2\/categories?post=107339"},{"taxonomy":"post_tag","embeddable":true,"href":"https:\/\/www.blogsoestado.com\/danielmatos\/wp-json\/wp\/v2\/tags?post=107339"}],"curies":[{"name":"wp","href":"https:\/\/api.w.org\/{rel}","templated":true}]}}