{"id":107353,"date":"2023-03-21T23:10:42","date_gmt":"2023-03-22T02:10:42","guid":{"rendered":"https:\/\/www.blogsoestado.com\/danielmatos\/?p=107353"},"modified":"2023-03-21T23:10:42","modified_gmt":"2023-03-22T02:10:42","slug":"dr-gutemberg-lembra-dia-internacional-da-sindrome-de-down","status":"publish","type":"post","link":"https:\/\/www.blogsoestado.com\/danielmatos\/dr-gutemberg-lembra-dia-internacional-da-sindrome-de-down\/","title":{"rendered":"Dr. Gutemberg lembra Dia Internacional da S\u00edndrome de Down"},"content":{"rendered":"\n<div class=\"wp-block-image\"><figure class=\"aligncenter size-large\"><a href=\"https:\/\/www.blogsoestado.com\/danielmatos\/files\/2023\/03\/Screenshot_20230321-2304032.png\"><img decoding=\"async\" src=\"https:\/\/www.blogsoestado.com\/danielmatos\/files\/2023\/03\/Screenshot_20230321-2304032.png\" alt=\"\" class=\"wp-image-107354\"\/><\/a><figcaption>O vereador Dr. Gutemberg Ara\u00fajo reafirmou que a dignidade e a justi\u00e7a para as pessoas com Down \u00e9 uma das suas bandeiras na C\u00e2mara Municipal<\/figcaption><\/figure><\/div>\n\n\n\n<p>O m\u00e9dico e vereador Dr. Gutemberg destacou o Dia Internacional da S\u00edndrome de Down, celebrado neste dia 21 de mar\u00e7o. Ao abordar a data, Dr. Gutemberg homenageou pessoas com Down, al\u00e9m de pais e familiares que lutam por mais respeito, bem-estar social e a inclus\u00e3o das pessoas com Down no mercado de trabalho.<\/p>\n\n\n\n<p>Segundo a ONU (Organiza\u00e7\u00e3o das Na\u00e7\u00f5es Unidas), a data tem o objetivo de conscientizar e de quebrar o estigma social a respeito da s\u00edndrome. Em S\u00e3o Lu\u00eds, Dr. Gutemberg \u00e9 autor da Lei n\u00ba 485\/2018, que cria o Programa de Conscientiza\u00e7\u00e3o e Orienta\u00e7\u00e3o sobre a S\u00edndrome de Down e d\u00e1 outras provid\u00eancias.<\/p>\n\n\n\n<p>\u201cDignidade e justi\u00e7a para as pessoas com Down. Essa \u00e9 uma das minhas bandeiras na C\u00e2mara Municipal de S\u00e3o Lu\u00eds. Uma sociedade igualit\u00e1ria, como a que queremos, precisa ser livre de abandono e preconceito. E informa\u00e7\u00e3o \u00e9 essencial nessa luta. Al\u00e9m disso, destaco que o mercado de trabalho tamb\u00e9m precisa ser mais sens\u00edvel a essa causa\u201d, disse Dr. Gutemberg.<\/p>\n\n\n\n<p>O parlamentar tamb\u00e9m ressaltou o trabalho da APAE S\u00e3o Lu\u00eds &#8211; Associa\u00e7\u00e3o dos Pais e Amigos dos Excepcionais.<\/p>\n\n\n\n<p>\u201c\u00c9 essencial que crian\u00e7as com S\u00edndrome de Down sejam acompanhadas desde cedo com exames e o apoio de um grupo de especialistas. A Apae S\u00e3o Lu\u00eds tem um trabalho de excel\u00eancia para crian\u00e7as e jovens. Parabenizo a presidente da Apae, Arionildes da Silva, o ex-presidente da APAE, Sr. Vanderlaan de Almeida Rolim, e demais diretores e profissionais dessa importante Institui\u00e7\u00e3o para a nossa cidade\u201d, disse.<\/p>\n\n\n\n<p>A S\u00edndrome de Down \u00e9 uma condi\u00e7\u00e3o gen\u00e9tica. Estima-se que um em cada 700 nascimentos no Brasil \u00e9 um caso de trissomia 21. A data do dia 21 faz refer\u00eancia \u00e0 anomalia gen\u00e9tica no par 21 de cromossomos, que no caso das pessoas com a s\u00edndrome, aparece com tr\u00eas exemplares \u2013 conhecida como trissomia.<\/p>\n","protected":false},"excerpt":{"rendered":"<p>O m\u00e9dico e vereador Dr. Gutemberg destacou o Dia Internacional da S\u00edndrome de Down, celebrado neste dia 21 de mar\u00e7o. [&hellip;]<\/p>\n","protected":false},"author":0,"featured_media":0,"comment_status":"open","ping_status":"open","sticky":false,"template":"","format":"standard","meta":{"site-sidebar-layout":"default","site-content-layout":"","ast-site-content-layout":"default","site-content-style":"default","site-sidebar-style":"default","ast-global-header-display":"","ast-banner-title-visibility":"","ast-main-header-display":"","ast-hfb-above-header-display":"","ast-hfb-below-header-display":"","ast-hfb-mobile-header-display":"","site-post-title":"","ast-breadcrumbs-content":"","ast-featured-img":"","footer-sml-layout":"","ast-disable-related-posts":"","theme-transparent-header-meta":"","adv-header-id-meta":"","stick-header-meta":"","header-above-stick-meta":"","header-main-stick-meta":"","header-below-stick-meta":"","astra-migrate-meta-layouts":"default","ast-page-background-enabled":"default","ast-page-background-meta":{"desktop":{"background-color":"var(--ast-global-color-5)","background-image":"","background-repeat":"repeat","background-position":"center center","background-size":"auto","background-attachment":"scroll","background-type":"","background-media":"","overlay-type":"","overlay-color":"","overlay-opacity":"","overlay-gradient":""},"tablet":{"background-color":"","background-image":"","background-repeat":"repeat","background-position":"center center","background-size":"auto","background-attachment":"scroll","background-type":"","background-media":"","overlay-type":"","overlay-color":"","overlay-opacity":"","overlay-gradient":""},"mobile":{"background-color":"","background-image":"","background-repeat":"repeat","background-position":"center center","background-size":"auto","background-attachment":"scroll","background-type":"","background-media":"","overlay-type":"","overlay-color":"","overlay-opacity":"","overlay-gradient":""}},"ast-content-background-meta":{"desktop":{"background-color":"var(--ast-global-color-4)","background-image":"","background-repeat":"repeat","background-position":"center center","background-size":"auto","background-attachment":"scroll","background-type":"","background-media":"","overlay-type":"","overlay-color":"","overlay-opacity":"","overlay-gradient":""},"tablet":{"background-color":"var(--ast-global-color-4)","background-image":"","background-repeat":"repeat","background-position":"center center","background-size":"auto","background-attachment":"scroll","background-type":"","background-media":"","overlay-type":"","overlay-color":"","overlay-opacity":"","overlay-gradient":""},"mobile":{"background-color":"var(--ast-global-color-4)","background-image":"","background-repeat":"repeat","background-position":"center center","background-size":"auto","background-attachment":"scroll","background-type":"","background-media":"","overlay-type":"","overlay-color":"","overlay-opacity":"","overlay-gradient":""}},"footnotes":""},"categories":[1],"tags":[],"class_list":["post-107353","post","type-post","status-publish","format-standard","hentry","category-sem-categoria"],"yoast_head":"<!-- This site is optimized with the Yoast SEO plugin v26.6 - https:\/\/yoast.com\/wordpress\/plugins\/seo\/ -->\n<title>Dr. Gutemberg lembra Dia Internacional da S\u00edndrome de Down - Daniel Matos<\/title>\n<meta name=\"robots\" content=\"index, follow, max-snippet:-1, max-image-preview:large, max-video-preview:-1\" \/>\n<link rel=\"canonical\" href=\"https:\/\/www.blogsoestado.com\/danielmatos\/dr-gutemberg-lembra-dia-internacional-da-sindrome-de-down\/\" \/>\n<meta property=\"og:locale\" content=\"pt_BR\" \/>\n<meta property=\"og:type\" content=\"article\" \/>\n<meta property=\"og:title\" content=\"Dr. Gutemberg lembra Dia Internacional da S\u00edndrome de Down - Daniel Matos\" \/>\n<meta property=\"og:description\" content=\"O m\u00e9dico e vereador Dr. Gutemberg destacou o Dia Internacional da S\u00edndrome de Down, celebrado neste dia 21 de mar\u00e7o. [&hellip;]\" \/>\n<meta property=\"og:url\" content=\"https:\/\/www.blogsoestado.com\/danielmatos\/dr-gutemberg-lembra-dia-internacional-da-sindrome-de-down\/\" \/>\n<meta property=\"og:site_name\" content=\"Daniel Matos\" \/>\n<meta property=\"article:published_time\" content=\"2023-03-22T02:10:42+00:00\" \/>\n<meta property=\"og:image\" content=\"https:\/\/www.blogsoestado.com\/danielmatos\/files\/2023\/03\/Screenshot_20230321-2304032.png\" \/>\n<meta name=\"twitter:card\" content=\"summary_large_image\" \/>\n<meta name=\"twitter:label1\" content=\"Est. tempo de leitura\" \/>\n\t<meta name=\"twitter:data1\" content=\"2 minutos\" \/>\n<script type=\"application\/ld+json\" class=\"yoast-schema-graph\">{\"@context\":\"https:\/\/schema.org\",\"@graph\":[{\"@type\":\"WebPage\",\"@id\":\"https:\/\/www.blogsoestado.com\/danielmatos\/dr-gutemberg-lembra-dia-internacional-da-sindrome-de-down\/\",\"url\":\"https:\/\/www.blogsoestado.com\/danielmatos\/dr-gutemberg-lembra-dia-internacional-da-sindrome-de-down\/\",\"name\":\"Dr. Gutemberg lembra Dia Internacional da S\u00edndrome de Down - Daniel Matos\",\"isPartOf\":{\"@id\":\"https:\/\/www.blogsoestado.com\/danielmatos\/#website\"},\"primaryImageOfPage\":{\"@id\":\"https:\/\/www.blogsoestado.com\/danielmatos\/dr-gutemberg-lembra-dia-internacional-da-sindrome-de-down\/#primaryimage\"},\"image\":{\"@id\":\"https:\/\/www.blogsoestado.com\/danielmatos\/dr-gutemberg-lembra-dia-internacional-da-sindrome-de-down\/#primaryimage\"},\"thumbnailUrl\":\"https:\/\/www.blogsoestado.com\/danielmatos\/files\/2023\/03\/Screenshot_20230321-2304032.png\",\"datePublished\":\"2023-03-22T02:10:42+00:00\",\"author\":{\"@id\":\"\"},\"breadcrumb\":{\"@id\":\"https:\/\/www.blogsoestado.com\/danielmatos\/dr-gutemberg-lembra-dia-internacional-da-sindrome-de-down\/#breadcrumb\"},\"inLanguage\":\"pt-BR\",\"potentialAction\":[{\"@type\":\"ReadAction\",\"target\":[\"https:\/\/www.blogsoestado.com\/danielmatos\/dr-gutemberg-lembra-dia-internacional-da-sindrome-de-down\/\"]}]},{\"@type\":\"ImageObject\",\"inLanguage\":\"pt-BR\",\"@id\":\"https:\/\/www.blogsoestado.com\/danielmatos\/dr-gutemberg-lembra-dia-internacional-da-sindrome-de-down\/#primaryimage\",\"url\":\"https:\/\/www.blogsoestado.com\/danielmatos\/files\/2023\/03\/Screenshot_20230321-2304032.png\",\"contentUrl\":\"https:\/\/www.blogsoestado.com\/danielmatos\/files\/2023\/03\/Screenshot_20230321-2304032.png\"},{\"@type\":\"BreadcrumbList\",\"@id\":\"https:\/\/www.blogsoestado.com\/danielmatos\/dr-gutemberg-lembra-dia-internacional-da-sindrome-de-down\/#breadcrumb\",\"itemListElement\":[{\"@type\":\"ListItem\",\"position\":1,\"name\":\"In\u00edcio\",\"item\":\"https:\/\/www.blogsoestado.com\/danielmatos\/\"},{\"@type\":\"ListItem\",\"position\":2,\"name\":\"Dr. Gutemberg lembra Dia Internacional da S\u00edndrome de Down\"}]},{\"@type\":\"WebSite\",\"@id\":\"https:\/\/www.blogsoestado.com\/danielmatos\/#website\",\"url\":\"https:\/\/www.blogsoestado.com\/danielmatos\/\",\"name\":\"Daniel Matos\",\"description\":\"\",\"potentialAction\":[{\"@type\":\"SearchAction\",\"target\":{\"@type\":\"EntryPoint\",\"urlTemplate\":\"https:\/\/www.blogsoestado.com\/danielmatos\/?s={search_term_string}\"},\"query-input\":{\"@type\":\"PropertyValueSpecification\",\"valueRequired\":true,\"valueName\":\"search_term_string\"}}],\"inLanguage\":\"pt-BR\"}]}<\/script>\n<!-- \/ Yoast SEO plugin. -->","yoast_head_json":{"title":"Dr. Gutemberg lembra Dia Internacional da S\u00edndrome de Down - Daniel Matos","robots":{"index":"index","follow":"follow","max-snippet":"max-snippet:-1","max-image-preview":"max-image-preview:large","max-video-preview":"max-video-preview:-1"},"canonical":"https:\/\/www.blogsoestado.com\/danielmatos\/dr-gutemberg-lembra-dia-internacional-da-sindrome-de-down\/","og_locale":"pt_BR","og_type":"article","og_title":"Dr. Gutemberg lembra Dia Internacional da S\u00edndrome de Down - Daniel Matos","og_description":"O m\u00e9dico e vereador Dr. Gutemberg destacou o Dia Internacional da S\u00edndrome de Down, celebrado neste dia 21 de mar\u00e7o. [&hellip;]","og_url":"https:\/\/www.blogsoestado.com\/danielmatos\/dr-gutemberg-lembra-dia-internacional-da-sindrome-de-down\/","og_site_name":"Daniel Matos","article_published_time":"2023-03-22T02:10:42+00:00","og_image":[{"url":"https:\/\/www.blogsoestado.com\/danielmatos\/files\/2023\/03\/Screenshot_20230321-2304032.png","type":"","width":"","height":""}],"twitter_card":"summary_large_image","twitter_misc":{"Est. tempo de leitura":"2 minutos"},"schema":{"@context":"https:\/\/schema.org","@graph":[{"@type":"WebPage","@id":"https:\/\/www.blogsoestado.com\/danielmatos\/dr-gutemberg-lembra-dia-internacional-da-sindrome-de-down\/","url":"https:\/\/www.blogsoestado.com\/danielmatos\/dr-gutemberg-lembra-dia-internacional-da-sindrome-de-down\/","name":"Dr. Gutemberg lembra Dia Internacional da S\u00edndrome de Down - Daniel Matos","isPartOf":{"@id":"https:\/\/www.blogsoestado.com\/danielmatos\/#website"},"primaryImageOfPage":{"@id":"https:\/\/www.blogsoestado.com\/danielmatos\/dr-gutemberg-lembra-dia-internacional-da-sindrome-de-down\/#primaryimage"},"image":{"@id":"https:\/\/www.blogsoestado.com\/danielmatos\/dr-gutemberg-lembra-dia-internacional-da-sindrome-de-down\/#primaryimage"},"thumbnailUrl":"https:\/\/www.blogsoestado.com\/danielmatos\/files\/2023\/03\/Screenshot_20230321-2304032.png","datePublished":"2023-03-22T02:10:42+00:00","author":{"@id":""},"breadcrumb":{"@id":"https:\/\/www.blogsoestado.com\/danielmatos\/dr-gutemberg-lembra-dia-internacional-da-sindrome-de-down\/#breadcrumb"},"inLanguage":"pt-BR","potentialAction":[{"@type":"ReadAction","target":["https:\/\/www.blogsoestado.com\/danielmatos\/dr-gutemberg-lembra-dia-internacional-da-sindrome-de-down\/"]}]},{"@type":"ImageObject","inLanguage":"pt-BR","@id":"https:\/\/www.blogsoestado.com\/danielmatos\/dr-gutemberg-lembra-dia-internacional-da-sindrome-de-down\/#primaryimage","url":"https:\/\/www.blogsoestado.com\/danielmatos\/files\/2023\/03\/Screenshot_20230321-2304032.png","contentUrl":"https:\/\/www.blogsoestado.com\/danielmatos\/files\/2023\/03\/Screenshot_20230321-2304032.png"},{"@type":"BreadcrumbList","@id":"https:\/\/www.blogsoestado.com\/danielmatos\/dr-gutemberg-lembra-dia-internacional-da-sindrome-de-down\/#breadcrumb","itemListElement":[{"@type":"ListItem","position":1,"name":"In\u00edcio","item":"https:\/\/www.blogsoestado.com\/danielmatos\/"},{"@type":"ListItem","position":2,"name":"Dr. Gutemberg lembra Dia Internacional da S\u00edndrome de Down"}]},{"@type":"WebSite","@id":"https:\/\/www.blogsoestado.com\/danielmatos\/#website","url":"https:\/\/www.blogsoestado.com\/danielmatos\/","name":"Daniel Matos","description":"","potentialAction":[{"@type":"SearchAction","target":{"@type":"EntryPoint","urlTemplate":"https:\/\/www.blogsoestado.com\/danielmatos\/?s={search_term_string}"},"query-input":{"@type":"PropertyValueSpecification","valueRequired":true,"valueName":"search_term_string"}}],"inLanguage":"pt-BR"}]}},"jetpack_featured_media_url":"","_links":{"self":[{"href":"https:\/\/www.blogsoestado.com\/danielmatos\/wp-json\/wp\/v2\/posts\/107353","targetHints":{"allow":["GET"]}}],"collection":[{"href":"https:\/\/www.blogsoestado.com\/danielmatos\/wp-json\/wp\/v2\/posts"}],"about":[{"href":"https:\/\/www.blogsoestado.com\/danielmatos\/wp-json\/wp\/v2\/types\/post"}],"replies":[{"embeddable":true,"href":"https:\/\/www.blogsoestado.com\/danielmatos\/wp-json\/wp\/v2\/comments?post=107353"}],"version-history":[{"count":0,"href":"https:\/\/www.blogsoestado.com\/danielmatos\/wp-json\/wp\/v2\/posts\/107353\/revisions"}],"wp:attachment":[{"href":"https:\/\/www.blogsoestado.com\/danielmatos\/wp-json\/wp\/v2\/media?parent=107353"}],"wp:term":[{"taxonomy":"category","embeddable":true,"href":"https:\/\/www.blogsoestado.com\/danielmatos\/wp-json\/wp\/v2\/categories?post=107353"},{"taxonomy":"post_tag","embeddable":true,"href":"https:\/\/www.blogsoestado.com\/danielmatos\/wp-json\/wp\/v2\/tags?post=107353"}],"curies":[{"name":"wp","href":"https:\/\/api.w.org\/{rel}","templated":true}]}}