{"id":107356,"date":"2023-03-21T23:49:57","date_gmt":"2023-03-22T02:49:57","guid":{"rendered":"https:\/\/www.blogsoestado.com\/danielmatos\/?p=107356"},"modified":"2023-03-21T23:49:57","modified_gmt":"2023-03-22T02:49:57","slug":"governo-federal-da-apoio-a-municipios-maranhenses-atingidos-por-chuvas-intensas","status":"publish","type":"post","link":"https:\/\/www.blogsoestado.com\/danielmatos\/governo-federal-da-apoio-a-municipios-maranhenses-atingidos-por-chuvas-intensas\/","title":{"rendered":"Governo Federal d\u00e1 apoio a munic\u00edpios maranhenses atingidos por chuvas intensas"},"content":{"rendered":"\n<p><strong><span class=\"has-inline-color has-vivid-red-color\">Ministros Waldez G\u00f3es e Juscelino Filho e governador Carlos Brand\u00e3o integraram comitiva que fez vistoria e sobrevoou a cidade de Santa Luzia do Tide, onde houve deslizamento de terra<\/span><\/strong><\/p>\n\n\n\n<div class=\"wp-block-image\"><figure class=\"aligncenter size-large\"><a href=\"https:\/\/www.blogsoestado.com\/danielmatos\/files\/2023\/03\/Screenshot_20230321-2342442.png\"><img decoding=\"async\" src=\"https:\/\/www.blogsoestado.com\/danielmatos\/files\/2023\/03\/Screenshot_20230321-2342442.png\" alt=\"\" class=\"wp-image-107357\"\/><\/a><figcaption>Ministros Waldez G\u00f3es e Juscelino Filho e governador Carlos Brand\u00e3o integraram comitiva que fez vistoria e sobrevoou a cidade de Santa Luzia do Tide, onde houve deslizamento de terra (<strong>Foto<\/strong>: Pablo Le Roy\/MCom)<\/figcaption><\/figure><\/div>\n\n\n\n<p>Uma comitiva do Governo Federal, integrada pelos ministros da Integra\u00e7\u00e3o e do Desenvolvimento Regional, Waldez G\u00f3es, e das Comunica\u00e7\u00f5es, Juscelino Filho, e pelo secret\u00e1rio-executivo do Minist\u00e9rio das Cidades, Hildo Rocha, foi ao Maranh\u00e3o nesta ter\u00e7a-feira (21) ver de perto a situa\u00e7\u00e3o dos munic\u00edpios do estado atingidos por chuvas intensas nos \u00faltimos dias e se colocar \u00e0 disposi\u00e7\u00e3o para apoiar as a\u00e7\u00f5es de resposta e de atendimento \u00e0 popula\u00e7\u00e3o afetada.<\/p>\n\n\n\n<p>Acompanhada do governador Carlos Brand\u00e3o, a comitiva fez uma vistoria e sobrevoou a cidade de Santa Luzia do Tide, onde um deslizamento de terra deixou dois mortos.&nbsp;Tamb\u00e9m foi realizada coletiva de imprensa na cidade de Bacabal.<\/p>\n\n\n\n<p>\u201cEstamos aqui em uma miss\u00e3o em nome do presidente Lula para prestar nossa solidariedade aos 33 munic\u00edpios atingidos e ao governo do Maranh\u00e3o. Todas as regi\u00f5es do Brasil, seja por estiagem, chuvas intensas ou enchentes, entre outros desastres, t\u00eam recebido desde a primeira hora o apoio integral do Governo Federal. N\u00f3s estamos colocando a Defesa Civil Nacional na defini\u00e7\u00e3o dos planos de trabalho, seja para ajuda humanit\u00e1ria ou reconstru\u00e7\u00e3o de danos materiais, como pontes e estradas\u201d, ressaltou o ministro Waldez G\u00f3es, na chegada \u00e0 cidade de Bacabal.<\/p>\n\n\n\n<p><strong>N\u00fameros dram\u00e1ticos<\/strong><\/p>\n\n\n\n<p>Segundo o Corpo de Bombeiros Militar do Maranh\u00e3o, cerca de 400 fam\u00edlias est\u00e3o desabrigadas e 340 desalojadas. Seis pessoas morreram devido \u00e0s fortes chuvas, sendo duas em Santa Luzia do Tide, tr\u00eas em A\u00e7ail\u00e2ndia e uma em Arame.<\/p>\n\n\n\n<p>Nesta quarta-feira, seis integrantes do Grupo de Apoio ao Desastre (Gade) chegar\u00e3o ao Maranh\u00e3o para auxiliar nas a\u00e7\u00f5es de socorro e para dar suporte aos munic\u00edpios atingidos na elabora\u00e7\u00e3o dos planos de trabalho necess\u00e1rios para a solicita\u00e7\u00e3o de recursos federais para as a\u00e7\u00f5es de defesa civil.<\/p>\n\n\n\n<p>\u201cO governo Lula tem sido muito ativo e presente e estamos aqui para mostrar que n\u00e3o mediremos esfor\u00e7os para ajudar o Maranh\u00e3o. A Defesa Civil est\u00e1 mobilizada e \u00e0 disposi\u00e7\u00e3o de todos os prefeitos para que os repasses de recursos possam ser feitos o mais r\u00e1pido poss\u00edvel\u201d, destacou o ministro Waldez G\u00f3es.<\/p>\n\n\n\n<p>O ministro das Comunica\u00e7\u00f5es, Juscelino Filho, tamb\u00e9m destacou o apoio federal aos munic\u00edpios atingidos. \u201cInfelizmente, s\u00e3o muitas fam\u00edlias desabrigadas que precisam desse suporte, da m\u00e3o amiga do Governo Federal. N\u00e3o queremos deixar ningu\u00e9m desamparado\u201d, declarou.<\/p>\n\n\n\n<p><strong>Aux\u00edlio<\/strong><\/p>\n\n\n\n<p>O governador do Maranh\u00e3o, Carlos Brand\u00e3o, destacou que o Governo do Estado est\u00e1 dando apoio \u00e0s fam\u00edlias desabrigadas pelas chuvas. Ele tamb\u00e9m agradeceu o apoio do Governo Federal. &#8220;Somos muito gratos com a presen\u00e7a, neste momento, dos ministros e de pessoas qualificadas para lidar com situa\u00e7\u00f5es de desastres como essa que atingiu nosso estado\u201d, comentou.<\/p>\n\n\n\n<p>O prefeito de Trizidela do Vale, Deibson Bal\u00e9, falou sobre a import\u00e2ncia da ida do Governo Federal ao Maranh\u00e3o. \u201cEssa visita \u00e9 necess\u00e1ria para fazer a vistoria e o acompanhamento sobre a real situa\u00e7\u00e3o que se encontra o nosso munic\u00edpio, tendo em vista as fortes chuvas que ca\u00edram nas \u00faltimas semanas, aumentando o volume do rio e inundando diversas resid\u00eancias, deixando v\u00e1rias fam\u00edlias fora dos seus lares\u201d, afirmou.<\/p>\n","protected":false},"excerpt":{"rendered":"<p>Ministros Waldez G\u00f3es e Juscelino Filho e governador Carlos Brand\u00e3o integraram comitiva que fez vistoria e sobrevoou a cidade de [&hellip;]<\/p>\n","protected":false},"author":0,"featured_media":0,"comment_status":"open","ping_status":"open","sticky":false,"template":"","format":"standard","meta":{"site-sidebar-layout":"default","site-content-layout":"","ast-site-content-layout":"default","site-content-style":"default","site-sidebar-style":"default","ast-global-header-display":"","ast-banner-title-visibility":"","ast-main-header-display":"","ast-hfb-above-header-display":"","ast-hfb-below-header-display":"","ast-hfb-mobile-header-display":"","site-post-title":"","ast-breadcrumbs-content":"","ast-featured-img":"","footer-sml-layout":"","ast-disable-related-posts":"","theme-transparent-header-meta":"","adv-header-id-meta":"","stick-header-meta":"","header-above-stick-meta":"","header-main-stick-meta":"","header-below-stick-meta":"","astra-migrate-meta-layouts":"default","ast-page-background-enabled":"default","ast-page-background-meta":{"desktop":{"background-color":"var(--ast-global-color-5)","background-image":"","background-repeat":"repeat","background-position":"center center","background-size":"auto","background-attachment":"scroll","background-type":"","background-media":"","overlay-type":"","overlay-color":"","overlay-opacity":"","overlay-gradient":""},"tablet":{"background-color":"","background-image":"","background-repeat":"repeat","background-position":"center center","background-size":"auto","background-attachment":"scroll","background-type":"","background-media":"","overlay-type":"","overlay-color":"","overlay-opacity":"","overlay-gradient":""},"mobile":{"background-color":"","background-image":"","background-repeat":"repeat","background-position":"center center","background-size":"auto","background-attachment":"scroll","background-type":"","background-media":"","overlay-type":"","overlay-color":"","overlay-opacity":"","overlay-gradient":""}},"ast-content-background-meta":{"desktop":{"background-color":"var(--ast-global-color-4)","background-image":"","background-repeat":"repeat","background-position":"center center","background-size":"auto","background-attachment":"scroll","background-type":"","background-media":"","overlay-type":"","overlay-color":"","overlay-opacity":"","overlay-gradient":""},"tablet":{"background-color":"var(--ast-global-color-4)","background-image":"","background-repeat":"repeat","background-position":"center center","background-size":"auto","background-attachment":"scroll","background-type":"","background-media":"","overlay-type":"","overlay-color":"","overlay-opacity":"","overlay-gradient":""},"mobile":{"background-color":"var(--ast-global-color-4)","background-image":"","background-repeat":"repeat","background-position":"center center","background-size":"auto","background-attachment":"scroll","background-type":"","background-media":"","overlay-type":"","overlay-color":"","overlay-opacity":"","overlay-gradient":""}},"footnotes":""},"categories":[1],"tags":[],"class_list":["post-107356","post","type-post","status-publish","format-standard","hentry","category-sem-categoria"],"yoast_head":"<!-- This site is optimized with the Yoast SEO plugin v26.6 - https:\/\/yoast.com\/wordpress\/plugins\/seo\/ -->\n<title>Governo Federal d\u00e1 apoio a munic\u00edpios maranhenses atingidos por chuvas intensas - Daniel Matos<\/title>\n<meta name=\"robots\" content=\"index, follow, max-snippet:-1, max-image-preview:large, max-video-preview:-1\" \/>\n<link rel=\"canonical\" href=\"https:\/\/www.blogsoestado.com\/danielmatos\/governo-federal-da-apoio-a-municipios-maranhenses-atingidos-por-chuvas-intensas\/\" \/>\n<meta property=\"og:locale\" content=\"pt_BR\" \/>\n<meta property=\"og:type\" content=\"article\" \/>\n<meta property=\"og:title\" content=\"Governo Federal d\u00e1 apoio a munic\u00edpios maranhenses atingidos por chuvas intensas - Daniel Matos\" \/>\n<meta property=\"og:description\" content=\"Ministros Waldez G\u00f3es e Juscelino Filho e governador Carlos Brand\u00e3o integraram comitiva que fez vistoria e sobrevoou a cidade de [&hellip;]\" \/>\n<meta property=\"og:url\" content=\"https:\/\/www.blogsoestado.com\/danielmatos\/governo-federal-da-apoio-a-municipios-maranhenses-atingidos-por-chuvas-intensas\/\" \/>\n<meta property=\"og:site_name\" content=\"Daniel Matos\" \/>\n<meta property=\"article:published_time\" content=\"2023-03-22T02:49:57+00:00\" \/>\n<meta property=\"og:image\" content=\"https:\/\/www.blogsoestado.com\/danielmatos\/files\/2023\/03\/Screenshot_20230321-2342442.png\" \/>\n<meta name=\"twitter:card\" content=\"summary_large_image\" \/>\n<meta name=\"twitter:label1\" content=\"Est. tempo de leitura\" \/>\n\t<meta name=\"twitter:data1\" content=\"3 minutos\" \/>\n<script type=\"application\/ld+json\" class=\"yoast-schema-graph\">{\"@context\":\"https:\/\/schema.org\",\"@graph\":[{\"@type\":\"WebPage\",\"@id\":\"https:\/\/www.blogsoestado.com\/danielmatos\/governo-federal-da-apoio-a-municipios-maranhenses-atingidos-por-chuvas-intensas\/\",\"url\":\"https:\/\/www.blogsoestado.com\/danielmatos\/governo-federal-da-apoio-a-municipios-maranhenses-atingidos-por-chuvas-intensas\/\",\"name\":\"Governo Federal d\u00e1 apoio a munic\u00edpios maranhenses atingidos por chuvas intensas - Daniel Matos\",\"isPartOf\":{\"@id\":\"https:\/\/www.blogsoestado.com\/danielmatos\/#website\"},\"primaryImageOfPage\":{\"@id\":\"https:\/\/www.blogsoestado.com\/danielmatos\/governo-federal-da-apoio-a-municipios-maranhenses-atingidos-por-chuvas-intensas\/#primaryimage\"},\"image\":{\"@id\":\"https:\/\/www.blogsoestado.com\/danielmatos\/governo-federal-da-apoio-a-municipios-maranhenses-atingidos-por-chuvas-intensas\/#primaryimage\"},\"thumbnailUrl\":\"https:\/\/www.blogsoestado.com\/danielmatos\/files\/2023\/03\/Screenshot_20230321-2342442.png\",\"datePublished\":\"2023-03-22T02:49:57+00:00\",\"author\":{\"@id\":\"\"},\"breadcrumb\":{\"@id\":\"https:\/\/www.blogsoestado.com\/danielmatos\/governo-federal-da-apoio-a-municipios-maranhenses-atingidos-por-chuvas-intensas\/#breadcrumb\"},\"inLanguage\":\"pt-BR\",\"potentialAction\":[{\"@type\":\"ReadAction\",\"target\":[\"https:\/\/www.blogsoestado.com\/danielmatos\/governo-federal-da-apoio-a-municipios-maranhenses-atingidos-por-chuvas-intensas\/\"]}]},{\"@type\":\"ImageObject\",\"inLanguage\":\"pt-BR\",\"@id\":\"https:\/\/www.blogsoestado.com\/danielmatos\/governo-federal-da-apoio-a-municipios-maranhenses-atingidos-por-chuvas-intensas\/#primaryimage\",\"url\":\"https:\/\/www.blogsoestado.com\/danielmatos\/files\/2023\/03\/Screenshot_20230321-2342442.png\",\"contentUrl\":\"https:\/\/www.blogsoestado.com\/danielmatos\/files\/2023\/03\/Screenshot_20230321-2342442.png\"},{\"@type\":\"BreadcrumbList\",\"@id\":\"https:\/\/www.blogsoestado.com\/danielmatos\/governo-federal-da-apoio-a-municipios-maranhenses-atingidos-por-chuvas-intensas\/#breadcrumb\",\"itemListElement\":[{\"@type\":\"ListItem\",\"position\":1,\"name\":\"In\u00edcio\",\"item\":\"https:\/\/www.blogsoestado.com\/danielmatos\/\"},{\"@type\":\"ListItem\",\"position\":2,\"name\":\"Governo Federal d\u00e1 apoio a munic\u00edpios maranhenses atingidos por chuvas intensas\"}]},{\"@type\":\"WebSite\",\"@id\":\"https:\/\/www.blogsoestado.com\/danielmatos\/#website\",\"url\":\"https:\/\/www.blogsoestado.com\/danielmatos\/\",\"name\":\"Daniel Matos\",\"description\":\"\",\"potentialAction\":[{\"@type\":\"SearchAction\",\"target\":{\"@type\":\"EntryPoint\",\"urlTemplate\":\"https:\/\/www.blogsoestado.com\/danielmatos\/?s={search_term_string}\"},\"query-input\":{\"@type\":\"PropertyValueSpecification\",\"valueRequired\":true,\"valueName\":\"search_term_string\"}}],\"inLanguage\":\"pt-BR\"}]}<\/script>\n<!-- \/ Yoast SEO plugin. -->","yoast_head_json":{"title":"Governo Federal d\u00e1 apoio a munic\u00edpios maranhenses atingidos por chuvas intensas - Daniel Matos","robots":{"index":"index","follow":"follow","max-snippet":"max-snippet:-1","max-image-preview":"max-image-preview:large","max-video-preview":"max-video-preview:-1"},"canonical":"https:\/\/www.blogsoestado.com\/danielmatos\/governo-federal-da-apoio-a-municipios-maranhenses-atingidos-por-chuvas-intensas\/","og_locale":"pt_BR","og_type":"article","og_title":"Governo Federal d\u00e1 apoio a munic\u00edpios maranhenses atingidos por chuvas intensas - Daniel Matos","og_description":"Ministros Waldez G\u00f3es e Juscelino Filho e governador Carlos Brand\u00e3o integraram comitiva que fez vistoria e sobrevoou a cidade de [&hellip;]","og_url":"https:\/\/www.blogsoestado.com\/danielmatos\/governo-federal-da-apoio-a-municipios-maranhenses-atingidos-por-chuvas-intensas\/","og_site_name":"Daniel Matos","article_published_time":"2023-03-22T02:49:57+00:00","og_image":[{"url":"https:\/\/www.blogsoestado.com\/danielmatos\/files\/2023\/03\/Screenshot_20230321-2342442.png","type":"","width":"","height":""}],"twitter_card":"summary_large_image","twitter_misc":{"Est. tempo de leitura":"3 minutos"},"schema":{"@context":"https:\/\/schema.org","@graph":[{"@type":"WebPage","@id":"https:\/\/www.blogsoestado.com\/danielmatos\/governo-federal-da-apoio-a-municipios-maranhenses-atingidos-por-chuvas-intensas\/","url":"https:\/\/www.blogsoestado.com\/danielmatos\/governo-federal-da-apoio-a-municipios-maranhenses-atingidos-por-chuvas-intensas\/","name":"Governo Federal d\u00e1 apoio a munic\u00edpios maranhenses atingidos por chuvas intensas - Daniel Matos","isPartOf":{"@id":"https:\/\/www.blogsoestado.com\/danielmatos\/#website"},"primaryImageOfPage":{"@id":"https:\/\/www.blogsoestado.com\/danielmatos\/governo-federal-da-apoio-a-municipios-maranhenses-atingidos-por-chuvas-intensas\/#primaryimage"},"image":{"@id":"https:\/\/www.blogsoestado.com\/danielmatos\/governo-federal-da-apoio-a-municipios-maranhenses-atingidos-por-chuvas-intensas\/#primaryimage"},"thumbnailUrl":"https:\/\/www.blogsoestado.com\/danielmatos\/files\/2023\/03\/Screenshot_20230321-2342442.png","datePublished":"2023-03-22T02:49:57+00:00","author":{"@id":""},"breadcrumb":{"@id":"https:\/\/www.blogsoestado.com\/danielmatos\/governo-federal-da-apoio-a-municipios-maranhenses-atingidos-por-chuvas-intensas\/#breadcrumb"},"inLanguage":"pt-BR","potentialAction":[{"@type":"ReadAction","target":["https:\/\/www.blogsoestado.com\/danielmatos\/governo-federal-da-apoio-a-municipios-maranhenses-atingidos-por-chuvas-intensas\/"]}]},{"@type":"ImageObject","inLanguage":"pt-BR","@id":"https:\/\/www.blogsoestado.com\/danielmatos\/governo-federal-da-apoio-a-municipios-maranhenses-atingidos-por-chuvas-intensas\/#primaryimage","url":"https:\/\/www.blogsoestado.com\/danielmatos\/files\/2023\/03\/Screenshot_20230321-2342442.png","contentUrl":"https:\/\/www.blogsoestado.com\/danielmatos\/files\/2023\/03\/Screenshot_20230321-2342442.png"},{"@type":"BreadcrumbList","@id":"https:\/\/www.blogsoestado.com\/danielmatos\/governo-federal-da-apoio-a-municipios-maranhenses-atingidos-por-chuvas-intensas\/#breadcrumb","itemListElement":[{"@type":"ListItem","position":1,"name":"In\u00edcio","item":"https:\/\/www.blogsoestado.com\/danielmatos\/"},{"@type":"ListItem","position":2,"name":"Governo Federal d\u00e1 apoio a munic\u00edpios maranhenses atingidos por chuvas intensas"}]},{"@type":"WebSite","@id":"https:\/\/www.blogsoestado.com\/danielmatos\/#website","url":"https:\/\/www.blogsoestado.com\/danielmatos\/","name":"Daniel Matos","description":"","potentialAction":[{"@type":"SearchAction","target":{"@type":"EntryPoint","urlTemplate":"https:\/\/www.blogsoestado.com\/danielmatos\/?s={search_term_string}"},"query-input":{"@type":"PropertyValueSpecification","valueRequired":true,"valueName":"search_term_string"}}],"inLanguage":"pt-BR"}]}},"jetpack_featured_media_url":"","_links":{"self":[{"href":"https:\/\/www.blogsoestado.com\/danielmatos\/wp-json\/wp\/v2\/posts\/107356","targetHints":{"allow":["GET"]}}],"collection":[{"href":"https:\/\/www.blogsoestado.com\/danielmatos\/wp-json\/wp\/v2\/posts"}],"about":[{"href":"https:\/\/www.blogsoestado.com\/danielmatos\/wp-json\/wp\/v2\/types\/post"}],"replies":[{"embeddable":true,"href":"https:\/\/www.blogsoestado.com\/danielmatos\/wp-json\/wp\/v2\/comments?post=107356"}],"version-history":[{"count":0,"href":"https:\/\/www.blogsoestado.com\/danielmatos\/wp-json\/wp\/v2\/posts\/107356\/revisions"}],"wp:attachment":[{"href":"https:\/\/www.blogsoestado.com\/danielmatos\/wp-json\/wp\/v2\/media?parent=107356"}],"wp:term":[{"taxonomy":"category","embeddable":true,"href":"https:\/\/www.blogsoestado.com\/danielmatos\/wp-json\/wp\/v2\/categories?post=107356"},{"taxonomy":"post_tag","embeddable":true,"href":"https:\/\/www.blogsoestado.com\/danielmatos\/wp-json\/wp\/v2\/tags?post=107356"}],"curies":[{"name":"wp","href":"https:\/\/api.w.org\/{rel}","templated":true}]}}