{"id":107434,"date":"2023-03-23T09:00:00","date_gmt":"2023-03-23T12:00:00","guid":{"rendered":"https:\/\/www.blogsoestado.com\/danielmatos\/?p=107434"},"modified":"2023-03-23T09:00:00","modified_gmt":"2023-03-23T12:00:00","slug":"maranhao-e-o-3o-estado-do-pais-em-proporcao-de-escolas-de-tempo-integral","status":"publish","type":"post","link":"https:\/\/www.blogsoestado.com\/danielmatos\/maranhao-e-o-3o-estado-do-pais-em-proporcao-de-escolas-de-tempo-integral\/","title":{"rendered":"Maranh\u00e3o \u00e9 o 3\u00ba estado em propor\u00e7\u00e3o de escolas p\u00fablicas de tempo integral no ensino fundamental"},"content":{"rendered":"\n<p><strong><span class=\"has-inline-color has-vivid-red-color\">No ensino m\u00e9dio, a taxa de oferta de aulas em dupla jornada \u00e9 de 13,2%, bem abaixo da m\u00e9dia nacional, de 20,4%, o que indica a necessidade de melhoria nessa etapa educacional <\/span><\/strong><\/p>\n\n\n\n<div class=\"wp-block-image\"><figure class=\"aligncenter size-large\"><a href=\"https:\/\/www.blogsoestado.com\/danielmatos\/files\/2023\/03\/Screenshot_20230323-0305082.png\"><img decoding=\"async\" src=\"https:\/\/www.blogsoestado.com\/danielmatos\/files\/2023\/03\/Screenshot_20230323-0305082.png\" alt=\"\" class=\"wp-image-107439\"\/><\/a><figcaption>Escola de tempo integral no munic\u00edpio de Passagem Franca, interior do Maranh\u00e3o, pertencente \u00e0 rede estadual de ensino<\/figcaption><\/figure><\/div>\n\n\n\n<div class=\"wp-block-image\"><figure class=\"alignleft size-large\"><a href=\"https:\/\/www.blogsoestado.com\/danielmatos\/files\/2017\/09\/exclusivo-C\u00f3pia.jpg\"><img decoding=\"async\" src=\"https:\/\/www.blogsoestado.com\/danielmatos\/files\/2017\/09\/exclusivo-C\u00f3pia.jpg\" alt=\"\" class=\"wp-image-45089\"\/><\/a><\/figure><\/div>\n\n\n\n<p>O Maranh\u00e3o tem a terceira maior propor\u00e7\u00e3o de escolas p\u00fablicas de tempo integral no ensino fundamental dentre as 27 unidades da federa\u00e7\u00e3o. De acordo com dados do Censo Escolar, divulgados pelo Minist\u00e9rio da Educa\u00e7\u00e3o (MEC) e pelo Instituto Nacional de Estudos e Pesquisas Educacionais An\u00edsio Teixeira (Inep), em 38% das unidades de ensino do 1\u00ba ao 9\u00ba ano do estado os alunos assistam \u00e0s aulas e realizam outras atividades nos dois turnos (matutino e vespertino).<\/p>\n\n\n\n<p>Segundo as informa\u00e7\u00f5es apuradas pelo Censo Escolar, apenas o Cear\u00e1, com 41%, e o vizinho Piau\u00ed, com 38,8% t\u00eam propor\u00e7\u00e3o superior de escolas com jornada integral. Levando-se em conta a pequena diferen\u00e7a entre os tr\u00eas estados mais bem colocados, constata-se que a oferta local dessa modalidade de ensino \u00e9 altamente significativa.<\/p>\n\n\n\n<p>O Maranh\u00e3o supera em quase tr\u00eas vezes a m\u00e9dia nacional no que se refere \u00e0 propor\u00e7\u00e3o de escolas fundamentais que oferecem ensino em tempo integral. A taxa do Brasil referente ao estudo em dois turnos na fase educacional do 1\u00ba ao 9\u00ba ano, cuja faixa et\u00e1ria vai dos 6 aos 14 anos, \u00e9 de  14,4%.<\/p>\n\n\n\n<p>Em compara\u00e7\u00e3o com o Norte, o Centro-Oeste, o Sudeste e o Sul, o Maranh\u00e3o tem oferta de ensino integral maior do que todas as unidades federativas situadas nessas quatro regi\u00f5es. Estado mais desenvolvido do pa\u00eds, S\u00e3o Paulo tem apenas 19,1% de escolas com turmas com aulas em dois turnos, o que corresponde \u00e0 metade da taxa maranhense. Em Minas Gerais, que tem a segunda economia nacional, a m\u00e9dia \u00e9 ainda pior: 7,9%. J\u00e1 no Rio Rio de Janeiro, terceiro colocado no ranking da riqueza do pa\u00eds, o percentual \u00e9 de 14,9%.<\/p>\n\n\n\n<p><strong>Ensino m\u00e9dio<\/strong><\/p>\n\n\n\n<p>Quanto ao ensino m\u00e9dio, a propor\u00e7\u00e3o de escolas de tempo integral no Maranh\u00e3o \u00e9 de 13,2%, de acordo com o Censo Escolar, o que coloca o estado na 18\u00aa posi\u00e7\u00e3o dentre as 27 unidades da federa\u00e7\u00e3o, bem abaixo da m\u00e9dia nacional, de 20,4%. Esse dado indica a necessidade de aumento da oferta do ensino em dois turnos para a faixa et\u00e1ria que vai dos 15 aos 17 anos, que corresponde \u00e0 1\u00aa, 2\u00aa e 3\u00aa s\u00e9ries.<\/p>\n\n\n\n<p>No Brasil, 6,9% (12.278) das 178,3 mil escolas p\u00fablicas possuem entre 20% e 50% dos seus estudantes matriculados em tempo integral.&nbsp;O Censo Escolar mostra, ainda, que 50,7% (90.487) das escolas n\u00e3o possuem nenhum estudante com jornada integral. <\/p>\n\n\n\n<p>A meta 6 do Plano Nacional de Educa\u00e7\u00e3o (PNE) estabelece, como objetivo,&nbsp;oferecer educa\u00e7\u00e3o em tempo integral em, no m\u00ednimo, 50% das escolas p\u00fablicas, de modo que atenda a, pelo menos, 25% dos alunos da educa\u00e7\u00e3o b\u00e1sica.&nbsp;Para tal, os estudantes devem ter, pelo menos, 7 horas de atividades escolares.<\/p>\n\n\n\n<p>Os infogr\u00e1ficos abaixo apresentam o ranking nacional da oferta de ensino em tempo integral no ensino fundamental e do ensino m\u00e9dio:<\/p>\n\n\n\n<div class=\"wp-block-image\"><figure class=\"aligncenter size-large\"><a href=\"https:\/\/www.blogsoestado.com\/danielmatos\/files\/2023\/03\/Screenshot_20230323-0259002.png\"><img decoding=\"async\" src=\"https:\/\/www.blogsoestado.com\/danielmatos\/files\/2023\/03\/Screenshot_20230323-0259002.png\" alt=\"\" class=\"wp-image-107437\"\/><\/a><\/figure><\/div>\n\n\n\n<div class=\"wp-block-image\"><figure class=\"aligncenter size-large\"><a href=\"https:\/\/www.blogsoestado.com\/danielmatos\/files\/2023\/03\/Screenshot_20230323-0301242.png\"><img decoding=\"async\" src=\"https:\/\/www.blogsoestado.com\/danielmatos\/files\/2023\/03\/Screenshot_20230323-0301242.png\" alt=\"\" class=\"wp-image-107438\"\/><\/a><\/figure><\/div>\n","protected":false},"excerpt":{"rendered":"<p>No ensino m\u00e9dio, a taxa de oferta de aulas em dupla jornada \u00e9 de 13,2%, bem abaixo da m\u00e9dia nacional, [&hellip;]<\/p>\n","protected":false},"author":0,"featured_media":0,"comment_status":"open","ping_status":"open","sticky":false,"template":"","format":"standard","meta":{"site-sidebar-layout":"default","site-content-layout":"","ast-site-content-layout":"default","site-content-style":"default","site-sidebar-style":"default","ast-global-header-display":"","ast-banner-title-visibility":"","ast-main-header-display":"","ast-hfb-above-header-display":"","ast-hfb-below-header-display":"","ast-hfb-mobile-header-display":"","site-post-title":"","ast-breadcrumbs-content":"","ast-featured-img":"","footer-sml-layout":"","ast-disable-related-posts":"","theme-transparent-header-meta":"","adv-header-id-meta":"","stick-header-meta":"","header-above-stick-meta":"","header-main-stick-meta":"","header-below-stick-meta":"","astra-migrate-meta-layouts":"default","ast-page-background-enabled":"default","ast-page-background-meta":{"desktop":{"background-color":"var(--ast-global-color-5)","background-image":"","background-repeat":"repeat","background-position":"center center","background-size":"auto","background-attachment":"scroll","background-type":"","background-media":"","overlay-type":"","overlay-color":"","overlay-opacity":"","overlay-gradient":""},"tablet":{"background-color":"","background-image":"","background-repeat":"repeat","background-position":"center center","background-size":"auto","background-attachment":"scroll","background-type":"","background-media":"","overlay-type":"","overlay-color":"","overlay-opacity":"","overlay-gradient":""},"mobile":{"background-color":"","background-image":"","background-repeat":"repeat","background-position":"center center","background-size":"auto","background-attachment":"scroll","background-type":"","background-media":"","overlay-type":"","overlay-color":"","overlay-opacity":"","overlay-gradient":""}},"ast-content-background-meta":{"desktop":{"background-color":"var(--ast-global-color-4)","background-image":"","background-repeat":"repeat","background-position":"center center","background-size":"auto","background-attachment":"scroll","background-type":"","background-media":"","overlay-type":"","overlay-color":"","overlay-opacity":"","overlay-gradient":""},"tablet":{"background-color":"var(--ast-global-color-4)","background-image":"","background-repeat":"repeat","background-position":"center center","background-size":"auto","background-attachment":"scroll","background-type":"","background-media":"","overlay-type":"","overlay-color":"","overlay-opacity":"","overlay-gradient":""},"mobile":{"background-color":"var(--ast-global-color-4)","background-image":"","background-repeat":"repeat","background-position":"center center","background-size":"auto","background-attachment":"scroll","background-type":"","background-media":"","overlay-type":"","overlay-color":"","overlay-opacity":"","overlay-gradient":""}},"footnotes":""},"categories":[1],"tags":[],"class_list":["post-107434","post","type-post","status-publish","format-standard","hentry","category-sem-categoria"],"yoast_head":"<!-- This site is optimized with the Yoast SEO plugin v26.6 - https:\/\/yoast.com\/wordpress\/plugins\/seo\/ -->\n<title>Maranh\u00e3o \u00e9 o 3\u00ba estado em propor\u00e7\u00e3o de escolas p\u00fablicas de tempo integral no ensino fundamental - Daniel Matos<\/title>\n<meta name=\"robots\" content=\"index, follow, max-snippet:-1, max-image-preview:large, max-video-preview:-1\" \/>\n<link rel=\"canonical\" href=\"https:\/\/www.blogsoestado.com\/danielmatos\/maranhao-e-o-3o-estado-do-pais-em-proporcao-de-escolas-de-tempo-integral\/\" \/>\n<meta property=\"og:locale\" content=\"pt_BR\" \/>\n<meta property=\"og:type\" content=\"article\" \/>\n<meta property=\"og:title\" content=\"Maranh\u00e3o \u00e9 o 3\u00ba estado em propor\u00e7\u00e3o de escolas p\u00fablicas de tempo integral no ensino fundamental - Daniel Matos\" \/>\n<meta property=\"og:description\" content=\"No ensino m\u00e9dio, a taxa de oferta de aulas em dupla jornada \u00e9 de 13,2%, bem abaixo da m\u00e9dia nacional, [&hellip;]\" \/>\n<meta property=\"og:url\" content=\"https:\/\/www.blogsoestado.com\/danielmatos\/maranhao-e-o-3o-estado-do-pais-em-proporcao-de-escolas-de-tempo-integral\/\" \/>\n<meta property=\"og:site_name\" content=\"Daniel Matos\" \/>\n<meta property=\"article:published_time\" content=\"2023-03-23T12:00:00+00:00\" \/>\n<meta property=\"og:image\" content=\"https:\/\/www.blogsoestado.com\/danielmatos\/files\/2023\/03\/Screenshot_20230323-0305082.png\" \/>\n<meta name=\"twitter:card\" content=\"summary_large_image\" \/>\n<meta name=\"twitter:label1\" content=\"Est. tempo de leitura\" \/>\n\t<meta name=\"twitter:data1\" content=\"4 minutos\" \/>\n<script type=\"application\/ld+json\" class=\"yoast-schema-graph\">{\"@context\":\"https:\/\/schema.org\",\"@graph\":[{\"@type\":\"WebPage\",\"@id\":\"https:\/\/www.blogsoestado.com\/danielmatos\/maranhao-e-o-3o-estado-do-pais-em-proporcao-de-escolas-de-tempo-integral\/\",\"url\":\"https:\/\/www.blogsoestado.com\/danielmatos\/maranhao-e-o-3o-estado-do-pais-em-proporcao-de-escolas-de-tempo-integral\/\",\"name\":\"Maranh\u00e3o \u00e9 o 3\u00ba estado em propor\u00e7\u00e3o de escolas p\u00fablicas de tempo integral no ensino fundamental - Daniel Matos\",\"isPartOf\":{\"@id\":\"https:\/\/www.blogsoestado.com\/danielmatos\/#website\"},\"primaryImageOfPage\":{\"@id\":\"https:\/\/www.blogsoestado.com\/danielmatos\/maranhao-e-o-3o-estado-do-pais-em-proporcao-de-escolas-de-tempo-integral\/#primaryimage\"},\"image\":{\"@id\":\"https:\/\/www.blogsoestado.com\/danielmatos\/maranhao-e-o-3o-estado-do-pais-em-proporcao-de-escolas-de-tempo-integral\/#primaryimage\"},\"thumbnailUrl\":\"https:\/\/www.blogsoestado.com\/danielmatos\/files\/2023\/03\/Screenshot_20230323-0305082.png\",\"datePublished\":\"2023-03-23T12:00:00+00:00\",\"author\":{\"@id\":\"\"},\"breadcrumb\":{\"@id\":\"https:\/\/www.blogsoestado.com\/danielmatos\/maranhao-e-o-3o-estado-do-pais-em-proporcao-de-escolas-de-tempo-integral\/#breadcrumb\"},\"inLanguage\":\"pt-BR\",\"potentialAction\":[{\"@type\":\"ReadAction\",\"target\":[\"https:\/\/www.blogsoestado.com\/danielmatos\/maranhao-e-o-3o-estado-do-pais-em-proporcao-de-escolas-de-tempo-integral\/\"]}]},{\"@type\":\"ImageObject\",\"inLanguage\":\"pt-BR\",\"@id\":\"https:\/\/www.blogsoestado.com\/danielmatos\/maranhao-e-o-3o-estado-do-pais-em-proporcao-de-escolas-de-tempo-integral\/#primaryimage\",\"url\":\"https:\/\/www.blogsoestado.com\/danielmatos\/files\/2023\/03\/Screenshot_20230323-0305082.png\",\"contentUrl\":\"https:\/\/www.blogsoestado.com\/danielmatos\/files\/2023\/03\/Screenshot_20230323-0305082.png\"},{\"@type\":\"BreadcrumbList\",\"@id\":\"https:\/\/www.blogsoestado.com\/danielmatos\/maranhao-e-o-3o-estado-do-pais-em-proporcao-de-escolas-de-tempo-integral\/#breadcrumb\",\"itemListElement\":[{\"@type\":\"ListItem\",\"position\":1,\"name\":\"In\u00edcio\",\"item\":\"https:\/\/www.blogsoestado.com\/danielmatos\/\"},{\"@type\":\"ListItem\",\"position\":2,\"name\":\"Maranh\u00e3o \u00e9 o 3\u00ba estado em propor\u00e7\u00e3o de escolas p\u00fablicas de tempo integral no ensino fundamental\"}]},{\"@type\":\"WebSite\",\"@id\":\"https:\/\/www.blogsoestado.com\/danielmatos\/#website\",\"url\":\"https:\/\/www.blogsoestado.com\/danielmatos\/\",\"name\":\"Daniel Matos\",\"description\":\"\",\"potentialAction\":[{\"@type\":\"SearchAction\",\"target\":{\"@type\":\"EntryPoint\",\"urlTemplate\":\"https:\/\/www.blogsoestado.com\/danielmatos\/?s={search_term_string}\"},\"query-input\":{\"@type\":\"PropertyValueSpecification\",\"valueRequired\":true,\"valueName\":\"search_term_string\"}}],\"inLanguage\":\"pt-BR\"}]}<\/script>\n<!-- \/ Yoast SEO plugin. -->","yoast_head_json":{"title":"Maranh\u00e3o \u00e9 o 3\u00ba estado em propor\u00e7\u00e3o de escolas p\u00fablicas de tempo integral no ensino fundamental - Daniel Matos","robots":{"index":"index","follow":"follow","max-snippet":"max-snippet:-1","max-image-preview":"max-image-preview:large","max-video-preview":"max-video-preview:-1"},"canonical":"https:\/\/www.blogsoestado.com\/danielmatos\/maranhao-e-o-3o-estado-do-pais-em-proporcao-de-escolas-de-tempo-integral\/","og_locale":"pt_BR","og_type":"article","og_title":"Maranh\u00e3o \u00e9 o 3\u00ba estado em propor\u00e7\u00e3o de escolas p\u00fablicas de tempo integral no ensino fundamental - Daniel Matos","og_description":"No ensino m\u00e9dio, a taxa de oferta de aulas em dupla jornada \u00e9 de 13,2%, bem abaixo da m\u00e9dia nacional, [&hellip;]","og_url":"https:\/\/www.blogsoestado.com\/danielmatos\/maranhao-e-o-3o-estado-do-pais-em-proporcao-de-escolas-de-tempo-integral\/","og_site_name":"Daniel Matos","article_published_time":"2023-03-23T12:00:00+00:00","og_image":[{"url":"https:\/\/www.blogsoestado.com\/danielmatos\/files\/2023\/03\/Screenshot_20230323-0305082.png","type":"","width":"","height":""}],"twitter_card":"summary_large_image","twitter_misc":{"Est. tempo de leitura":"4 minutos"},"schema":{"@context":"https:\/\/schema.org","@graph":[{"@type":"WebPage","@id":"https:\/\/www.blogsoestado.com\/danielmatos\/maranhao-e-o-3o-estado-do-pais-em-proporcao-de-escolas-de-tempo-integral\/","url":"https:\/\/www.blogsoestado.com\/danielmatos\/maranhao-e-o-3o-estado-do-pais-em-proporcao-de-escolas-de-tempo-integral\/","name":"Maranh\u00e3o \u00e9 o 3\u00ba estado em propor\u00e7\u00e3o de escolas p\u00fablicas de tempo integral no ensino fundamental - Daniel Matos","isPartOf":{"@id":"https:\/\/www.blogsoestado.com\/danielmatos\/#website"},"primaryImageOfPage":{"@id":"https:\/\/www.blogsoestado.com\/danielmatos\/maranhao-e-o-3o-estado-do-pais-em-proporcao-de-escolas-de-tempo-integral\/#primaryimage"},"image":{"@id":"https:\/\/www.blogsoestado.com\/danielmatos\/maranhao-e-o-3o-estado-do-pais-em-proporcao-de-escolas-de-tempo-integral\/#primaryimage"},"thumbnailUrl":"https:\/\/www.blogsoestado.com\/danielmatos\/files\/2023\/03\/Screenshot_20230323-0305082.png","datePublished":"2023-03-23T12:00:00+00:00","author":{"@id":""},"breadcrumb":{"@id":"https:\/\/www.blogsoestado.com\/danielmatos\/maranhao-e-o-3o-estado-do-pais-em-proporcao-de-escolas-de-tempo-integral\/#breadcrumb"},"inLanguage":"pt-BR","potentialAction":[{"@type":"ReadAction","target":["https:\/\/www.blogsoestado.com\/danielmatos\/maranhao-e-o-3o-estado-do-pais-em-proporcao-de-escolas-de-tempo-integral\/"]}]},{"@type":"ImageObject","inLanguage":"pt-BR","@id":"https:\/\/www.blogsoestado.com\/danielmatos\/maranhao-e-o-3o-estado-do-pais-em-proporcao-de-escolas-de-tempo-integral\/#primaryimage","url":"https:\/\/www.blogsoestado.com\/danielmatos\/files\/2023\/03\/Screenshot_20230323-0305082.png","contentUrl":"https:\/\/www.blogsoestado.com\/danielmatos\/files\/2023\/03\/Screenshot_20230323-0305082.png"},{"@type":"BreadcrumbList","@id":"https:\/\/www.blogsoestado.com\/danielmatos\/maranhao-e-o-3o-estado-do-pais-em-proporcao-de-escolas-de-tempo-integral\/#breadcrumb","itemListElement":[{"@type":"ListItem","position":1,"name":"In\u00edcio","item":"https:\/\/www.blogsoestado.com\/danielmatos\/"},{"@type":"ListItem","position":2,"name":"Maranh\u00e3o \u00e9 o 3\u00ba estado em propor\u00e7\u00e3o de escolas p\u00fablicas de tempo integral no ensino fundamental"}]},{"@type":"WebSite","@id":"https:\/\/www.blogsoestado.com\/danielmatos\/#website","url":"https:\/\/www.blogsoestado.com\/danielmatos\/","name":"Daniel Matos","description":"","potentialAction":[{"@type":"SearchAction","target":{"@type":"EntryPoint","urlTemplate":"https:\/\/www.blogsoestado.com\/danielmatos\/?s={search_term_string}"},"query-input":{"@type":"PropertyValueSpecification","valueRequired":true,"valueName":"search_term_string"}}],"inLanguage":"pt-BR"}]}},"jetpack_featured_media_url":"","_links":{"self":[{"href":"https:\/\/www.blogsoestado.com\/danielmatos\/wp-json\/wp\/v2\/posts\/107434","targetHints":{"allow":["GET"]}}],"collection":[{"href":"https:\/\/www.blogsoestado.com\/danielmatos\/wp-json\/wp\/v2\/posts"}],"about":[{"href":"https:\/\/www.blogsoestado.com\/danielmatos\/wp-json\/wp\/v2\/types\/post"}],"replies":[{"embeddable":true,"href":"https:\/\/www.blogsoestado.com\/danielmatos\/wp-json\/wp\/v2\/comments?post=107434"}],"version-history":[{"count":0,"href":"https:\/\/www.blogsoestado.com\/danielmatos\/wp-json\/wp\/v2\/posts\/107434\/revisions"}],"wp:attachment":[{"href":"https:\/\/www.blogsoestado.com\/danielmatos\/wp-json\/wp\/v2\/media?parent=107434"}],"wp:term":[{"taxonomy":"category","embeddable":true,"href":"https:\/\/www.blogsoestado.com\/danielmatos\/wp-json\/wp\/v2\/categories?post=107434"},{"taxonomy":"post_tag","embeddable":true,"href":"https:\/\/www.blogsoestado.com\/danielmatos\/wp-json\/wp\/v2\/tags?post=107434"}],"curies":[{"name":"wp","href":"https:\/\/api.w.org\/{rel}","templated":true}]}}