{"id":107461,"date":"2023-03-23T15:00:00","date_gmt":"2023-03-23T18:00:00","guid":{"rendered":"https:\/\/www.blogsoestado.com\/danielmatos\/?p=107461"},"modified":"2023-03-23T15:00:00","modified_gmt":"2023-03-23T18:00:00","slug":"cabo-da-pm-acusado-de-feminicidio-volta-a-ser-preso-a-pedido-do-mpma","status":"publish","type":"post","link":"https:\/\/www.blogsoestado.com\/danielmatos\/cabo-da-pm-acusado-de-feminicidio-volta-a-ser-preso-a-pedido-do-mpma\/","title":{"rendered":"Cabo da PM acusado de feminic\u00eddio volta a ser preso a pedido do MPMA"},"content":{"rendered":"\n<div class=\"wp-block-image\"><figure class=\"aligncenter size-large\"><a href=\"https:\/\/www.blogsoestado.com\/danielmatos\/files\/2023\/03\/Screenshot_20230323-1338292.png\"><img decoding=\"async\" src=\"https:\/\/www.blogsoestado.com\/danielmatos\/files\/2023\/03\/Screenshot_20230323-1338292.png\" alt=\"\" class=\"wp-image-107462\"\/><\/a><\/figure><\/div>\n\n\n\n<p>Com base em pedido do Minist\u00e9rio P\u00fablico do Maranh\u00e3o, a Justi\u00e7a determinou a volta de Gilgleidson Pereira Melo ao cumprimento de pris\u00e3o preventiva. O cabo da Pol\u00edcia Militar \u00e9 acusado de feminic\u00eddio contra Ana Carolina da Silva Carvalho, sua namorada, crime ocorrido em julho de 2021.<\/p>\n\n\n\n<p>Gilgleidson Melo estava cumprindo pris\u00e3o preventiva at\u00e9 ser internado no Hospital Nina Rodrigues, em S\u00e3o Lu\u00eds, com base em laudo m\u00e9dico emitido a partir de um incidente de insanidade apresentado pela defesa. Ocorre que o acusado recebeu alta do hospital em 4 de mar\u00e7o deste ano, apenas 14 dias ap\u00f3s a interna\u00e7\u00e3o.<\/p>\n\n\n\n<p>Na decis\u00e3o, o juiz Duarte Henrique Ribeiro de Souza observa que a conclus\u00e3o do laudo m\u00e9dico apontava que o quadro era irrevers\u00edvel, n\u00e3o havendo \u201cprogn\u00f3stico de cura do acusado\u201d. Al\u00e9m disso, ele seria totalmente incapaz e com recomenda\u00e7\u00e3o de interna\u00e7\u00e3o por tempo indeterminado. \u201cImposs\u00edvel a revers\u00e3o de um quadro m\u00e9dico classificado como extremamente grave em apenas 14 dias\u201d, aponta o magistrado.<\/p>\n\n\n\n<p>O juiz observa, ainda, que os sintomas de quest\u00f5es psiqui\u00e1tricas s\u00f3 passam a existir ap\u00f3s o crime. Os atestados m\u00e9dicos fornecidos pela Pol\u00edcia Militar n\u00e3o apontam qualquer \u201canomalia pr\u00f3pria de sa\u00fade mental\u201d durante a vida profissional do acusado.<\/p>\n\n\n\n<p>Para o promotor de justi\u00e7a Gustavo de Oliveira Bueno, titular da 2\u00aa Promotoria de Justi\u00e7a de Coroat\u00e1, a interna\u00e7\u00e3o provis\u00f3ria do acusado n\u00e3o poderia ser convertida em pris\u00e3o domiciliar, como solicitado pela defesa, pois ele estava preso preventivamente e n\u00e3o houve nenhuma altera\u00e7\u00e3o do quadro f\u00e1tico que justificasse a pris\u00e3o em seu domic\u00edlio.<\/p>\n\n\n\n<p>O posicionamento foi corroborado pelo magistrado que observa que \u201co fato de ter recebido alta m\u00e9dica n\u00e3o pode ser entendido como um alvar\u00e1 de soltura, ainda mais quando os requisitos e fundamentos do decreto preventivo ainda se fazem presentes\u201d. O juiz observa, ainda, que \u201co acusado foi liberado sem ordem judicial, violando todo o ordenamento jur\u00eddico\u201d.<\/p>\n\n\n\n<p>Cabe ressaltar que Gilgleidson Melo j\u00e1 havia sido posto em liberdade anteriormente, voltando a ser preso, a pedido do Minist\u00e9rio P\u00fablico, por n\u00e3o cumprimento das medidas cautelares determinadas pela Justi\u00e7a.<\/p>\n\n\n\n<p>Al\u00e9m do retorno de Gilgleidson Pereira Melo \u00e0 pris\u00e3o, a decis\u00e3o judicial estabelece prazo de 90 dias para a realiza\u00e7\u00e3o de novo exame de sanidade mental, tendo em vista a contradi\u00e7\u00e3o entre os documentos m\u00e9dicos. Entre as medidas determinadas tamb\u00e9m est\u00e3o a apura\u00e7\u00e3o das condutas de todos os m\u00e9dicos respons\u00e1veis pela alta m\u00e9dica por parte do Minist\u00e9rio P\u00fablico e a abertura de inqu\u00e9rito policial para apurar as responsabilidades dos m\u00e9dicos pela libera\u00e7\u00e3o do r\u00e9u sem autoriza\u00e7\u00e3o judicial.<\/p>\n\n\n\n<p><strong>O CRIME<\/strong><\/p>\n\n\n\n<p>De acordo com as investiga\u00e7\u00f5es do Departamento de Feminic\u00eddios da Pol\u00edcia Civil, Ana Carolina da Silva Carvalho, de apenas 17 anos, teria sido morta em uma ch\u00e1cara da fam\u00edlia de Gilgleidson Pereira Melo, no Bairro Moc\u00f3, em Coroat\u00e1. O corpo da v\u00edtima foi encontrado na propriedade, atingido por disparo de arma de fogo.<\/p>\n\n\n\n<p>Ouvido ap\u00f3s o crime, o Policial Militar teria relatado uma mensagem da companheira, por volta de 1 hora da manh\u00e3, afirmando ter pessoas no quintal da propriedade tentando invadir a casa. Ele teria ido at\u00e9 a ch\u00e1cara e trocado tiros com os bandidos, situa\u00e7\u00e3o que teria levado \u00e0 morte de Ana Carolina Carvalho.<\/p>\n\n\n\n<p>Em seguida, o acusado teria fugido da cidade, tendo sido preso, pela primeira vez, em Timon, quatro dias ap\u00f3s o crime.<\/p>\n","protected":false},"excerpt":{"rendered":"<p>Com base em pedido do Minist\u00e9rio P\u00fablico do Maranh\u00e3o, a Justi\u00e7a determinou a volta de Gilgleidson Pereira Melo ao cumprimento [&hellip;]<\/p>\n","protected":false},"author":0,"featured_media":0,"comment_status":"open","ping_status":"open","sticky":false,"template":"","format":"standard","meta":{"site-sidebar-layout":"default","site-content-layout":"","ast-site-content-layout":"default","site-content-style":"default","site-sidebar-style":"default","ast-global-header-display":"","ast-banner-title-visibility":"","ast-main-header-display":"","ast-hfb-above-header-display":"","ast-hfb-below-header-display":"","ast-hfb-mobile-header-display":"","site-post-title":"","ast-breadcrumbs-content":"","ast-featured-img":"","footer-sml-layout":"","ast-disable-related-posts":"","theme-transparent-header-meta":"","adv-header-id-meta":"","stick-header-meta":"","header-above-stick-meta":"","header-main-stick-meta":"","header-below-stick-meta":"","astra-migrate-meta-layouts":"default","ast-page-background-enabled":"default","ast-page-background-meta":{"desktop":{"background-color":"var(--ast-global-color-5)","background-image":"","background-repeat":"repeat","background-position":"center center","background-size":"auto","background-attachment":"scroll","background-type":"","background-media":"","overlay-type":"","overlay-color":"","overlay-opacity":"","overlay-gradient":""},"tablet":{"background-color":"","background-image":"","background-repeat":"repeat","background-position":"center center","background-size":"auto","background-attachment":"scroll","background-type":"","background-media":"","overlay-type":"","overlay-color":"","overlay-opacity":"","overlay-gradient":""},"mobile":{"background-color":"","background-image":"","background-repeat":"repeat","background-position":"center center","background-size":"auto","background-attachment":"scroll","background-type":"","background-media":"","overlay-type":"","overlay-color":"","overlay-opacity":"","overlay-gradient":""}},"ast-content-background-meta":{"desktop":{"background-color":"var(--ast-global-color-4)","background-image":"","background-repeat":"repeat","background-position":"center center","background-size":"auto","background-attachment":"scroll","background-type":"","background-media":"","overlay-type":"","overlay-color":"","overlay-opacity":"","overlay-gradient":""},"tablet":{"background-color":"var(--ast-global-color-4)","background-image":"","background-repeat":"repeat","background-position":"center center","background-size":"auto","background-attachment":"scroll","background-type":"","background-media":"","overlay-type":"","overlay-color":"","overlay-opacity":"","overlay-gradient":""},"mobile":{"background-color":"var(--ast-global-color-4)","background-image":"","background-repeat":"repeat","background-position":"center center","background-size":"auto","background-attachment":"scroll","background-type":"","background-media":"","overlay-type":"","overlay-color":"","overlay-opacity":"","overlay-gradient":""}},"footnotes":""},"categories":[1],"tags":[],"class_list":["post-107461","post","type-post","status-publish","format-standard","hentry","category-sem-categoria"],"yoast_head":"<!-- This site is optimized with the Yoast SEO plugin v26.6 - https:\/\/yoast.com\/wordpress\/plugins\/seo\/ -->\n<title>Cabo da PM acusado de feminic\u00eddio volta a ser preso a pedido do MPMA - Daniel Matos<\/title>\n<meta name=\"robots\" content=\"index, follow, max-snippet:-1, max-image-preview:large, max-video-preview:-1\" \/>\n<link rel=\"canonical\" href=\"https:\/\/www.blogsoestado.com\/danielmatos\/cabo-da-pm-acusado-de-feminicidio-volta-a-ser-preso-a-pedido-do-mpma\/\" \/>\n<meta property=\"og:locale\" content=\"pt_BR\" \/>\n<meta property=\"og:type\" content=\"article\" \/>\n<meta property=\"og:title\" content=\"Cabo da PM acusado de feminic\u00eddio volta a ser preso a pedido do MPMA - Daniel Matos\" \/>\n<meta property=\"og:description\" content=\"Com base em pedido do Minist\u00e9rio P\u00fablico do Maranh\u00e3o, a Justi\u00e7a determinou a volta de Gilgleidson Pereira Melo ao cumprimento [&hellip;]\" \/>\n<meta property=\"og:url\" content=\"https:\/\/www.blogsoestado.com\/danielmatos\/cabo-da-pm-acusado-de-feminicidio-volta-a-ser-preso-a-pedido-do-mpma\/\" \/>\n<meta property=\"og:site_name\" content=\"Daniel Matos\" \/>\n<meta property=\"article:published_time\" content=\"2023-03-23T18:00:00+00:00\" \/>\n<meta property=\"og:image\" content=\"https:\/\/www.blogsoestado.com\/danielmatos\/files\/2023\/03\/Screenshot_20230323-1338292.png\" \/>\n<meta name=\"twitter:card\" content=\"summary_large_image\" \/>\n<meta name=\"twitter:label1\" content=\"Est. tempo de leitura\" \/>\n\t<meta name=\"twitter:data1\" content=\"3 minutos\" \/>\n<script type=\"application\/ld+json\" class=\"yoast-schema-graph\">{\"@context\":\"https:\/\/schema.org\",\"@graph\":[{\"@type\":\"WebPage\",\"@id\":\"https:\/\/www.blogsoestado.com\/danielmatos\/cabo-da-pm-acusado-de-feminicidio-volta-a-ser-preso-a-pedido-do-mpma\/\",\"url\":\"https:\/\/www.blogsoestado.com\/danielmatos\/cabo-da-pm-acusado-de-feminicidio-volta-a-ser-preso-a-pedido-do-mpma\/\",\"name\":\"Cabo da PM acusado de feminic\u00eddio volta a ser preso a pedido do MPMA - Daniel Matos\",\"isPartOf\":{\"@id\":\"https:\/\/www.blogsoestado.com\/danielmatos\/#website\"},\"primaryImageOfPage\":{\"@id\":\"https:\/\/www.blogsoestado.com\/danielmatos\/cabo-da-pm-acusado-de-feminicidio-volta-a-ser-preso-a-pedido-do-mpma\/#primaryimage\"},\"image\":{\"@id\":\"https:\/\/www.blogsoestado.com\/danielmatos\/cabo-da-pm-acusado-de-feminicidio-volta-a-ser-preso-a-pedido-do-mpma\/#primaryimage\"},\"thumbnailUrl\":\"https:\/\/www.blogsoestado.com\/danielmatos\/files\/2023\/03\/Screenshot_20230323-1338292.png\",\"datePublished\":\"2023-03-23T18:00:00+00:00\",\"author\":{\"@id\":\"\"},\"breadcrumb\":{\"@id\":\"https:\/\/www.blogsoestado.com\/danielmatos\/cabo-da-pm-acusado-de-feminicidio-volta-a-ser-preso-a-pedido-do-mpma\/#breadcrumb\"},\"inLanguage\":\"pt-BR\",\"potentialAction\":[{\"@type\":\"ReadAction\",\"target\":[\"https:\/\/www.blogsoestado.com\/danielmatos\/cabo-da-pm-acusado-de-feminicidio-volta-a-ser-preso-a-pedido-do-mpma\/\"]}]},{\"@type\":\"ImageObject\",\"inLanguage\":\"pt-BR\",\"@id\":\"https:\/\/www.blogsoestado.com\/danielmatos\/cabo-da-pm-acusado-de-feminicidio-volta-a-ser-preso-a-pedido-do-mpma\/#primaryimage\",\"url\":\"https:\/\/www.blogsoestado.com\/danielmatos\/files\/2023\/03\/Screenshot_20230323-1338292.png\",\"contentUrl\":\"https:\/\/www.blogsoestado.com\/danielmatos\/files\/2023\/03\/Screenshot_20230323-1338292.png\"},{\"@type\":\"BreadcrumbList\",\"@id\":\"https:\/\/www.blogsoestado.com\/danielmatos\/cabo-da-pm-acusado-de-feminicidio-volta-a-ser-preso-a-pedido-do-mpma\/#breadcrumb\",\"itemListElement\":[{\"@type\":\"ListItem\",\"position\":1,\"name\":\"In\u00edcio\",\"item\":\"https:\/\/www.blogsoestado.com\/danielmatos\/\"},{\"@type\":\"ListItem\",\"position\":2,\"name\":\"Cabo da PM acusado de feminic\u00eddio volta a ser preso a pedido do MPMA\"}]},{\"@type\":\"WebSite\",\"@id\":\"https:\/\/www.blogsoestado.com\/danielmatos\/#website\",\"url\":\"https:\/\/www.blogsoestado.com\/danielmatos\/\",\"name\":\"Daniel Matos\",\"description\":\"\",\"potentialAction\":[{\"@type\":\"SearchAction\",\"target\":{\"@type\":\"EntryPoint\",\"urlTemplate\":\"https:\/\/www.blogsoestado.com\/danielmatos\/?s={search_term_string}\"},\"query-input\":{\"@type\":\"PropertyValueSpecification\",\"valueRequired\":true,\"valueName\":\"search_term_string\"}}],\"inLanguage\":\"pt-BR\"}]}<\/script>\n<!-- \/ Yoast SEO plugin. -->","yoast_head_json":{"title":"Cabo da PM acusado de feminic\u00eddio volta a ser preso a pedido do MPMA - Daniel Matos","robots":{"index":"index","follow":"follow","max-snippet":"max-snippet:-1","max-image-preview":"max-image-preview:large","max-video-preview":"max-video-preview:-1"},"canonical":"https:\/\/www.blogsoestado.com\/danielmatos\/cabo-da-pm-acusado-de-feminicidio-volta-a-ser-preso-a-pedido-do-mpma\/","og_locale":"pt_BR","og_type":"article","og_title":"Cabo da PM acusado de feminic\u00eddio volta a ser preso a pedido do MPMA - Daniel Matos","og_description":"Com base em pedido do Minist\u00e9rio P\u00fablico do Maranh\u00e3o, a Justi\u00e7a determinou a volta de Gilgleidson Pereira Melo ao cumprimento [&hellip;]","og_url":"https:\/\/www.blogsoestado.com\/danielmatos\/cabo-da-pm-acusado-de-feminicidio-volta-a-ser-preso-a-pedido-do-mpma\/","og_site_name":"Daniel Matos","article_published_time":"2023-03-23T18:00:00+00:00","og_image":[{"url":"https:\/\/www.blogsoestado.com\/danielmatos\/files\/2023\/03\/Screenshot_20230323-1338292.png","type":"","width":"","height":""}],"twitter_card":"summary_large_image","twitter_misc":{"Est. tempo de leitura":"3 minutos"},"schema":{"@context":"https:\/\/schema.org","@graph":[{"@type":"WebPage","@id":"https:\/\/www.blogsoestado.com\/danielmatos\/cabo-da-pm-acusado-de-feminicidio-volta-a-ser-preso-a-pedido-do-mpma\/","url":"https:\/\/www.blogsoestado.com\/danielmatos\/cabo-da-pm-acusado-de-feminicidio-volta-a-ser-preso-a-pedido-do-mpma\/","name":"Cabo da PM acusado de feminic\u00eddio volta a ser preso a pedido do MPMA - Daniel Matos","isPartOf":{"@id":"https:\/\/www.blogsoestado.com\/danielmatos\/#website"},"primaryImageOfPage":{"@id":"https:\/\/www.blogsoestado.com\/danielmatos\/cabo-da-pm-acusado-de-feminicidio-volta-a-ser-preso-a-pedido-do-mpma\/#primaryimage"},"image":{"@id":"https:\/\/www.blogsoestado.com\/danielmatos\/cabo-da-pm-acusado-de-feminicidio-volta-a-ser-preso-a-pedido-do-mpma\/#primaryimage"},"thumbnailUrl":"https:\/\/www.blogsoestado.com\/danielmatos\/files\/2023\/03\/Screenshot_20230323-1338292.png","datePublished":"2023-03-23T18:00:00+00:00","author":{"@id":""},"breadcrumb":{"@id":"https:\/\/www.blogsoestado.com\/danielmatos\/cabo-da-pm-acusado-de-feminicidio-volta-a-ser-preso-a-pedido-do-mpma\/#breadcrumb"},"inLanguage":"pt-BR","potentialAction":[{"@type":"ReadAction","target":["https:\/\/www.blogsoestado.com\/danielmatos\/cabo-da-pm-acusado-de-feminicidio-volta-a-ser-preso-a-pedido-do-mpma\/"]}]},{"@type":"ImageObject","inLanguage":"pt-BR","@id":"https:\/\/www.blogsoestado.com\/danielmatos\/cabo-da-pm-acusado-de-feminicidio-volta-a-ser-preso-a-pedido-do-mpma\/#primaryimage","url":"https:\/\/www.blogsoestado.com\/danielmatos\/files\/2023\/03\/Screenshot_20230323-1338292.png","contentUrl":"https:\/\/www.blogsoestado.com\/danielmatos\/files\/2023\/03\/Screenshot_20230323-1338292.png"},{"@type":"BreadcrumbList","@id":"https:\/\/www.blogsoestado.com\/danielmatos\/cabo-da-pm-acusado-de-feminicidio-volta-a-ser-preso-a-pedido-do-mpma\/#breadcrumb","itemListElement":[{"@type":"ListItem","position":1,"name":"In\u00edcio","item":"https:\/\/www.blogsoestado.com\/danielmatos\/"},{"@type":"ListItem","position":2,"name":"Cabo da PM acusado de feminic\u00eddio volta a ser preso a pedido do MPMA"}]},{"@type":"WebSite","@id":"https:\/\/www.blogsoestado.com\/danielmatos\/#website","url":"https:\/\/www.blogsoestado.com\/danielmatos\/","name":"Daniel Matos","description":"","potentialAction":[{"@type":"SearchAction","target":{"@type":"EntryPoint","urlTemplate":"https:\/\/www.blogsoestado.com\/danielmatos\/?s={search_term_string}"},"query-input":{"@type":"PropertyValueSpecification","valueRequired":true,"valueName":"search_term_string"}}],"inLanguage":"pt-BR"}]}},"jetpack_featured_media_url":"","_links":{"self":[{"href":"https:\/\/www.blogsoestado.com\/danielmatos\/wp-json\/wp\/v2\/posts\/107461","targetHints":{"allow":["GET"]}}],"collection":[{"href":"https:\/\/www.blogsoestado.com\/danielmatos\/wp-json\/wp\/v2\/posts"}],"about":[{"href":"https:\/\/www.blogsoestado.com\/danielmatos\/wp-json\/wp\/v2\/types\/post"}],"replies":[{"embeddable":true,"href":"https:\/\/www.blogsoestado.com\/danielmatos\/wp-json\/wp\/v2\/comments?post=107461"}],"version-history":[{"count":0,"href":"https:\/\/www.blogsoestado.com\/danielmatos\/wp-json\/wp\/v2\/posts\/107461\/revisions"}],"wp:attachment":[{"href":"https:\/\/www.blogsoestado.com\/danielmatos\/wp-json\/wp\/v2\/media?parent=107461"}],"wp:term":[{"taxonomy":"category","embeddable":true,"href":"https:\/\/www.blogsoestado.com\/danielmatos\/wp-json\/wp\/v2\/categories?post=107461"},{"taxonomy":"post_tag","embeddable":true,"href":"https:\/\/www.blogsoestado.com\/danielmatos\/wp-json\/wp\/v2\/tags?post=107461"}],"curies":[{"name":"wp","href":"https:\/\/api.w.org\/{rel}","templated":true}]}}