{"id":107471,"date":"2023-03-24T00:45:20","date_gmt":"2023-03-24T03:45:20","guid":{"rendered":"https:\/\/www.blogsoestado.com\/danielmatos\/?p=107471"},"modified":"2023-03-24T00:45:20","modified_gmt":"2023-03-24T03:45:20","slug":"justica-condena-facebook-a-indenizar-8-milhoes-de-brasileiros-por-vazamento-de-dados","status":"publish","type":"post","link":"https:\/\/www.blogsoestado.com\/danielmatos\/justica-condena-facebook-a-indenizar-8-milhoes-de-brasileiros-por-vazamento-de-dados\/","title":{"rendered":"Justi\u00e7a condena Facebook a indenizar 8 milh\u00f5es de brasileiros por vazamento de dados"},"content":{"rendered":"\n<p><strong><span class=\"has-inline-color has-vivid-red-color\">Senten\u00e7a tamb\u00e9m condena a empresa em danos morais coletivos no valor de R$ 72 milh\u00f5es<\/span><\/strong>  <\/p>\n\n\n\n<div class=\"wp-block-image\"><figure class=\"aligncenter size-large\"><a href=\"https:\/\/www.blogsoestado.com\/danielmatos\/files\/2023\/03\/Screenshot_20230324-0045182.png\"><img decoding=\"async\" src=\"https:\/\/www.blogsoestado.com\/danielmatos\/files\/2023\/03\/Screenshot_20230324-0045182.png\" alt=\"\" class=\"wp-image-107474\"\/><\/a><\/figure><\/div>\n\n\n\n<p>Uma senten\u00e7a proferida nesta quinta-feira (23) pela Vara de Interesses Difusos e Coletivos da comarca da Ilha de S\u00e3o Lu\u00eds condenou a empresa Facebook Servi\u00e7os Online do Brasil Ltda ao pagamento de indeniza\u00e7\u00e3o por danos morais no valor de R$ 500,00 a cada usu\u00e1rio diretamente atingido por vazamento de dados pessoais ocorrido em 2021; al\u00e9m do pagamento de R$ 72 milh\u00f5es a t\u00edtulo de danos morais coletivos, valor a ser revertido ao Fundo Estadual de Interesses Difusos.\u00a0<\/p>\n\n\n\n<p>A senten\u00e7a do juiz Douglas de Melo Martins &#8211; pass\u00edvel de recurso &#8211; acolheu parcialmente os pedidos formulados em A\u00e7\u00e3o Civil Coletiva proposta pelo pelo Instituto Brasileiro de Defesa das Rela\u00e7\u00f5es de Consumo \u2013 IBEDEC\/MA, argumentando que o Facebook, na ocasi\u00e3o, contrariou a prote\u00e7\u00e3o legal garantida aos consumidores quanto aos seus direitos fundamentais \u00e0 privacidade, \u00e0 intimidade, \u00e0 honra e \u00e0 imagem ao ter vazado, indiscriminadamente, dados pessoais como n\u00famero de telefone, e-mail, nome, data de nascimento e local de trabalho, atingindo aproximadamente 533 (quinhentos e trinta e tr\u00eas) milh\u00f5es de usu\u00e1rios de 106 pa\u00edses, sendo 8.064,916 (oito milh\u00f5es sessenta e quatro mil novecentos e dezesseis) usu\u00e1rios brasileiros.&nbsp;<\/p>\n\n\n\n<p>O juiz levantou a prote\u00e7\u00e3o especial \u00e0 intimidade, \u00e0 vida privada, \u00e0 honra e \u00e0 imagem conferida pela Constitui\u00e7\u00e3o Federal, configurando como inviol\u00e1veis os &nbsp;direitos fundamentais da personalidade e assegurando o direito \u00e0 indeniza\u00e7\u00e3o pelo dano moral ou material decorrente de sua viola\u00e7\u00e3o. Os dados pessoais ganharam maior prote\u00e7\u00e3o ap\u00f3s a promulga\u00e7\u00e3o da Emenda Constitucional n\u00ba 115\/2022, que alterou a Constitui\u00e7\u00e3o Federal para incluir a prote\u00e7\u00e3o de dados pessoais entre os direitos e garantias fundamentais do cidad\u00e3o, assegurando o direito \u00e0 prote\u00e7\u00e3o nos meios digitais.<\/p>\n\n\n\n<p>A senten\u00e7a destacou ainda as normas da Lei n\u00ba 13.709\/2018 (Lei Geral de Prote\u00e7\u00e3o de Dados Pessoais &#8211; LGPD), que enuncia como fundamentos o respeito \u00e0 privacidade e a autodetermina\u00e7\u00e3o informativa, estipulando que o tratamento de dados pessoais somente pode se dar mediante consentimento do titular.<\/p>\n\n\n\n<p>Citou ainda o Marco Civil da Internet (Lei N\u00b0 12.695\/2014), que estabelece princ\u00edpios, garantias, direitos e deveres para o uso da internet no Brasil e a defesa do consumidor, entre os quais a prote\u00e7\u00e3o da privacidade e dos dados pessoais, assegurada a inviolabilidade da intimidade e da vida privada, sua prote\u00e7\u00e3o e indeniza\u00e7\u00e3o pelo dano material ou moral decorrente de sua viola\u00e7\u00e3o; al\u00e9m de informa\u00e7\u00f5es claras e completas sobre coleta, uso, armazenamento, tratamento e prote\u00e7\u00e3o de seus dados pessoais, que somente poder\u00e3o ser utilizados para finalidades que &nbsp;justifiquem sua coleta, n\u00e3o sejam vedadas pela legisla\u00e7\u00e3o e estejam especificadas nos contratos de presta\u00e7\u00e3o de servi\u00e7os ou em termos de uso de aplica\u00e7\u00f5es de internet.<\/p>\n\n\n\n<p>\u201cOportuno pontuar que os agentes de tratamento devem adotar medidas de seguran\u00e7a, t\u00e9cnicas e administrativas, aptas a proteger os dados pessoais de acessos n\u00e3o autorizados e de situa\u00e7\u00f5es acidentais ou il\u00edcitas de destrui\u00e7\u00e3o, perda, altera\u00e7\u00e3o, comunica\u00e7\u00e3o ou qualquer forma de tratamento inadequado ou il\u00edcito\u201d, pontuou o magistrado.&nbsp;<\/p>\n\n\n\n<p>O juiz entendeu que o Facebook agiu em total desconformidade com o ordenamento jur\u00eddico ao permitir a extra\u00e7\u00e3o de dados de suas plataformas, de milh\u00f5es de usu\u00e1rios, por ferramentas automatizadas, n\u00e3o importando que o tratamento il\u00edcito tenha sido cometido por terceiro, pois competia ao Facebook a garantia da prote\u00e7\u00e3o dos dados pessoais de seus usu\u00e1rios.&nbsp;<\/p>\n\n\n\n<p>O magistrado observou que o &nbsp;valor da indeniza\u00e7\u00e3o pelos danos morais coletivos n\u00e3o pode ser insignificante, sob pena de n\u00e3o atingir o prop\u00f3sito educativo, mas tamb\u00e9m n\u00e3o deve ser exagerado e desproporcional a ponto de tornar-se excessivamente oneroso. \u201cNo Brasil, ao contr\u00e1rio do que ocorre nos EUA e EUROPA, as indeniza\u00e7\u00f5es t\u00eam sido arbitradas em valores irris\u00f3rios, especialmente nos \u00faltimos anos, muito em decorr\u00eancia de absurdos do passado quando a simples devolu\u00e7\u00e3o de um cheque resultava em indeniza\u00e7\u00e3o milion\u00e1ria\u201d, citou, lembrando caso em que a Petrobras foi obrigada a pagar multa indenizat\u00f3ria de<br \/>US$ 853,2 milh\u00f5es, equivalente a R$ 4,21 bilh\u00f5es.<\/p>\n\n\n\n<p>\u201cDeve-se considerar que o vazamento de dados atingiu uma gama relevante de usu\u00e1rios em todo o pa\u00eds e que, em casos semelhantes ao discutido nesta lide, a parte r\u00e9 prop\u00f4s acordos e recebeu condena\u00e7\u00f5es milion\u00e1rias pela pr\u00e1tica reiterada de vazamentos de dados,<br \/>como no caso \u201cCambridge Analytica\u201d, em que o Facebook recebeu multa de US$ 5 bilh\u00f5es de d\u00f3lares, aplicada pela Federal Trade Commission (FTC), pelo uso indevido de dados pessoais de aproximadamente 87 milh\u00f5es de usu\u00e1rios\u201d, destacou.&nbsp;<\/p>\n\n\n\n<p>A condena\u00e7\u00e3o da empresa ao pagamento de R$ 500,00 por danos morais individuais aos usu\u00e1rios diretamente atingidos, com o tr\u00e2nsito em julgado da senten\u00e7a, dever\u00e1 ocorrer em cumprimento individual de senten\u00e7a no foro de resid\u00eancia de cada consumidor afetado.<\/p>\n","protected":false},"excerpt":{"rendered":"<p>Senten\u00e7a tamb\u00e9m condena a empresa em danos morais coletivos no valor de R$ 72 milh\u00f5es Uma senten\u00e7a proferida nesta quinta-feira [&hellip;]<\/p>\n","protected":false},"author":0,"featured_media":0,"comment_status":"open","ping_status":"open","sticky":false,"template":"","format":"standard","meta":{"site-sidebar-layout":"default","site-content-layout":"","ast-site-content-layout":"default","site-content-style":"default","site-sidebar-style":"default","ast-global-header-display":"","ast-banner-title-visibility":"","ast-main-header-display":"","ast-hfb-above-header-display":"","ast-hfb-below-header-display":"","ast-hfb-mobile-header-display":"","site-post-title":"","ast-breadcrumbs-content":"","ast-featured-img":"","footer-sml-layout":"","ast-disable-related-posts":"","theme-transparent-header-meta":"","adv-header-id-meta":"","stick-header-meta":"","header-above-stick-meta":"","header-main-stick-meta":"","header-below-stick-meta":"","astra-migrate-meta-layouts":"default","ast-page-background-enabled":"default","ast-page-background-meta":{"desktop":{"background-color":"var(--ast-global-color-5)","background-image":"","background-repeat":"repeat","background-position":"center center","background-size":"auto","background-attachment":"scroll","background-type":"","background-media":"","overlay-type":"","overlay-color":"","overlay-opacity":"","overlay-gradient":""},"tablet":{"background-color":"","background-image":"","background-repeat":"repeat","background-position":"center center","background-size":"auto","background-attachment":"scroll","background-type":"","background-media":"","overlay-type":"","overlay-color":"","overlay-opacity":"","overlay-gradient":""},"mobile":{"background-color":"","background-image":"","background-repeat":"repeat","background-position":"center center","background-size":"auto","background-attachment":"scroll","background-type":"","background-media":"","overlay-type":"","overlay-color":"","overlay-opacity":"","overlay-gradient":""}},"ast-content-background-meta":{"desktop":{"background-color":"var(--ast-global-color-4)","background-image":"","background-repeat":"repeat","background-position":"center center","background-size":"auto","background-attachment":"scroll","background-type":"","background-media":"","overlay-type":"","overlay-color":"","overlay-opacity":"","overlay-gradient":""},"tablet":{"background-color":"var(--ast-global-color-4)","background-image":"","background-repeat":"repeat","background-position":"center center","background-size":"auto","background-attachment":"scroll","background-type":"","background-media":"","overlay-type":"","overlay-color":"","overlay-opacity":"","overlay-gradient":""},"mobile":{"background-color":"var(--ast-global-color-4)","background-image":"","background-repeat":"repeat","background-position":"center center","background-size":"auto","background-attachment":"scroll","background-type":"","background-media":"","overlay-type":"","overlay-color":"","overlay-opacity":"","overlay-gradient":""}},"footnotes":""},"categories":[1],"tags":[],"class_list":["post-107471","post","type-post","status-publish","format-standard","hentry","category-sem-categoria"],"yoast_head":"<!-- This site is optimized with the Yoast SEO plugin v26.6 - https:\/\/yoast.com\/wordpress\/plugins\/seo\/ -->\n<title>Justi\u00e7a condena Facebook a indenizar 8 milh\u00f5es de brasileiros por vazamento de dados - Daniel Matos<\/title>\n<meta name=\"robots\" content=\"index, follow, max-snippet:-1, max-image-preview:large, max-video-preview:-1\" \/>\n<link rel=\"canonical\" href=\"https:\/\/www.blogsoestado.com\/danielmatos\/justica-condena-facebook-a-indenizar-8-milhoes-de-brasileiros-por-vazamento-de-dados\/\" \/>\n<meta property=\"og:locale\" content=\"pt_BR\" \/>\n<meta property=\"og:type\" content=\"article\" \/>\n<meta property=\"og:title\" content=\"Justi\u00e7a condena Facebook a indenizar 8 milh\u00f5es de brasileiros por vazamento de dados - Daniel Matos\" \/>\n<meta property=\"og:description\" content=\"Senten\u00e7a tamb\u00e9m condena a empresa em danos morais coletivos no valor de R$ 72 milh\u00f5es Uma senten\u00e7a proferida nesta quinta-feira [&hellip;]\" \/>\n<meta property=\"og:url\" content=\"https:\/\/www.blogsoestado.com\/danielmatos\/justica-condena-facebook-a-indenizar-8-milhoes-de-brasileiros-por-vazamento-de-dados\/\" \/>\n<meta property=\"og:site_name\" content=\"Daniel Matos\" \/>\n<meta property=\"article:published_time\" content=\"2023-03-24T03:45:20+00:00\" \/>\n<meta property=\"og:image\" content=\"https:\/\/www.blogsoestado.com\/danielmatos\/files\/2023\/03\/Screenshot_20230324-0045182.png\" \/>\n<meta name=\"twitter:card\" content=\"summary_large_image\" \/>\n<meta name=\"twitter:label1\" content=\"Est. tempo de leitura\" \/>\n\t<meta name=\"twitter:data1\" content=\"4 minutos\" \/>\n<script type=\"application\/ld+json\" class=\"yoast-schema-graph\">{\"@context\":\"https:\/\/schema.org\",\"@graph\":[{\"@type\":\"WebPage\",\"@id\":\"https:\/\/www.blogsoestado.com\/danielmatos\/justica-condena-facebook-a-indenizar-8-milhoes-de-brasileiros-por-vazamento-de-dados\/\",\"url\":\"https:\/\/www.blogsoestado.com\/danielmatos\/justica-condena-facebook-a-indenizar-8-milhoes-de-brasileiros-por-vazamento-de-dados\/\",\"name\":\"Justi\u00e7a condena Facebook a indenizar 8 milh\u00f5es de brasileiros por vazamento de dados - Daniel Matos\",\"isPartOf\":{\"@id\":\"https:\/\/www.blogsoestado.com\/danielmatos\/#website\"},\"primaryImageOfPage\":{\"@id\":\"https:\/\/www.blogsoestado.com\/danielmatos\/justica-condena-facebook-a-indenizar-8-milhoes-de-brasileiros-por-vazamento-de-dados\/#primaryimage\"},\"image\":{\"@id\":\"https:\/\/www.blogsoestado.com\/danielmatos\/justica-condena-facebook-a-indenizar-8-milhoes-de-brasileiros-por-vazamento-de-dados\/#primaryimage\"},\"thumbnailUrl\":\"https:\/\/www.blogsoestado.com\/danielmatos\/files\/2023\/03\/Screenshot_20230324-0045182.png\",\"datePublished\":\"2023-03-24T03:45:20+00:00\",\"author\":{\"@id\":\"\"},\"breadcrumb\":{\"@id\":\"https:\/\/www.blogsoestado.com\/danielmatos\/justica-condena-facebook-a-indenizar-8-milhoes-de-brasileiros-por-vazamento-de-dados\/#breadcrumb\"},\"inLanguage\":\"pt-BR\",\"potentialAction\":[{\"@type\":\"ReadAction\",\"target\":[\"https:\/\/www.blogsoestado.com\/danielmatos\/justica-condena-facebook-a-indenizar-8-milhoes-de-brasileiros-por-vazamento-de-dados\/\"]}]},{\"@type\":\"ImageObject\",\"inLanguage\":\"pt-BR\",\"@id\":\"https:\/\/www.blogsoestado.com\/danielmatos\/justica-condena-facebook-a-indenizar-8-milhoes-de-brasileiros-por-vazamento-de-dados\/#primaryimage\",\"url\":\"https:\/\/www.blogsoestado.com\/danielmatos\/files\/2023\/03\/Screenshot_20230324-0045182.png\",\"contentUrl\":\"https:\/\/www.blogsoestado.com\/danielmatos\/files\/2023\/03\/Screenshot_20230324-0045182.png\"},{\"@type\":\"BreadcrumbList\",\"@id\":\"https:\/\/www.blogsoestado.com\/danielmatos\/justica-condena-facebook-a-indenizar-8-milhoes-de-brasileiros-por-vazamento-de-dados\/#breadcrumb\",\"itemListElement\":[{\"@type\":\"ListItem\",\"position\":1,\"name\":\"In\u00edcio\",\"item\":\"https:\/\/www.blogsoestado.com\/danielmatos\/\"},{\"@type\":\"ListItem\",\"position\":2,\"name\":\"Justi\u00e7a condena Facebook a indenizar 8 milh\u00f5es de brasileiros por vazamento de dados\"}]},{\"@type\":\"WebSite\",\"@id\":\"https:\/\/www.blogsoestado.com\/danielmatos\/#website\",\"url\":\"https:\/\/www.blogsoestado.com\/danielmatos\/\",\"name\":\"Daniel Matos\",\"description\":\"\",\"potentialAction\":[{\"@type\":\"SearchAction\",\"target\":{\"@type\":\"EntryPoint\",\"urlTemplate\":\"https:\/\/www.blogsoestado.com\/danielmatos\/?s={search_term_string}\"},\"query-input\":{\"@type\":\"PropertyValueSpecification\",\"valueRequired\":true,\"valueName\":\"search_term_string\"}}],\"inLanguage\":\"pt-BR\"}]}<\/script>\n<!-- \/ Yoast SEO plugin. -->","yoast_head_json":{"title":"Justi\u00e7a condena Facebook a indenizar 8 milh\u00f5es de brasileiros por vazamento de dados - Daniel Matos","robots":{"index":"index","follow":"follow","max-snippet":"max-snippet:-1","max-image-preview":"max-image-preview:large","max-video-preview":"max-video-preview:-1"},"canonical":"https:\/\/www.blogsoestado.com\/danielmatos\/justica-condena-facebook-a-indenizar-8-milhoes-de-brasileiros-por-vazamento-de-dados\/","og_locale":"pt_BR","og_type":"article","og_title":"Justi\u00e7a condena Facebook a indenizar 8 milh\u00f5es de brasileiros por vazamento de dados - Daniel Matos","og_description":"Senten\u00e7a tamb\u00e9m condena a empresa em danos morais coletivos no valor de R$ 72 milh\u00f5es Uma senten\u00e7a proferida nesta quinta-feira [&hellip;]","og_url":"https:\/\/www.blogsoestado.com\/danielmatos\/justica-condena-facebook-a-indenizar-8-milhoes-de-brasileiros-por-vazamento-de-dados\/","og_site_name":"Daniel Matos","article_published_time":"2023-03-24T03:45:20+00:00","og_image":[{"url":"https:\/\/www.blogsoestado.com\/danielmatos\/files\/2023\/03\/Screenshot_20230324-0045182.png","type":"","width":"","height":""}],"twitter_card":"summary_large_image","twitter_misc":{"Est. tempo de leitura":"4 minutos"},"schema":{"@context":"https:\/\/schema.org","@graph":[{"@type":"WebPage","@id":"https:\/\/www.blogsoestado.com\/danielmatos\/justica-condena-facebook-a-indenizar-8-milhoes-de-brasileiros-por-vazamento-de-dados\/","url":"https:\/\/www.blogsoestado.com\/danielmatos\/justica-condena-facebook-a-indenizar-8-milhoes-de-brasileiros-por-vazamento-de-dados\/","name":"Justi\u00e7a condena Facebook a indenizar 8 milh\u00f5es de brasileiros por vazamento de dados - Daniel Matos","isPartOf":{"@id":"https:\/\/www.blogsoestado.com\/danielmatos\/#website"},"primaryImageOfPage":{"@id":"https:\/\/www.blogsoestado.com\/danielmatos\/justica-condena-facebook-a-indenizar-8-milhoes-de-brasileiros-por-vazamento-de-dados\/#primaryimage"},"image":{"@id":"https:\/\/www.blogsoestado.com\/danielmatos\/justica-condena-facebook-a-indenizar-8-milhoes-de-brasileiros-por-vazamento-de-dados\/#primaryimage"},"thumbnailUrl":"https:\/\/www.blogsoestado.com\/danielmatos\/files\/2023\/03\/Screenshot_20230324-0045182.png","datePublished":"2023-03-24T03:45:20+00:00","author":{"@id":""},"breadcrumb":{"@id":"https:\/\/www.blogsoestado.com\/danielmatos\/justica-condena-facebook-a-indenizar-8-milhoes-de-brasileiros-por-vazamento-de-dados\/#breadcrumb"},"inLanguage":"pt-BR","potentialAction":[{"@type":"ReadAction","target":["https:\/\/www.blogsoestado.com\/danielmatos\/justica-condena-facebook-a-indenizar-8-milhoes-de-brasileiros-por-vazamento-de-dados\/"]}]},{"@type":"ImageObject","inLanguage":"pt-BR","@id":"https:\/\/www.blogsoestado.com\/danielmatos\/justica-condena-facebook-a-indenizar-8-milhoes-de-brasileiros-por-vazamento-de-dados\/#primaryimage","url":"https:\/\/www.blogsoestado.com\/danielmatos\/files\/2023\/03\/Screenshot_20230324-0045182.png","contentUrl":"https:\/\/www.blogsoestado.com\/danielmatos\/files\/2023\/03\/Screenshot_20230324-0045182.png"},{"@type":"BreadcrumbList","@id":"https:\/\/www.blogsoestado.com\/danielmatos\/justica-condena-facebook-a-indenizar-8-milhoes-de-brasileiros-por-vazamento-de-dados\/#breadcrumb","itemListElement":[{"@type":"ListItem","position":1,"name":"In\u00edcio","item":"https:\/\/www.blogsoestado.com\/danielmatos\/"},{"@type":"ListItem","position":2,"name":"Justi\u00e7a condena Facebook a indenizar 8 milh\u00f5es de brasileiros por vazamento de dados"}]},{"@type":"WebSite","@id":"https:\/\/www.blogsoestado.com\/danielmatos\/#website","url":"https:\/\/www.blogsoestado.com\/danielmatos\/","name":"Daniel Matos","description":"","potentialAction":[{"@type":"SearchAction","target":{"@type":"EntryPoint","urlTemplate":"https:\/\/www.blogsoestado.com\/danielmatos\/?s={search_term_string}"},"query-input":{"@type":"PropertyValueSpecification","valueRequired":true,"valueName":"search_term_string"}}],"inLanguage":"pt-BR"}]}},"jetpack_featured_media_url":"","_links":{"self":[{"href":"https:\/\/www.blogsoestado.com\/danielmatos\/wp-json\/wp\/v2\/posts\/107471","targetHints":{"allow":["GET"]}}],"collection":[{"href":"https:\/\/www.blogsoestado.com\/danielmatos\/wp-json\/wp\/v2\/posts"}],"about":[{"href":"https:\/\/www.blogsoestado.com\/danielmatos\/wp-json\/wp\/v2\/types\/post"}],"replies":[{"embeddable":true,"href":"https:\/\/www.blogsoestado.com\/danielmatos\/wp-json\/wp\/v2\/comments?post=107471"}],"version-history":[{"count":0,"href":"https:\/\/www.blogsoestado.com\/danielmatos\/wp-json\/wp\/v2\/posts\/107471\/revisions"}],"wp:attachment":[{"href":"https:\/\/www.blogsoestado.com\/danielmatos\/wp-json\/wp\/v2\/media?parent=107471"}],"wp:term":[{"taxonomy":"category","embeddable":true,"href":"https:\/\/www.blogsoestado.com\/danielmatos\/wp-json\/wp\/v2\/categories?post=107471"},{"taxonomy":"post_tag","embeddable":true,"href":"https:\/\/www.blogsoestado.com\/danielmatos\/wp-json\/wp\/v2\/tags?post=107471"}],"curies":[{"name":"wp","href":"https:\/\/api.w.org\/{rel}","templated":true}]}}