{"id":107481,"date":"2023-03-24T15:37:50","date_gmt":"2023-03-24T18:37:50","guid":{"rendered":"https:\/\/www.blogsoestado.com\/danielmatos\/?p=107481"},"modified":"2023-03-24T15:37:50","modified_gmt":"2023-03-24T18:37:50","slug":"premio-cafe-com-leane-lago-e-entregue-a-personalidades-de-destaque-no-maranhao","status":"publish","type":"post","link":"https:\/\/www.blogsoestado.com\/danielmatos\/premio-cafe-com-leane-lago-e-entregue-a-personalidades-de-destaque-no-maranhao\/","title":{"rendered":"Pr\u00eamio Caf\u00e9 com Leane Lago \u00e9 entregue a personalidades de destaque no Maranh\u00e3o"},"content":{"rendered":"\n<div class=\"wp-block-image\"><figure class=\"aligncenter size-large\"><a href=\"https:\/\/www.blogsoestado.com\/danielmatos\/files\/2023\/03\/Screenshot_20230324-0222522.png\"><img decoding=\"async\" src=\"https:\/\/www.blogsoestado.com\/danielmatos\/files\/2023\/03\/Screenshot_20230324-0222522.png\" alt=\"\" class=\"wp-image-107485\"\/><\/a><figcaption>Ruchel Almeida, propriet\u00e1rio da Rlaser, homenageado na categoria Empreendedor de Sucesso <\/figcaption><\/figure><\/div>\n\n\n\n<p>A II Edi\u00e7\u00e3o do Pr\u00eamio Caf\u00e9 com Leane Lago, Honra ao M\u00e9rito 2022 aconteceu no \u00faltimo s\u00e1bado, 18 de Mar\u00e7o<br \/>O evento que \u00e9 realizado pelo programa de TV Caf\u00e9 com Leane Lago (Tv Guar\u00e1), homenageia personalidades do Maranh\u00e3o que se destacam e s\u00e3o refer\u00eancias em suas diversas \u00e1reas de atua\u00e7\u00f5es.<\/p>\n\n\n\n<div class=\"wp-block-image\"><figure class=\"aligncenter size-large\"><a href=\"https:\/\/www.blogsoestado.com\/danielmatos\/files\/2023\/03\/Screenshot_20230324-0223412.png\"><img decoding=\"async\" src=\"https:\/\/www.blogsoestado.com\/danielmatos\/files\/2023\/03\/Screenshot_20230324-0223412.png\" alt=\"\" class=\"wp-image-107482\"\/><\/a><figcaption>B\u00e1ebara Pubnaloni e Carlos Pubnaloni, propriet\u00e1rios da BKS Comunica\u00e7\u00e3o, homenageados na categoria Empreendedor de Sucesso<\/figcaption><\/figure><\/div>\n\n\n\n<p>Foram agraciadas figuras nas categorias Pol\u00edtico do Ano, Empreendedor de Sucesso e Personalidade.<\/p>\n\n\n\n<p>Confira mais alguns dos homenageados desta edi\u00e7\u00e3o:<\/p>\n\n\n\n<div class=\"wp-block-image\"><figure class=\"aligncenter size-large\"><a href=\"https:\/\/www.blogsoestado.com\/danielmatos\/files\/2023\/03\/Screenshot_20230324-0224302.png\"><img decoding=\"async\" src=\"https:\/\/www.blogsoestado.com\/danielmatos\/files\/2023\/03\/Screenshot_20230324-0224302.png\" alt=\"\" class=\"wp-image-107486\"\/><\/a><figcaption>Nathalia Mar\u00e3o &#8211; Propriet\u00e1ria MM Gourmet &#8211;<br \/>Homenageada na categoria Empreendedor de Sucesso 2022<\/figcaption><\/figure><\/div>\n\n\n\n<div class=\"wp-block-image\"><figure class=\"aligncenter size-large\"><a href=\"https:\/\/www.blogsoestado.com\/danielmatos\/files\/2023\/03\/Screenshot_20230324-0225072.png\"><img decoding=\"async\" src=\"https:\/\/www.blogsoestado.com\/danielmatos\/files\/2023\/03\/Screenshot_20230324-0225072.png\" alt=\"\" class=\"wp-image-107487\"\/><\/a><figcaption>Gabriel Santos Freitas e Ricardo Menezes Reis &#8211; S\u00f3cios Propriet\u00e1rios da Revis Drinks &#8211;<br \/>Homenageados na categoria Empreendedor de Sucesso 2022<\/figcaption><\/figure><\/div>\n\n\n\n<div class=\"wp-block-image\"><figure class=\"aligncenter size-large\"><a href=\"https:\/\/www.blogsoestado.com\/danielmatos\/files\/2023\/03\/Screenshot_20230324-1607572.png\"><img decoding=\"async\" src=\"https:\/\/www.blogsoestado.com\/danielmatos\/files\/2023\/03\/Screenshot_20230324-1607572.png\" alt=\"\" class=\"wp-image-107495\"\/><\/a><figcaption>O presidente da OAB-MA, Kaio Saraiva, foi agraciado com o Pr\u00eamio Caf\u00e9 com Leane Lago na categoria Personalidade <\/figcaption><\/figure><\/div>\n\n\n\n<div class=\"wp-block-image\"><figure class=\"aligncenter size-large\"><a href=\"https:\/\/www.blogsoestado.com\/danielmatos\/files\/2023\/03\/Screenshot_20230324-0226192.png\"><img decoding=\"async\" src=\"https:\/\/www.blogsoestado.com\/danielmatos\/files\/2023\/03\/Screenshot_20230324-0226192.png\" alt=\"\" class=\"wp-image-107488\"\/><\/a><figcaption>Junior Negreiros e Sanna Negreiros &#8211; Propriet\u00e1rios da Dr Apple.<\/figcaption><\/figure><\/div>\n\n\n\n<div class=\"wp-block-image\"><figure class=\"aligncenter size-large\"><a href=\"https:\/\/www.blogsoestado.com\/danielmatos\/files\/2023\/03\/Screenshot_20230324-0226582.png\"><img decoding=\"async\" src=\"https:\/\/www.blogsoestado.com\/danielmatos\/files\/2023\/03\/Screenshot_20230324-0226582.png\" alt=\"\" class=\"wp-image-107490\"\/><\/a><figcaption>\u00c1urea L\u00facia Lob\u00e3o &#8211; Propriet\u00e1ria \u00c1urea Eventos &#8211; Homenageada na categoria Empreendedor de Sucesso 2022<\/figcaption><\/figure><\/div>\n\n\n\n<div class=\"wp-block-image\"><figure class=\"aligncenter size-large\"><a href=\"https:\/\/www.blogsoestado.com\/danielmatos\/files\/2023\/03\/Screenshot_20230324-0227372.png\"><img decoding=\"async\" src=\"https:\/\/www.blogsoestado.com\/danielmatos\/files\/2023\/03\/Screenshot_20230324-0227372.png\" alt=\"\" class=\"wp-image-107489\"\/><\/a><figcaption>Carlos Rangel &#8211; Presidente da Cruz Vermelha do Maranh\u00e3o<\/figcaption><\/figure><\/div>\n\n\n\n<div class=\"wp-block-image\"><figure class=\"aligncenter size-large\"><a href=\"https:\/\/www.blogsoestado.com\/danielmatos\/files\/2023\/03\/Screenshot_20230324-0228132.png\"><img decoding=\"async\" src=\"https:\/\/www.blogsoestado.com\/danielmatos\/files\/2023\/03\/Screenshot_20230324-0228132.png\" alt=\"\" class=\"wp-image-107491\"\/><\/a><figcaption>Chef J\u00fanior Bel\u00e9m &#8211; Restaurante Milazzo<br \/>Homenageado na categoria Personalidade<\/figcaption><\/figure><\/div>\n\n\n\n<div class=\"wp-block-image\"><figure class=\"aligncenter size-large\"><a href=\"https:\/\/www.blogsoestado.com\/danielmatos\/files\/2023\/03\/Screenshot_20230324-0228452.png\"><img decoding=\"async\" src=\"https:\/\/www.blogsoestado.com\/danielmatos\/files\/2023\/03\/Screenshot_20230324-0228452.png\" alt=\"\" class=\"wp-image-107492\"\/><\/a><figcaption>Saulo Santos &#8211; Secret\u00e1rio de Turismo de S\u00e3o Lu\u00eds &#8211; Representado por seu pai Sr. Protazio Santos.<br \/>Homenageado na categoria Personalidade<\/figcaption><\/figure><\/div>\n","protected":false},"excerpt":{"rendered":"<p>A II Edi\u00e7\u00e3o do Pr\u00eamio Caf\u00e9 com Leane Lago, Honra ao M\u00e9rito 2022 aconteceu no \u00faltimo s\u00e1bado, 18 de Mar\u00e7oO [&hellip;]<\/p>\n","protected":false},"author":0,"featured_media":0,"comment_status":"open","ping_status":"open","sticky":false,"template":"","format":"standard","meta":{"site-sidebar-layout":"default","site-content-layout":"","ast-site-content-layout":"default","site-content-style":"default","site-sidebar-style":"default","ast-global-header-display":"","ast-banner-title-visibility":"","ast-main-header-display":"","ast-hfb-above-header-display":"","ast-hfb-below-header-display":"","ast-hfb-mobile-header-display":"","site-post-title":"","ast-breadcrumbs-content":"","ast-featured-img":"","footer-sml-layout":"","ast-disable-related-posts":"","theme-transparent-header-meta":"","adv-header-id-meta":"","stick-header-meta":"","header-above-stick-meta":"","header-main-stick-meta":"","header-below-stick-meta":"","astra-migrate-meta-layouts":"default","ast-page-background-enabled":"default","ast-page-background-meta":{"desktop":{"background-color":"var(--ast-global-color-5)","background-image":"","background-repeat":"repeat","background-position":"center center","background-size":"auto","background-attachment":"scroll","background-type":"","background-media":"","overlay-type":"","overlay-color":"","overlay-opacity":"","overlay-gradient":""},"tablet":{"background-color":"","background-image":"","background-repeat":"repeat","background-position":"center center","background-size":"auto","background-attachment":"scroll","background-type":"","background-media":"","overlay-type":"","overlay-color":"","overlay-opacity":"","overlay-gradient":""},"mobile":{"background-color":"","background-image":"","background-repeat":"repeat","background-position":"center center","background-size":"auto","background-attachment":"scroll","background-type":"","background-media":"","overlay-type":"","overlay-color":"","overlay-opacity":"","overlay-gradient":""}},"ast-content-background-meta":{"desktop":{"background-color":"var(--ast-global-color-4)","background-image":"","background-repeat":"repeat","background-position":"center center","background-size":"auto","background-attachment":"scroll","background-type":"","background-media":"","overlay-type":"","overlay-color":"","overlay-opacity":"","overlay-gradient":""},"tablet":{"background-color":"var(--ast-global-color-4)","background-image":"","background-repeat":"repeat","background-position":"center center","background-size":"auto","background-attachment":"scroll","background-type":"","background-media":"","overlay-type":"","overlay-color":"","overlay-opacity":"","overlay-gradient":""},"mobile":{"background-color":"var(--ast-global-color-4)","background-image":"","background-repeat":"repeat","background-position":"center center","background-size":"auto","background-attachment":"scroll","background-type":"","background-media":"","overlay-type":"","overlay-color":"","overlay-opacity":"","overlay-gradient":""}},"footnotes":""},"categories":[1],"tags":[],"class_list":["post-107481","post","type-post","status-publish","format-standard","hentry","category-sem-categoria"],"yoast_head":"<!-- This site is optimized with the Yoast SEO plugin v26.6 - https:\/\/yoast.com\/wordpress\/plugins\/seo\/ -->\n<title>Pr\u00eamio Caf\u00e9 com Leane Lago \u00e9 entregue a personalidades de destaque no Maranh\u00e3o - Daniel Matos<\/title>\n<meta name=\"robots\" content=\"index, follow, max-snippet:-1, max-image-preview:large, max-video-preview:-1\" \/>\n<link rel=\"canonical\" href=\"https:\/\/www.blogsoestado.com\/danielmatos\/premio-cafe-com-leane-lago-e-entregue-a-personalidades-de-destaque-no-maranhao\/\" \/>\n<meta property=\"og:locale\" content=\"pt_BR\" \/>\n<meta property=\"og:type\" content=\"article\" \/>\n<meta property=\"og:title\" content=\"Pr\u00eamio Caf\u00e9 com Leane Lago \u00e9 entregue a personalidades de destaque no Maranh\u00e3o - Daniel Matos\" \/>\n<meta property=\"og:description\" content=\"A II Edi\u00e7\u00e3o do Pr\u00eamio Caf\u00e9 com Leane Lago, Honra ao M\u00e9rito 2022 aconteceu no \u00faltimo s\u00e1bado, 18 de Mar\u00e7oO [&hellip;]\" \/>\n<meta property=\"og:url\" content=\"https:\/\/www.blogsoestado.com\/danielmatos\/premio-cafe-com-leane-lago-e-entregue-a-personalidades-de-destaque-no-maranhao\/\" \/>\n<meta property=\"og:site_name\" content=\"Daniel Matos\" \/>\n<meta property=\"article:published_time\" content=\"2023-03-24T18:37:50+00:00\" \/>\n<meta property=\"og:image\" content=\"https:\/\/www.blogsoestado.com\/danielmatos\/files\/2023\/03\/Screenshot_20230324-0222522.png\" \/>\n<meta name=\"twitter:card\" content=\"summary_large_image\" \/>\n<meta name=\"twitter:label1\" content=\"Est. tempo de leitura\" \/>\n\t<meta name=\"twitter:data1\" content=\"3 minutos\" \/>\n<script type=\"application\/ld+json\" class=\"yoast-schema-graph\">{\"@context\":\"https:\/\/schema.org\",\"@graph\":[{\"@type\":\"WebPage\",\"@id\":\"https:\/\/www.blogsoestado.com\/danielmatos\/premio-cafe-com-leane-lago-e-entregue-a-personalidades-de-destaque-no-maranhao\/\",\"url\":\"https:\/\/www.blogsoestado.com\/danielmatos\/premio-cafe-com-leane-lago-e-entregue-a-personalidades-de-destaque-no-maranhao\/\",\"name\":\"Pr\u00eamio Caf\u00e9 com Leane Lago \u00e9 entregue a personalidades de destaque no Maranh\u00e3o - Daniel Matos\",\"isPartOf\":{\"@id\":\"https:\/\/www.blogsoestado.com\/danielmatos\/#website\"},\"primaryImageOfPage\":{\"@id\":\"https:\/\/www.blogsoestado.com\/danielmatos\/premio-cafe-com-leane-lago-e-entregue-a-personalidades-de-destaque-no-maranhao\/#primaryimage\"},\"image\":{\"@id\":\"https:\/\/www.blogsoestado.com\/danielmatos\/premio-cafe-com-leane-lago-e-entregue-a-personalidades-de-destaque-no-maranhao\/#primaryimage\"},\"thumbnailUrl\":\"https:\/\/www.blogsoestado.com\/danielmatos\/files\/2023\/03\/Screenshot_20230324-0222522.png\",\"datePublished\":\"2023-03-24T18:37:50+00:00\",\"author\":{\"@id\":\"\"},\"breadcrumb\":{\"@id\":\"https:\/\/www.blogsoestado.com\/danielmatos\/premio-cafe-com-leane-lago-e-entregue-a-personalidades-de-destaque-no-maranhao\/#breadcrumb\"},\"inLanguage\":\"pt-BR\",\"potentialAction\":[{\"@type\":\"ReadAction\",\"target\":[\"https:\/\/www.blogsoestado.com\/danielmatos\/premio-cafe-com-leane-lago-e-entregue-a-personalidades-de-destaque-no-maranhao\/\"]}]},{\"@type\":\"ImageObject\",\"inLanguage\":\"pt-BR\",\"@id\":\"https:\/\/www.blogsoestado.com\/danielmatos\/premio-cafe-com-leane-lago-e-entregue-a-personalidades-de-destaque-no-maranhao\/#primaryimage\",\"url\":\"https:\/\/www.blogsoestado.com\/danielmatos\/files\/2023\/03\/Screenshot_20230324-0222522.png\",\"contentUrl\":\"https:\/\/www.blogsoestado.com\/danielmatos\/files\/2023\/03\/Screenshot_20230324-0222522.png\"},{\"@type\":\"BreadcrumbList\",\"@id\":\"https:\/\/www.blogsoestado.com\/danielmatos\/premio-cafe-com-leane-lago-e-entregue-a-personalidades-de-destaque-no-maranhao\/#breadcrumb\",\"itemListElement\":[{\"@type\":\"ListItem\",\"position\":1,\"name\":\"In\u00edcio\",\"item\":\"https:\/\/www.blogsoestado.com\/danielmatos\/\"},{\"@type\":\"ListItem\",\"position\":2,\"name\":\"Pr\u00eamio Caf\u00e9 com Leane Lago \u00e9 entregue a personalidades de destaque no Maranh\u00e3o\"}]},{\"@type\":\"WebSite\",\"@id\":\"https:\/\/www.blogsoestado.com\/danielmatos\/#website\",\"url\":\"https:\/\/www.blogsoestado.com\/danielmatos\/\",\"name\":\"Daniel Matos\",\"description\":\"\",\"potentialAction\":[{\"@type\":\"SearchAction\",\"target\":{\"@type\":\"EntryPoint\",\"urlTemplate\":\"https:\/\/www.blogsoestado.com\/danielmatos\/?s={search_term_string}\"},\"query-input\":{\"@type\":\"PropertyValueSpecification\",\"valueRequired\":true,\"valueName\":\"search_term_string\"}}],\"inLanguage\":\"pt-BR\"}]}<\/script>\n<!-- \/ Yoast SEO plugin. -->","yoast_head_json":{"title":"Pr\u00eamio Caf\u00e9 com Leane Lago \u00e9 entregue a personalidades de destaque no Maranh\u00e3o - Daniel Matos","robots":{"index":"index","follow":"follow","max-snippet":"max-snippet:-1","max-image-preview":"max-image-preview:large","max-video-preview":"max-video-preview:-1"},"canonical":"https:\/\/www.blogsoestado.com\/danielmatos\/premio-cafe-com-leane-lago-e-entregue-a-personalidades-de-destaque-no-maranhao\/","og_locale":"pt_BR","og_type":"article","og_title":"Pr\u00eamio Caf\u00e9 com Leane Lago \u00e9 entregue a personalidades de destaque no Maranh\u00e3o - Daniel Matos","og_description":"A II Edi\u00e7\u00e3o do Pr\u00eamio Caf\u00e9 com Leane Lago, Honra ao M\u00e9rito 2022 aconteceu no \u00faltimo s\u00e1bado, 18 de Mar\u00e7oO [&hellip;]","og_url":"https:\/\/www.blogsoestado.com\/danielmatos\/premio-cafe-com-leane-lago-e-entregue-a-personalidades-de-destaque-no-maranhao\/","og_site_name":"Daniel Matos","article_published_time":"2023-03-24T18:37:50+00:00","og_image":[{"url":"https:\/\/www.blogsoestado.com\/danielmatos\/files\/2023\/03\/Screenshot_20230324-0222522.png","type":"","width":"","height":""}],"twitter_card":"summary_large_image","twitter_misc":{"Est. tempo de leitura":"3 minutos"},"schema":{"@context":"https:\/\/schema.org","@graph":[{"@type":"WebPage","@id":"https:\/\/www.blogsoestado.com\/danielmatos\/premio-cafe-com-leane-lago-e-entregue-a-personalidades-de-destaque-no-maranhao\/","url":"https:\/\/www.blogsoestado.com\/danielmatos\/premio-cafe-com-leane-lago-e-entregue-a-personalidades-de-destaque-no-maranhao\/","name":"Pr\u00eamio Caf\u00e9 com Leane Lago \u00e9 entregue a personalidades de destaque no Maranh\u00e3o - Daniel Matos","isPartOf":{"@id":"https:\/\/www.blogsoestado.com\/danielmatos\/#website"},"primaryImageOfPage":{"@id":"https:\/\/www.blogsoestado.com\/danielmatos\/premio-cafe-com-leane-lago-e-entregue-a-personalidades-de-destaque-no-maranhao\/#primaryimage"},"image":{"@id":"https:\/\/www.blogsoestado.com\/danielmatos\/premio-cafe-com-leane-lago-e-entregue-a-personalidades-de-destaque-no-maranhao\/#primaryimage"},"thumbnailUrl":"https:\/\/www.blogsoestado.com\/danielmatos\/files\/2023\/03\/Screenshot_20230324-0222522.png","datePublished":"2023-03-24T18:37:50+00:00","author":{"@id":""},"breadcrumb":{"@id":"https:\/\/www.blogsoestado.com\/danielmatos\/premio-cafe-com-leane-lago-e-entregue-a-personalidades-de-destaque-no-maranhao\/#breadcrumb"},"inLanguage":"pt-BR","potentialAction":[{"@type":"ReadAction","target":["https:\/\/www.blogsoestado.com\/danielmatos\/premio-cafe-com-leane-lago-e-entregue-a-personalidades-de-destaque-no-maranhao\/"]}]},{"@type":"ImageObject","inLanguage":"pt-BR","@id":"https:\/\/www.blogsoestado.com\/danielmatos\/premio-cafe-com-leane-lago-e-entregue-a-personalidades-de-destaque-no-maranhao\/#primaryimage","url":"https:\/\/www.blogsoestado.com\/danielmatos\/files\/2023\/03\/Screenshot_20230324-0222522.png","contentUrl":"https:\/\/www.blogsoestado.com\/danielmatos\/files\/2023\/03\/Screenshot_20230324-0222522.png"},{"@type":"BreadcrumbList","@id":"https:\/\/www.blogsoestado.com\/danielmatos\/premio-cafe-com-leane-lago-e-entregue-a-personalidades-de-destaque-no-maranhao\/#breadcrumb","itemListElement":[{"@type":"ListItem","position":1,"name":"In\u00edcio","item":"https:\/\/www.blogsoestado.com\/danielmatos\/"},{"@type":"ListItem","position":2,"name":"Pr\u00eamio Caf\u00e9 com Leane Lago \u00e9 entregue a personalidades de destaque no Maranh\u00e3o"}]},{"@type":"WebSite","@id":"https:\/\/www.blogsoestado.com\/danielmatos\/#website","url":"https:\/\/www.blogsoestado.com\/danielmatos\/","name":"Daniel Matos","description":"","potentialAction":[{"@type":"SearchAction","target":{"@type":"EntryPoint","urlTemplate":"https:\/\/www.blogsoestado.com\/danielmatos\/?s={search_term_string}"},"query-input":{"@type":"PropertyValueSpecification","valueRequired":true,"valueName":"search_term_string"}}],"inLanguage":"pt-BR"}]}},"jetpack_featured_media_url":"","_links":{"self":[{"href":"https:\/\/www.blogsoestado.com\/danielmatos\/wp-json\/wp\/v2\/posts\/107481","targetHints":{"allow":["GET"]}}],"collection":[{"href":"https:\/\/www.blogsoestado.com\/danielmatos\/wp-json\/wp\/v2\/posts"}],"about":[{"href":"https:\/\/www.blogsoestado.com\/danielmatos\/wp-json\/wp\/v2\/types\/post"}],"replies":[{"embeddable":true,"href":"https:\/\/www.blogsoestado.com\/danielmatos\/wp-json\/wp\/v2\/comments?post=107481"}],"version-history":[{"count":0,"href":"https:\/\/www.blogsoestado.com\/danielmatos\/wp-json\/wp\/v2\/posts\/107481\/revisions"}],"wp:attachment":[{"href":"https:\/\/www.blogsoestado.com\/danielmatos\/wp-json\/wp\/v2\/media?parent=107481"}],"wp:term":[{"taxonomy":"category","embeddable":true,"href":"https:\/\/www.blogsoestado.com\/danielmatos\/wp-json\/wp\/v2\/categories?post=107481"},{"taxonomy":"post_tag","embeddable":true,"href":"https:\/\/www.blogsoestado.com\/danielmatos\/wp-json\/wp\/v2\/tags?post=107481"}],"curies":[{"name":"wp","href":"https:\/\/api.w.org\/{rel}","templated":true}]}}