{"id":107514,"date":"2023-03-24T23:35:44","date_gmt":"2023-03-25T02:35:44","guid":{"rendered":"https:\/\/www.blogsoestado.com\/danielmatos\/?p=107514"},"modified":"2023-03-24T23:35:44","modified_gmt":"2023-03-25T02:35:44","slug":"governo-federal-destina-r-3-milhoes-a-20-cidades-do-maranhao-castigadas-por-chuvas-intensas","status":"publish","type":"post","link":"https:\/\/www.blogsoestado.com\/danielmatos\/governo-federal-destina-r-3-milhoes-a-20-cidades-do-maranhao-castigadas-por-chuvas-intensas\/","title":{"rendered":"Governo Federal destina R$ 3 milh\u00f5es a 20 cidades do Maranh\u00e3o castigadas por chuvas intensas"},"content":{"rendered":"\n<div class=\"wp-block-image\"><figure class=\"aligncenter size-large\"><a href=\"https:\/\/www.blogsoestado.com\/danielmatos\/files\/2023\/03\/Screenshot_20230324-2328512.png\"><img decoding=\"async\" src=\"https:\/\/www.blogsoestado.com\/danielmatos\/files\/2023\/03\/Screenshot_20230324-2328512.png\" alt=\"\" class=\"wp-image-107515\"\/><\/a><figcaption>Equipe de Corpo de Bombeiros sobrevoa cidade maranhense castigada por enchente<\/figcaption><\/figure><\/div>\n\n\n\n<p><strong>Bras\u00edlia (DF) \u2013 <\/strong>O Minist\u00e9rio da Integra\u00e7\u00e3o e do Desenvolvimento Regional (MIDR), por meio da Defesa Civil Nacional, repassou, nesta sexta-feira (24), R$ 3 milh\u00f5es para a\u00e7\u00f5es de defesa civil no Maranh\u00e3o, uma das unidades da  federa\u00e7\u00e3o mais afetadas pelas chuvas intensas registradas nesta \u00e9poca do ano. At\u00e9 o momento, foram registradas seis mortes em consequ\u00eancias dos temporais que castigam diferentes regi\u00f5es do estado.<\/p>\n\n\n\n<p>Para o <a href=\"https:\/\/www.in.gov.br\/en\/web\/dou\/-\/portaria-n-1.200-de-23-de-marco-de-2023-472370732\" target=\"_blank\" rel=\"noreferrer noopener\">Maranh\u00e3o<\/a>, foram destinados mais de R$ 3 milh\u00f5es. Os recursos ser\u00e3o utilizados na compra de 2,6 mil cestas de alimentos, 5 mil colch\u00f5es e 5 mil kits dormit\u00f3rio. Os materiais ser\u00e3o enviados para 20 munic\u00edpios afetados por chuvas intensas e que tiveram\u00a0<a href=\"https:\/\/www.in.gov.br\/web\/dou\/-\/portaria-n-1.181-de-22-de-marco-de-2023-472355768\" target=\"_blank\" rel=\"noreferrer noopener\">situa\u00e7\u00e3o de emerg\u00eancia<\/a>\u00a0reconhecida na \u00faltima quinta-feira (23).\u00a0<\/p>\n\n\n\n<div class=\"wp-block-image\"><figure class=\"aligncenter size-large\"><a href=\"https:\/\/www.blogsoestado.com\/danielmatos\/files\/2023\/03\/Screenshot_20230324-2327492.png\"><img decoding=\"async\" src=\"https:\/\/www.blogsoestado.com\/danielmatos\/files\/2023\/03\/Screenshot_20230324-2327492.png\" alt=\"\" class=\"wp-image-107516\"\/><\/a><figcaption>Munic\u00edpio do Maranh\u00e3o com \u00e1rea habitacional arrasada por deslizamento de terra, com registro de dezenas de v\u00edtimas,. entre desabrigados e desalojados<\/figcaption><\/figure><\/div>\n\n\n\n<p>Ser\u00e3o beneficiadas com a a\u00e7\u00e3o as popula\u00e7\u00f5es de Afonso Cunha, Alto Alegre do Pindar\u00e9, Barreirinhas, Buriti, Coroat\u00e1, Esperantin\u00f3polis, Governador Nunes Freire, Gra\u00e7a Aranha, Graja\u00fa, Lago da Pedra, Pedreiras, Pinheiro, Po\u00e7\u00e3o de Pedras, Santa In\u00eas, Santa Luzia, Santo Ant\u00f4nio dos Lopes, S\u00e3o Jo\u00e3o do Caru, Trizidela do Vale, Tuntum e Z\u00e9 Doca.<\/p>\n","protected":false},"excerpt":{"rendered":"<p>Bras\u00edlia (DF) \u2013 O Minist\u00e9rio da Integra\u00e7\u00e3o e do Desenvolvimento Regional (MIDR), por meio da Defesa Civil Nacional, repassou, nesta [&hellip;]<\/p>\n","protected":false},"author":0,"featured_media":0,"comment_status":"open","ping_status":"open","sticky":false,"template":"","format":"standard","meta":{"site-sidebar-layout":"default","site-content-layout":"","ast-site-content-layout":"default","site-content-style":"default","site-sidebar-style":"default","ast-global-header-display":"","ast-banner-title-visibility":"","ast-main-header-display":"","ast-hfb-above-header-display":"","ast-hfb-below-header-display":"","ast-hfb-mobile-header-display":"","site-post-title":"","ast-breadcrumbs-content":"","ast-featured-img":"","footer-sml-layout":"","ast-disable-related-posts":"","theme-transparent-header-meta":"","adv-header-id-meta":"","stick-header-meta":"","header-above-stick-meta":"","header-main-stick-meta":"","header-below-stick-meta":"","astra-migrate-meta-layouts":"default","ast-page-background-enabled":"default","ast-page-background-meta":{"desktop":{"background-color":"var(--ast-global-color-5)","background-image":"","background-repeat":"repeat","background-position":"center center","background-size":"auto","background-attachment":"scroll","background-type":"","background-media":"","overlay-type":"","overlay-color":"","overlay-opacity":"","overlay-gradient":""},"tablet":{"background-color":"","background-image":"","background-repeat":"repeat","background-position":"center center","background-size":"auto","background-attachment":"scroll","background-type":"","background-media":"","overlay-type":"","overlay-color":"","overlay-opacity":"","overlay-gradient":""},"mobile":{"background-color":"","background-image":"","background-repeat":"repeat","background-position":"center center","background-size":"auto","background-attachment":"scroll","background-type":"","background-media":"","overlay-type":"","overlay-color":"","overlay-opacity":"","overlay-gradient":""}},"ast-content-background-meta":{"desktop":{"background-color":"var(--ast-global-color-4)","background-image":"","background-repeat":"repeat","background-position":"center center","background-size":"auto","background-attachment":"scroll","background-type":"","background-media":"","overlay-type":"","overlay-color":"","overlay-opacity":"","overlay-gradient":""},"tablet":{"background-color":"var(--ast-global-color-4)","background-image":"","background-repeat":"repeat","background-position":"center center","background-size":"auto","background-attachment":"scroll","background-type":"","background-media":"","overlay-type":"","overlay-color":"","overlay-opacity":"","overlay-gradient":""},"mobile":{"background-color":"var(--ast-global-color-4)","background-image":"","background-repeat":"repeat","background-position":"center center","background-size":"auto","background-attachment":"scroll","background-type":"","background-media":"","overlay-type":"","overlay-color":"","overlay-opacity":"","overlay-gradient":""}},"footnotes":""},"categories":[1],"tags":[],"class_list":["post-107514","post","type-post","status-publish","format-standard","hentry","category-sem-categoria"],"yoast_head":"<!-- This site is optimized with the Yoast SEO plugin v26.6 - https:\/\/yoast.com\/wordpress\/plugins\/seo\/ -->\n<title>Governo Federal destina R$ 3 milh\u00f5es a 20 cidades do Maranh\u00e3o castigadas por chuvas intensas - Daniel Matos<\/title>\n<meta name=\"robots\" content=\"index, follow, max-snippet:-1, max-image-preview:large, max-video-preview:-1\" \/>\n<link rel=\"canonical\" href=\"https:\/\/www.blogsoestado.com\/danielmatos\/governo-federal-destina-r-3-milhoes-a-20-cidades-do-maranhao-castigadas-por-chuvas-intensas\/\" \/>\n<meta property=\"og:locale\" content=\"pt_BR\" \/>\n<meta property=\"og:type\" content=\"article\" \/>\n<meta property=\"og:title\" content=\"Governo Federal destina R$ 3 milh\u00f5es a 20 cidades do Maranh\u00e3o castigadas por chuvas intensas - Daniel Matos\" \/>\n<meta property=\"og:description\" content=\"Bras\u00edlia (DF) \u2013 O Minist\u00e9rio da Integra\u00e7\u00e3o e do Desenvolvimento Regional (MIDR), por meio da Defesa Civil Nacional, repassou, nesta [&hellip;]\" \/>\n<meta property=\"og:url\" content=\"https:\/\/www.blogsoestado.com\/danielmatos\/governo-federal-destina-r-3-milhoes-a-20-cidades-do-maranhao-castigadas-por-chuvas-intensas\/\" \/>\n<meta property=\"og:site_name\" content=\"Daniel Matos\" \/>\n<meta property=\"article:published_time\" content=\"2023-03-25T02:35:44+00:00\" \/>\n<meta property=\"og:image\" content=\"https:\/\/www.blogsoestado.com\/danielmatos\/files\/2023\/03\/Screenshot_20230324-2328512.png\" \/>\n<meta name=\"twitter:card\" content=\"summary_large_image\" \/>\n<meta name=\"twitter:label1\" content=\"Est. tempo de leitura\" \/>\n\t<meta name=\"twitter:data1\" content=\"2 minutos\" \/>\n<script type=\"application\/ld+json\" class=\"yoast-schema-graph\">{\"@context\":\"https:\/\/schema.org\",\"@graph\":[{\"@type\":\"WebPage\",\"@id\":\"https:\/\/www.blogsoestado.com\/danielmatos\/governo-federal-destina-r-3-milhoes-a-20-cidades-do-maranhao-castigadas-por-chuvas-intensas\/\",\"url\":\"https:\/\/www.blogsoestado.com\/danielmatos\/governo-federal-destina-r-3-milhoes-a-20-cidades-do-maranhao-castigadas-por-chuvas-intensas\/\",\"name\":\"Governo Federal destina R$ 3 milh\u00f5es a 20 cidades do Maranh\u00e3o castigadas por chuvas intensas - Daniel Matos\",\"isPartOf\":{\"@id\":\"https:\/\/www.blogsoestado.com\/danielmatos\/#website\"},\"primaryImageOfPage\":{\"@id\":\"https:\/\/www.blogsoestado.com\/danielmatos\/governo-federal-destina-r-3-milhoes-a-20-cidades-do-maranhao-castigadas-por-chuvas-intensas\/#primaryimage\"},\"image\":{\"@id\":\"https:\/\/www.blogsoestado.com\/danielmatos\/governo-federal-destina-r-3-milhoes-a-20-cidades-do-maranhao-castigadas-por-chuvas-intensas\/#primaryimage\"},\"thumbnailUrl\":\"https:\/\/www.blogsoestado.com\/danielmatos\/files\/2023\/03\/Screenshot_20230324-2328512.png\",\"datePublished\":\"2023-03-25T02:35:44+00:00\",\"author\":{\"@id\":\"\"},\"breadcrumb\":{\"@id\":\"https:\/\/www.blogsoestado.com\/danielmatos\/governo-federal-destina-r-3-milhoes-a-20-cidades-do-maranhao-castigadas-por-chuvas-intensas\/#breadcrumb\"},\"inLanguage\":\"pt-BR\",\"potentialAction\":[{\"@type\":\"ReadAction\",\"target\":[\"https:\/\/www.blogsoestado.com\/danielmatos\/governo-federal-destina-r-3-milhoes-a-20-cidades-do-maranhao-castigadas-por-chuvas-intensas\/\"]}]},{\"@type\":\"ImageObject\",\"inLanguage\":\"pt-BR\",\"@id\":\"https:\/\/www.blogsoestado.com\/danielmatos\/governo-federal-destina-r-3-milhoes-a-20-cidades-do-maranhao-castigadas-por-chuvas-intensas\/#primaryimage\",\"url\":\"https:\/\/www.blogsoestado.com\/danielmatos\/files\/2023\/03\/Screenshot_20230324-2328512.png\",\"contentUrl\":\"https:\/\/www.blogsoestado.com\/danielmatos\/files\/2023\/03\/Screenshot_20230324-2328512.png\"},{\"@type\":\"BreadcrumbList\",\"@id\":\"https:\/\/www.blogsoestado.com\/danielmatos\/governo-federal-destina-r-3-milhoes-a-20-cidades-do-maranhao-castigadas-por-chuvas-intensas\/#breadcrumb\",\"itemListElement\":[{\"@type\":\"ListItem\",\"position\":1,\"name\":\"In\u00edcio\",\"item\":\"https:\/\/www.blogsoestado.com\/danielmatos\/\"},{\"@type\":\"ListItem\",\"position\":2,\"name\":\"Governo Federal destina R$ 3 milh\u00f5es a 20 cidades do Maranh\u00e3o castigadas por chuvas intensas\"}]},{\"@type\":\"WebSite\",\"@id\":\"https:\/\/www.blogsoestado.com\/danielmatos\/#website\",\"url\":\"https:\/\/www.blogsoestado.com\/danielmatos\/\",\"name\":\"Daniel Matos\",\"description\":\"\",\"potentialAction\":[{\"@type\":\"SearchAction\",\"target\":{\"@type\":\"EntryPoint\",\"urlTemplate\":\"https:\/\/www.blogsoestado.com\/danielmatos\/?s={search_term_string}\"},\"query-input\":{\"@type\":\"PropertyValueSpecification\",\"valueRequired\":true,\"valueName\":\"search_term_string\"}}],\"inLanguage\":\"pt-BR\"}]}<\/script>\n<!-- \/ Yoast SEO plugin. -->","yoast_head_json":{"title":"Governo Federal destina R$ 3 milh\u00f5es a 20 cidades do Maranh\u00e3o castigadas por chuvas intensas - Daniel Matos","robots":{"index":"index","follow":"follow","max-snippet":"max-snippet:-1","max-image-preview":"max-image-preview:large","max-video-preview":"max-video-preview:-1"},"canonical":"https:\/\/www.blogsoestado.com\/danielmatos\/governo-federal-destina-r-3-milhoes-a-20-cidades-do-maranhao-castigadas-por-chuvas-intensas\/","og_locale":"pt_BR","og_type":"article","og_title":"Governo Federal destina R$ 3 milh\u00f5es a 20 cidades do Maranh\u00e3o castigadas por chuvas intensas - Daniel Matos","og_description":"Bras\u00edlia (DF) \u2013 O Minist\u00e9rio da Integra\u00e7\u00e3o e do Desenvolvimento Regional (MIDR), por meio da Defesa Civil Nacional, repassou, nesta [&hellip;]","og_url":"https:\/\/www.blogsoestado.com\/danielmatos\/governo-federal-destina-r-3-milhoes-a-20-cidades-do-maranhao-castigadas-por-chuvas-intensas\/","og_site_name":"Daniel Matos","article_published_time":"2023-03-25T02:35:44+00:00","og_image":[{"url":"https:\/\/www.blogsoestado.com\/danielmatos\/files\/2023\/03\/Screenshot_20230324-2328512.png","type":"","width":"","height":""}],"twitter_card":"summary_large_image","twitter_misc":{"Est. tempo de leitura":"2 minutos"},"schema":{"@context":"https:\/\/schema.org","@graph":[{"@type":"WebPage","@id":"https:\/\/www.blogsoestado.com\/danielmatos\/governo-federal-destina-r-3-milhoes-a-20-cidades-do-maranhao-castigadas-por-chuvas-intensas\/","url":"https:\/\/www.blogsoestado.com\/danielmatos\/governo-federal-destina-r-3-milhoes-a-20-cidades-do-maranhao-castigadas-por-chuvas-intensas\/","name":"Governo Federal destina R$ 3 milh\u00f5es a 20 cidades do Maranh\u00e3o castigadas por chuvas intensas - Daniel Matos","isPartOf":{"@id":"https:\/\/www.blogsoestado.com\/danielmatos\/#website"},"primaryImageOfPage":{"@id":"https:\/\/www.blogsoestado.com\/danielmatos\/governo-federal-destina-r-3-milhoes-a-20-cidades-do-maranhao-castigadas-por-chuvas-intensas\/#primaryimage"},"image":{"@id":"https:\/\/www.blogsoestado.com\/danielmatos\/governo-federal-destina-r-3-milhoes-a-20-cidades-do-maranhao-castigadas-por-chuvas-intensas\/#primaryimage"},"thumbnailUrl":"https:\/\/www.blogsoestado.com\/danielmatos\/files\/2023\/03\/Screenshot_20230324-2328512.png","datePublished":"2023-03-25T02:35:44+00:00","author":{"@id":""},"breadcrumb":{"@id":"https:\/\/www.blogsoestado.com\/danielmatos\/governo-federal-destina-r-3-milhoes-a-20-cidades-do-maranhao-castigadas-por-chuvas-intensas\/#breadcrumb"},"inLanguage":"pt-BR","potentialAction":[{"@type":"ReadAction","target":["https:\/\/www.blogsoestado.com\/danielmatos\/governo-federal-destina-r-3-milhoes-a-20-cidades-do-maranhao-castigadas-por-chuvas-intensas\/"]}]},{"@type":"ImageObject","inLanguage":"pt-BR","@id":"https:\/\/www.blogsoestado.com\/danielmatos\/governo-federal-destina-r-3-milhoes-a-20-cidades-do-maranhao-castigadas-por-chuvas-intensas\/#primaryimage","url":"https:\/\/www.blogsoestado.com\/danielmatos\/files\/2023\/03\/Screenshot_20230324-2328512.png","contentUrl":"https:\/\/www.blogsoestado.com\/danielmatos\/files\/2023\/03\/Screenshot_20230324-2328512.png"},{"@type":"BreadcrumbList","@id":"https:\/\/www.blogsoestado.com\/danielmatos\/governo-federal-destina-r-3-milhoes-a-20-cidades-do-maranhao-castigadas-por-chuvas-intensas\/#breadcrumb","itemListElement":[{"@type":"ListItem","position":1,"name":"In\u00edcio","item":"https:\/\/www.blogsoestado.com\/danielmatos\/"},{"@type":"ListItem","position":2,"name":"Governo Federal destina R$ 3 milh\u00f5es a 20 cidades do Maranh\u00e3o castigadas por chuvas intensas"}]},{"@type":"WebSite","@id":"https:\/\/www.blogsoestado.com\/danielmatos\/#website","url":"https:\/\/www.blogsoestado.com\/danielmatos\/","name":"Daniel Matos","description":"","potentialAction":[{"@type":"SearchAction","target":{"@type":"EntryPoint","urlTemplate":"https:\/\/www.blogsoestado.com\/danielmatos\/?s={search_term_string}"},"query-input":{"@type":"PropertyValueSpecification","valueRequired":true,"valueName":"search_term_string"}}],"inLanguage":"pt-BR"}]}},"jetpack_featured_media_url":"","_links":{"self":[{"href":"https:\/\/www.blogsoestado.com\/danielmatos\/wp-json\/wp\/v2\/posts\/107514","targetHints":{"allow":["GET"]}}],"collection":[{"href":"https:\/\/www.blogsoestado.com\/danielmatos\/wp-json\/wp\/v2\/posts"}],"about":[{"href":"https:\/\/www.blogsoestado.com\/danielmatos\/wp-json\/wp\/v2\/types\/post"}],"replies":[{"embeddable":true,"href":"https:\/\/www.blogsoestado.com\/danielmatos\/wp-json\/wp\/v2\/comments?post=107514"}],"version-history":[{"count":0,"href":"https:\/\/www.blogsoestado.com\/danielmatos\/wp-json\/wp\/v2\/posts\/107514\/revisions"}],"wp:attachment":[{"href":"https:\/\/www.blogsoestado.com\/danielmatos\/wp-json\/wp\/v2\/media?parent=107514"}],"wp:term":[{"taxonomy":"category","embeddable":true,"href":"https:\/\/www.blogsoestado.com\/danielmatos\/wp-json\/wp\/v2\/categories?post=107514"},{"taxonomy":"post_tag","embeddable":true,"href":"https:\/\/www.blogsoestado.com\/danielmatos\/wp-json\/wp\/v2\/tags?post=107514"}],"curies":[{"name":"wp","href":"https:\/\/api.w.org\/{rel}","templated":true}]}}