{"id":107518,"date":"2023-03-25T07:00:00","date_gmt":"2023-03-25T10:00:00","guid":{"rendered":"https:\/\/www.blogsoestado.com\/danielmatos\/?p=107518"},"modified":"2023-03-25T07:00:00","modified_gmt":"2023-03-25T10:00:00","slug":"prefeitos-maranhenses-conhecem-solucoes-para-tornar-cidades-inteligentes","status":"publish","type":"post","link":"https:\/\/www.blogsoestado.com\/danielmatos\/prefeitos-maranhenses-conhecem-solucoes-para-tornar-cidades-inteligentes\/","title":{"rendered":"Prefeitos maranhenses conhecem solu\u00e7\u00f5es para tornar cidades inteligentes"},"content":{"rendered":"\n<p><strong><span class=\"has-inline-color has-vivid-red-color\">Vencedores da etapa estadual do XI PSPE e suas equipes participaram da Smart City Expo Curitiba, maior evento do tema com edi\u00e7\u00e3o no Brasil <\/span><\/strong><\/p>\n\n\n\n<div class=\"wp-block-image\"><figure class=\"aligncenter size-large\"><a href=\"https:\/\/www.blogsoestado.com\/danielmatos\/files\/2023\/03\/Screenshot_20230325-0110342.png\"><img decoding=\"async\" src=\"https:\/\/www.blogsoestado.com\/danielmatos\/files\/2023\/03\/Screenshot_20230325-0110342.png\" alt=\"\" class=\"wp-image-107528\"\/><\/a><figcaption><em>Participaram da miss\u00e3o promovida pelo Sebrae-MA, liderada por dirigentes da institui\u00e7\u00e3o no estado, gestores p\u00fablicos e t\u00e9cnicos de seis, das sete prefeituras vencedoras da etapa estadual do XI Pr\u00eamio Sebrae Prefeito Empreendedor<\/em><\/figcaption><\/figure><\/div>\n\n\n\n<p>Durante a semana uma comitiva com prefeitos, vice-prefeita e gestores de prefeituras vencedoras da etapa estadual do XI Pr\u00eamio Sebrae Prefeito Empreendedor conheceu experi\u00eancias e solu\u00e7\u00f5es empreendedoras implantadas em munic\u00edpios de todo o pa\u00eds para torn\u00e1-los cidades inteligentes. A imers\u00e3o acontece durante a quarta edi\u00e7\u00e3o da Smart City Expo Curitiba, realizada no Centro de Eventos Positivo, na capital paranaense, e tem a participa\u00e7\u00e3o tamb\u00e9m do presidente do Conselho Deliberativo do Sebrae no Maranh\u00e3o, Celso Gon\u00e7alo, os diretores executivos Albertino Leal (superintendente) e Edila Neves (administra\u00e7\u00e3o e finan\u00e7as), al\u00e9m de equipe t\u00e9cnica da empresa.&nbsp;<\/p>\n\n\n\n<p>Com o lema &#8220;Conectando pessoas, tecnologia e desenvolvimento&#8221;, o Smart City Expo Curitiba \u00e9 o principal evento a discutir a tem\u00e1tica e estrat\u00e9gias de gest\u00e3o para cidades inteligentes.<\/p>\n\n\n\n<p>Grande atra\u00e7\u00e3o da programa\u00e7\u00e3o semanal em comemora\u00e7\u00e3o aos 330 anos da capital paranaense, a iniciativa trouxe conte\u00fados, servi\u00e7os e solu\u00e7\u00f5es voltados para gest\u00e3o, implanta\u00e7\u00e3o de tecnologias, desenvolvimento sustent\u00e1vel, mobilidade urbana, entre outras. &#8220;\u00c9 uma oportunidade de identificarmos e nos inspirarmos em experi\u00eancias inovadoras, tecnologias acess\u00edveis e estrat\u00e9gias inteligentes que podem ser replicadas nos munic\u00edpios maranhenses. Assim, o Sebrae pode contribuir ainda mais com o desenvolvimento do estado&#8221;, destacou o presidente do Conselho Deliberativo, Celso Gon\u00e7alo, que liderou a comitiva.<\/p>\n\n\n\n<p>Vencedora nacional do XI Pr\u00eamio Sebrae Prefeito Empreendedor na categoria Empreendedorismo na Escola, a prefeita de Matinha, Linielda Cunha, avaliou a experi\u00eancia da imers\u00e3o. &#8220;Uma experi\u00eancia inigual\u00e1vel, em que temos contato com v\u00e1rias ideias e solu\u00e7\u00f5es que fortalecem o nosso trabalho e nos inspiram a desenvolver projetos que resultem em mais qualidade de vida para nossa popula\u00e7\u00e3o&#8221;, disse.<\/p>\n\n\n\n<p>A vice-prefeita de S\u00e3o Lu\u00eds, Esm\u00eania Miranda, tamb\u00e9m se inspirou nas experi\u00eancias apresentadas durante a miss\u00e3o. &#8220;Ideias que est\u00e3o dando super certo em outras cidades e com certeza ser\u00e3o muito bem-vindas na nossa capital, para torn\u00e1-la mais inteligente, mais humana, para cuidarmos melhor das pessoas &#8220;, acredita a gestora p\u00fablica.<\/p>\n\n\n\n<div class=\"wp-block-image\"><figure class=\"aligncenter size-large\"><a href=\"https:\/\/www.blogsoestado.com\/danielmatos\/files\/2023\/03\/Screenshot_20230325-0112112.png\"><img decoding=\"async\" src=\"https:\/\/www.blogsoestado.com\/danielmatos\/files\/2023\/03\/Screenshot_20230325-0112112.png\" alt=\"\" class=\"wp-image-107529\"\/><\/a><figcaption>Sebrae MA leva comitiva com prefeitos, vice-prefeita e gestores de prefeituras vencedoras da etapa estadual do XI Pr\u00eamio Sebrae Prefeito Empreendedor para imers\u00e3o durante a Smart City Expo Curitiba<\/figcaption><\/figure><\/div>\n\n\n\n<p>&#8220;Investir na transforma\u00e7\u00e3o dos munic\u00edpios em cidades inteligentes \u00e9 construir legado para o futuro e isso \u00e9 um compromisso que todo gestor p\u00fablico deve assumir. Esperamos que a partir dessa miss\u00e3o vejamos cada vez mais nossos munic\u00edpios empenhados em executar gest\u00f5es onde se priorize o empreendedorismo, a inova\u00e7\u00e3o, a desburocratiza\u00e7\u00e3o e o acesso facilitado \u00e0 tecnologias e servi\u00e7os&#8221;, declarou o superintendente, Albertino Leal.&nbsp;<\/p>\n\n\n\n<p>Para o prefeito de Ros\u00e1rio, Calvet Filho, as ideias e tecnologias que conheceram durante a imers\u00e3o s\u00e3o poss\u00edveis de serem replicadas localmente. &#8220;Certamente, voltaremos muito dispostos a implantar essas ideias adaptando \u00e0 nossa realidade, com objetivo de torn\u00e1-la melhor&#8221;, garantiu.&nbsp;<\/p>\n\n\n\n<p><strong>Boas pr\u00e1ticas<\/strong>&nbsp; &#8211; Al\u00e9m da programa\u00e7\u00e3o do evento, a comitiva tamb\u00e9m conheceu o Programa Compra Paran\u00e1 e a experi\u00eancia de implanta\u00e7\u00e3o dos Escrit\u00f3rios de Compras P\u00fablicas, geridos por meio da parceria entre o Sebrae-PR e prefeituras municipais.&nbsp;<\/p>\n\n\n\n<p>Atualmente, 20 unidades instaladas em diversos munic\u00edpios oferecem servi\u00e7os de capacita\u00e7\u00e3o a agentes p\u00fablicos e empreendedores para ampliar a participa\u00e7\u00e3o dos pequenos neg\u00f3cios nas compras p\u00fablicas locais. &#8220;Temos conseguido aproximar cada vez mais os fornecedores locais das prefeituras permitindo um ciclo virtuoso de gera\u00e7\u00e3o de renda, empregos e oportunidades nos munic\u00edpios&#8221;, avaliou o diretor superintendente do Sebrae-PR, Vitor Tioqueta.<\/p>\n\n\n\n<p>Outra experi\u00eancia compartilhada com a comitiva maranhense foi o Programa de Desenvolvimento Produtivo Integrado da Regi\u00e3o Metropolitana de Curitiba, o Pr\u00f3-Metr\u00f3pole, que desenvolve estrat\u00e9gias de inova\u00e7\u00e3o e amplia\u00e7\u00e3o de mercado por meio de grupos de trabalho nos eixos agroalimentar, integra\u00e7\u00e3o metropolitana, e turismo, pequenos neg\u00f3cios e desenvolvimento empresarial.&nbsp;<\/p>\n\n\n\n<p><strong>Cidade Empreendedora<\/strong>&#8211; O Maranh\u00e3o tamb\u00e9m levou suas boas pr\u00e1ticas ao evento internacional. O coordenador estadual do Programa Cidade Empreendedora no Sebrae-MA, Jos\u00e9 Noleto, compartilhou os resultados e transforma\u00e7\u00f5es que a iniciativa vem trazendo a 70 munic\u00edpios maranhenses, especialmente nos \u00faltimos dois anos, no Espa\u00e7o \u00c1gora, inclu\u00eddo na programa\u00e7\u00e3o oficial do evento.&nbsp;<\/p>\n\n\n\n<p>&#8220;Parabenizo o Sebrae de todo o Brasil por esse trabalho t\u00e3o importante e fundamental para todos n\u00f3s que temos essa responsabilidade de gerir as nossas cidades. Eu sempre digo que qualquer prefeito que quer ter sucesso em sua gest\u00e3o precisa de um parceiro como o Sebrae para nos orientar e percebo que isso \u00e9 real em todo o pa\u00eds&#8221;, avaliou o prefeito de Urbano Santos, Clemilton Barros.<\/p>\n\n\n\n<div class=\"wp-block-image\"><figure class=\"aligncenter size-large\"><a href=\"https:\/\/www.blogsoestado.com\/danielmatos\/files\/2023\/03\/Screenshot_20230325-0113302.png\"><img decoding=\"async\" src=\"https:\/\/www.blogsoestado.com\/danielmatos\/files\/2023\/03\/Screenshot_20230325-0113302.png\" alt=\"\" class=\"wp-image-107530\"\/><\/a><figcaption>Coordenador do Programa Cidade Empreendedora no Maranh\u00e3o, Jos\u00e9 Noleto, apresenta experi\u00eancia e resultados alcan\u00e7ados por meio da Intelig\u00eancia Estrat\u00e9gica para Desenvolvimento de Cidades Empreendedoras, executada pelo Sebrae no estado<\/figcaption><\/figure><\/div>\n\n\n\n<p>Participaram da miss\u00e3o promovida pelo Sebrae-MA gestores p\u00fablicos e t\u00e9cnicos de seis, das sete prefeituras vencedoras da etapa estadual do XI Pr\u00eamio Sebrae Prefeito Empreendedor: Balsas, Estreito, Matinha, Ros\u00e1rio, S\u00e3o Lu\u00eds e Urbano Santos.<\/p>\n\n\n\n<p><strong>Smart City<\/strong> &#8211; O Smart City Expo Curitiba buscou, em tr\u00eas dias, conectar ideias e promover solu\u00e7\u00f5es em tecnologia para as cidades como o caminho para a nova economia.&nbsp;<\/p>\n\n\n\n<p>A exposi\u00e7\u00e3o brasileira foi originada pelo mais importante evento de cidades inteligentes do mundo, o Smart City Expo World Congress, chancelado pela FIRA Barcelona.<\/p>\n","protected":false},"excerpt":{"rendered":"<p>Vencedores da etapa estadual do XI PSPE e suas equipes participaram da Smart City Expo Curitiba, maior evento do tema [&hellip;]<\/p>\n","protected":false},"author":0,"featured_media":0,"comment_status":"open","ping_status":"open","sticky":false,"template":"","format":"standard","meta":{"site-sidebar-layout":"default","site-content-layout":"","ast-site-content-layout":"default","site-content-style":"default","site-sidebar-style":"default","ast-global-header-display":"","ast-banner-title-visibility":"","ast-main-header-display":"","ast-hfb-above-header-display":"","ast-hfb-below-header-display":"","ast-hfb-mobile-header-display":"","site-post-title":"","ast-breadcrumbs-content":"","ast-featured-img":"","footer-sml-layout":"","ast-disable-related-posts":"","theme-transparent-header-meta":"","adv-header-id-meta":"","stick-header-meta":"","header-above-stick-meta":"","header-main-stick-meta":"","header-below-stick-meta":"","astra-migrate-meta-layouts":"default","ast-page-background-enabled":"default","ast-page-background-meta":{"desktop":{"background-color":"var(--ast-global-color-5)","background-image":"","background-repeat":"repeat","background-position":"center center","background-size":"auto","background-attachment":"scroll","background-type":"","background-media":"","overlay-type":"","overlay-color":"","overlay-opacity":"","overlay-gradient":""},"tablet":{"background-color":"","background-image":"","background-repeat":"repeat","background-position":"center center","background-size":"auto","background-attachment":"scroll","background-type":"","background-media":"","overlay-type":"","overlay-color":"","overlay-opacity":"","overlay-gradient":""},"mobile":{"background-color":"","background-image":"","background-repeat":"repeat","background-position":"center center","background-size":"auto","background-attachment":"scroll","background-type":"","background-media":"","overlay-type":"","overlay-color":"","overlay-opacity":"","overlay-gradient":""}},"ast-content-background-meta":{"desktop":{"background-color":"var(--ast-global-color-4)","background-image":"","background-repeat":"repeat","background-position":"center center","background-size":"auto","background-attachment":"scroll","background-type":"","background-media":"","overlay-type":"","overlay-color":"","overlay-opacity":"","overlay-gradient":""},"tablet":{"background-color":"var(--ast-global-color-4)","background-image":"","background-repeat":"repeat","background-position":"center center","background-size":"auto","background-attachment":"scroll","background-type":"","background-media":"","overlay-type":"","overlay-color":"","overlay-opacity":"","overlay-gradient":""},"mobile":{"background-color":"var(--ast-global-color-4)","background-image":"","background-repeat":"repeat","background-position":"center center","background-size":"auto","background-attachment":"scroll","background-type":"","background-media":"","overlay-type":"","overlay-color":"","overlay-opacity":"","overlay-gradient":""}},"footnotes":""},"categories":[1],"tags":[],"class_list":["post-107518","post","type-post","status-publish","format-standard","hentry","category-sem-categoria"],"yoast_head":"<!-- This site is optimized with the Yoast SEO plugin v26.6 - https:\/\/yoast.com\/wordpress\/plugins\/seo\/ -->\n<title>Prefeitos maranhenses conhecem solu\u00e7\u00f5es para tornar cidades inteligentes - Daniel Matos<\/title>\n<meta name=\"robots\" content=\"index, follow, max-snippet:-1, max-image-preview:large, max-video-preview:-1\" \/>\n<link rel=\"canonical\" href=\"https:\/\/www.blogsoestado.com\/danielmatos\/prefeitos-maranhenses-conhecem-solucoes-para-tornar-cidades-inteligentes\/\" \/>\n<meta property=\"og:locale\" content=\"pt_BR\" \/>\n<meta property=\"og:type\" content=\"article\" \/>\n<meta property=\"og:title\" content=\"Prefeitos maranhenses conhecem solu\u00e7\u00f5es para tornar cidades inteligentes - Daniel Matos\" \/>\n<meta property=\"og:description\" content=\"Vencedores da etapa estadual do XI PSPE e suas equipes participaram da Smart City Expo Curitiba, maior evento do tema [&hellip;]\" \/>\n<meta property=\"og:url\" content=\"https:\/\/www.blogsoestado.com\/danielmatos\/prefeitos-maranhenses-conhecem-solucoes-para-tornar-cidades-inteligentes\/\" \/>\n<meta property=\"og:site_name\" content=\"Daniel Matos\" \/>\n<meta property=\"article:published_time\" content=\"2023-03-25T10:00:00+00:00\" \/>\n<meta property=\"og:image\" content=\"https:\/\/www.blogsoestado.com\/danielmatos\/files\/2023\/03\/Screenshot_20230325-0110342.png\" \/>\n<meta name=\"twitter:card\" content=\"summary_large_image\" \/>\n<meta name=\"twitter:label1\" content=\"Est. tempo de leitura\" \/>\n\t<meta name=\"twitter:data1\" content=\"5 minutos\" \/>\n<script type=\"application\/ld+json\" class=\"yoast-schema-graph\">{\"@context\":\"https:\/\/schema.org\",\"@graph\":[{\"@type\":\"WebPage\",\"@id\":\"https:\/\/www.blogsoestado.com\/danielmatos\/prefeitos-maranhenses-conhecem-solucoes-para-tornar-cidades-inteligentes\/\",\"url\":\"https:\/\/www.blogsoestado.com\/danielmatos\/prefeitos-maranhenses-conhecem-solucoes-para-tornar-cidades-inteligentes\/\",\"name\":\"Prefeitos maranhenses conhecem solu\u00e7\u00f5es para tornar cidades inteligentes - Daniel Matos\",\"isPartOf\":{\"@id\":\"https:\/\/www.blogsoestado.com\/danielmatos\/#website\"},\"primaryImageOfPage\":{\"@id\":\"https:\/\/www.blogsoestado.com\/danielmatos\/prefeitos-maranhenses-conhecem-solucoes-para-tornar-cidades-inteligentes\/#primaryimage\"},\"image\":{\"@id\":\"https:\/\/www.blogsoestado.com\/danielmatos\/prefeitos-maranhenses-conhecem-solucoes-para-tornar-cidades-inteligentes\/#primaryimage\"},\"thumbnailUrl\":\"https:\/\/www.blogsoestado.com\/danielmatos\/files\/2023\/03\/Screenshot_20230325-0110342.png\",\"datePublished\":\"2023-03-25T10:00:00+00:00\",\"author\":{\"@id\":\"\"},\"breadcrumb\":{\"@id\":\"https:\/\/www.blogsoestado.com\/danielmatos\/prefeitos-maranhenses-conhecem-solucoes-para-tornar-cidades-inteligentes\/#breadcrumb\"},\"inLanguage\":\"pt-BR\",\"potentialAction\":[{\"@type\":\"ReadAction\",\"target\":[\"https:\/\/www.blogsoestado.com\/danielmatos\/prefeitos-maranhenses-conhecem-solucoes-para-tornar-cidades-inteligentes\/\"]}]},{\"@type\":\"ImageObject\",\"inLanguage\":\"pt-BR\",\"@id\":\"https:\/\/www.blogsoestado.com\/danielmatos\/prefeitos-maranhenses-conhecem-solucoes-para-tornar-cidades-inteligentes\/#primaryimage\",\"url\":\"https:\/\/www.blogsoestado.com\/danielmatos\/files\/2023\/03\/Screenshot_20230325-0110342.png\",\"contentUrl\":\"https:\/\/www.blogsoestado.com\/danielmatos\/files\/2023\/03\/Screenshot_20230325-0110342.png\"},{\"@type\":\"BreadcrumbList\",\"@id\":\"https:\/\/www.blogsoestado.com\/danielmatos\/prefeitos-maranhenses-conhecem-solucoes-para-tornar-cidades-inteligentes\/#breadcrumb\",\"itemListElement\":[{\"@type\":\"ListItem\",\"position\":1,\"name\":\"In\u00edcio\",\"item\":\"https:\/\/www.blogsoestado.com\/danielmatos\/\"},{\"@type\":\"ListItem\",\"position\":2,\"name\":\"Prefeitos maranhenses conhecem solu\u00e7\u00f5es para tornar cidades inteligentes\"}]},{\"@type\":\"WebSite\",\"@id\":\"https:\/\/www.blogsoestado.com\/danielmatos\/#website\",\"url\":\"https:\/\/www.blogsoestado.com\/danielmatos\/\",\"name\":\"Daniel Matos\",\"description\":\"\",\"potentialAction\":[{\"@type\":\"SearchAction\",\"target\":{\"@type\":\"EntryPoint\",\"urlTemplate\":\"https:\/\/www.blogsoestado.com\/danielmatos\/?s={search_term_string}\"},\"query-input\":{\"@type\":\"PropertyValueSpecification\",\"valueRequired\":true,\"valueName\":\"search_term_string\"}}],\"inLanguage\":\"pt-BR\"}]}<\/script>\n<!-- \/ Yoast SEO plugin. -->","yoast_head_json":{"title":"Prefeitos maranhenses conhecem solu\u00e7\u00f5es para tornar cidades inteligentes - Daniel Matos","robots":{"index":"index","follow":"follow","max-snippet":"max-snippet:-1","max-image-preview":"max-image-preview:large","max-video-preview":"max-video-preview:-1"},"canonical":"https:\/\/www.blogsoestado.com\/danielmatos\/prefeitos-maranhenses-conhecem-solucoes-para-tornar-cidades-inteligentes\/","og_locale":"pt_BR","og_type":"article","og_title":"Prefeitos maranhenses conhecem solu\u00e7\u00f5es para tornar cidades inteligentes - Daniel Matos","og_description":"Vencedores da etapa estadual do XI PSPE e suas equipes participaram da Smart City Expo Curitiba, maior evento do tema [&hellip;]","og_url":"https:\/\/www.blogsoestado.com\/danielmatos\/prefeitos-maranhenses-conhecem-solucoes-para-tornar-cidades-inteligentes\/","og_site_name":"Daniel Matos","article_published_time":"2023-03-25T10:00:00+00:00","og_image":[{"url":"https:\/\/www.blogsoestado.com\/danielmatos\/files\/2023\/03\/Screenshot_20230325-0110342.png","type":"","width":"","height":""}],"twitter_card":"summary_large_image","twitter_misc":{"Est. tempo de leitura":"5 minutos"},"schema":{"@context":"https:\/\/schema.org","@graph":[{"@type":"WebPage","@id":"https:\/\/www.blogsoestado.com\/danielmatos\/prefeitos-maranhenses-conhecem-solucoes-para-tornar-cidades-inteligentes\/","url":"https:\/\/www.blogsoestado.com\/danielmatos\/prefeitos-maranhenses-conhecem-solucoes-para-tornar-cidades-inteligentes\/","name":"Prefeitos maranhenses conhecem solu\u00e7\u00f5es para tornar cidades inteligentes - Daniel Matos","isPartOf":{"@id":"https:\/\/www.blogsoestado.com\/danielmatos\/#website"},"primaryImageOfPage":{"@id":"https:\/\/www.blogsoestado.com\/danielmatos\/prefeitos-maranhenses-conhecem-solucoes-para-tornar-cidades-inteligentes\/#primaryimage"},"image":{"@id":"https:\/\/www.blogsoestado.com\/danielmatos\/prefeitos-maranhenses-conhecem-solucoes-para-tornar-cidades-inteligentes\/#primaryimage"},"thumbnailUrl":"https:\/\/www.blogsoestado.com\/danielmatos\/files\/2023\/03\/Screenshot_20230325-0110342.png","datePublished":"2023-03-25T10:00:00+00:00","author":{"@id":""},"breadcrumb":{"@id":"https:\/\/www.blogsoestado.com\/danielmatos\/prefeitos-maranhenses-conhecem-solucoes-para-tornar-cidades-inteligentes\/#breadcrumb"},"inLanguage":"pt-BR","potentialAction":[{"@type":"ReadAction","target":["https:\/\/www.blogsoestado.com\/danielmatos\/prefeitos-maranhenses-conhecem-solucoes-para-tornar-cidades-inteligentes\/"]}]},{"@type":"ImageObject","inLanguage":"pt-BR","@id":"https:\/\/www.blogsoestado.com\/danielmatos\/prefeitos-maranhenses-conhecem-solucoes-para-tornar-cidades-inteligentes\/#primaryimage","url":"https:\/\/www.blogsoestado.com\/danielmatos\/files\/2023\/03\/Screenshot_20230325-0110342.png","contentUrl":"https:\/\/www.blogsoestado.com\/danielmatos\/files\/2023\/03\/Screenshot_20230325-0110342.png"},{"@type":"BreadcrumbList","@id":"https:\/\/www.blogsoestado.com\/danielmatos\/prefeitos-maranhenses-conhecem-solucoes-para-tornar-cidades-inteligentes\/#breadcrumb","itemListElement":[{"@type":"ListItem","position":1,"name":"In\u00edcio","item":"https:\/\/www.blogsoestado.com\/danielmatos\/"},{"@type":"ListItem","position":2,"name":"Prefeitos maranhenses conhecem solu\u00e7\u00f5es para tornar cidades inteligentes"}]},{"@type":"WebSite","@id":"https:\/\/www.blogsoestado.com\/danielmatos\/#website","url":"https:\/\/www.blogsoestado.com\/danielmatos\/","name":"Daniel Matos","description":"","potentialAction":[{"@type":"SearchAction","target":{"@type":"EntryPoint","urlTemplate":"https:\/\/www.blogsoestado.com\/danielmatos\/?s={search_term_string}"},"query-input":{"@type":"PropertyValueSpecification","valueRequired":true,"valueName":"search_term_string"}}],"inLanguage":"pt-BR"}]}},"jetpack_featured_media_url":"","_links":{"self":[{"href":"https:\/\/www.blogsoestado.com\/danielmatos\/wp-json\/wp\/v2\/posts\/107518","targetHints":{"allow":["GET"]}}],"collection":[{"href":"https:\/\/www.blogsoestado.com\/danielmatos\/wp-json\/wp\/v2\/posts"}],"about":[{"href":"https:\/\/www.blogsoestado.com\/danielmatos\/wp-json\/wp\/v2\/types\/post"}],"replies":[{"embeddable":true,"href":"https:\/\/www.blogsoestado.com\/danielmatos\/wp-json\/wp\/v2\/comments?post=107518"}],"version-history":[{"count":0,"href":"https:\/\/www.blogsoestado.com\/danielmatos\/wp-json\/wp\/v2\/posts\/107518\/revisions"}],"wp:attachment":[{"href":"https:\/\/www.blogsoestado.com\/danielmatos\/wp-json\/wp\/v2\/media?parent=107518"}],"wp:term":[{"taxonomy":"category","embeddable":true,"href":"https:\/\/www.blogsoestado.com\/danielmatos\/wp-json\/wp\/v2\/categories?post=107518"},{"taxonomy":"post_tag","embeddable":true,"href":"https:\/\/www.blogsoestado.com\/danielmatos\/wp-json\/wp\/v2\/tags?post=107518"}],"curies":[{"name":"wp","href":"https:\/\/api.w.org\/{rel}","templated":true}]}}