{"id":107542,"date":"2023-03-25T19:24:10","date_gmt":"2023-03-25T22:24:10","guid":{"rendered":"https:\/\/www.blogsoestado.com\/danielmatos\/?p=107542"},"modified":"2023-03-25T19:24:10","modified_gmt":"2023-03-25T22:24:10","slug":"sobe-para-49-numero-de-municipios-maranhenses-em-situacao-de-emergencia-por-causa-das-chuvas-informa-brandao","status":"publish","type":"post","link":"https:\/\/www.blogsoestado.com\/danielmatos\/sobe-para-49-numero-de-municipios-maranhenses-em-situacao-de-emergencia-por-causa-das-chuvas-informa-brandao\/","title":{"rendered":"Sobe para 49 n\u00famero de munic\u00edpios maranhenses em situa\u00e7\u00e3o de emerg\u00eancia por causa das chuvas, informa Brand\u00e3o"},"content":{"rendered":"\n<div class=\"wp-block-image\"><figure class=\"aligncenter size-large\"><a href=\"https:\/\/www.blogsoestado.com\/danielmatos\/files\/2023\/03\/Screenshot_20230325-1919262.png\"><img decoding=\"async\" src=\"https:\/\/www.blogsoestado.com\/danielmatos\/files\/2023\/03\/Screenshot_20230325-1919262.png\" alt=\"\" class=\"wp-image-107544\"\/><\/a><figcaption>N\u00edvel do Rio Pindar\u00e9 chegou bem pr\u00f3ximo da cota de alerta nessa sexta-feira (23), o que obrigou o Corpo de Bombeiros e a Defesa Civil a redobrarem a aten\u00e7\u00e3o<\/figcaption><\/figure><\/div>\n\n\n\n<p>O governador Carlos Brand\u00e3o (PSB) anunciou, neste s\u00e1bado (25), que o n\u00famero de cidades do Maranh\u00e3o com decreto de situa\u00e7\u00e3o se emerg\u00eancia por causa das fortes chuvas que castigam grande parte do territ\u00f3rio maranhense aumentou para 49.<\/p>\n\n\n\n<p>O total de fam\u00edlias afetadas por desastres causada por temporais, em diferentes regi\u00f5es do estado, j\u00e1 chega a 31 mil. Quanto \u00e0s fam\u00edlias desabrigadas em raz\u00e3o de enchentes, deslizamentos de terra e outros transtornos, a quantidade supera 5 mil.<\/p>\n\n\n\n<p>Brand\u00e3o garantiu que o governo continuar\u00e1 prestando aux\u00edlio \u00e0s v\u00edtimas dos temporais, que t\u00eam se intensificado nas \u00faltimas semanas.<\/p>\n\n\n\n<p>Abaixo, o an\u00fancio do governador: <\/p>\n\n\n\n<div class=\"wp-block-image\"><figure class=\"aligncenter size-large\"><a href=\"https:\/\/www.blogsoestado.com\/danielmatos\/files\/2023\/03\/Screenshot_20230325-1859472.png\"><img decoding=\"async\" src=\"https:\/\/www.blogsoestado.com\/danielmatos\/files\/2023\/03\/Screenshot_20230325-1859472.png\" alt=\"\" class=\"wp-image-107543\"\/><\/a><\/figure><\/div>\n","protected":false},"excerpt":{"rendered":"<p>O governador Carlos Brand\u00e3o (PSB) anunciou, neste s\u00e1bado (25), que o n\u00famero de cidades do Maranh\u00e3o com decreto de situa\u00e7\u00e3o [&hellip;]<\/p>\n","protected":false},"author":0,"featured_media":0,"comment_status":"open","ping_status":"open","sticky":false,"template":"","format":"standard","meta":{"site-sidebar-layout":"default","site-content-layout":"","ast-site-content-layout":"default","site-content-style":"default","site-sidebar-style":"default","ast-global-header-display":"","ast-banner-title-visibility":"","ast-main-header-display":"","ast-hfb-above-header-display":"","ast-hfb-below-header-display":"","ast-hfb-mobile-header-display":"","site-post-title":"","ast-breadcrumbs-content":"","ast-featured-img":"","footer-sml-layout":"","ast-disable-related-posts":"","theme-transparent-header-meta":"","adv-header-id-meta":"","stick-header-meta":"","header-above-stick-meta":"","header-main-stick-meta":"","header-below-stick-meta":"","astra-migrate-meta-layouts":"default","ast-page-background-enabled":"default","ast-page-background-meta":{"desktop":{"background-color":"var(--ast-global-color-5)","background-image":"","background-repeat":"repeat","background-position":"center center","background-size":"auto","background-attachment":"scroll","background-type":"","background-media":"","overlay-type":"","overlay-color":"","overlay-opacity":"","overlay-gradient":""},"tablet":{"background-color":"","background-image":"","background-repeat":"repeat","background-position":"center center","background-size":"auto","background-attachment":"scroll","background-type":"","background-media":"","overlay-type":"","overlay-color":"","overlay-opacity":"","overlay-gradient":""},"mobile":{"background-color":"","background-image":"","background-repeat":"repeat","background-position":"center center","background-size":"auto","background-attachment":"scroll","background-type":"","background-media":"","overlay-type":"","overlay-color":"","overlay-opacity":"","overlay-gradient":""}},"ast-content-background-meta":{"desktop":{"background-color":"var(--ast-global-color-4)","background-image":"","background-repeat":"repeat","background-position":"center center","background-size":"auto","background-attachment":"scroll","background-type":"","background-media":"","overlay-type":"","overlay-color":"","overlay-opacity":"","overlay-gradient":""},"tablet":{"background-color":"var(--ast-global-color-4)","background-image":"","background-repeat":"repeat","background-position":"center center","background-size":"auto","background-attachment":"scroll","background-type":"","background-media":"","overlay-type":"","overlay-color":"","overlay-opacity":"","overlay-gradient":""},"mobile":{"background-color":"var(--ast-global-color-4)","background-image":"","background-repeat":"repeat","background-position":"center center","background-size":"auto","background-attachment":"scroll","background-type":"","background-media":"","overlay-type":"","overlay-color":"","overlay-opacity":"","overlay-gradient":""}},"footnotes":""},"categories":[1],"tags":[],"class_list":["post-107542","post","type-post","status-publish","format-standard","hentry","category-sem-categoria"],"yoast_head":"<!-- This site is optimized with the Yoast SEO plugin v26.6 - https:\/\/yoast.com\/wordpress\/plugins\/seo\/ -->\n<title>Sobe para 49 n\u00famero de munic\u00edpios maranhenses em situa\u00e7\u00e3o de emerg\u00eancia por causa das chuvas, informa Brand\u00e3o - Daniel Matos<\/title>\n<meta name=\"robots\" content=\"index, follow, max-snippet:-1, max-image-preview:large, max-video-preview:-1\" \/>\n<link rel=\"canonical\" href=\"https:\/\/www.blogsoestado.com\/danielmatos\/sobe-para-49-numero-de-municipios-maranhenses-em-situacao-de-emergencia-por-causa-das-chuvas-informa-brandao\/\" \/>\n<meta property=\"og:locale\" content=\"pt_BR\" \/>\n<meta property=\"og:type\" content=\"article\" \/>\n<meta property=\"og:title\" content=\"Sobe para 49 n\u00famero de munic\u00edpios maranhenses em situa\u00e7\u00e3o de emerg\u00eancia por causa das chuvas, informa Brand\u00e3o - Daniel Matos\" \/>\n<meta property=\"og:description\" content=\"O governador Carlos Brand\u00e3o (PSB) anunciou, neste s\u00e1bado (25), que o n\u00famero de cidades do Maranh\u00e3o com decreto de situa\u00e7\u00e3o [&hellip;]\" \/>\n<meta property=\"og:url\" content=\"https:\/\/www.blogsoestado.com\/danielmatos\/sobe-para-49-numero-de-municipios-maranhenses-em-situacao-de-emergencia-por-causa-das-chuvas-informa-brandao\/\" \/>\n<meta property=\"og:site_name\" content=\"Daniel Matos\" \/>\n<meta property=\"article:published_time\" content=\"2023-03-25T22:24:10+00:00\" \/>\n<meta property=\"og:image\" content=\"https:\/\/www.blogsoestado.com\/danielmatos\/files\/2023\/03\/Screenshot_20230325-1919262.png\" \/>\n<meta name=\"twitter:card\" content=\"summary_large_image\" \/>\n<meta name=\"twitter:label1\" content=\"Est. tempo de leitura\" \/>\n\t<meta name=\"twitter:data1\" content=\"1 minuto\" \/>\n<script type=\"application\/ld+json\" class=\"yoast-schema-graph\">{\"@context\":\"https:\/\/schema.org\",\"@graph\":[{\"@type\":\"WebPage\",\"@id\":\"https:\/\/www.blogsoestado.com\/danielmatos\/sobe-para-49-numero-de-municipios-maranhenses-em-situacao-de-emergencia-por-causa-das-chuvas-informa-brandao\/\",\"url\":\"https:\/\/www.blogsoestado.com\/danielmatos\/sobe-para-49-numero-de-municipios-maranhenses-em-situacao-de-emergencia-por-causa-das-chuvas-informa-brandao\/\",\"name\":\"Sobe para 49 n\u00famero de munic\u00edpios maranhenses em situa\u00e7\u00e3o de emerg\u00eancia por causa das chuvas, informa Brand\u00e3o - Daniel Matos\",\"isPartOf\":{\"@id\":\"https:\/\/www.blogsoestado.com\/danielmatos\/#website\"},\"primaryImageOfPage\":{\"@id\":\"https:\/\/www.blogsoestado.com\/danielmatos\/sobe-para-49-numero-de-municipios-maranhenses-em-situacao-de-emergencia-por-causa-das-chuvas-informa-brandao\/#primaryimage\"},\"image\":{\"@id\":\"https:\/\/www.blogsoestado.com\/danielmatos\/sobe-para-49-numero-de-municipios-maranhenses-em-situacao-de-emergencia-por-causa-das-chuvas-informa-brandao\/#primaryimage\"},\"thumbnailUrl\":\"https:\/\/www.blogsoestado.com\/danielmatos\/files\/2023\/03\/Screenshot_20230325-1919262.png\",\"datePublished\":\"2023-03-25T22:24:10+00:00\",\"author\":{\"@id\":\"\"},\"breadcrumb\":{\"@id\":\"https:\/\/www.blogsoestado.com\/danielmatos\/sobe-para-49-numero-de-municipios-maranhenses-em-situacao-de-emergencia-por-causa-das-chuvas-informa-brandao\/#breadcrumb\"},\"inLanguage\":\"pt-BR\",\"potentialAction\":[{\"@type\":\"ReadAction\",\"target\":[\"https:\/\/www.blogsoestado.com\/danielmatos\/sobe-para-49-numero-de-municipios-maranhenses-em-situacao-de-emergencia-por-causa-das-chuvas-informa-brandao\/\"]}]},{\"@type\":\"ImageObject\",\"inLanguage\":\"pt-BR\",\"@id\":\"https:\/\/www.blogsoestado.com\/danielmatos\/sobe-para-49-numero-de-municipios-maranhenses-em-situacao-de-emergencia-por-causa-das-chuvas-informa-brandao\/#primaryimage\",\"url\":\"https:\/\/www.blogsoestado.com\/danielmatos\/files\/2023\/03\/Screenshot_20230325-1919262.png\",\"contentUrl\":\"https:\/\/www.blogsoestado.com\/danielmatos\/files\/2023\/03\/Screenshot_20230325-1919262.png\"},{\"@type\":\"BreadcrumbList\",\"@id\":\"https:\/\/www.blogsoestado.com\/danielmatos\/sobe-para-49-numero-de-municipios-maranhenses-em-situacao-de-emergencia-por-causa-das-chuvas-informa-brandao\/#breadcrumb\",\"itemListElement\":[{\"@type\":\"ListItem\",\"position\":1,\"name\":\"In\u00edcio\",\"item\":\"https:\/\/www.blogsoestado.com\/danielmatos\/\"},{\"@type\":\"ListItem\",\"position\":2,\"name\":\"Sobe para 49 n\u00famero de munic\u00edpios maranhenses em situa\u00e7\u00e3o de emerg\u00eancia por causa das chuvas, informa Brand\u00e3o\"}]},{\"@type\":\"WebSite\",\"@id\":\"https:\/\/www.blogsoestado.com\/danielmatos\/#website\",\"url\":\"https:\/\/www.blogsoestado.com\/danielmatos\/\",\"name\":\"Daniel Matos\",\"description\":\"\",\"potentialAction\":[{\"@type\":\"SearchAction\",\"target\":{\"@type\":\"EntryPoint\",\"urlTemplate\":\"https:\/\/www.blogsoestado.com\/danielmatos\/?s={search_term_string}\"},\"query-input\":{\"@type\":\"PropertyValueSpecification\",\"valueRequired\":true,\"valueName\":\"search_term_string\"}}],\"inLanguage\":\"pt-BR\"}]}<\/script>\n<!-- \/ Yoast SEO plugin. -->","yoast_head_json":{"title":"Sobe para 49 n\u00famero de munic\u00edpios maranhenses em situa\u00e7\u00e3o de emerg\u00eancia por causa das chuvas, informa Brand\u00e3o - Daniel Matos","robots":{"index":"index","follow":"follow","max-snippet":"max-snippet:-1","max-image-preview":"max-image-preview:large","max-video-preview":"max-video-preview:-1"},"canonical":"https:\/\/www.blogsoestado.com\/danielmatos\/sobe-para-49-numero-de-municipios-maranhenses-em-situacao-de-emergencia-por-causa-das-chuvas-informa-brandao\/","og_locale":"pt_BR","og_type":"article","og_title":"Sobe para 49 n\u00famero de munic\u00edpios maranhenses em situa\u00e7\u00e3o de emerg\u00eancia por causa das chuvas, informa Brand\u00e3o - Daniel Matos","og_description":"O governador Carlos Brand\u00e3o (PSB) anunciou, neste s\u00e1bado (25), que o n\u00famero de cidades do Maranh\u00e3o com decreto de situa\u00e7\u00e3o [&hellip;]","og_url":"https:\/\/www.blogsoestado.com\/danielmatos\/sobe-para-49-numero-de-municipios-maranhenses-em-situacao-de-emergencia-por-causa-das-chuvas-informa-brandao\/","og_site_name":"Daniel Matos","article_published_time":"2023-03-25T22:24:10+00:00","og_image":[{"url":"https:\/\/www.blogsoestado.com\/danielmatos\/files\/2023\/03\/Screenshot_20230325-1919262.png","type":"","width":"","height":""}],"twitter_card":"summary_large_image","twitter_misc":{"Est. tempo de leitura":"1 minuto"},"schema":{"@context":"https:\/\/schema.org","@graph":[{"@type":"WebPage","@id":"https:\/\/www.blogsoestado.com\/danielmatos\/sobe-para-49-numero-de-municipios-maranhenses-em-situacao-de-emergencia-por-causa-das-chuvas-informa-brandao\/","url":"https:\/\/www.blogsoestado.com\/danielmatos\/sobe-para-49-numero-de-municipios-maranhenses-em-situacao-de-emergencia-por-causa-das-chuvas-informa-brandao\/","name":"Sobe para 49 n\u00famero de munic\u00edpios maranhenses em situa\u00e7\u00e3o de emerg\u00eancia por causa das chuvas, informa Brand\u00e3o - Daniel Matos","isPartOf":{"@id":"https:\/\/www.blogsoestado.com\/danielmatos\/#website"},"primaryImageOfPage":{"@id":"https:\/\/www.blogsoestado.com\/danielmatos\/sobe-para-49-numero-de-municipios-maranhenses-em-situacao-de-emergencia-por-causa-das-chuvas-informa-brandao\/#primaryimage"},"image":{"@id":"https:\/\/www.blogsoestado.com\/danielmatos\/sobe-para-49-numero-de-municipios-maranhenses-em-situacao-de-emergencia-por-causa-das-chuvas-informa-brandao\/#primaryimage"},"thumbnailUrl":"https:\/\/www.blogsoestado.com\/danielmatos\/files\/2023\/03\/Screenshot_20230325-1919262.png","datePublished":"2023-03-25T22:24:10+00:00","author":{"@id":""},"breadcrumb":{"@id":"https:\/\/www.blogsoestado.com\/danielmatos\/sobe-para-49-numero-de-municipios-maranhenses-em-situacao-de-emergencia-por-causa-das-chuvas-informa-brandao\/#breadcrumb"},"inLanguage":"pt-BR","potentialAction":[{"@type":"ReadAction","target":["https:\/\/www.blogsoestado.com\/danielmatos\/sobe-para-49-numero-de-municipios-maranhenses-em-situacao-de-emergencia-por-causa-das-chuvas-informa-brandao\/"]}]},{"@type":"ImageObject","inLanguage":"pt-BR","@id":"https:\/\/www.blogsoestado.com\/danielmatos\/sobe-para-49-numero-de-municipios-maranhenses-em-situacao-de-emergencia-por-causa-das-chuvas-informa-brandao\/#primaryimage","url":"https:\/\/www.blogsoestado.com\/danielmatos\/files\/2023\/03\/Screenshot_20230325-1919262.png","contentUrl":"https:\/\/www.blogsoestado.com\/danielmatos\/files\/2023\/03\/Screenshot_20230325-1919262.png"},{"@type":"BreadcrumbList","@id":"https:\/\/www.blogsoestado.com\/danielmatos\/sobe-para-49-numero-de-municipios-maranhenses-em-situacao-de-emergencia-por-causa-das-chuvas-informa-brandao\/#breadcrumb","itemListElement":[{"@type":"ListItem","position":1,"name":"In\u00edcio","item":"https:\/\/www.blogsoestado.com\/danielmatos\/"},{"@type":"ListItem","position":2,"name":"Sobe para 49 n\u00famero de munic\u00edpios maranhenses em situa\u00e7\u00e3o de emerg\u00eancia por causa das chuvas, informa Brand\u00e3o"}]},{"@type":"WebSite","@id":"https:\/\/www.blogsoestado.com\/danielmatos\/#website","url":"https:\/\/www.blogsoestado.com\/danielmatos\/","name":"Daniel Matos","description":"","potentialAction":[{"@type":"SearchAction","target":{"@type":"EntryPoint","urlTemplate":"https:\/\/www.blogsoestado.com\/danielmatos\/?s={search_term_string}"},"query-input":{"@type":"PropertyValueSpecification","valueRequired":true,"valueName":"search_term_string"}}],"inLanguage":"pt-BR"}]}},"jetpack_featured_media_url":"","_links":{"self":[{"href":"https:\/\/www.blogsoestado.com\/danielmatos\/wp-json\/wp\/v2\/posts\/107542","targetHints":{"allow":["GET"]}}],"collection":[{"href":"https:\/\/www.blogsoestado.com\/danielmatos\/wp-json\/wp\/v2\/posts"}],"about":[{"href":"https:\/\/www.blogsoestado.com\/danielmatos\/wp-json\/wp\/v2\/types\/post"}],"replies":[{"embeddable":true,"href":"https:\/\/www.blogsoestado.com\/danielmatos\/wp-json\/wp\/v2\/comments?post=107542"}],"version-history":[{"count":0,"href":"https:\/\/www.blogsoestado.com\/danielmatos\/wp-json\/wp\/v2\/posts\/107542\/revisions"}],"wp:attachment":[{"href":"https:\/\/www.blogsoestado.com\/danielmatos\/wp-json\/wp\/v2\/media?parent=107542"}],"wp:term":[{"taxonomy":"category","embeddable":true,"href":"https:\/\/www.blogsoestado.com\/danielmatos\/wp-json\/wp\/v2\/categories?post=107542"},{"taxonomy":"post_tag","embeddable":true,"href":"https:\/\/www.blogsoestado.com\/danielmatos\/wp-json\/wp\/v2\/tags?post=107542"}],"curies":[{"name":"wp","href":"https:\/\/api.w.org\/{rel}","templated":true}]}}