{"id":107546,"date":"2023-03-26T07:00:00","date_gmt":"2023-03-26T10:00:00","guid":{"rendered":"https:\/\/www.blogsoestado.com\/danielmatos\/?p=107546"},"modified":"2023-03-26T07:00:00","modified_gmt":"2023-03-26T10:00:00","slug":"aeroporto-de-sao-ja-registrou-11-ocorrencias-de-raio-laser-contra-aeronaves-desde-o-ano-passado","status":"publish","type":"post","link":"https:\/\/www.blogsoestado.com\/danielmatos\/aeroporto-de-sao-ja-registrou-11-ocorrencias-de-raio-laser-contra-aeronaves-desde-o-ano-passado\/","title":{"rendered":"Aeroporto de S\u00e3o Lu\u00eds registrou 11 ocorr\u00eancias de raio laser contra aeronaves desde o ano passado"},"content":{"rendered":"\n<div class=\"wp-block-image\"><figure class=\"aligncenter size-large\"><a href=\"https:\/\/www.blogsoestado.com\/danielmatos\/files\/2023\/03\/Screenshot_20230325-2001082.png\"><img decoding=\"async\" src=\"https:\/\/www.blogsoestado.com\/danielmatos\/files\/2023\/03\/Screenshot_20230325-2001082.png\" alt=\"\" class=\"wp-image-107547\"\/><\/a><figcaption>Uma ocorr\u00eancia de raio laser contra aeronave j\u00e1 foi registrada este ano no Aeroporto Internacional de S\u00e3o Lu\u00eds, com ofuscamento moment\u00e2neo na aproxima\u00e7\u00e3o para o pouso <\/figcaption><\/figure><\/div>\n\n\n\n<p>Ocorr\u00eancias com raio laser contra aeronaves t\u00eam sido uma crescente em todo o pa\u00eds. Somente no ano passado,  foram 473 eventos do tipo reportados, conforme levantamento realizado pelo Centro de Investiga\u00e7\u00e3o e Preven\u00e7\u00e3o de Acidentes Aeron\u00e1uticos (Cenipa). Do total, 90 aconteceram nos aeroportos administrados pela CCR Aeroportos, 10 deles s\u00f3 no Aeroporto Internacional de S\u00e3o Lu\u00eds (SLZ).<\/p>\n\n\n\n<p>Ainda de acordo com o Cenipa, 61% dos eventos aconteceram na fase cr\u00edtica do voo, ou seja, em sua aproxima\u00e7\u00e3o final para pouso. Em 20% dos casos registrados, pilotos e copilotos apontaram distra\u00e7\u00e3o, ofuscamento e cegueira moment\u00e2nea, o que poderia ter ocasionado a perda de controle da aeronave e, consequentemente, acidentes com s\u00e9rios riscos \u00e0 vida dos passageiros e tripula\u00e7\u00e3o.<\/p>\n\n\n\n<p>Coordenador do Aeroporto Internacional de S\u00e3o Lu\u00eds, Marcelo Angelim explica que o uso de ponteiras de raio laser contra aeronaves \u00e9 uma pr\u00e1tica criminosa, sujeita a responsabiliza\u00e7\u00e3o legal quando identificado o autor. \u201cAl\u00e9m de uma a\u00e7\u00e3o irrespons\u00e1vel, emitir raio laser contra aeronaves \u00e9 um crime que pode resultar em reclus\u00e3o de dois a cinco anos\u201d, destaca. \u201c\u00c9 uma pr\u00e1tica que pode custar a vida de dezenas de pessoas\u201d.<\/p>\n\n\n\n<p>A CCR Aeroportos preza pela seguran\u00e7a operacional em todos os aeroportos que administra, por isso, refor\u00e7a que, conforme o C\u00f3digo Penal, Art. 261, expor a perigo aeronave ou praticar qualquer ato que possa impedir ou dificultar a navega\u00e7\u00e3o a\u00e9rea \u00e9 crime. \u201cPara evitar esse tipo de ocorr\u00eancia e afastar qualquer risco de acidente envolvendo laser, precisamos que todos estejam mobilizados nessa causa\u201d, pontua Angelim.<\/p>\n\n\n\n<p><strong>Registros em 2023<\/strong><\/p>\n\n\n\n<p>Neste ano, j\u00e1 foi registrada a primeira ocorr\u00eancia no Aeroporto Internacional de S\u00e3o Lu\u00eds envolvendo raio laser. Na madrugada de 25 de janeiro, o controlador de tr\u00e1fego a\u00e9reo foi informado pela tripula\u00e7\u00e3o de um voo comercial de que o voo teria sido alvo, no momento da aproxima\u00e7\u00e3o final para pouso, de uma emiss\u00e3o de raio laser da cor vermelha. A ocorr\u00eancia resultou em ofuscamento moment\u00e2neo e a descida aconteceu sem outras intercorr\u00eancias.<\/p>\n","protected":false},"excerpt":{"rendered":"<p>Ocorr\u00eancias com raio laser contra aeronaves t\u00eam sido uma crescente em todo o pa\u00eds. Somente no ano passado, foram 473 [&hellip;]<\/p>\n","protected":false},"author":0,"featured_media":0,"comment_status":"open","ping_status":"open","sticky":false,"template":"","format":"standard","meta":{"site-sidebar-layout":"default","site-content-layout":"","ast-site-content-layout":"default","site-content-style":"default","site-sidebar-style":"default","ast-global-header-display":"","ast-banner-title-visibility":"","ast-main-header-display":"","ast-hfb-above-header-display":"","ast-hfb-below-header-display":"","ast-hfb-mobile-header-display":"","site-post-title":"","ast-breadcrumbs-content":"","ast-featured-img":"","footer-sml-layout":"","ast-disable-related-posts":"","theme-transparent-header-meta":"","adv-header-id-meta":"","stick-header-meta":"","header-above-stick-meta":"","header-main-stick-meta":"","header-below-stick-meta":"","astra-migrate-meta-layouts":"default","ast-page-background-enabled":"default","ast-page-background-meta":{"desktop":{"background-color":"var(--ast-global-color-5)","background-image":"","background-repeat":"repeat","background-position":"center center","background-size":"auto","background-attachment":"scroll","background-type":"","background-media":"","overlay-type":"","overlay-color":"","overlay-opacity":"","overlay-gradient":""},"tablet":{"background-color":"","background-image":"","background-repeat":"repeat","background-position":"center center","background-size":"auto","background-attachment":"scroll","background-type":"","background-media":"","overlay-type":"","overlay-color":"","overlay-opacity":"","overlay-gradient":""},"mobile":{"background-color":"","background-image":"","background-repeat":"repeat","background-position":"center center","background-size":"auto","background-attachment":"scroll","background-type":"","background-media":"","overlay-type":"","overlay-color":"","overlay-opacity":"","overlay-gradient":""}},"ast-content-background-meta":{"desktop":{"background-color":"var(--ast-global-color-4)","background-image":"","background-repeat":"repeat","background-position":"center center","background-size":"auto","background-attachment":"scroll","background-type":"","background-media":"","overlay-type":"","overlay-color":"","overlay-opacity":"","overlay-gradient":""},"tablet":{"background-color":"var(--ast-global-color-4)","background-image":"","background-repeat":"repeat","background-position":"center center","background-size":"auto","background-attachment":"scroll","background-type":"","background-media":"","overlay-type":"","overlay-color":"","overlay-opacity":"","overlay-gradient":""},"mobile":{"background-color":"var(--ast-global-color-4)","background-image":"","background-repeat":"repeat","background-position":"center center","background-size":"auto","background-attachment":"scroll","background-type":"","background-media":"","overlay-type":"","overlay-color":"","overlay-opacity":"","overlay-gradient":""}},"footnotes":""},"categories":[1],"tags":[],"class_list":["post-107546","post","type-post","status-publish","format-standard","hentry","category-sem-categoria"],"yoast_head":"<!-- This site is optimized with the Yoast SEO plugin v26.6 - https:\/\/yoast.com\/wordpress\/plugins\/seo\/ -->\n<title>Aeroporto de S\u00e3o Lu\u00eds registrou 11 ocorr\u00eancias de raio laser contra aeronaves desde o ano passado - Daniel Matos<\/title>\n<meta name=\"robots\" content=\"index, follow, max-snippet:-1, max-image-preview:large, max-video-preview:-1\" \/>\n<link rel=\"canonical\" href=\"https:\/\/www.blogsoestado.com\/danielmatos\/aeroporto-de-sao-ja-registrou-11-ocorrencias-de-raio-laser-contra-aeronaves-desde-o-ano-passado\/\" \/>\n<meta property=\"og:locale\" content=\"pt_BR\" \/>\n<meta property=\"og:type\" content=\"article\" \/>\n<meta property=\"og:title\" content=\"Aeroporto de S\u00e3o Lu\u00eds registrou 11 ocorr\u00eancias de raio laser contra aeronaves desde o ano passado - Daniel Matos\" \/>\n<meta property=\"og:description\" content=\"Ocorr\u00eancias com raio laser contra aeronaves t\u00eam sido uma crescente em todo o pa\u00eds. Somente no ano passado, foram 473 [&hellip;]\" \/>\n<meta property=\"og:url\" content=\"https:\/\/www.blogsoestado.com\/danielmatos\/aeroporto-de-sao-ja-registrou-11-ocorrencias-de-raio-laser-contra-aeronaves-desde-o-ano-passado\/\" \/>\n<meta property=\"og:site_name\" content=\"Daniel Matos\" \/>\n<meta property=\"article:published_time\" content=\"2023-03-26T10:00:00+00:00\" \/>\n<meta property=\"og:image\" content=\"https:\/\/www.blogsoestado.com\/danielmatos\/files\/2023\/03\/Screenshot_20230325-2001082.png\" \/>\n<meta name=\"twitter:card\" content=\"summary_large_image\" \/>\n<meta name=\"twitter:label1\" content=\"Est. tempo de leitura\" \/>\n\t<meta name=\"twitter:data1\" content=\"2 minutos\" \/>\n<script type=\"application\/ld+json\" class=\"yoast-schema-graph\">{\"@context\":\"https:\/\/schema.org\",\"@graph\":[{\"@type\":\"WebPage\",\"@id\":\"https:\/\/www.blogsoestado.com\/danielmatos\/aeroporto-de-sao-ja-registrou-11-ocorrencias-de-raio-laser-contra-aeronaves-desde-o-ano-passado\/\",\"url\":\"https:\/\/www.blogsoestado.com\/danielmatos\/aeroporto-de-sao-ja-registrou-11-ocorrencias-de-raio-laser-contra-aeronaves-desde-o-ano-passado\/\",\"name\":\"Aeroporto de S\u00e3o Lu\u00eds registrou 11 ocorr\u00eancias de raio laser contra aeronaves desde o ano passado - Daniel Matos\",\"isPartOf\":{\"@id\":\"https:\/\/www.blogsoestado.com\/danielmatos\/#website\"},\"primaryImageOfPage\":{\"@id\":\"https:\/\/www.blogsoestado.com\/danielmatos\/aeroporto-de-sao-ja-registrou-11-ocorrencias-de-raio-laser-contra-aeronaves-desde-o-ano-passado\/#primaryimage\"},\"image\":{\"@id\":\"https:\/\/www.blogsoestado.com\/danielmatos\/aeroporto-de-sao-ja-registrou-11-ocorrencias-de-raio-laser-contra-aeronaves-desde-o-ano-passado\/#primaryimage\"},\"thumbnailUrl\":\"https:\/\/www.blogsoestado.com\/danielmatos\/files\/2023\/03\/Screenshot_20230325-2001082.png\",\"datePublished\":\"2023-03-26T10:00:00+00:00\",\"author\":{\"@id\":\"\"},\"breadcrumb\":{\"@id\":\"https:\/\/www.blogsoestado.com\/danielmatos\/aeroporto-de-sao-ja-registrou-11-ocorrencias-de-raio-laser-contra-aeronaves-desde-o-ano-passado\/#breadcrumb\"},\"inLanguage\":\"pt-BR\",\"potentialAction\":[{\"@type\":\"ReadAction\",\"target\":[\"https:\/\/www.blogsoestado.com\/danielmatos\/aeroporto-de-sao-ja-registrou-11-ocorrencias-de-raio-laser-contra-aeronaves-desde-o-ano-passado\/\"]}]},{\"@type\":\"ImageObject\",\"inLanguage\":\"pt-BR\",\"@id\":\"https:\/\/www.blogsoestado.com\/danielmatos\/aeroporto-de-sao-ja-registrou-11-ocorrencias-de-raio-laser-contra-aeronaves-desde-o-ano-passado\/#primaryimage\",\"url\":\"https:\/\/www.blogsoestado.com\/danielmatos\/files\/2023\/03\/Screenshot_20230325-2001082.png\",\"contentUrl\":\"https:\/\/www.blogsoestado.com\/danielmatos\/files\/2023\/03\/Screenshot_20230325-2001082.png\"},{\"@type\":\"BreadcrumbList\",\"@id\":\"https:\/\/www.blogsoestado.com\/danielmatos\/aeroporto-de-sao-ja-registrou-11-ocorrencias-de-raio-laser-contra-aeronaves-desde-o-ano-passado\/#breadcrumb\",\"itemListElement\":[{\"@type\":\"ListItem\",\"position\":1,\"name\":\"In\u00edcio\",\"item\":\"https:\/\/www.blogsoestado.com\/danielmatos\/\"},{\"@type\":\"ListItem\",\"position\":2,\"name\":\"Aeroporto de S\u00e3o Lu\u00eds registrou 11 ocorr\u00eancias de raio laser contra aeronaves desde o ano passado\"}]},{\"@type\":\"WebSite\",\"@id\":\"https:\/\/www.blogsoestado.com\/danielmatos\/#website\",\"url\":\"https:\/\/www.blogsoestado.com\/danielmatos\/\",\"name\":\"Daniel Matos\",\"description\":\"\",\"potentialAction\":[{\"@type\":\"SearchAction\",\"target\":{\"@type\":\"EntryPoint\",\"urlTemplate\":\"https:\/\/www.blogsoestado.com\/danielmatos\/?s={search_term_string}\"},\"query-input\":{\"@type\":\"PropertyValueSpecification\",\"valueRequired\":true,\"valueName\":\"search_term_string\"}}],\"inLanguage\":\"pt-BR\"}]}<\/script>\n<!-- \/ Yoast SEO plugin. -->","yoast_head_json":{"title":"Aeroporto de S\u00e3o Lu\u00eds registrou 11 ocorr\u00eancias de raio laser contra aeronaves desde o ano passado - Daniel Matos","robots":{"index":"index","follow":"follow","max-snippet":"max-snippet:-1","max-image-preview":"max-image-preview:large","max-video-preview":"max-video-preview:-1"},"canonical":"https:\/\/www.blogsoestado.com\/danielmatos\/aeroporto-de-sao-ja-registrou-11-ocorrencias-de-raio-laser-contra-aeronaves-desde-o-ano-passado\/","og_locale":"pt_BR","og_type":"article","og_title":"Aeroporto de S\u00e3o Lu\u00eds registrou 11 ocorr\u00eancias de raio laser contra aeronaves desde o ano passado - Daniel Matos","og_description":"Ocorr\u00eancias com raio laser contra aeronaves t\u00eam sido uma crescente em todo o pa\u00eds. Somente no ano passado, foram 473 [&hellip;]","og_url":"https:\/\/www.blogsoestado.com\/danielmatos\/aeroporto-de-sao-ja-registrou-11-ocorrencias-de-raio-laser-contra-aeronaves-desde-o-ano-passado\/","og_site_name":"Daniel Matos","article_published_time":"2023-03-26T10:00:00+00:00","og_image":[{"url":"https:\/\/www.blogsoestado.com\/danielmatos\/files\/2023\/03\/Screenshot_20230325-2001082.png","type":"","width":"","height":""}],"twitter_card":"summary_large_image","twitter_misc":{"Est. tempo de leitura":"2 minutos"},"schema":{"@context":"https:\/\/schema.org","@graph":[{"@type":"WebPage","@id":"https:\/\/www.blogsoestado.com\/danielmatos\/aeroporto-de-sao-ja-registrou-11-ocorrencias-de-raio-laser-contra-aeronaves-desde-o-ano-passado\/","url":"https:\/\/www.blogsoestado.com\/danielmatos\/aeroporto-de-sao-ja-registrou-11-ocorrencias-de-raio-laser-contra-aeronaves-desde-o-ano-passado\/","name":"Aeroporto de S\u00e3o Lu\u00eds registrou 11 ocorr\u00eancias de raio laser contra aeronaves desde o ano passado - Daniel Matos","isPartOf":{"@id":"https:\/\/www.blogsoestado.com\/danielmatos\/#website"},"primaryImageOfPage":{"@id":"https:\/\/www.blogsoestado.com\/danielmatos\/aeroporto-de-sao-ja-registrou-11-ocorrencias-de-raio-laser-contra-aeronaves-desde-o-ano-passado\/#primaryimage"},"image":{"@id":"https:\/\/www.blogsoestado.com\/danielmatos\/aeroporto-de-sao-ja-registrou-11-ocorrencias-de-raio-laser-contra-aeronaves-desde-o-ano-passado\/#primaryimage"},"thumbnailUrl":"https:\/\/www.blogsoestado.com\/danielmatos\/files\/2023\/03\/Screenshot_20230325-2001082.png","datePublished":"2023-03-26T10:00:00+00:00","author":{"@id":""},"breadcrumb":{"@id":"https:\/\/www.blogsoestado.com\/danielmatos\/aeroporto-de-sao-ja-registrou-11-ocorrencias-de-raio-laser-contra-aeronaves-desde-o-ano-passado\/#breadcrumb"},"inLanguage":"pt-BR","potentialAction":[{"@type":"ReadAction","target":["https:\/\/www.blogsoestado.com\/danielmatos\/aeroporto-de-sao-ja-registrou-11-ocorrencias-de-raio-laser-contra-aeronaves-desde-o-ano-passado\/"]}]},{"@type":"ImageObject","inLanguage":"pt-BR","@id":"https:\/\/www.blogsoestado.com\/danielmatos\/aeroporto-de-sao-ja-registrou-11-ocorrencias-de-raio-laser-contra-aeronaves-desde-o-ano-passado\/#primaryimage","url":"https:\/\/www.blogsoestado.com\/danielmatos\/files\/2023\/03\/Screenshot_20230325-2001082.png","contentUrl":"https:\/\/www.blogsoestado.com\/danielmatos\/files\/2023\/03\/Screenshot_20230325-2001082.png"},{"@type":"BreadcrumbList","@id":"https:\/\/www.blogsoestado.com\/danielmatos\/aeroporto-de-sao-ja-registrou-11-ocorrencias-de-raio-laser-contra-aeronaves-desde-o-ano-passado\/#breadcrumb","itemListElement":[{"@type":"ListItem","position":1,"name":"In\u00edcio","item":"https:\/\/www.blogsoestado.com\/danielmatos\/"},{"@type":"ListItem","position":2,"name":"Aeroporto de S\u00e3o Lu\u00eds registrou 11 ocorr\u00eancias de raio laser contra aeronaves desde o ano passado"}]},{"@type":"WebSite","@id":"https:\/\/www.blogsoestado.com\/danielmatos\/#website","url":"https:\/\/www.blogsoestado.com\/danielmatos\/","name":"Daniel Matos","description":"","potentialAction":[{"@type":"SearchAction","target":{"@type":"EntryPoint","urlTemplate":"https:\/\/www.blogsoestado.com\/danielmatos\/?s={search_term_string}"},"query-input":{"@type":"PropertyValueSpecification","valueRequired":true,"valueName":"search_term_string"}}],"inLanguage":"pt-BR"}]}},"jetpack_featured_media_url":"","_links":{"self":[{"href":"https:\/\/www.blogsoestado.com\/danielmatos\/wp-json\/wp\/v2\/posts\/107546","targetHints":{"allow":["GET"]}}],"collection":[{"href":"https:\/\/www.blogsoestado.com\/danielmatos\/wp-json\/wp\/v2\/posts"}],"about":[{"href":"https:\/\/www.blogsoestado.com\/danielmatos\/wp-json\/wp\/v2\/types\/post"}],"replies":[{"embeddable":true,"href":"https:\/\/www.blogsoestado.com\/danielmatos\/wp-json\/wp\/v2\/comments?post=107546"}],"version-history":[{"count":0,"href":"https:\/\/www.blogsoestado.com\/danielmatos\/wp-json\/wp\/v2\/posts\/107546\/revisions"}],"wp:attachment":[{"href":"https:\/\/www.blogsoestado.com\/danielmatos\/wp-json\/wp\/v2\/media?parent=107546"}],"wp:term":[{"taxonomy":"category","embeddable":true,"href":"https:\/\/www.blogsoestado.com\/danielmatos\/wp-json\/wp\/v2\/categories?post=107546"},{"taxonomy":"post_tag","embeddable":true,"href":"https:\/\/www.blogsoestado.com\/danielmatos\/wp-json\/wp\/v2\/tags?post=107546"}],"curies":[{"name":"wp","href":"https:\/\/api.w.org\/{rel}","templated":true}]}}