{"id":107549,"date":"2023-03-25T23:28:41","date_gmt":"2023-03-26T02:28:41","guid":{"rendered":"https:\/\/www.blogsoestado.com\/danielmatos\/?p=107549"},"modified":"2023-03-25T23:28:41","modified_gmt":"2023-03-26T02:28:41","slug":"fabio-gentil-defende-uniao-de-esforcos-entre-o-seu-grupo-politico-e-o-pt-para-melhorar-vida-do-povo-de-caxias","status":"publish","type":"post","link":"https:\/\/www.blogsoestado.com\/danielmatos\/fabio-gentil-defende-uniao-de-esforcos-entre-o-seu-grupo-politico-e-o-pt-para-melhorar-vida-do-povo-de-caxias\/","title":{"rendered":"F\u00e1bio Gentil defende uni\u00e3o de esfor\u00e7os entre o seu grupo pol\u00edtico e o PT para melhorar vida do povo de Caxias"},"content":{"rendered":"\n<p><strong><span class=\"has-inline-color has-vivid-red-color\">O gestor municipal participou de ato em comemora\u00e7\u00e3o aos 43 anos do partido do presidente Lula e manifestou esperan\u00e7a no atual Governo Federal<\/span><\/strong><\/p>\n\n\n\n<div class=\"wp-block-image\"><figure class=\"aligncenter size-large\"><a href=\"https:\/\/www.blogsoestado.com\/danielmatos\/files\/2023\/03\/Screenshot_20230325-2259392.png\"><img decoding=\"async\" src=\"https:\/\/www.blogsoestado.com\/danielmatos\/files\/2023\/03\/Screenshot_20230325-2259392.png\" alt=\"\" class=\"wp-image-107550\"\/><\/a><figcaption>O prefeito F\u00e1bio colocou sua gest\u00e3o \u00e0 disposi\u00e7\u00e3o do PT para somar for\u00e7a por melhorias para o povo de Caxias<\/figcaption><\/figure><\/div>\n\n\n\n<p>O prefeito F\u00e1bio Gentil prestigiou, neste s\u00e1bado (25), no audit\u00f3rio do campus da Universidade Estadual do Maranh\u00e3o (UEMA) de Caxias, o ato pol\u00edtico que marcou a comemora\u00e7\u00e3o dos 43 anos do PT. O gestor municipal manifestou esperan\u00e7a no governo do partido e exaltou a lideran\u00e7a do presidente Luiz In\u00e1cio Lula da Silva e a aten\u00e7\u00e3o especial que o chefe da na\u00e7\u00e3o tem dispensado ao Nordeste, regi\u00e3o de sua origem.<\/p>\n\n\n\n<p>F\u00e1bio Gentil destacou que agora o Brasil tem um presidente verdadeiramente comprometido em representar e ajudar os nordestinos e os caxienses, somando esfor\u00e7os para melhorar a vida do povo.<\/p>\n\n\n\n<div class=\"wp-block-image\"><figure class=\"aligncenter size-large\"><a href=\"https:\/\/www.blogsoestado.com\/danielmatos\/files\/2023\/03\/Screenshot_20230325-2258032.png\"><img decoding=\"async\" src=\"https:\/\/www.blogsoestado.com\/danielmatos\/files\/2023\/03\/Screenshot_20230325-2258032.png\" alt=\"\" class=\"wp-image-107551\"\/><\/a><figcaption>Acompanhado da presidente do Diret\u00f3rio Municipal do PT em Caxias, Lays Poliane, o prefeito F\u00e1bio Gentil faz o gesto que simboliza apoio ao governo Lula<\/figcaption><\/figure><\/div>\n\n\n\n<p>O prefeito fez men\u00e7\u00e3o especial \u00e0 presen\u00e7a de algumas das principais lideran\u00e7as petistas no Maranh\u00e3o no ato comemorativo, a exemplo do presidente estadual da sigla, Francimar Melo; do presidente da C\u00e2mara Municipal de Caxias, vereador Ricardo Rodrigues; e da presidente do Diret\u00f3rio Municipal do PT, Lays Poliane, dentre outras figuras de express\u00e3o filiadas \u00e0 legenda, al\u00e9m da milit\u00e2ncia, que compareceu em grande n\u00famero ao evento.<\/p>\n\n\n\n<div class=\"wp-block-image\"><figure class=\"aligncenter size-large\"><a href=\"https:\/\/www.blogsoestado.com\/danielmatos\/files\/2023\/03\/Screenshot_20230325-2257352.png\"><img decoding=\"async\" src=\"https:\/\/www.blogsoestado.com\/danielmatos\/files\/2023\/03\/Screenshot_20230325-2257352.png\" alt=\"\" class=\"wp-image-107552\"\/><\/a><figcaption>A deputada federal Amanda Gentil declarou, seu discurso, ter confian\u00e7a no governo do presidente Luiz In\u00e1cio Lula da Silva<\/figcaption><\/figure><\/div>\n\n\n\n<p>F\u00e1bio Gentil tamb\u00e9m fez refer\u00eancia \u00e0 participa\u00e7\u00e3o da deputada federal Amanda Gentil, sua filha e herdeira pol\u00edtica, no ato festivo. Em seu discurso, a parlamentar demonstrou, assim como o pai, total confian\u00e7a no governo Lula, que, segundo ela, tem o melhor projeto para o Brasil.<\/p>\n\n\n\n<p>O prefeito caxiense citou, ainda, a deputada Daniella, sua companheira de vida e de luta, como outra entusiasta da gest\u00e3o do presidente Lula, afirmando que ela tamb\u00e9m cr\u00ea nos bons resultados que o atual governante proporcionar\u00e1 \u00e0 popula\u00e7\u00e3o brasileira, melhorias que alcan\u00e7ar\u00e3o os caxienses.<\/p>\n\n\n\n<div class=\"wp-block-image\"><figure class=\"aligncenter size-large\"><a href=\"https:\/\/www.blogsoestado.com\/danielmatos\/files\/2023\/03\/Screenshot_20230325-2304152.png\"><img decoding=\"async\" src=\"https:\/\/www.blogsoestado.com\/danielmatos\/files\/2023\/03\/Screenshot_20230325-2304152.png\" alt=\"\" class=\"wp-image-107553\"\/><\/a><figcaption>O prefeito F\u00e1bio Gentil e a deputada federal Amanda Gentil no ato pol\u00edtico com o Professor Didi, lideran\u00e7a do PT em Caxias, e o presidente da C\u00e2mara Municipal, vereador Ricardo Rodrigues<\/figcaption><\/figure><\/div>\n\n\n\n<p>&#8220;Com a uni\u00e3o de esfor\u00e7os da Prefeitura de Caxias, da deputada federal Amanda Gentil, da deputada estadual Daniella e de todo o PT junto, poderemos oferecer ao nosso munic\u00edpio e ao nosso estado o que temos de melhor&#8221;, ressaltou F\u00e1bio Gentil.<\/p>\n\n\n\n<p><strong><span class=\"has-inline-color has-vivid-red-color\">Clique<\/span><\/strong> <strong><span class=\"has-inline-color has-vivid-red-color\"><a href=\"https:\/\/youtu.be\/YoICEXBiLhI\">aqui<\/a> e assista ao v\u00eddeo.<\/span><\/strong><\/p>\n","protected":false},"excerpt":{"rendered":"<p>O gestor municipal participou de ato em comemora\u00e7\u00e3o aos 43 anos do partido do presidente Lula e manifestou esperan\u00e7a no [&hellip;]<\/p>\n","protected":false},"author":0,"featured_media":0,"comment_status":"open","ping_status":"open","sticky":false,"template":"","format":"standard","meta":{"site-sidebar-layout":"default","site-content-layout":"","ast-site-content-layout":"default","site-content-style":"default","site-sidebar-style":"default","ast-global-header-display":"","ast-banner-title-visibility":"","ast-main-header-display":"","ast-hfb-above-header-display":"","ast-hfb-below-header-display":"","ast-hfb-mobile-header-display":"","site-post-title":"","ast-breadcrumbs-content":"","ast-featured-img":"","footer-sml-layout":"","ast-disable-related-posts":"","theme-transparent-header-meta":"","adv-header-id-meta":"","stick-header-meta":"","header-above-stick-meta":"","header-main-stick-meta":"","header-below-stick-meta":"","astra-migrate-meta-layouts":"default","ast-page-background-enabled":"default","ast-page-background-meta":{"desktop":{"background-color":"var(--ast-global-color-5)","background-image":"","background-repeat":"repeat","background-position":"center center","background-size":"auto","background-attachment":"scroll","background-type":"","background-media":"","overlay-type":"","overlay-color":"","overlay-opacity":"","overlay-gradient":""},"tablet":{"background-color":"","background-image":"","background-repeat":"repeat","background-position":"center center","background-size":"auto","background-attachment":"scroll","background-type":"","background-media":"","overlay-type":"","overlay-color":"","overlay-opacity":"","overlay-gradient":""},"mobile":{"background-color":"","background-image":"","background-repeat":"repeat","background-position":"center center","background-size":"auto","background-attachment":"scroll","background-type":"","background-media":"","overlay-type":"","overlay-color":"","overlay-opacity":"","overlay-gradient":""}},"ast-content-background-meta":{"desktop":{"background-color":"var(--ast-global-color-4)","background-image":"","background-repeat":"repeat","background-position":"center center","background-size":"auto","background-attachment":"scroll","background-type":"","background-media":"","overlay-type":"","overlay-color":"","overlay-opacity":"","overlay-gradient":""},"tablet":{"background-color":"var(--ast-global-color-4)","background-image":"","background-repeat":"repeat","background-position":"center center","background-size":"auto","background-attachment":"scroll","background-type":"","background-media":"","overlay-type":"","overlay-color":"","overlay-opacity":"","overlay-gradient":""},"mobile":{"background-color":"var(--ast-global-color-4)","background-image":"","background-repeat":"repeat","background-position":"center center","background-size":"auto","background-attachment":"scroll","background-type":"","background-media":"","overlay-type":"","overlay-color":"","overlay-opacity":"","overlay-gradient":""}},"footnotes":""},"categories":[1],"tags":[],"class_list":["post-107549","post","type-post","status-publish","format-standard","hentry","category-sem-categoria"],"yoast_head":"<!-- This site is optimized with the Yoast SEO plugin v26.6 - https:\/\/yoast.com\/wordpress\/plugins\/seo\/ -->\n<title>F\u00e1bio Gentil defende uni\u00e3o de esfor\u00e7os entre o seu grupo pol\u00edtico e o PT para melhorar vida do povo de Caxias - Daniel Matos<\/title>\n<meta name=\"robots\" content=\"index, follow, max-snippet:-1, max-image-preview:large, max-video-preview:-1\" \/>\n<link rel=\"canonical\" href=\"https:\/\/www.blogsoestado.com\/danielmatos\/fabio-gentil-defende-uniao-de-esforcos-entre-o-seu-grupo-politico-e-o-pt-para-melhorar-vida-do-povo-de-caxias\/\" \/>\n<meta property=\"og:locale\" content=\"pt_BR\" \/>\n<meta property=\"og:type\" content=\"article\" \/>\n<meta property=\"og:title\" content=\"F\u00e1bio Gentil defende uni\u00e3o de esfor\u00e7os entre o seu grupo pol\u00edtico e o PT para melhorar vida do povo de Caxias - Daniel Matos\" \/>\n<meta property=\"og:description\" content=\"O gestor municipal participou de ato em comemora\u00e7\u00e3o aos 43 anos do partido do presidente Lula e manifestou esperan\u00e7a no [&hellip;]\" \/>\n<meta property=\"og:url\" content=\"https:\/\/www.blogsoestado.com\/danielmatos\/fabio-gentil-defende-uniao-de-esforcos-entre-o-seu-grupo-politico-e-o-pt-para-melhorar-vida-do-povo-de-caxias\/\" \/>\n<meta property=\"og:site_name\" content=\"Daniel Matos\" \/>\n<meta property=\"article:published_time\" content=\"2023-03-26T02:28:41+00:00\" \/>\n<meta property=\"og:image\" content=\"https:\/\/www.blogsoestado.com\/danielmatos\/files\/2023\/03\/Screenshot_20230325-2259392.png\" \/>\n<meta name=\"twitter:card\" content=\"summary_large_image\" \/>\n<meta name=\"twitter:label1\" content=\"Est. tempo de leitura\" \/>\n\t<meta name=\"twitter:data1\" content=\"3 minutos\" \/>\n<script type=\"application\/ld+json\" class=\"yoast-schema-graph\">{\"@context\":\"https:\/\/schema.org\",\"@graph\":[{\"@type\":\"WebPage\",\"@id\":\"https:\/\/www.blogsoestado.com\/danielmatos\/fabio-gentil-defende-uniao-de-esforcos-entre-o-seu-grupo-politico-e-o-pt-para-melhorar-vida-do-povo-de-caxias\/\",\"url\":\"https:\/\/www.blogsoestado.com\/danielmatos\/fabio-gentil-defende-uniao-de-esforcos-entre-o-seu-grupo-politico-e-o-pt-para-melhorar-vida-do-povo-de-caxias\/\",\"name\":\"F\u00e1bio Gentil defende uni\u00e3o de esfor\u00e7os entre o seu grupo pol\u00edtico e o PT para melhorar vida do povo de Caxias - Daniel Matos\",\"isPartOf\":{\"@id\":\"https:\/\/www.blogsoestado.com\/danielmatos\/#website\"},\"primaryImageOfPage\":{\"@id\":\"https:\/\/www.blogsoestado.com\/danielmatos\/fabio-gentil-defende-uniao-de-esforcos-entre-o-seu-grupo-politico-e-o-pt-para-melhorar-vida-do-povo-de-caxias\/#primaryimage\"},\"image\":{\"@id\":\"https:\/\/www.blogsoestado.com\/danielmatos\/fabio-gentil-defende-uniao-de-esforcos-entre-o-seu-grupo-politico-e-o-pt-para-melhorar-vida-do-povo-de-caxias\/#primaryimage\"},\"thumbnailUrl\":\"https:\/\/www.blogsoestado.com\/danielmatos\/files\/2023\/03\/Screenshot_20230325-2259392.png\",\"datePublished\":\"2023-03-26T02:28:41+00:00\",\"author\":{\"@id\":\"\"},\"breadcrumb\":{\"@id\":\"https:\/\/www.blogsoestado.com\/danielmatos\/fabio-gentil-defende-uniao-de-esforcos-entre-o-seu-grupo-politico-e-o-pt-para-melhorar-vida-do-povo-de-caxias\/#breadcrumb\"},\"inLanguage\":\"pt-BR\",\"potentialAction\":[{\"@type\":\"ReadAction\",\"target\":[\"https:\/\/www.blogsoestado.com\/danielmatos\/fabio-gentil-defende-uniao-de-esforcos-entre-o-seu-grupo-politico-e-o-pt-para-melhorar-vida-do-povo-de-caxias\/\"]}]},{\"@type\":\"ImageObject\",\"inLanguage\":\"pt-BR\",\"@id\":\"https:\/\/www.blogsoestado.com\/danielmatos\/fabio-gentil-defende-uniao-de-esforcos-entre-o-seu-grupo-politico-e-o-pt-para-melhorar-vida-do-povo-de-caxias\/#primaryimage\",\"url\":\"https:\/\/www.blogsoestado.com\/danielmatos\/files\/2023\/03\/Screenshot_20230325-2259392.png\",\"contentUrl\":\"https:\/\/www.blogsoestado.com\/danielmatos\/files\/2023\/03\/Screenshot_20230325-2259392.png\"},{\"@type\":\"BreadcrumbList\",\"@id\":\"https:\/\/www.blogsoestado.com\/danielmatos\/fabio-gentil-defende-uniao-de-esforcos-entre-o-seu-grupo-politico-e-o-pt-para-melhorar-vida-do-povo-de-caxias\/#breadcrumb\",\"itemListElement\":[{\"@type\":\"ListItem\",\"position\":1,\"name\":\"In\u00edcio\",\"item\":\"https:\/\/www.blogsoestado.com\/danielmatos\/\"},{\"@type\":\"ListItem\",\"position\":2,\"name\":\"F\u00e1bio Gentil defende uni\u00e3o de esfor\u00e7os entre o seu grupo pol\u00edtico e o PT para melhorar vida do povo de Caxias\"}]},{\"@type\":\"WebSite\",\"@id\":\"https:\/\/www.blogsoestado.com\/danielmatos\/#website\",\"url\":\"https:\/\/www.blogsoestado.com\/danielmatos\/\",\"name\":\"Daniel Matos\",\"description\":\"\",\"potentialAction\":[{\"@type\":\"SearchAction\",\"target\":{\"@type\":\"EntryPoint\",\"urlTemplate\":\"https:\/\/www.blogsoestado.com\/danielmatos\/?s={search_term_string}\"},\"query-input\":{\"@type\":\"PropertyValueSpecification\",\"valueRequired\":true,\"valueName\":\"search_term_string\"}}],\"inLanguage\":\"pt-BR\"}]}<\/script>\n<!-- \/ Yoast SEO plugin. -->","yoast_head_json":{"title":"F\u00e1bio Gentil defende uni\u00e3o de esfor\u00e7os entre o seu grupo pol\u00edtico e o PT para melhorar vida do povo de Caxias - Daniel Matos","robots":{"index":"index","follow":"follow","max-snippet":"max-snippet:-1","max-image-preview":"max-image-preview:large","max-video-preview":"max-video-preview:-1"},"canonical":"https:\/\/www.blogsoestado.com\/danielmatos\/fabio-gentil-defende-uniao-de-esforcos-entre-o-seu-grupo-politico-e-o-pt-para-melhorar-vida-do-povo-de-caxias\/","og_locale":"pt_BR","og_type":"article","og_title":"F\u00e1bio Gentil defende uni\u00e3o de esfor\u00e7os entre o seu grupo pol\u00edtico e o PT para melhorar vida do povo de Caxias - Daniel Matos","og_description":"O gestor municipal participou de ato em comemora\u00e7\u00e3o aos 43 anos do partido do presidente Lula e manifestou esperan\u00e7a no [&hellip;]","og_url":"https:\/\/www.blogsoestado.com\/danielmatos\/fabio-gentil-defende-uniao-de-esforcos-entre-o-seu-grupo-politico-e-o-pt-para-melhorar-vida-do-povo-de-caxias\/","og_site_name":"Daniel Matos","article_published_time":"2023-03-26T02:28:41+00:00","og_image":[{"url":"https:\/\/www.blogsoestado.com\/danielmatos\/files\/2023\/03\/Screenshot_20230325-2259392.png","type":"","width":"","height":""}],"twitter_card":"summary_large_image","twitter_misc":{"Est. tempo de leitura":"3 minutos"},"schema":{"@context":"https:\/\/schema.org","@graph":[{"@type":"WebPage","@id":"https:\/\/www.blogsoestado.com\/danielmatos\/fabio-gentil-defende-uniao-de-esforcos-entre-o-seu-grupo-politico-e-o-pt-para-melhorar-vida-do-povo-de-caxias\/","url":"https:\/\/www.blogsoestado.com\/danielmatos\/fabio-gentil-defende-uniao-de-esforcos-entre-o-seu-grupo-politico-e-o-pt-para-melhorar-vida-do-povo-de-caxias\/","name":"F\u00e1bio Gentil defende uni\u00e3o de esfor\u00e7os entre o seu grupo pol\u00edtico e o PT para melhorar vida do povo de Caxias - Daniel Matos","isPartOf":{"@id":"https:\/\/www.blogsoestado.com\/danielmatos\/#website"},"primaryImageOfPage":{"@id":"https:\/\/www.blogsoestado.com\/danielmatos\/fabio-gentil-defende-uniao-de-esforcos-entre-o-seu-grupo-politico-e-o-pt-para-melhorar-vida-do-povo-de-caxias\/#primaryimage"},"image":{"@id":"https:\/\/www.blogsoestado.com\/danielmatos\/fabio-gentil-defende-uniao-de-esforcos-entre-o-seu-grupo-politico-e-o-pt-para-melhorar-vida-do-povo-de-caxias\/#primaryimage"},"thumbnailUrl":"https:\/\/www.blogsoestado.com\/danielmatos\/files\/2023\/03\/Screenshot_20230325-2259392.png","datePublished":"2023-03-26T02:28:41+00:00","author":{"@id":""},"breadcrumb":{"@id":"https:\/\/www.blogsoestado.com\/danielmatos\/fabio-gentil-defende-uniao-de-esforcos-entre-o-seu-grupo-politico-e-o-pt-para-melhorar-vida-do-povo-de-caxias\/#breadcrumb"},"inLanguage":"pt-BR","potentialAction":[{"@type":"ReadAction","target":["https:\/\/www.blogsoestado.com\/danielmatos\/fabio-gentil-defende-uniao-de-esforcos-entre-o-seu-grupo-politico-e-o-pt-para-melhorar-vida-do-povo-de-caxias\/"]}]},{"@type":"ImageObject","inLanguage":"pt-BR","@id":"https:\/\/www.blogsoestado.com\/danielmatos\/fabio-gentil-defende-uniao-de-esforcos-entre-o-seu-grupo-politico-e-o-pt-para-melhorar-vida-do-povo-de-caxias\/#primaryimage","url":"https:\/\/www.blogsoestado.com\/danielmatos\/files\/2023\/03\/Screenshot_20230325-2259392.png","contentUrl":"https:\/\/www.blogsoestado.com\/danielmatos\/files\/2023\/03\/Screenshot_20230325-2259392.png"},{"@type":"BreadcrumbList","@id":"https:\/\/www.blogsoestado.com\/danielmatos\/fabio-gentil-defende-uniao-de-esforcos-entre-o-seu-grupo-politico-e-o-pt-para-melhorar-vida-do-povo-de-caxias\/#breadcrumb","itemListElement":[{"@type":"ListItem","position":1,"name":"In\u00edcio","item":"https:\/\/www.blogsoestado.com\/danielmatos\/"},{"@type":"ListItem","position":2,"name":"F\u00e1bio Gentil defende uni\u00e3o de esfor\u00e7os entre o seu grupo pol\u00edtico e o PT para melhorar vida do povo de Caxias"}]},{"@type":"WebSite","@id":"https:\/\/www.blogsoestado.com\/danielmatos\/#website","url":"https:\/\/www.blogsoestado.com\/danielmatos\/","name":"Daniel Matos","description":"","potentialAction":[{"@type":"SearchAction","target":{"@type":"EntryPoint","urlTemplate":"https:\/\/www.blogsoestado.com\/danielmatos\/?s={search_term_string}"},"query-input":{"@type":"PropertyValueSpecification","valueRequired":true,"valueName":"search_term_string"}}],"inLanguage":"pt-BR"}]}},"jetpack_featured_media_url":"","_links":{"self":[{"href":"https:\/\/www.blogsoestado.com\/danielmatos\/wp-json\/wp\/v2\/posts\/107549","targetHints":{"allow":["GET"]}}],"collection":[{"href":"https:\/\/www.blogsoestado.com\/danielmatos\/wp-json\/wp\/v2\/posts"}],"about":[{"href":"https:\/\/www.blogsoestado.com\/danielmatos\/wp-json\/wp\/v2\/types\/post"}],"replies":[{"embeddable":true,"href":"https:\/\/www.blogsoestado.com\/danielmatos\/wp-json\/wp\/v2\/comments?post=107549"}],"version-history":[{"count":0,"href":"https:\/\/www.blogsoestado.com\/danielmatos\/wp-json\/wp\/v2\/posts\/107549\/revisions"}],"wp:attachment":[{"href":"https:\/\/www.blogsoestado.com\/danielmatos\/wp-json\/wp\/v2\/media?parent=107549"}],"wp:term":[{"taxonomy":"category","embeddable":true,"href":"https:\/\/www.blogsoestado.com\/danielmatos\/wp-json\/wp\/v2\/categories?post=107549"},{"taxonomy":"post_tag","embeddable":true,"href":"https:\/\/www.blogsoestado.com\/danielmatos\/wp-json\/wp\/v2\/tags?post=107549"}],"curies":[{"name":"wp","href":"https:\/\/api.w.org\/{rel}","templated":true}]}}