{"id":107556,"date":"2023-03-26T07:18:00","date_gmt":"2023-03-26T10:18:00","guid":{"rendered":"https:\/\/www.blogsoestado.com\/danielmatos\/?p=107556"},"modified":"2023-03-26T07:18:00","modified_gmt":"2023-03-26T10:18:00","slug":"universidade-ceuma-recebe-mocao-de-felicitacoes-pelos-33-anos-de-atuacao-no-maranhao-e-uma-decada-em-imperatriz","status":"publish","type":"post","link":"https:\/\/www.blogsoestado.com\/danielmatos\/universidade-ceuma-recebe-mocao-de-felicitacoes-pelos-33-anos-de-atuacao-no-maranhao-e-uma-decada-em-imperatriz\/","title":{"rendered":"Universidade Ceuma recebe Mo\u00e7\u00e3o de Felicita\u00e7\u00f5es pelos 33 anos de atua\u00e7\u00e3o no Maranh\u00e3o e por uma d\u00e9cada em Imperatriz"},"content":{"rendered":"\n<div class=\"wp-block-image\"><figure class=\"aligncenter size-large\"><a href=\"https:\/\/www.blogsoestado.com\/danielmatos\/files\/2023\/03\/Screenshot_20230326-0924402.png\"><img decoding=\"async\" src=\"https:\/\/www.blogsoestado.com\/danielmatos\/files\/2023\/03\/Screenshot_20230326-0924402.png\" alt=\"\" class=\"wp-image-107562\"\/><\/a><figcaption>Representantes da Universidade Ceuma recebem, no plen\u00e1rio da C\u00e2mara Municipal, a mo\u00e7\u00e3o de aplausos das m\u00e3os de vereadores de Imperatriz<\/figcaption><\/figure><\/div>\n\n\n\n<p><strong>IMPERATRIZ \u2013 <\/strong>A Universidade Ceuma, Campus Imperatriz, recebeu, na manh\u00e3 da \u00faltima quinta-feira (23), a Mo\u00e7\u00e3o de Felicita\u00e7\u00f5es em comemora\u00e7\u00e3o aos 33 anos de atua\u00e7\u00e3o na educa\u00e7\u00e3o superior do Maranh\u00e3o e pelos 10 anos de implanta\u00e7\u00e3o da unidade da institui\u00e7\u00e3o de ensino superior em Imperatriz.&nbsp;<\/p>\n\n\n\n<p>A honraria foi concedida pela C\u00e2mara Municipal de Vereadores de Imperatriz, que exaltou a import\u00e2ncia da institui\u00e7\u00e3o na valoriza\u00e7\u00e3o do ensino superior no estado, bem como na Regi\u00e3o Tocantina.<\/p>\n\n\n\n<div class=\"wp-block-image\"><figure class=\"aligncenter size-large\"><a href=\"https:\/\/www.blogsoestado.com\/danielmatos\/files\/2023\/03\/Screenshot_20230326-0925212.png\"><img decoding=\"async\" src=\"https:\/\/www.blogsoestado.com\/danielmatos\/files\/2023\/03\/Screenshot_20230326-0925212.png\" alt=\"\" class=\"wp-image-107563\"\/><\/a><figcaption>Na tribuna, a gestora da Universidade Ceuma agradeceu aos vereadores por reconhecerem a importante contribui\u00e7\u00e3o da Universidade Ceuma para Imperatriz em 10 anos de implanta\u00e7\u00e3o no munic\u00edpio <\/figcaption><\/figure><\/div>\n\n\n\n<p>Na ocasi\u00e3o, estiveram presentes o representante da Mantenedora, Dr. F\u00e1bio Braga; o gestor do Campus Imperatriz, Renato Sucupira; o consultor educacional L\u00facio Gusm\u00e3o; al\u00e9m do presidente da C\u00e2mara Municipal, Alberto Sousa, e da vereadora Cl\u00e1udia Batista.&nbsp;<\/p>\n\n\n\n<p>O representante da Mantenedora, Dr. F\u00e1bio Braga, ressaltou, em nome do fundador da institui\u00e7\u00e3o, Dr. Mauro de Alencar Fecury, o compromisso do Grupo Educacional Ceuma em garantir um ensino superior de qualidade, focado na pr\u00e1tica da pesquisa, doc\u00eancia e interven\u00e7\u00e3o universit\u00e1ria.&nbsp;<\/p>\n\n\n\n<div class=\"wp-block-image\"><figure class=\"aligncenter size-large\"><a href=\"https:\/\/www.blogsoestado.com\/danielmatos\/files\/2023\/03\/Screenshot_20230326-0925463.png\"><img decoding=\"async\" src=\"https:\/\/www.blogsoestado.com\/danielmatos\/files\/2023\/03\/Screenshot_20230326-0925463.png\" alt=\"\" class=\"wp-image-107571\"\/><\/a><figcaption>Representando a Mantenedora do Grupo Educacional Ceuma, o gestor F\u00e1bio Braga apontou o ensino, a pesquisa e a presta\u00e7\u00e3o de servi\u00e7os \u00e0 sociedade como espinha dorsal da institui\u00e7\u00e3o<\/figcaption><\/figure><\/div>\n\n\n\n<p>\u201cTivemos como principal objetivo contribuir com a forma\u00e7\u00e3o profissional do cidad\u00e3o a servi\u00e7o da sua comunidade, da sua cidadania. Ensinar, pesquisar e prestar servi\u00e7os \u00e0 sociedade: eis a espinha dorsal da comunidade universit\u00e1ria do Ceuma! Em outras palavras, sempre buscamos contribuir na gera\u00e7\u00e3o e no desenvolvimento do conhecimento cient\u00edfico e tecnol\u00f3gico, sempre com o intuito de beneficiar a sociedade de Imperatriz e do estado do Maranh\u00e3o\u201d, ressaltou Braga.<\/p>\n\n\n\n<div class=\"wp-block-image\"><figure class=\"aligncenter size-large\"><a href=\"https:\/\/www.blogsoestado.com\/danielmatos\/files\/2023\/03\/Screenshot_20230326-0926222.png\"><img decoding=\"async\" src=\"https:\/\/www.blogsoestado.com\/danielmatos\/files\/2023\/03\/Screenshot_20230326-0926222.png\" alt=\"\" class=\"wp-image-107565\"\/><\/a><figcaption>Colaboradores da Universidade Ceuma prestigiaram a sess\u00e3o C\u00e2mara Municipal de Um mptrz que homenageou a institui\u00e7\u00e3o com a Mo\u00e7\u00e3o de Felicita\u00e7\u00f5es<\/figcaption><\/figure><\/div>\n\n\n\n<p>Ademais, o gestor do Campus Imperatriz, Renato Sucupira, agradeceu o apoio do Poder Legislativo municipal no fomento \u00e0s atividades de incentivo \u00e0 produ\u00e7\u00e3o acad\u00eamica e cient\u00edfica, sempre em prol do benef\u00edcio \u00e0 comunidade.&nbsp;<\/p>\n\n\n\n<p>\u201cCompleto, agora, um ano de gest\u00e3o no Campus Imperatriz e me sinto extremamente acolhido por todos aqui presentes, que permitiram que a Universidade Ceuma se expandisse ainda mais, por meio da Inaugura\u00e7\u00e3o do nosso Complexo Esportivo e da constru\u00e7\u00e3o da passarela, aprovada em lei municipal, que ir\u00e1 interligar os dois pr\u00e9dios da unidade\u201d.&nbsp;<\/p>\n\n\n\n<div class=\"wp-block-image\"><figure class=\"aligncenter size-large\"><a href=\"https:\/\/www.blogsoestado.com\/danielmatos\/files\/2023\/03\/Screenshot_20230326-0926502.png\"><img decoding=\"async\" src=\"https:\/\/www.blogsoestado.com\/danielmatos\/files\/2023\/03\/Screenshot_20230326-0926502.png\" alt=\"\" class=\"wp-image-107566\"\/><\/a><figcaption>Vereadoras fizeram quest\u00e3o de registrar para a hist\u00f3ria a homenagem da C\u00e2mara Municipal \u00e0 Universidade Ceuma <\/figcaption><\/figure><\/div>\n\n\n\n<p><strong>33 anos de excel\u00eancia no ensino superior<\/strong><\/p>\n\n\n\n<p>A \u00fanica universidade particular do Maranh\u00e3o, que tamb\u00e9m deu in\u00edcio ao surgimento do Grupo Educacional Ceuma, nasceu em 1990, pelas m\u00e3os do Dr. Mauro de Alencar Fecury e com a autoriza\u00e7\u00e3o do ent\u00e3o presidente da Rep\u00fablica, Jos\u00e9 Sarney.<\/p>\n\n\n\n<p>A institui\u00e7\u00e3o surgiu com o nome <em>Centro de Ensino Unificado do Maranh\u00e3o <\/em>(CEUMA) e ofertava os cursos de Administra\u00e7\u00e3o, Ci\u00eancias Cont\u00e1beis, Ci\u00eancias Econ\u00f4micas, Direito, Letras e Pedagogia. Em 2012, recebeu o status de Universidade, em credenciamento un\u00e2nime homologado pelo Conselho Nacional de Educa\u00e7\u00e3o (CNE\/MEC).&nbsp;<\/p>\n\n\n\n<div class=\"wp-block-image\"><figure class=\"aligncenter size-large\"><a href=\"https:\/\/www.blogsoestado.com\/danielmatos\/files\/2023\/03\/Screenshot_20230326-0927212.png\"><img decoding=\"async\" src=\"https:\/\/www.blogsoestado.com\/danielmatos\/files\/2023\/03\/Screenshot_20230326-0927212.png\" alt=\"\" class=\"wp-image-107567\"\/><\/a><figcaption>O presidente da C\u00e2mara Municipal, o vereador Alberto Sousa, tamb\u00e9m exaltou os 10 anos de bons servi\u00e7os prestados pela Universidade Ceuma ao munic\u00edpio <\/figcaption><\/figure><\/div>\n\n\n\n<p>O processo de expans\u00e3o se reafirmou com a implanta\u00e7\u00e3o de quatro unidades na capital, S\u00e3o Lu\u00eds, e outras duas no interior do estado, em Bacabal e em Imperatriz. Al\u00e9m disso, o Grupo Educacional Ceuma possui outras quatro institui\u00e7\u00f5es: o Centro Universit\u00e1rio UNIEURO, em Bras\u00edlia-DF; o Centro Universit\u00e1rio Metropolitano da Amaz\u00f4nia (UNIFAMAZ), em Bel\u00e9m-PA; o Centro de Ensino Superior de Palmas (CESUP) e o Centro de Ensino Unificado do Piau\u00ed (CEUPI), em Teresina.<\/p>\n\n\n\n<p>Em Imperatriz, a institui\u00e7\u00e3o se destaca h\u00e1 10 anos pela excel\u00eancia na forma\u00e7\u00e3o de profissionais capacitados, gra\u00e7as \u00e1 infraestrutura e corpo docente de qualidade.<\/p>\n\n\n\n<div class=\"wp-block-image\"><figure class=\"aligncenter size-large\"><a href=\"https:\/\/www.blogsoestado.com\/danielmatos\/files\/2023\/03\/Screenshot_20230326-0927482.png\"><img decoding=\"async\" src=\"https:\/\/www.blogsoestado.com\/danielmatos\/files\/2023\/03\/Screenshot_20230326-0927482.png\" alt=\"\" class=\"wp-image-107568\"\/><\/a><figcaption>O gestor do Campus de Imperatriz da Universidade Ceuma em Imperatriz com vereadores na sess\u00e3o em que a institui\u00e7\u00e3o de ensino superior foi homenageada<\/figcaption><\/figure><\/div>\n\n\n\n<p>A comprova\u00e7\u00e3o se d\u00e1, entre outros fatores, pela inaugura\u00e7\u00e3o de obras voltadas \u00e0 comunidade, como o Complexo Esportivo Iziane Castro Marques e a Cl\u00ednica Escola Integrada Ana L\u00facia Chaves Fecury, al\u00e9m da execu\u00e7\u00e3o de projetos sociais, como o funcionamento no campus do <em>Drive-Thru para Vacina\u00e7\u00e3o contra a Covid-19<\/em>, que imunizou mais de 60 mil pessoas no munic\u00edpio durante a pandemia<\/p>\n","protected":false},"excerpt":{"rendered":"<p>IMPERATRIZ \u2013 A Universidade Ceuma, Campus Imperatriz, recebeu, na manh\u00e3 da \u00faltima quinta-feira (23), a Mo\u00e7\u00e3o de Felicita\u00e7\u00f5es em comemora\u00e7\u00e3o [&hellip;]<\/p>\n","protected":false},"author":0,"featured_media":0,"comment_status":"open","ping_status":"open","sticky":false,"template":"","format":"standard","meta":{"site-sidebar-layout":"default","site-content-layout":"","ast-site-content-layout":"default","site-content-style":"default","site-sidebar-style":"default","ast-global-header-display":"","ast-banner-title-visibility":"","ast-main-header-display":"","ast-hfb-above-header-display":"","ast-hfb-below-header-display":"","ast-hfb-mobile-header-display":"","site-post-title":"","ast-breadcrumbs-content":"","ast-featured-img":"","footer-sml-layout":"","ast-disable-related-posts":"","theme-transparent-header-meta":"","adv-header-id-meta":"","stick-header-meta":"","header-above-stick-meta":"","header-main-stick-meta":"","header-below-stick-meta":"","astra-migrate-meta-layouts":"default","ast-page-background-enabled":"default","ast-page-background-meta":{"desktop":{"background-color":"var(--ast-global-color-5)","background-image":"","background-repeat":"repeat","background-position":"center center","background-size":"auto","background-attachment":"scroll","background-type":"","background-media":"","overlay-type":"","overlay-color":"","overlay-opacity":"","overlay-gradient":""},"tablet":{"background-color":"","background-image":"","background-repeat":"repeat","background-position":"center center","background-size":"auto","background-attachment":"scroll","background-type":"","background-media":"","overlay-type":"","overlay-color":"","overlay-opacity":"","overlay-gradient":""},"mobile":{"background-color":"","background-image":"","background-repeat":"repeat","background-position":"center center","background-size":"auto","background-attachment":"scroll","background-type":"","background-media":"","overlay-type":"","overlay-color":"","overlay-opacity":"","overlay-gradient":""}},"ast-content-background-meta":{"desktop":{"background-color":"var(--ast-global-color-4)","background-image":"","background-repeat":"repeat","background-position":"center center","background-size":"auto","background-attachment":"scroll","background-type":"","background-media":"","overlay-type":"","overlay-color":"","overlay-opacity":"","overlay-gradient":""},"tablet":{"background-color":"var(--ast-global-color-4)","background-image":"","background-repeat":"repeat","background-position":"center center","background-size":"auto","background-attachment":"scroll","background-type":"","background-media":"","overlay-type":"","overlay-color":"","overlay-opacity":"","overlay-gradient":""},"mobile":{"background-color":"var(--ast-global-color-4)","background-image":"","background-repeat":"repeat","background-position":"center center","background-size":"auto","background-attachment":"scroll","background-type":"","background-media":"","overlay-type":"","overlay-color":"","overlay-opacity":"","overlay-gradient":""}},"footnotes":""},"categories":[1],"tags":[],"class_list":["post-107556","post","type-post","status-publish","format-standard","hentry","category-sem-categoria"],"yoast_head":"<!-- This site is optimized with the Yoast SEO plugin v26.6 - https:\/\/yoast.com\/wordpress\/plugins\/seo\/ -->\n<title>Universidade Ceuma recebe Mo\u00e7\u00e3o de Felicita\u00e7\u00f5es pelos 33 anos de atua\u00e7\u00e3o no Maranh\u00e3o e por uma d\u00e9cada em Imperatriz - Daniel Matos<\/title>\n<meta name=\"robots\" content=\"index, follow, max-snippet:-1, max-image-preview:large, max-video-preview:-1\" \/>\n<link rel=\"canonical\" href=\"https:\/\/www.blogsoestado.com\/danielmatos\/universidade-ceuma-recebe-mocao-de-felicitacoes-pelos-33-anos-de-atuacao-no-maranhao-e-uma-decada-em-imperatriz\/\" \/>\n<meta property=\"og:locale\" content=\"pt_BR\" \/>\n<meta property=\"og:type\" content=\"article\" \/>\n<meta property=\"og:title\" content=\"Universidade Ceuma recebe Mo\u00e7\u00e3o de Felicita\u00e7\u00f5es pelos 33 anos de atua\u00e7\u00e3o no Maranh\u00e3o e por uma d\u00e9cada em Imperatriz - Daniel Matos\" \/>\n<meta property=\"og:description\" content=\"IMPERATRIZ \u2013 A Universidade Ceuma, Campus Imperatriz, recebeu, na manh\u00e3 da \u00faltima quinta-feira (23), a Mo\u00e7\u00e3o de Felicita\u00e7\u00f5es em comemora\u00e7\u00e3o [&hellip;]\" \/>\n<meta property=\"og:url\" content=\"https:\/\/www.blogsoestado.com\/danielmatos\/universidade-ceuma-recebe-mocao-de-felicitacoes-pelos-33-anos-de-atuacao-no-maranhao-e-uma-decada-em-imperatriz\/\" \/>\n<meta property=\"og:site_name\" content=\"Daniel Matos\" \/>\n<meta property=\"article:published_time\" content=\"2023-03-26T10:18:00+00:00\" \/>\n<meta property=\"og:image\" content=\"https:\/\/www.blogsoestado.com\/danielmatos\/files\/2023\/03\/Screenshot_20230326-0924402.png\" \/>\n<meta name=\"twitter:card\" content=\"summary_large_image\" \/>\n<meta name=\"twitter:label1\" content=\"Est. tempo de leitura\" \/>\n\t<meta name=\"twitter:data1\" content=\"5 minutos\" \/>\n<script type=\"application\/ld+json\" class=\"yoast-schema-graph\">{\"@context\":\"https:\/\/schema.org\",\"@graph\":[{\"@type\":\"WebPage\",\"@id\":\"https:\/\/www.blogsoestado.com\/danielmatos\/universidade-ceuma-recebe-mocao-de-felicitacoes-pelos-33-anos-de-atuacao-no-maranhao-e-uma-decada-em-imperatriz\/\",\"url\":\"https:\/\/www.blogsoestado.com\/danielmatos\/universidade-ceuma-recebe-mocao-de-felicitacoes-pelos-33-anos-de-atuacao-no-maranhao-e-uma-decada-em-imperatriz\/\",\"name\":\"Universidade Ceuma recebe Mo\u00e7\u00e3o de Felicita\u00e7\u00f5es pelos 33 anos de atua\u00e7\u00e3o no Maranh\u00e3o e por uma d\u00e9cada em Imperatriz - Daniel Matos\",\"isPartOf\":{\"@id\":\"https:\/\/www.blogsoestado.com\/danielmatos\/#website\"},\"primaryImageOfPage\":{\"@id\":\"https:\/\/www.blogsoestado.com\/danielmatos\/universidade-ceuma-recebe-mocao-de-felicitacoes-pelos-33-anos-de-atuacao-no-maranhao-e-uma-decada-em-imperatriz\/#primaryimage\"},\"image\":{\"@id\":\"https:\/\/www.blogsoestado.com\/danielmatos\/universidade-ceuma-recebe-mocao-de-felicitacoes-pelos-33-anos-de-atuacao-no-maranhao-e-uma-decada-em-imperatriz\/#primaryimage\"},\"thumbnailUrl\":\"https:\/\/www.blogsoestado.com\/danielmatos\/files\/2023\/03\/Screenshot_20230326-0924402.png\",\"datePublished\":\"2023-03-26T10:18:00+00:00\",\"author\":{\"@id\":\"\"},\"breadcrumb\":{\"@id\":\"https:\/\/www.blogsoestado.com\/danielmatos\/universidade-ceuma-recebe-mocao-de-felicitacoes-pelos-33-anos-de-atuacao-no-maranhao-e-uma-decada-em-imperatriz\/#breadcrumb\"},\"inLanguage\":\"pt-BR\",\"potentialAction\":[{\"@type\":\"ReadAction\",\"target\":[\"https:\/\/www.blogsoestado.com\/danielmatos\/universidade-ceuma-recebe-mocao-de-felicitacoes-pelos-33-anos-de-atuacao-no-maranhao-e-uma-decada-em-imperatriz\/\"]}]},{\"@type\":\"ImageObject\",\"inLanguage\":\"pt-BR\",\"@id\":\"https:\/\/www.blogsoestado.com\/danielmatos\/universidade-ceuma-recebe-mocao-de-felicitacoes-pelos-33-anos-de-atuacao-no-maranhao-e-uma-decada-em-imperatriz\/#primaryimage\",\"url\":\"https:\/\/www.blogsoestado.com\/danielmatos\/files\/2023\/03\/Screenshot_20230326-0924402.png\",\"contentUrl\":\"https:\/\/www.blogsoestado.com\/danielmatos\/files\/2023\/03\/Screenshot_20230326-0924402.png\"},{\"@type\":\"BreadcrumbList\",\"@id\":\"https:\/\/www.blogsoestado.com\/danielmatos\/universidade-ceuma-recebe-mocao-de-felicitacoes-pelos-33-anos-de-atuacao-no-maranhao-e-uma-decada-em-imperatriz\/#breadcrumb\",\"itemListElement\":[{\"@type\":\"ListItem\",\"position\":1,\"name\":\"In\u00edcio\",\"item\":\"https:\/\/www.blogsoestado.com\/danielmatos\/\"},{\"@type\":\"ListItem\",\"position\":2,\"name\":\"Universidade Ceuma recebe Mo\u00e7\u00e3o de Felicita\u00e7\u00f5es pelos 33 anos de atua\u00e7\u00e3o no Maranh\u00e3o e por uma d\u00e9cada em Imperatriz\"}]},{\"@type\":\"WebSite\",\"@id\":\"https:\/\/www.blogsoestado.com\/danielmatos\/#website\",\"url\":\"https:\/\/www.blogsoestado.com\/danielmatos\/\",\"name\":\"Daniel Matos\",\"description\":\"\",\"potentialAction\":[{\"@type\":\"SearchAction\",\"target\":{\"@type\":\"EntryPoint\",\"urlTemplate\":\"https:\/\/www.blogsoestado.com\/danielmatos\/?s={search_term_string}\"},\"query-input\":{\"@type\":\"PropertyValueSpecification\",\"valueRequired\":true,\"valueName\":\"search_term_string\"}}],\"inLanguage\":\"pt-BR\"}]}<\/script>\n<!-- \/ Yoast SEO plugin. -->","yoast_head_json":{"title":"Universidade Ceuma recebe Mo\u00e7\u00e3o de Felicita\u00e7\u00f5es pelos 33 anos de atua\u00e7\u00e3o no Maranh\u00e3o e por uma d\u00e9cada em Imperatriz - Daniel Matos","robots":{"index":"index","follow":"follow","max-snippet":"max-snippet:-1","max-image-preview":"max-image-preview:large","max-video-preview":"max-video-preview:-1"},"canonical":"https:\/\/www.blogsoestado.com\/danielmatos\/universidade-ceuma-recebe-mocao-de-felicitacoes-pelos-33-anos-de-atuacao-no-maranhao-e-uma-decada-em-imperatriz\/","og_locale":"pt_BR","og_type":"article","og_title":"Universidade Ceuma recebe Mo\u00e7\u00e3o de Felicita\u00e7\u00f5es pelos 33 anos de atua\u00e7\u00e3o no Maranh\u00e3o e por uma d\u00e9cada em Imperatriz - Daniel Matos","og_description":"IMPERATRIZ \u2013 A Universidade Ceuma, Campus Imperatriz, recebeu, na manh\u00e3 da \u00faltima quinta-feira (23), a Mo\u00e7\u00e3o de Felicita\u00e7\u00f5es em comemora\u00e7\u00e3o [&hellip;]","og_url":"https:\/\/www.blogsoestado.com\/danielmatos\/universidade-ceuma-recebe-mocao-de-felicitacoes-pelos-33-anos-de-atuacao-no-maranhao-e-uma-decada-em-imperatriz\/","og_site_name":"Daniel Matos","article_published_time":"2023-03-26T10:18:00+00:00","og_image":[{"url":"https:\/\/www.blogsoestado.com\/danielmatos\/files\/2023\/03\/Screenshot_20230326-0924402.png","type":"","width":"","height":""}],"twitter_card":"summary_large_image","twitter_misc":{"Est. tempo de leitura":"5 minutos"},"schema":{"@context":"https:\/\/schema.org","@graph":[{"@type":"WebPage","@id":"https:\/\/www.blogsoestado.com\/danielmatos\/universidade-ceuma-recebe-mocao-de-felicitacoes-pelos-33-anos-de-atuacao-no-maranhao-e-uma-decada-em-imperatriz\/","url":"https:\/\/www.blogsoestado.com\/danielmatos\/universidade-ceuma-recebe-mocao-de-felicitacoes-pelos-33-anos-de-atuacao-no-maranhao-e-uma-decada-em-imperatriz\/","name":"Universidade Ceuma recebe Mo\u00e7\u00e3o de Felicita\u00e7\u00f5es pelos 33 anos de atua\u00e7\u00e3o no Maranh\u00e3o e por uma d\u00e9cada em Imperatriz - Daniel Matos","isPartOf":{"@id":"https:\/\/www.blogsoestado.com\/danielmatos\/#website"},"primaryImageOfPage":{"@id":"https:\/\/www.blogsoestado.com\/danielmatos\/universidade-ceuma-recebe-mocao-de-felicitacoes-pelos-33-anos-de-atuacao-no-maranhao-e-uma-decada-em-imperatriz\/#primaryimage"},"image":{"@id":"https:\/\/www.blogsoestado.com\/danielmatos\/universidade-ceuma-recebe-mocao-de-felicitacoes-pelos-33-anos-de-atuacao-no-maranhao-e-uma-decada-em-imperatriz\/#primaryimage"},"thumbnailUrl":"https:\/\/www.blogsoestado.com\/danielmatos\/files\/2023\/03\/Screenshot_20230326-0924402.png","datePublished":"2023-03-26T10:18:00+00:00","author":{"@id":""},"breadcrumb":{"@id":"https:\/\/www.blogsoestado.com\/danielmatos\/universidade-ceuma-recebe-mocao-de-felicitacoes-pelos-33-anos-de-atuacao-no-maranhao-e-uma-decada-em-imperatriz\/#breadcrumb"},"inLanguage":"pt-BR","potentialAction":[{"@type":"ReadAction","target":["https:\/\/www.blogsoestado.com\/danielmatos\/universidade-ceuma-recebe-mocao-de-felicitacoes-pelos-33-anos-de-atuacao-no-maranhao-e-uma-decada-em-imperatriz\/"]}]},{"@type":"ImageObject","inLanguage":"pt-BR","@id":"https:\/\/www.blogsoestado.com\/danielmatos\/universidade-ceuma-recebe-mocao-de-felicitacoes-pelos-33-anos-de-atuacao-no-maranhao-e-uma-decada-em-imperatriz\/#primaryimage","url":"https:\/\/www.blogsoestado.com\/danielmatos\/files\/2023\/03\/Screenshot_20230326-0924402.png","contentUrl":"https:\/\/www.blogsoestado.com\/danielmatos\/files\/2023\/03\/Screenshot_20230326-0924402.png"},{"@type":"BreadcrumbList","@id":"https:\/\/www.blogsoestado.com\/danielmatos\/universidade-ceuma-recebe-mocao-de-felicitacoes-pelos-33-anos-de-atuacao-no-maranhao-e-uma-decada-em-imperatriz\/#breadcrumb","itemListElement":[{"@type":"ListItem","position":1,"name":"In\u00edcio","item":"https:\/\/www.blogsoestado.com\/danielmatos\/"},{"@type":"ListItem","position":2,"name":"Universidade Ceuma recebe Mo\u00e7\u00e3o de Felicita\u00e7\u00f5es pelos 33 anos de atua\u00e7\u00e3o no Maranh\u00e3o e por uma d\u00e9cada em Imperatriz"}]},{"@type":"WebSite","@id":"https:\/\/www.blogsoestado.com\/danielmatos\/#website","url":"https:\/\/www.blogsoestado.com\/danielmatos\/","name":"Daniel Matos","description":"","potentialAction":[{"@type":"SearchAction","target":{"@type":"EntryPoint","urlTemplate":"https:\/\/www.blogsoestado.com\/danielmatos\/?s={search_term_string}"},"query-input":{"@type":"PropertyValueSpecification","valueRequired":true,"valueName":"search_term_string"}}],"inLanguage":"pt-BR"}]}},"jetpack_featured_media_url":"","_links":{"self":[{"href":"https:\/\/www.blogsoestado.com\/danielmatos\/wp-json\/wp\/v2\/posts\/107556","targetHints":{"allow":["GET"]}}],"collection":[{"href":"https:\/\/www.blogsoestado.com\/danielmatos\/wp-json\/wp\/v2\/posts"}],"about":[{"href":"https:\/\/www.blogsoestado.com\/danielmatos\/wp-json\/wp\/v2\/types\/post"}],"replies":[{"embeddable":true,"href":"https:\/\/www.blogsoestado.com\/danielmatos\/wp-json\/wp\/v2\/comments?post=107556"}],"version-history":[{"count":0,"href":"https:\/\/www.blogsoestado.com\/danielmatos\/wp-json\/wp\/v2\/posts\/107556\/revisions"}],"wp:attachment":[{"href":"https:\/\/www.blogsoestado.com\/danielmatos\/wp-json\/wp\/v2\/media?parent=107556"}],"wp:term":[{"taxonomy":"category","embeddable":true,"href":"https:\/\/www.blogsoestado.com\/danielmatos\/wp-json\/wp\/v2\/categories?post=107556"},{"taxonomy":"post_tag","embeddable":true,"href":"https:\/\/www.blogsoestado.com\/danielmatos\/wp-json\/wp\/v2\/tags?post=107556"}],"curies":[{"name":"wp","href":"https:\/\/api.w.org\/{rel}","templated":true}]}}