{"id":107599,"date":"2023-03-27T08:00:00","date_gmt":"2023-03-27T11:00:00","guid":{"rendered":"https:\/\/www.blogsoestado.com\/danielmatos\/?p=107599"},"modified":"2023-03-27T08:00:00","modified_gmt":"2023-03-27T11:00:00","slug":"prefeitura-de-sao-luis-institui-nova-composicao-do-conselho-municipal-de-politicas-sobre-drogas-de-sao-luis","status":"publish","type":"post","link":"https:\/\/www.blogsoestado.com\/danielmatos\/prefeitura-de-sao-luis-institui-nova-composicao-do-conselho-municipal-de-politicas-sobre-drogas-de-sao-luis\/","title":{"rendered":"Prefeitura de S\u00e3o Lu\u00eds institui nova composi\u00e7\u00e3o do Conselho Municipal de Pol\u00edticas sobre Drogas de S\u00e3o Lu\u00eds"},"content":{"rendered":"\n<div class=\"wp-block-image\"><figure class=\"aligncenter size-large\"><a href=\"https:\/\/www.blogsoestado.com\/danielmatos\/files\/2023\/03\/Screenshot_20230327-0315112.png\"><img decoding=\"async\" src=\"https:\/\/www.blogsoestado.com\/danielmatos\/files\/2023\/03\/Screenshot_20230327-0315112.png\" alt=\"\" class=\"wp-image-107602\"\/><\/a><figcaption>Erisson Alan Sousa Lindoso.foi nomeado membro titular do CONPOD\/SL pelo Instituto Soldado Fernandes \u201cPantera\u201d<\/figcaption><\/figure><\/div>\n\n\n\n<p>O prefeito de S\u00e3o Lu\u00eds, Eduardo Braide, abre mais uma frente de atividade em pol\u00edticas p\u00fablicas no munic\u00edpio desta vez publicando no Di\u00e1rio Oficial (de 7 mar\u00e7o) o Decreto N\u00ba 59.009 de 15 de fevereiro de 2023, que &#8220;Institui nova composi\u00e7\u00e3o do Conselho Municipal de Pol\u00edticas sobre Drogas de S\u00e3o Lu\u00eds \u2013 COMPOD\/SL, para o bi\u00eanio 2023-2025, e d\u00e1 outras provid\u00eancias&#8221;.<\/p>\n\n\n\n<p>O COMPOD foi restaurado por meio da LEI N\u00b0 6.891 DE 26 DE MAIO DE 2021, resultante do Projeto de Lei n\u00b0 275\/2019, de autoria do Vereador Raimundo Penha, aprovado pela C\u00e2mara Municipal de S\u00e3o<br \/>Lu\u00eds.<\/p>\n\n\n\n<p>Conforme a LEI, O Conselho Municipal de Pol\u00edticas sobre Drogas \u00e9 um \u00f3rg\u00e3o colegiado, deliberativo, normativo, parit\u00e1rio, permanente, consultivo e tem por finalidade cooperar e auxiliar, no \u00e2mbito do Munic\u00edpio de S\u00e3o Lu\u00eds, nas atividades de preven\u00e7\u00e3o, fiscaliza\u00e7\u00e3o e controle ao tr\u00e1fico e ao uso\/abuso de subst\u00e2ncias psicoativas, ou que determinam depend\u00eancia f\u00edsica ou ps\u00edquica, atrav\u00e9s de elabora\u00e7\u00e3o de pesquisas e diagn\u00f3sticos, propostas de interven\u00e7\u00e3o, orienta\u00e7\u00e3o normativa, monitoramento das a\u00e7\u00f5es e avalia\u00e7\u00f5es constantes de vari\u00e1veis e indicadores dessas quest\u00f5es.<\/p>\n\n\n\n<p>O controle social significa a participa\u00e7\u00e3o ativa da sociedade junto aos \u00f3rg\u00e3os governamentais por meio de suas entidades representativas, tornando-se um aparelho necess\u00e1rio e indispens\u00e1vel para que os direitos do indiv\u00edduo sejam respeitados.<\/p>\n\n\n\n<p>Procurado por nossa equipe, o presidente do Conselho Estadual de Pol\u00edticas P\u00fablicas Sobre Drogas (CEPD), Erisson Lindoso, informou que a institui\u00e7\u00e3o da nova composi\u00e7\u00e3o do Compod \u00e9 uma vit\u00f3ria na pol\u00edtica p\u00fablica no Estado: &#8220;Sem d\u00favida, \u00e9 motivo de alegria saber que o prefeito Eduardo Braide cumpre com sua palavra e compromisso de dar avan\u00e7o \u00e0s pol\u00edticas sobre Drogas na capital, primeiro porque munic\u00edpio precisa de um plano de a\u00e7\u00e3o que atue nos diversos eixos desta pol\u00edtica pol\u00edtica p\u00fablica e em segundo porque a capital \u00e9 refer\u00eancia para outras cidades no Estado&#8221;, disse Erisson, que tamb\u00e9m integra a nova composi\u00e7\u00e3o e declarou estar \u00e0 disposi\u00e7\u00e3o para auxiliar em n\u00edvel estadual: &#8220;O CEPD foi comunicado sobre a situa\u00e7\u00e3o em que se encontrava o COMPOD e provocou por meio de of\u00edcio a prefeitura, se reunir com o secret\u00e1rio M\u00e1rcio Andrade e o t\u00e9cnico da prefeitura, Ciro Nolasco, que prontamente se mobilizaram na articula\u00e7\u00e3o das necessidades para a instala\u00e7\u00e3o do decreto. Agora vamos nos unir \u00e0 prefeitura para a cerim\u00f4nia de posse do COMPOD de fortalecer as Pol\u00edtica P\u00fablicas com vistas \u00e0 implementa\u00e7\u00e3o do plano&#8221;, finalizou Lindoso.<\/p>\n\n\n\n<p>O Conselho Municipal n\u00e3o \u00e9 apenas um \u00f3rg\u00e3o fiscalizador mas, sim um instrumento de poder de l decis\u00e3o da popula\u00e7\u00e3o nas quest\u00f5es p\u00fablicas. O controle social justifica-se na quest\u00e3o das drogas, por ser um bem p\u00fablico que n\u00e3o pode ter suas a\u00e7\u00f5es decididas unilateralmente.<\/p>\n\n\n\n<p>O prefeito Eduardo Braide possui exemplar atua\u00e7\u00e3o na \u00e1rea, tendo sido criador da Lei que criou os Conselhos Escolares sobre Drogas no Estado, enquanto esteve como deputado estadual.<\/p>\n\n\n\n<p>Conhe\u00e7a os novos membros do COMPOD\/SL:<\/p>\n\n\n\n<p><strong>SOCIEDADE CIVIL (eleita por meio do F\u00f3rum Municipal de Pol\u00edticas Sobre Drogas)<\/strong><\/p>\n\n\n\n<p>Pelo Instituto Soldado Fernandes \u201cPantera\u201d:<br \/>a. Erisson Alan Sousa Lindoso, como membro titular;<br \/>b. Tatiane de Oliveira Fernandes, como membro suplente.<\/p>\n\n\n\n<p>Pelo Instituto Beneficente M\u00e3os Estendidas:<br \/>a. Marcos Jos\u00e9 Fran\u00e7a de Jesus, como membro titular;<br \/>b. Josu\u00e9 Paulino Silva, como membro suplente.<\/p>\n\n\n\n<p>Pela Comunidade Terap\u00eautica do Maranh\u00e3o \u2013 CTM:<br \/>a. Rosaniria Cutrim Campos, como membro titular;<br \/>b. Raimunda Alves da Cruz, como membro suplente.<\/p>\n\n\n\n<p>Pela Funda\u00e7\u00e3o Evang\u00e9lica Maranata:<br \/>a. Edmilson de Moraes Juli\u00e3o Neto, como membro titular;<br \/>b. Dennison da Silva Santos, como membro suplente.<\/p>\n\n\n\n<p>Pela Igreja Batista Videira Verdadeira:<br \/>a. Wena Raniele Campos Nogueira, como membro titular;<br \/>b. Anderson Sacramento Duarte, como membro suplente.<\/p>\n\n\n\n<p>Pelo Instituto Social Beneficente Eben\u00e9zer \u2013 ISBE:<br \/>a. Jos\u00e9 Lima Filho, como membro titular;<br \/>b. Maria Madalena Santos Lima, como membro suplente.<\/p>\n\n\n\n<p>Pelo Instituto Vida e Sa\u00fade<br \/>a. Jos\u00e9 Guimar\u00e3es Neto, como membro titular;<br \/>b. Carlos Eduardo dos Santos Coelho, como membro suplente.<\/p>\n\n\n\n<p><strong>PODER P\u00daBLICO<\/strong><\/p>\n\n\n\n<p>I \u2013 Pela Secretaria Municipal de Governo \u2013 SEMGOV:<br \/>a. Tammy Rabelo Aroucha, como membro titular;<br \/>b. Kerlly Jane Amaral Dias, como membro suplente.<\/p>\n\n\n\n<p>II \u2013 Pela Secretaria Municipal de Seguran\u00e7a com Cidadania \u2013 SEMUSC:<br \/>a. Samara Raquel de Sousa Serra, como membro titular;<br \/>b. Carollyne de Cassya Santos Sampaio, como membro suplente.<\/p>\n\n\n\n<p>III \u2013 Pela Secretaria da Crian\u00e7a e Assist\u00eancia Social \u2013 SEMCAS:<br \/>a. Mayara Pinheiro Fortes, como membro titular;<br \/>b. Emanuela Leane dos Anjos, como membro suplente.<\/p>\n\n\n\n<p>IV \u2013 Pela Secretaria Municipal de Educa\u00e7\u00e3o \u2013 SEMED:<br \/>a. Maria de Jesus Spindola Silva, como membro titular;<br \/>b. Direne Andrade Silva Rodrigues, como membro suplente.<\/p>\n\n\n\n<p>V \u2013 Pela Secretaria Municipal de Sa\u00fade \u2013 SEMUS:<br \/>a. Anize Angela da Silva, como membro titular;<br \/>b. Jos\u00e9 Augusto Gomide Mochel, como membro suplente.<\/p>\n","protected":false},"excerpt":{"rendered":"<p>O prefeito de S\u00e3o Lu\u00eds, Eduardo Braide, abre mais uma frente de atividade em pol\u00edticas p\u00fablicas no munic\u00edpio desta vez [&hellip;]<\/p>\n","protected":false},"author":0,"featured_media":0,"comment_status":"open","ping_status":"open","sticky":false,"template":"","format":"standard","meta":{"site-sidebar-layout":"default","site-content-layout":"","ast-site-content-layout":"default","site-content-style":"default","site-sidebar-style":"default","ast-global-header-display":"","ast-banner-title-visibility":"","ast-main-header-display":"","ast-hfb-above-header-display":"","ast-hfb-below-header-display":"","ast-hfb-mobile-header-display":"","site-post-title":"","ast-breadcrumbs-content":"","ast-featured-img":"","footer-sml-layout":"","ast-disable-related-posts":"","theme-transparent-header-meta":"","adv-header-id-meta":"","stick-header-meta":"","header-above-stick-meta":"","header-main-stick-meta":"","header-below-stick-meta":"","astra-migrate-meta-layouts":"default","ast-page-background-enabled":"default","ast-page-background-meta":{"desktop":{"background-color":"var(--ast-global-color-5)","background-image":"","background-repeat":"repeat","background-position":"center center","background-size":"auto","background-attachment":"scroll","background-type":"","background-media":"","overlay-type":"","overlay-color":"","overlay-opacity":"","overlay-gradient":""},"tablet":{"background-color":"","background-image":"","background-repeat":"repeat","background-position":"center center","background-size":"auto","background-attachment":"scroll","background-type":"","background-media":"","overlay-type":"","overlay-color":"","overlay-opacity":"","overlay-gradient":""},"mobile":{"background-color":"","background-image":"","background-repeat":"repeat","background-position":"center center","background-size":"auto","background-attachment":"scroll","background-type":"","background-media":"","overlay-type":"","overlay-color":"","overlay-opacity":"","overlay-gradient":""}},"ast-content-background-meta":{"desktop":{"background-color":"var(--ast-global-color-4)","background-image":"","background-repeat":"repeat","background-position":"center center","background-size":"auto","background-attachment":"scroll","background-type":"","background-media":"","overlay-type":"","overlay-color":"","overlay-opacity":"","overlay-gradient":""},"tablet":{"background-color":"var(--ast-global-color-4)","background-image":"","background-repeat":"repeat","background-position":"center center","background-size":"auto","background-attachment":"scroll","background-type":"","background-media":"","overlay-type":"","overlay-color":"","overlay-opacity":"","overlay-gradient":""},"mobile":{"background-color":"var(--ast-global-color-4)","background-image":"","background-repeat":"repeat","background-position":"center center","background-size":"auto","background-attachment":"scroll","background-type":"","background-media":"","overlay-type":"","overlay-color":"","overlay-opacity":"","overlay-gradient":""}},"footnotes":""},"categories":[1],"tags":[],"class_list":["post-107599","post","type-post","status-publish","format-standard","hentry","category-sem-categoria"],"yoast_head":"<!-- This site is optimized with the Yoast SEO plugin v26.6 - https:\/\/yoast.com\/wordpress\/plugins\/seo\/ -->\n<title>Prefeitura de S\u00e3o Lu\u00eds institui nova composi\u00e7\u00e3o do Conselho Municipal de Pol\u00edticas sobre Drogas de S\u00e3o Lu\u00eds - Daniel Matos<\/title>\n<meta name=\"robots\" content=\"index, follow, max-snippet:-1, max-image-preview:large, max-video-preview:-1\" \/>\n<link rel=\"canonical\" href=\"https:\/\/www.blogsoestado.com\/danielmatos\/prefeitura-de-sao-luis-institui-nova-composicao-do-conselho-municipal-de-politicas-sobre-drogas-de-sao-luis\/\" \/>\n<meta property=\"og:locale\" content=\"pt_BR\" \/>\n<meta property=\"og:type\" content=\"article\" \/>\n<meta property=\"og:title\" content=\"Prefeitura de S\u00e3o Lu\u00eds institui nova composi\u00e7\u00e3o do Conselho Municipal de Pol\u00edticas sobre Drogas de S\u00e3o Lu\u00eds - Daniel Matos\" \/>\n<meta property=\"og:description\" content=\"O prefeito de S\u00e3o Lu\u00eds, Eduardo Braide, abre mais uma frente de atividade em pol\u00edticas p\u00fablicas no munic\u00edpio desta vez [&hellip;]\" \/>\n<meta property=\"og:url\" content=\"https:\/\/www.blogsoestado.com\/danielmatos\/prefeitura-de-sao-luis-institui-nova-composicao-do-conselho-municipal-de-politicas-sobre-drogas-de-sao-luis\/\" \/>\n<meta property=\"og:site_name\" content=\"Daniel Matos\" \/>\n<meta property=\"article:published_time\" content=\"2023-03-27T11:00:00+00:00\" \/>\n<meta property=\"og:image\" content=\"https:\/\/www.blogsoestado.com\/danielmatos\/files\/2023\/03\/Screenshot_20230327-0315112.png\" \/>\n<meta name=\"twitter:card\" content=\"summary_large_image\" \/>\n<meta name=\"twitter:label1\" content=\"Est. tempo de leitura\" \/>\n\t<meta name=\"twitter:data1\" content=\"4 minutos\" \/>\n<script type=\"application\/ld+json\" class=\"yoast-schema-graph\">{\"@context\":\"https:\/\/schema.org\",\"@graph\":[{\"@type\":\"WebPage\",\"@id\":\"https:\/\/www.blogsoestado.com\/danielmatos\/prefeitura-de-sao-luis-institui-nova-composicao-do-conselho-municipal-de-politicas-sobre-drogas-de-sao-luis\/\",\"url\":\"https:\/\/www.blogsoestado.com\/danielmatos\/prefeitura-de-sao-luis-institui-nova-composicao-do-conselho-municipal-de-politicas-sobre-drogas-de-sao-luis\/\",\"name\":\"Prefeitura de S\u00e3o Lu\u00eds institui nova composi\u00e7\u00e3o do Conselho Municipal de Pol\u00edticas sobre Drogas de S\u00e3o Lu\u00eds - Daniel Matos\",\"isPartOf\":{\"@id\":\"https:\/\/www.blogsoestado.com\/danielmatos\/#website\"},\"primaryImageOfPage\":{\"@id\":\"https:\/\/www.blogsoestado.com\/danielmatos\/prefeitura-de-sao-luis-institui-nova-composicao-do-conselho-municipal-de-politicas-sobre-drogas-de-sao-luis\/#primaryimage\"},\"image\":{\"@id\":\"https:\/\/www.blogsoestado.com\/danielmatos\/prefeitura-de-sao-luis-institui-nova-composicao-do-conselho-municipal-de-politicas-sobre-drogas-de-sao-luis\/#primaryimage\"},\"thumbnailUrl\":\"https:\/\/www.blogsoestado.com\/danielmatos\/files\/2023\/03\/Screenshot_20230327-0315112.png\",\"datePublished\":\"2023-03-27T11:00:00+00:00\",\"author\":{\"@id\":\"\"},\"breadcrumb\":{\"@id\":\"https:\/\/www.blogsoestado.com\/danielmatos\/prefeitura-de-sao-luis-institui-nova-composicao-do-conselho-municipal-de-politicas-sobre-drogas-de-sao-luis\/#breadcrumb\"},\"inLanguage\":\"pt-BR\",\"potentialAction\":[{\"@type\":\"ReadAction\",\"target\":[\"https:\/\/www.blogsoestado.com\/danielmatos\/prefeitura-de-sao-luis-institui-nova-composicao-do-conselho-municipal-de-politicas-sobre-drogas-de-sao-luis\/\"]}]},{\"@type\":\"ImageObject\",\"inLanguage\":\"pt-BR\",\"@id\":\"https:\/\/www.blogsoestado.com\/danielmatos\/prefeitura-de-sao-luis-institui-nova-composicao-do-conselho-municipal-de-politicas-sobre-drogas-de-sao-luis\/#primaryimage\",\"url\":\"https:\/\/www.blogsoestado.com\/danielmatos\/files\/2023\/03\/Screenshot_20230327-0315112.png\",\"contentUrl\":\"https:\/\/www.blogsoestado.com\/danielmatos\/files\/2023\/03\/Screenshot_20230327-0315112.png\"},{\"@type\":\"BreadcrumbList\",\"@id\":\"https:\/\/www.blogsoestado.com\/danielmatos\/prefeitura-de-sao-luis-institui-nova-composicao-do-conselho-municipal-de-politicas-sobre-drogas-de-sao-luis\/#breadcrumb\",\"itemListElement\":[{\"@type\":\"ListItem\",\"position\":1,\"name\":\"In\u00edcio\",\"item\":\"https:\/\/www.blogsoestado.com\/danielmatos\/\"},{\"@type\":\"ListItem\",\"position\":2,\"name\":\"Prefeitura de S\u00e3o Lu\u00eds institui nova composi\u00e7\u00e3o do Conselho Municipal de Pol\u00edticas sobre Drogas de S\u00e3o Lu\u00eds\"}]},{\"@type\":\"WebSite\",\"@id\":\"https:\/\/www.blogsoestado.com\/danielmatos\/#website\",\"url\":\"https:\/\/www.blogsoestado.com\/danielmatos\/\",\"name\":\"Daniel Matos\",\"description\":\"\",\"potentialAction\":[{\"@type\":\"SearchAction\",\"target\":{\"@type\":\"EntryPoint\",\"urlTemplate\":\"https:\/\/www.blogsoestado.com\/danielmatos\/?s={search_term_string}\"},\"query-input\":{\"@type\":\"PropertyValueSpecification\",\"valueRequired\":true,\"valueName\":\"search_term_string\"}}],\"inLanguage\":\"pt-BR\"}]}<\/script>\n<!-- \/ Yoast SEO plugin. -->","yoast_head_json":{"title":"Prefeitura de S\u00e3o Lu\u00eds institui nova composi\u00e7\u00e3o do Conselho Municipal de Pol\u00edticas sobre Drogas de S\u00e3o Lu\u00eds - Daniel Matos","robots":{"index":"index","follow":"follow","max-snippet":"max-snippet:-1","max-image-preview":"max-image-preview:large","max-video-preview":"max-video-preview:-1"},"canonical":"https:\/\/www.blogsoestado.com\/danielmatos\/prefeitura-de-sao-luis-institui-nova-composicao-do-conselho-municipal-de-politicas-sobre-drogas-de-sao-luis\/","og_locale":"pt_BR","og_type":"article","og_title":"Prefeitura de S\u00e3o Lu\u00eds institui nova composi\u00e7\u00e3o do Conselho Municipal de Pol\u00edticas sobre Drogas de S\u00e3o Lu\u00eds - Daniel Matos","og_description":"O prefeito de S\u00e3o Lu\u00eds, Eduardo Braide, abre mais uma frente de atividade em pol\u00edticas p\u00fablicas no munic\u00edpio desta vez [&hellip;]","og_url":"https:\/\/www.blogsoestado.com\/danielmatos\/prefeitura-de-sao-luis-institui-nova-composicao-do-conselho-municipal-de-politicas-sobre-drogas-de-sao-luis\/","og_site_name":"Daniel Matos","article_published_time":"2023-03-27T11:00:00+00:00","og_image":[{"url":"https:\/\/www.blogsoestado.com\/danielmatos\/files\/2023\/03\/Screenshot_20230327-0315112.png","type":"","width":"","height":""}],"twitter_card":"summary_large_image","twitter_misc":{"Est. tempo de leitura":"4 minutos"},"schema":{"@context":"https:\/\/schema.org","@graph":[{"@type":"WebPage","@id":"https:\/\/www.blogsoestado.com\/danielmatos\/prefeitura-de-sao-luis-institui-nova-composicao-do-conselho-municipal-de-politicas-sobre-drogas-de-sao-luis\/","url":"https:\/\/www.blogsoestado.com\/danielmatos\/prefeitura-de-sao-luis-institui-nova-composicao-do-conselho-municipal-de-politicas-sobre-drogas-de-sao-luis\/","name":"Prefeitura de S\u00e3o Lu\u00eds institui nova composi\u00e7\u00e3o do Conselho Municipal de Pol\u00edticas sobre Drogas de S\u00e3o Lu\u00eds - Daniel Matos","isPartOf":{"@id":"https:\/\/www.blogsoestado.com\/danielmatos\/#website"},"primaryImageOfPage":{"@id":"https:\/\/www.blogsoestado.com\/danielmatos\/prefeitura-de-sao-luis-institui-nova-composicao-do-conselho-municipal-de-politicas-sobre-drogas-de-sao-luis\/#primaryimage"},"image":{"@id":"https:\/\/www.blogsoestado.com\/danielmatos\/prefeitura-de-sao-luis-institui-nova-composicao-do-conselho-municipal-de-politicas-sobre-drogas-de-sao-luis\/#primaryimage"},"thumbnailUrl":"https:\/\/www.blogsoestado.com\/danielmatos\/files\/2023\/03\/Screenshot_20230327-0315112.png","datePublished":"2023-03-27T11:00:00+00:00","author":{"@id":""},"breadcrumb":{"@id":"https:\/\/www.blogsoestado.com\/danielmatos\/prefeitura-de-sao-luis-institui-nova-composicao-do-conselho-municipal-de-politicas-sobre-drogas-de-sao-luis\/#breadcrumb"},"inLanguage":"pt-BR","potentialAction":[{"@type":"ReadAction","target":["https:\/\/www.blogsoestado.com\/danielmatos\/prefeitura-de-sao-luis-institui-nova-composicao-do-conselho-municipal-de-politicas-sobre-drogas-de-sao-luis\/"]}]},{"@type":"ImageObject","inLanguage":"pt-BR","@id":"https:\/\/www.blogsoestado.com\/danielmatos\/prefeitura-de-sao-luis-institui-nova-composicao-do-conselho-municipal-de-politicas-sobre-drogas-de-sao-luis\/#primaryimage","url":"https:\/\/www.blogsoestado.com\/danielmatos\/files\/2023\/03\/Screenshot_20230327-0315112.png","contentUrl":"https:\/\/www.blogsoestado.com\/danielmatos\/files\/2023\/03\/Screenshot_20230327-0315112.png"},{"@type":"BreadcrumbList","@id":"https:\/\/www.blogsoestado.com\/danielmatos\/prefeitura-de-sao-luis-institui-nova-composicao-do-conselho-municipal-de-politicas-sobre-drogas-de-sao-luis\/#breadcrumb","itemListElement":[{"@type":"ListItem","position":1,"name":"In\u00edcio","item":"https:\/\/www.blogsoestado.com\/danielmatos\/"},{"@type":"ListItem","position":2,"name":"Prefeitura de S\u00e3o Lu\u00eds institui nova composi\u00e7\u00e3o do Conselho Municipal de Pol\u00edticas sobre Drogas de S\u00e3o Lu\u00eds"}]},{"@type":"WebSite","@id":"https:\/\/www.blogsoestado.com\/danielmatos\/#website","url":"https:\/\/www.blogsoestado.com\/danielmatos\/","name":"Daniel Matos","description":"","potentialAction":[{"@type":"SearchAction","target":{"@type":"EntryPoint","urlTemplate":"https:\/\/www.blogsoestado.com\/danielmatos\/?s={search_term_string}"},"query-input":{"@type":"PropertyValueSpecification","valueRequired":true,"valueName":"search_term_string"}}],"inLanguage":"pt-BR"}]}},"jetpack_featured_media_url":"","_links":{"self":[{"href":"https:\/\/www.blogsoestado.com\/danielmatos\/wp-json\/wp\/v2\/posts\/107599","targetHints":{"allow":["GET"]}}],"collection":[{"href":"https:\/\/www.blogsoestado.com\/danielmatos\/wp-json\/wp\/v2\/posts"}],"about":[{"href":"https:\/\/www.blogsoestado.com\/danielmatos\/wp-json\/wp\/v2\/types\/post"}],"replies":[{"embeddable":true,"href":"https:\/\/www.blogsoestado.com\/danielmatos\/wp-json\/wp\/v2\/comments?post=107599"}],"version-history":[{"count":0,"href":"https:\/\/www.blogsoestado.com\/danielmatos\/wp-json\/wp\/v2\/posts\/107599\/revisions"}],"wp:attachment":[{"href":"https:\/\/www.blogsoestado.com\/danielmatos\/wp-json\/wp\/v2\/media?parent=107599"}],"wp:term":[{"taxonomy":"category","embeddable":true,"href":"https:\/\/www.blogsoestado.com\/danielmatos\/wp-json\/wp\/v2\/categories?post=107599"},{"taxonomy":"post_tag","embeddable":true,"href":"https:\/\/www.blogsoestado.com\/danielmatos\/wp-json\/wp\/v2\/tags?post=107599"}],"curies":[{"name":"wp","href":"https:\/\/api.w.org\/{rel}","templated":true}]}}