{"id":107609,"date":"2023-03-27T20:00:38","date_gmt":"2023-03-27T23:00:38","guid":{"rendered":"https:\/\/www.blogsoestado.com\/danielmatos\/?p=107609"},"modified":"2023-03-27T20:00:38","modified_gmt":"2023-03-27T23:00:38","slug":"inencontro-de-delegadas-de-policia-civil-do-maranhao-e-realizado-no-rio-poty-hotel-resort","status":"publish","type":"post","link":"https:\/\/www.blogsoestado.com\/danielmatos\/inencontro-de-delegadas-de-policia-civil-do-maranhao-e-realizado-no-rio-poty-hotel-resort\/","title":{"rendered":"I Encontro de Delegadas de Pol\u00edcia Civil do Maranh\u00e3o \u00e9 realizado no Rio Poty Hotel &#038; Resort"},"content":{"rendered":"\n<div class=\"wp-block-image\"><figure class=\"aligncenter size-large\"><a href=\"https:\/\/www.blogsoestado.com\/danielmatos\/files\/2023\/03\/Screenshot_20230327-1927413.png\"><img decoding=\"async\" src=\"https:\/\/www.blogsoestado.com\/danielmatos\/files\/2023\/03\/Screenshot_20230327-1927413.png\" alt=\"\" class=\"wp-image-107611\"\/><\/a><figcaption>Delegadas de Pol\u00edcia Civil do Maranh\u00e3o que participaram do encontro no Rio Poty Hotel `&amp; Resort<\/figcaption><\/figure><\/div>\n\n\n\n<p><strong>S\u00e3o Lu\u00eds&nbsp;<\/strong>\u2013 O I Encontro de Delegadas de Pol\u00edcia Civil do Maranh\u00e3o aconteceu na tarde de s\u00e1bado (25), no Rio Poty Hotel &amp; Resort (Ponta d\u2019Areia). O evento, realizada no Restaurante Tarrafas e promovido pela Associa\u00e7\u00e3o de Delegados de Pol\u00edcia Civil do Maranh\u00e3o (Adepol-MA), foi idealizado para proporcionar um momento de descontra\u00e7\u00e3o e alegria entre as delegadas, al\u00e9m de prestar homenagens e apoio \u00e0 for\u00e7a feminina dentro da institui\u00e7\u00e3o.<\/p>\n\n\n\n<p>Pelo menos 48 associadas participaram da celebra\u00e7\u00e3o, que ainda contou com a presen\u00e7a de autoridades, como a deputada estadual Abigail Cunha, secret\u00e1ria de Estado da Mulher, e o coronel Silvio Leite, secret\u00e1rio de Estado da Seguran\u00e7a P\u00fablica do Maranh\u00e3o. No encontro, houve sorteio de brindes e palestra proferida pela delegada Ana Karla Silvestre sobre bem-estar e estilo.<\/p>\n\n\n\n<p>Para Ana Karla, o tema \u00e9 importante porque traduz uma necessidade inerente a todas as pessoas. \u201cFalar sobre a imagem traz uma perspectiva de voc\u00ea transmitir mensagens mais adequadas aos projetos e objetivos que voc\u00ea tem e assim alcan\u00e7\u00e1-los da melhor forma\u201d, explicou.<\/p>\n\n\n\n<p>Quando questionada sobre a import\u00e2ncia da ocasi\u00e3o, Ana Karla afirmou que v\u00ea com bons olhos todos os recentes esfor\u00e7os feitos pela Adepol em prol das mulheres. \u201cHoje, n\u00e3o \u00e9 s\u00f3 uma homenagem pelo m\u00eas das mulheres, mas um momento de fortalecimento e integra\u00e7\u00e3o. N\u00f3s, mulheres, precisamos estar cada vez mais unidas, mais fortes e corajosas, porque s\u00f3 assim vamos avan\u00e7ar nas nossas lutas, juntas\u201d.<\/p>\n\n\n\n<div class=\"wp-block-image\"><figure class=\"aligncenter size-large\"><a href=\"https:\/\/www.blogsoestado.com\/danielmatos\/files\/2023\/03\/Screenshot_20230327-1928063.png\"><img decoding=\"async\" src=\"https:\/\/www.blogsoestado.com\/danielmatos\/files\/2023\/03\/Screenshot_20230327-1928063.png\" alt=\"\" class=\"wp-image-107613\"\/><\/a><figcaption>O gerente do Rio Poty Hotel &amp; Resort, Armando Ferreira, recepcionou os participantes do I Encontro de Delegadas de Pol\u00edcia Civil do Maranh\u00e3o<\/figcaption><\/figure><\/div>\n\n\n\n<p>O mesmo sentimento foi compartilhado pela delegada Ana Cl\u00e1udia Rosa. Ao longo de seus 17 anos de Pol\u00edcia Civil, ela disse que percebe a exist\u00eancia de um novo olhar no que se refere ao cuidado \u00e0s mulheres dentro da institui\u00e7\u00e3o \u201cMe sinto acolhida, respeitada e homenageada. Hoje \u00e9 uma oportunidade que temos para encontrar as colegas, pois, ao longo do ano, nem sempre conseguimos\u201d, afirmou.<\/p>\n\n\n\n<p>Para o presidente da Adepol, M\u00e1rcio Dominici, o evento foi marcado pela alegria das convidadas. \u201c\u00c9 um momento de reafirma\u00e7\u00e3o de toda a luta que se iniciou l\u00e1 atr\u00e1s e cujo objetivo \u00e9 estabelecer de forma efetiva a igualdade de g\u00eanero em todos os n\u00edveis da sociedade. A n\u00edvel institucional, acredito que seja o caminho mais eficaz para que isso se reverbere l\u00e1 fora\u201d, comentou.<\/p>\n\n\n\n<p>Al\u00e9m do Encontro, outra a\u00e7\u00e3o realizada pela Adepol no fortalecimento das mulheres ocorreu na \u00faltima sexta-feira (24), quando a entidade promoveu uma reuni\u00e3o para discutir a cria\u00e7\u00e3o da Comiss\u00e3o de Defesa dos Direitos das Delegadas de Pol\u00edcia.<\/p>\n","protected":false},"excerpt":{"rendered":"<p>S\u00e3o Lu\u00eds&nbsp;\u2013 O I Encontro de Delegadas de Pol\u00edcia Civil do Maranh\u00e3o aconteceu na tarde de s\u00e1bado (25), no Rio [&hellip;]<\/p>\n","protected":false},"author":0,"featured_media":0,"comment_status":"open","ping_status":"open","sticky":false,"template":"","format":"standard","meta":{"site-sidebar-layout":"default","site-content-layout":"","ast-site-content-layout":"default","site-content-style":"default","site-sidebar-style":"default","ast-global-header-display":"","ast-banner-title-visibility":"","ast-main-header-display":"","ast-hfb-above-header-display":"","ast-hfb-below-header-display":"","ast-hfb-mobile-header-display":"","site-post-title":"","ast-breadcrumbs-content":"","ast-featured-img":"","footer-sml-layout":"","ast-disable-related-posts":"","theme-transparent-header-meta":"","adv-header-id-meta":"","stick-header-meta":"","header-above-stick-meta":"","header-main-stick-meta":"","header-below-stick-meta":"","astra-migrate-meta-layouts":"default","ast-page-background-enabled":"default","ast-page-background-meta":{"desktop":{"background-color":"var(--ast-global-color-5)","background-image":"","background-repeat":"repeat","background-position":"center center","background-size":"auto","background-attachment":"scroll","background-type":"","background-media":"","overlay-type":"","overlay-color":"","overlay-opacity":"","overlay-gradient":""},"tablet":{"background-color":"","background-image":"","background-repeat":"repeat","background-position":"center center","background-size":"auto","background-attachment":"scroll","background-type":"","background-media":"","overlay-type":"","overlay-color":"","overlay-opacity":"","overlay-gradient":""},"mobile":{"background-color":"","background-image":"","background-repeat":"repeat","background-position":"center center","background-size":"auto","background-attachment":"scroll","background-type":"","background-media":"","overlay-type":"","overlay-color":"","overlay-opacity":"","overlay-gradient":""}},"ast-content-background-meta":{"desktop":{"background-color":"var(--ast-global-color-4)","background-image":"","background-repeat":"repeat","background-position":"center center","background-size":"auto","background-attachment":"scroll","background-type":"","background-media":"","overlay-type":"","overlay-color":"","overlay-opacity":"","overlay-gradient":""},"tablet":{"background-color":"var(--ast-global-color-4)","background-image":"","background-repeat":"repeat","background-position":"center center","background-size":"auto","background-attachment":"scroll","background-type":"","background-media":"","overlay-type":"","overlay-color":"","overlay-opacity":"","overlay-gradient":""},"mobile":{"background-color":"var(--ast-global-color-4)","background-image":"","background-repeat":"repeat","background-position":"center center","background-size":"auto","background-attachment":"scroll","background-type":"","background-media":"","overlay-type":"","overlay-color":"","overlay-opacity":"","overlay-gradient":""}},"footnotes":""},"categories":[1],"tags":[],"class_list":["post-107609","post","type-post","status-publish","format-standard","hentry","category-sem-categoria"],"yoast_head":"<!-- This site is optimized with the Yoast SEO plugin v26.6 - https:\/\/yoast.com\/wordpress\/plugins\/seo\/ -->\n<title>I Encontro de Delegadas de Pol\u00edcia Civil do Maranh\u00e3o \u00e9 realizado no Rio Poty Hotel &amp; Resort - Daniel Matos<\/title>\n<meta name=\"robots\" content=\"index, follow, max-snippet:-1, max-image-preview:large, max-video-preview:-1\" \/>\n<link rel=\"canonical\" href=\"https:\/\/www.blogsoestado.com\/danielmatos\/inencontro-de-delegadas-de-policia-civil-do-maranhao-e-realizado-no-rio-poty-hotel-resort\/\" \/>\n<meta property=\"og:locale\" content=\"pt_BR\" \/>\n<meta property=\"og:type\" content=\"article\" \/>\n<meta property=\"og:title\" content=\"I Encontro de Delegadas de Pol\u00edcia Civil do Maranh\u00e3o \u00e9 realizado no Rio Poty Hotel &amp; Resort - Daniel Matos\" \/>\n<meta property=\"og:description\" content=\"S\u00e3o Lu\u00eds&nbsp;\u2013 O I Encontro de Delegadas de Pol\u00edcia Civil do Maranh\u00e3o aconteceu na tarde de s\u00e1bado (25), no Rio [&hellip;]\" \/>\n<meta property=\"og:url\" content=\"https:\/\/www.blogsoestado.com\/danielmatos\/inencontro-de-delegadas-de-policia-civil-do-maranhao-e-realizado-no-rio-poty-hotel-resort\/\" \/>\n<meta property=\"og:site_name\" content=\"Daniel Matos\" \/>\n<meta property=\"article:published_time\" content=\"2023-03-27T23:00:38+00:00\" \/>\n<meta property=\"og:image\" content=\"https:\/\/www.blogsoestado.com\/danielmatos\/files\/2023\/03\/Screenshot_20230327-1927413.png\" \/>\n<meta name=\"twitter:card\" content=\"summary_large_image\" \/>\n<meta name=\"twitter:label1\" content=\"Est. tempo de leitura\" \/>\n\t<meta name=\"twitter:data1\" content=\"3 minutos\" \/>\n<script type=\"application\/ld+json\" class=\"yoast-schema-graph\">{\"@context\":\"https:\/\/schema.org\",\"@graph\":[{\"@type\":\"WebPage\",\"@id\":\"https:\/\/www.blogsoestado.com\/danielmatos\/inencontro-de-delegadas-de-policia-civil-do-maranhao-e-realizado-no-rio-poty-hotel-resort\/\",\"url\":\"https:\/\/www.blogsoestado.com\/danielmatos\/inencontro-de-delegadas-de-policia-civil-do-maranhao-e-realizado-no-rio-poty-hotel-resort\/\",\"name\":\"I Encontro de Delegadas de Pol\u00edcia Civil do Maranh\u00e3o \u00e9 realizado no Rio Poty Hotel & Resort - Daniel Matos\",\"isPartOf\":{\"@id\":\"https:\/\/www.blogsoestado.com\/danielmatos\/#website\"},\"primaryImageOfPage\":{\"@id\":\"https:\/\/www.blogsoestado.com\/danielmatos\/inencontro-de-delegadas-de-policia-civil-do-maranhao-e-realizado-no-rio-poty-hotel-resort\/#primaryimage\"},\"image\":{\"@id\":\"https:\/\/www.blogsoestado.com\/danielmatos\/inencontro-de-delegadas-de-policia-civil-do-maranhao-e-realizado-no-rio-poty-hotel-resort\/#primaryimage\"},\"thumbnailUrl\":\"https:\/\/www.blogsoestado.com\/danielmatos\/files\/2023\/03\/Screenshot_20230327-1927413.png\",\"datePublished\":\"2023-03-27T23:00:38+00:00\",\"author\":{\"@id\":\"\"},\"breadcrumb\":{\"@id\":\"https:\/\/www.blogsoestado.com\/danielmatos\/inencontro-de-delegadas-de-policia-civil-do-maranhao-e-realizado-no-rio-poty-hotel-resort\/#breadcrumb\"},\"inLanguage\":\"pt-BR\",\"potentialAction\":[{\"@type\":\"ReadAction\",\"target\":[\"https:\/\/www.blogsoestado.com\/danielmatos\/inencontro-de-delegadas-de-policia-civil-do-maranhao-e-realizado-no-rio-poty-hotel-resort\/\"]}]},{\"@type\":\"ImageObject\",\"inLanguage\":\"pt-BR\",\"@id\":\"https:\/\/www.blogsoestado.com\/danielmatos\/inencontro-de-delegadas-de-policia-civil-do-maranhao-e-realizado-no-rio-poty-hotel-resort\/#primaryimage\",\"url\":\"https:\/\/www.blogsoestado.com\/danielmatos\/files\/2023\/03\/Screenshot_20230327-1927413.png\",\"contentUrl\":\"https:\/\/www.blogsoestado.com\/danielmatos\/files\/2023\/03\/Screenshot_20230327-1927413.png\"},{\"@type\":\"BreadcrumbList\",\"@id\":\"https:\/\/www.blogsoestado.com\/danielmatos\/inencontro-de-delegadas-de-policia-civil-do-maranhao-e-realizado-no-rio-poty-hotel-resort\/#breadcrumb\",\"itemListElement\":[{\"@type\":\"ListItem\",\"position\":1,\"name\":\"In\u00edcio\",\"item\":\"https:\/\/www.blogsoestado.com\/danielmatos\/\"},{\"@type\":\"ListItem\",\"position\":2,\"name\":\"I Encontro de Delegadas de Pol\u00edcia Civil do Maranh\u00e3o \u00e9 realizado no Rio Poty Hotel &#038; Resort\"}]},{\"@type\":\"WebSite\",\"@id\":\"https:\/\/www.blogsoestado.com\/danielmatos\/#website\",\"url\":\"https:\/\/www.blogsoestado.com\/danielmatos\/\",\"name\":\"Daniel Matos\",\"description\":\"\",\"potentialAction\":[{\"@type\":\"SearchAction\",\"target\":{\"@type\":\"EntryPoint\",\"urlTemplate\":\"https:\/\/www.blogsoestado.com\/danielmatos\/?s={search_term_string}\"},\"query-input\":{\"@type\":\"PropertyValueSpecification\",\"valueRequired\":true,\"valueName\":\"search_term_string\"}}],\"inLanguage\":\"pt-BR\"}]}<\/script>\n<!-- \/ Yoast SEO plugin. -->","yoast_head_json":{"title":"I Encontro de Delegadas de Pol\u00edcia Civil do Maranh\u00e3o \u00e9 realizado no Rio Poty Hotel & Resort - Daniel Matos","robots":{"index":"index","follow":"follow","max-snippet":"max-snippet:-1","max-image-preview":"max-image-preview:large","max-video-preview":"max-video-preview:-1"},"canonical":"https:\/\/www.blogsoestado.com\/danielmatos\/inencontro-de-delegadas-de-policia-civil-do-maranhao-e-realizado-no-rio-poty-hotel-resort\/","og_locale":"pt_BR","og_type":"article","og_title":"I Encontro de Delegadas de Pol\u00edcia Civil do Maranh\u00e3o \u00e9 realizado no Rio Poty Hotel & Resort - Daniel Matos","og_description":"S\u00e3o Lu\u00eds&nbsp;\u2013 O I Encontro de Delegadas de Pol\u00edcia Civil do Maranh\u00e3o aconteceu na tarde de s\u00e1bado (25), no Rio [&hellip;]","og_url":"https:\/\/www.blogsoestado.com\/danielmatos\/inencontro-de-delegadas-de-policia-civil-do-maranhao-e-realizado-no-rio-poty-hotel-resort\/","og_site_name":"Daniel Matos","article_published_time":"2023-03-27T23:00:38+00:00","og_image":[{"url":"https:\/\/www.blogsoestado.com\/danielmatos\/files\/2023\/03\/Screenshot_20230327-1927413.png","type":"","width":"","height":""}],"twitter_card":"summary_large_image","twitter_misc":{"Est. tempo de leitura":"3 minutos"},"schema":{"@context":"https:\/\/schema.org","@graph":[{"@type":"WebPage","@id":"https:\/\/www.blogsoestado.com\/danielmatos\/inencontro-de-delegadas-de-policia-civil-do-maranhao-e-realizado-no-rio-poty-hotel-resort\/","url":"https:\/\/www.blogsoestado.com\/danielmatos\/inencontro-de-delegadas-de-policia-civil-do-maranhao-e-realizado-no-rio-poty-hotel-resort\/","name":"I Encontro de Delegadas de Pol\u00edcia Civil do Maranh\u00e3o \u00e9 realizado no Rio Poty Hotel & Resort - Daniel Matos","isPartOf":{"@id":"https:\/\/www.blogsoestado.com\/danielmatos\/#website"},"primaryImageOfPage":{"@id":"https:\/\/www.blogsoestado.com\/danielmatos\/inencontro-de-delegadas-de-policia-civil-do-maranhao-e-realizado-no-rio-poty-hotel-resort\/#primaryimage"},"image":{"@id":"https:\/\/www.blogsoestado.com\/danielmatos\/inencontro-de-delegadas-de-policia-civil-do-maranhao-e-realizado-no-rio-poty-hotel-resort\/#primaryimage"},"thumbnailUrl":"https:\/\/www.blogsoestado.com\/danielmatos\/files\/2023\/03\/Screenshot_20230327-1927413.png","datePublished":"2023-03-27T23:00:38+00:00","author":{"@id":""},"breadcrumb":{"@id":"https:\/\/www.blogsoestado.com\/danielmatos\/inencontro-de-delegadas-de-policia-civil-do-maranhao-e-realizado-no-rio-poty-hotel-resort\/#breadcrumb"},"inLanguage":"pt-BR","potentialAction":[{"@type":"ReadAction","target":["https:\/\/www.blogsoestado.com\/danielmatos\/inencontro-de-delegadas-de-policia-civil-do-maranhao-e-realizado-no-rio-poty-hotel-resort\/"]}]},{"@type":"ImageObject","inLanguage":"pt-BR","@id":"https:\/\/www.blogsoestado.com\/danielmatos\/inencontro-de-delegadas-de-policia-civil-do-maranhao-e-realizado-no-rio-poty-hotel-resort\/#primaryimage","url":"https:\/\/www.blogsoestado.com\/danielmatos\/files\/2023\/03\/Screenshot_20230327-1927413.png","contentUrl":"https:\/\/www.blogsoestado.com\/danielmatos\/files\/2023\/03\/Screenshot_20230327-1927413.png"},{"@type":"BreadcrumbList","@id":"https:\/\/www.blogsoestado.com\/danielmatos\/inencontro-de-delegadas-de-policia-civil-do-maranhao-e-realizado-no-rio-poty-hotel-resort\/#breadcrumb","itemListElement":[{"@type":"ListItem","position":1,"name":"In\u00edcio","item":"https:\/\/www.blogsoestado.com\/danielmatos\/"},{"@type":"ListItem","position":2,"name":"I Encontro de Delegadas de Pol\u00edcia Civil do Maranh\u00e3o \u00e9 realizado no Rio Poty Hotel &#038; Resort"}]},{"@type":"WebSite","@id":"https:\/\/www.blogsoestado.com\/danielmatos\/#website","url":"https:\/\/www.blogsoestado.com\/danielmatos\/","name":"Daniel Matos","description":"","potentialAction":[{"@type":"SearchAction","target":{"@type":"EntryPoint","urlTemplate":"https:\/\/www.blogsoestado.com\/danielmatos\/?s={search_term_string}"},"query-input":{"@type":"PropertyValueSpecification","valueRequired":true,"valueName":"search_term_string"}}],"inLanguage":"pt-BR"}]}},"jetpack_featured_media_url":"","_links":{"self":[{"href":"https:\/\/www.blogsoestado.com\/danielmatos\/wp-json\/wp\/v2\/posts\/107609","targetHints":{"allow":["GET"]}}],"collection":[{"href":"https:\/\/www.blogsoestado.com\/danielmatos\/wp-json\/wp\/v2\/posts"}],"about":[{"href":"https:\/\/www.blogsoestado.com\/danielmatos\/wp-json\/wp\/v2\/types\/post"}],"replies":[{"embeddable":true,"href":"https:\/\/www.blogsoestado.com\/danielmatos\/wp-json\/wp\/v2\/comments?post=107609"}],"version-history":[{"count":0,"href":"https:\/\/www.blogsoestado.com\/danielmatos\/wp-json\/wp\/v2\/posts\/107609\/revisions"}],"wp:attachment":[{"href":"https:\/\/www.blogsoestado.com\/danielmatos\/wp-json\/wp\/v2\/media?parent=107609"}],"wp:term":[{"taxonomy":"category","embeddable":true,"href":"https:\/\/www.blogsoestado.com\/danielmatos\/wp-json\/wp\/v2\/categories?post=107609"},{"taxonomy":"post_tag","embeddable":true,"href":"https:\/\/www.blogsoestado.com\/danielmatos\/wp-json\/wp\/v2\/tags?post=107609"}],"curies":[{"name":"wp","href":"https:\/\/api.w.org\/{rel}","templated":true}]}}