{"id":107616,"date":"2023-03-28T06:00:00","date_gmt":"2023-03-28T09:00:00","guid":{"rendered":"https:\/\/www.blogsoestado.com\/danielmatos\/?p=107616"},"modified":"2023-03-28T06:00:00","modified_gmt":"2023-03-28T09:00:00","slug":"governo-federal-reconhece-situacao-de-emergencia-de-mais-tres-cidades-do-maranhao","status":"publish","type":"post","link":"https:\/\/www.blogsoestado.com\/danielmatos\/governo-federal-reconhece-situacao-de-emergencia-de-mais-tres-cidades-do-maranhao\/","title":{"rendered":"Governo Federal reconhece situa\u00e7\u00e3o de emerg\u00eancia de mais tr\u00eas cidades do Maranh\u00e3o"},"content":{"rendered":"\n<p><strong><span class=\"has-inline-color has-vivid-red-color\">Os quatro munic\u00edpios da Grande Ilha &#8211; S\u00e3o Lu\u00eds, S\u00e3o Jos\u00e9 de Ribamar, Pa\u00e7o do Lumiar e Raposa &#8211; j\u00e1 haviam sido inclu\u00eddos em decreto anterior, de 8 de fevereiro, pelo Minist\u00e9rio da Integra\u00e7\u00e3o e Desenvolvimento Regional<\/span><\/strong><\/p>\n\n\n\n<div class=\"wp-block-image\"><figure class=\"aligncenter size-large\"><a href=\"https:\/\/www.blogsoestado.com\/danielmatos\/files\/2023\/03\/Screenshot_20230327-2352102.png\"><img decoding=\"async\" src=\"https:\/\/www.blogsoestado.com\/danielmatos\/files\/2023\/03\/Screenshot_20230327-2352102.png\" alt=\"\" class=\"wp-image-107617\"\/><\/a><figcaption>Fam\u00edlias de S\u00e3o Benedito do Rio Preto deixam suas casas em meio \u00e0 enchente que devastou a cidade<\/figcaption><\/figure><\/div>\n\n\n\n<p>O Minist\u00e9rio da Integra\u00e7\u00e3o e do Desenvolvimento Regional (MIDR), por meio da Defesa Civil Nacional, reconheceu a situa\u00e7\u00e3o de emerg\u00eancia em mais tr\u00eas cidades do Maranh\u00e3o atingidas por desastres. A portaria que oficializa a medida, que abrange, ao todo, 46 munic\u00edpios brasileiros, foi publicada na edi\u00e7\u00e3o dessa segunda-feira (27) do Di\u00e1rio Oficial da Uni\u00e3o (DOU). Confira&nbsp;<a href=\"https:\/\/www.in.gov.br\/web\/dou\/-\/portaria-n-1.193-de-23-de-marco-de-2023-472715773\" target=\"_blank\" rel=\"noreferrer noopener\">neste link<\/a>&nbsp;e&nbsp;<a href=\"http:\/\/www.in.gov.br\/en\/web\/dou\/-\/portaria-n-1.205-de-24-de-marco-de-2023-472709725\" target=\"_blank\" rel=\"noreferrer noopener\">neste<\/a>.<\/p>\n\n\n\n<p>S\u00e3o Luis Gonzaga do Maranh\u00e3o foi um dos munic\u00edpios que teve a situa\u00e7\u00e3o de emerg\u00eancia reconhecida pelo Governo Federal. A cidade, localizada na regi\u00e3o do M\u00e9dio Mearim, foi castigada por chuvas intensas, com registro de centenas de fam\u00edlias desabrigadas e desalojadas.<\/p>\n\n\n\n<p>J\u00e1 Concei\u00e7\u00e3o do Lago-A\u00e7u, na Baixada Maranhense, e S\u00e3o Benedito do Rio Preto, na microrregi\u00e3o de Chapadinha, registraram, respectivamente, inunda\u00e7\u00f5es e enxurradas, que resultaram em graves transtornos \u00e0 popula\u00e7\u00e3o.<\/p>\n\n\n\n<p><strong>Grande Ilha<\/strong><\/p>\n\n\n\n<p>Em 8 de fevereiro passado, o MDIR reconheceu a situa\u00e7\u00e3o de emerg\u00eancia em toda a Grande Ilha de S\u00e3o Lu\u00eds. No dia seguinte, o ministro da pasta, Waldez G\u00f3es, discutiu com o governador Carlos Brand\u00e3o que tipo de aux\u00edlio o Governo Federal prestaria aos munic\u00edpios maranhenses atingidos por desastres naturais.<\/p>\n\n\n\n<div class=\"wp-block-image\"><figure class=\"aligncenter size-large\"><a href=\"https:\/\/www.blogsoestado.com\/danielmatos\/files\/2023\/03\/Screenshot_20230327-2352432.png\"><img decoding=\"async\" src=\"https:\/\/www.blogsoestado.com\/danielmatos\/files\/2023\/03\/Screenshot_20230327-2352432.png\" alt=\"\" class=\"wp-image-107618\"\/><\/a><figcaption>Homens do Corpo de Bombeiros observam o que sobrou de casa que desabou durante um dos temporais que arrasaram o munic\u00edpio<\/figcaption><\/figure><\/div>\n\n\n\n<p>Com o decreto, Pa\u00e7o do Lumiar, Raposa, S\u00e3o Jos\u00e9 de Ribamar e a capital, S\u00e3o Lu\u00eds, ficaram aptps a solicitar recursos do MIDR para atendimento \u00e0 popula\u00e7\u00e3o afetada. No primeiro m\u00eas de 2023, foram registrados 400 mm de chuvas no Maranh\u00e3o, o dobro do esperado para o per\u00edodo. Como consequ\u00eancia das fortes chuvas, o estado sofria, j\u00e1 naquela \u00e9poca, com enchentes de rios.<\/p>\n\n\n\n<p>O apoio \u00e0s cidades afetadas por desastres naturais envolvem socorro, assist\u00eancia \u00e0s v\u00edtimas, restabelecimento de servi\u00e7os essenciais e reconstru\u00e7\u00e3o de infraestrutura destru\u00edda ou danificada. A solicita\u00e7\u00e3o deve ser feita por meio do&nbsp;<a href=\"http:\/\/s2id.mi.gov.br\/\" target=\"_blank\" rel=\"noreferrer noopener\">Sistema Integrado de Informa\u00e7\u00f5es sobre Desastres<\/a>&nbsp;(S2iD).<\/p>\n\n\n\n<p>O Brasil tem, no momento, 1.532 munic\u00edpios com reconhecimento federal de situa\u00e7\u00e3o de emerg\u00eancia devido a desastres.<\/p>\n\n\n\n<p><strong>Como solicitar recursos federais para a\u00e7\u00f5es de defesa civil<\/strong><\/p>\n\n\n\n<p>Cidades em situa\u00e7\u00e3o de emerg\u00eancia ou estado de calamidade p\u00fablica reconhecido pela Defesa Civil Nacional est\u00e3o aptas a solicitar recursos do Minist\u00e9rio da Integra\u00e7\u00e3o e do Desenvolvimento Regional para atendimento \u00e0 popula\u00e7\u00e3o afetada.<\/p>\n\n\n\n<div class=\"wp-block-image\"><figure class=\"aligncenter size-large\"><a href=\"https:\/\/www.blogsoestado.com\/danielmatos\/files\/2023\/03\/Screenshot_20230327-2353102.png\"><img decoding=\"async\" src=\"https:\/\/www.blogsoestado.com\/danielmatos\/files\/2023\/03\/Screenshot_20230327-2353102.png\" alt=\"\" class=\"wp-image-107619\"\/><\/a><figcaption>Itaipava do Graja\u00fa \u00e9 outra cidade maranhense que j\u00e1 teve parte do seu territ\u00f3rio inundado em consequ\u00eancia das chuvas intensas<\/figcaption><\/figure><\/div>\n\n\n\n<p>As a\u00e7\u00f5es envolvem socorro, assist\u00eancia \u00e0s v\u00edtimas, restabelecimento de servi\u00e7os essenciais e reconstru\u00e7\u00e3o de infraestrutura destru\u00edda ou danificada. A solicita\u00e7\u00e3o deve ser feita por meio do Sistema Integrado de Informa\u00e7\u00f5es sobre Desastres (<a href=\"http:\/\/s2id.mi.gov.br\/\" target=\"_blank\" rel=\"noreferrer noopener\">S2iD<\/a>).<\/p>\n\n\n\n<p>Com base nas informa\u00e7\u00f5es enviadas, a equipe t\u00e9cnica da Defesa Civil Nacional avalia as metas e os valores solicitados. Com a aprova\u00e7\u00e3o, \u00e9 publicada portaria no DOU com a valor ser liberado.<\/p>\n\n\n\n<p><strong>Capacita\u00e7\u00f5es da Defesa Civil Nacional<\/strong><\/p>\n\n\n\n<p>A Defesa Civil Nacional oferece uma s\u00e9rie de cursos a dist\u00e2ncia para habilitar e qualificar agentes municipais e estaduais para o uso do S2iD. As capacita\u00e7\u00f5es t\u00eam como foco os agentes de prote\u00e7\u00e3o e defesa civil nas tr\u00eas esferas de governo. Confira&nbsp;<a href=\"http:\/\/www.gov.br\/mdr\/pt-br\/assuntos\/protecao-e-defesa-civil\/capacitacoes\/cursos-em-andamento\" target=\"_blank\" rel=\"noreferrer noopener\">neste link<\/a>&nbsp;a lista completa dos cursos.<\/p>\n","protected":false},"excerpt":{"rendered":"<p>Os quatro munic\u00edpios da Grande Ilha &#8211; S\u00e3o Lu\u00eds, S\u00e3o Jos\u00e9 de Ribamar, Pa\u00e7o do Lumiar e Raposa &#8211; j\u00e1 [&hellip;]<\/p>\n","protected":false},"author":0,"featured_media":0,"comment_status":"open","ping_status":"open","sticky":false,"template":"","format":"standard","meta":{"site-sidebar-layout":"default","site-content-layout":"","ast-site-content-layout":"default","site-content-style":"default","site-sidebar-style":"default","ast-global-header-display":"","ast-banner-title-visibility":"","ast-main-header-display":"","ast-hfb-above-header-display":"","ast-hfb-below-header-display":"","ast-hfb-mobile-header-display":"","site-post-title":"","ast-breadcrumbs-content":"","ast-featured-img":"","footer-sml-layout":"","ast-disable-related-posts":"","theme-transparent-header-meta":"","adv-header-id-meta":"","stick-header-meta":"","header-above-stick-meta":"","header-main-stick-meta":"","header-below-stick-meta":"","astra-migrate-meta-layouts":"default","ast-page-background-enabled":"default","ast-page-background-meta":{"desktop":{"background-color":"var(--ast-global-color-5)","background-image":"","background-repeat":"repeat","background-position":"center center","background-size":"auto","background-attachment":"scroll","background-type":"","background-media":"","overlay-type":"","overlay-color":"","overlay-opacity":"","overlay-gradient":""},"tablet":{"background-color":"","background-image":"","background-repeat":"repeat","background-position":"center center","background-size":"auto","background-attachment":"scroll","background-type":"","background-media":"","overlay-type":"","overlay-color":"","overlay-opacity":"","overlay-gradient":""},"mobile":{"background-color":"","background-image":"","background-repeat":"repeat","background-position":"center center","background-size":"auto","background-attachment":"scroll","background-type":"","background-media":"","overlay-type":"","overlay-color":"","overlay-opacity":"","overlay-gradient":""}},"ast-content-background-meta":{"desktop":{"background-color":"var(--ast-global-color-4)","background-image":"","background-repeat":"repeat","background-position":"center center","background-size":"auto","background-attachment":"scroll","background-type":"","background-media":"","overlay-type":"","overlay-color":"","overlay-opacity":"","overlay-gradient":""},"tablet":{"background-color":"var(--ast-global-color-4)","background-image":"","background-repeat":"repeat","background-position":"center center","background-size":"auto","background-attachment":"scroll","background-type":"","background-media":"","overlay-type":"","overlay-color":"","overlay-opacity":"","overlay-gradient":""},"mobile":{"background-color":"var(--ast-global-color-4)","background-image":"","background-repeat":"repeat","background-position":"center center","background-size":"auto","background-attachment":"scroll","background-type":"","background-media":"","overlay-type":"","overlay-color":"","overlay-opacity":"","overlay-gradient":""}},"footnotes":""},"categories":[1],"tags":[],"class_list":["post-107616","post","type-post","status-publish","format-standard","hentry","category-sem-categoria"],"yoast_head":"<!-- This site is optimized with the Yoast SEO plugin v26.6 - https:\/\/yoast.com\/wordpress\/plugins\/seo\/ -->\n<title>Governo Federal reconhece situa\u00e7\u00e3o de emerg\u00eancia de mais tr\u00eas cidades do Maranh\u00e3o - Daniel Matos<\/title>\n<meta name=\"robots\" content=\"index, follow, max-snippet:-1, max-image-preview:large, max-video-preview:-1\" \/>\n<link rel=\"canonical\" href=\"https:\/\/www.blogsoestado.com\/danielmatos\/governo-federal-reconhece-situacao-de-emergencia-de-mais-tres-cidades-do-maranhao\/\" \/>\n<meta property=\"og:locale\" content=\"pt_BR\" \/>\n<meta property=\"og:type\" content=\"article\" \/>\n<meta property=\"og:title\" content=\"Governo Federal reconhece situa\u00e7\u00e3o de emerg\u00eancia de mais tr\u00eas cidades do Maranh\u00e3o - Daniel Matos\" \/>\n<meta property=\"og:description\" content=\"Os quatro munic\u00edpios da Grande Ilha &#8211; S\u00e3o Lu\u00eds, S\u00e3o Jos\u00e9 de Ribamar, Pa\u00e7o do Lumiar e Raposa &#8211; j\u00e1 [&hellip;]\" \/>\n<meta property=\"og:url\" content=\"https:\/\/www.blogsoestado.com\/danielmatos\/governo-federal-reconhece-situacao-de-emergencia-de-mais-tres-cidades-do-maranhao\/\" \/>\n<meta property=\"og:site_name\" content=\"Daniel Matos\" \/>\n<meta property=\"article:published_time\" content=\"2023-03-28T09:00:00+00:00\" \/>\n<meta property=\"og:image\" content=\"https:\/\/www.blogsoestado.com\/danielmatos\/files\/2023\/03\/Screenshot_20230327-2352102.png\" \/>\n<meta name=\"twitter:card\" content=\"summary_large_image\" \/>\n<meta name=\"twitter:label1\" content=\"Est. tempo de leitura\" \/>\n\t<meta name=\"twitter:data1\" content=\"4 minutos\" \/>\n<script type=\"application\/ld+json\" class=\"yoast-schema-graph\">{\"@context\":\"https:\/\/schema.org\",\"@graph\":[{\"@type\":\"WebPage\",\"@id\":\"https:\/\/www.blogsoestado.com\/danielmatos\/governo-federal-reconhece-situacao-de-emergencia-de-mais-tres-cidades-do-maranhao\/\",\"url\":\"https:\/\/www.blogsoestado.com\/danielmatos\/governo-federal-reconhece-situacao-de-emergencia-de-mais-tres-cidades-do-maranhao\/\",\"name\":\"Governo Federal reconhece situa\u00e7\u00e3o de emerg\u00eancia de mais tr\u00eas cidades do Maranh\u00e3o - Daniel Matos\",\"isPartOf\":{\"@id\":\"https:\/\/www.blogsoestado.com\/danielmatos\/#website\"},\"primaryImageOfPage\":{\"@id\":\"https:\/\/www.blogsoestado.com\/danielmatos\/governo-federal-reconhece-situacao-de-emergencia-de-mais-tres-cidades-do-maranhao\/#primaryimage\"},\"image\":{\"@id\":\"https:\/\/www.blogsoestado.com\/danielmatos\/governo-federal-reconhece-situacao-de-emergencia-de-mais-tres-cidades-do-maranhao\/#primaryimage\"},\"thumbnailUrl\":\"https:\/\/www.blogsoestado.com\/danielmatos\/files\/2023\/03\/Screenshot_20230327-2352102.png\",\"datePublished\":\"2023-03-28T09:00:00+00:00\",\"author\":{\"@id\":\"\"},\"breadcrumb\":{\"@id\":\"https:\/\/www.blogsoestado.com\/danielmatos\/governo-federal-reconhece-situacao-de-emergencia-de-mais-tres-cidades-do-maranhao\/#breadcrumb\"},\"inLanguage\":\"pt-BR\",\"potentialAction\":[{\"@type\":\"ReadAction\",\"target\":[\"https:\/\/www.blogsoestado.com\/danielmatos\/governo-federal-reconhece-situacao-de-emergencia-de-mais-tres-cidades-do-maranhao\/\"]}]},{\"@type\":\"ImageObject\",\"inLanguage\":\"pt-BR\",\"@id\":\"https:\/\/www.blogsoestado.com\/danielmatos\/governo-federal-reconhece-situacao-de-emergencia-de-mais-tres-cidades-do-maranhao\/#primaryimage\",\"url\":\"https:\/\/www.blogsoestado.com\/danielmatos\/files\/2023\/03\/Screenshot_20230327-2352102.png\",\"contentUrl\":\"https:\/\/www.blogsoestado.com\/danielmatos\/files\/2023\/03\/Screenshot_20230327-2352102.png\"},{\"@type\":\"BreadcrumbList\",\"@id\":\"https:\/\/www.blogsoestado.com\/danielmatos\/governo-federal-reconhece-situacao-de-emergencia-de-mais-tres-cidades-do-maranhao\/#breadcrumb\",\"itemListElement\":[{\"@type\":\"ListItem\",\"position\":1,\"name\":\"In\u00edcio\",\"item\":\"https:\/\/www.blogsoestado.com\/danielmatos\/\"},{\"@type\":\"ListItem\",\"position\":2,\"name\":\"Governo Federal reconhece situa\u00e7\u00e3o de emerg\u00eancia de mais tr\u00eas cidades do Maranh\u00e3o\"}]},{\"@type\":\"WebSite\",\"@id\":\"https:\/\/www.blogsoestado.com\/danielmatos\/#website\",\"url\":\"https:\/\/www.blogsoestado.com\/danielmatos\/\",\"name\":\"Daniel Matos\",\"description\":\"\",\"potentialAction\":[{\"@type\":\"SearchAction\",\"target\":{\"@type\":\"EntryPoint\",\"urlTemplate\":\"https:\/\/www.blogsoestado.com\/danielmatos\/?s={search_term_string}\"},\"query-input\":{\"@type\":\"PropertyValueSpecification\",\"valueRequired\":true,\"valueName\":\"search_term_string\"}}],\"inLanguage\":\"pt-BR\"}]}<\/script>\n<!-- \/ Yoast SEO plugin. -->","yoast_head_json":{"title":"Governo Federal reconhece situa\u00e7\u00e3o de emerg\u00eancia de mais tr\u00eas cidades do Maranh\u00e3o - Daniel Matos","robots":{"index":"index","follow":"follow","max-snippet":"max-snippet:-1","max-image-preview":"max-image-preview:large","max-video-preview":"max-video-preview:-1"},"canonical":"https:\/\/www.blogsoestado.com\/danielmatos\/governo-federal-reconhece-situacao-de-emergencia-de-mais-tres-cidades-do-maranhao\/","og_locale":"pt_BR","og_type":"article","og_title":"Governo Federal reconhece situa\u00e7\u00e3o de emerg\u00eancia de mais tr\u00eas cidades do Maranh\u00e3o - Daniel Matos","og_description":"Os quatro munic\u00edpios da Grande Ilha &#8211; S\u00e3o Lu\u00eds, S\u00e3o Jos\u00e9 de Ribamar, Pa\u00e7o do Lumiar e Raposa &#8211; j\u00e1 [&hellip;]","og_url":"https:\/\/www.blogsoestado.com\/danielmatos\/governo-federal-reconhece-situacao-de-emergencia-de-mais-tres-cidades-do-maranhao\/","og_site_name":"Daniel Matos","article_published_time":"2023-03-28T09:00:00+00:00","og_image":[{"url":"https:\/\/www.blogsoestado.com\/danielmatos\/files\/2023\/03\/Screenshot_20230327-2352102.png","type":"","width":"","height":""}],"twitter_card":"summary_large_image","twitter_misc":{"Est. tempo de leitura":"4 minutos"},"schema":{"@context":"https:\/\/schema.org","@graph":[{"@type":"WebPage","@id":"https:\/\/www.blogsoestado.com\/danielmatos\/governo-federal-reconhece-situacao-de-emergencia-de-mais-tres-cidades-do-maranhao\/","url":"https:\/\/www.blogsoestado.com\/danielmatos\/governo-federal-reconhece-situacao-de-emergencia-de-mais-tres-cidades-do-maranhao\/","name":"Governo Federal reconhece situa\u00e7\u00e3o de emerg\u00eancia de mais tr\u00eas cidades do Maranh\u00e3o - Daniel Matos","isPartOf":{"@id":"https:\/\/www.blogsoestado.com\/danielmatos\/#website"},"primaryImageOfPage":{"@id":"https:\/\/www.blogsoestado.com\/danielmatos\/governo-federal-reconhece-situacao-de-emergencia-de-mais-tres-cidades-do-maranhao\/#primaryimage"},"image":{"@id":"https:\/\/www.blogsoestado.com\/danielmatos\/governo-federal-reconhece-situacao-de-emergencia-de-mais-tres-cidades-do-maranhao\/#primaryimage"},"thumbnailUrl":"https:\/\/www.blogsoestado.com\/danielmatos\/files\/2023\/03\/Screenshot_20230327-2352102.png","datePublished":"2023-03-28T09:00:00+00:00","author":{"@id":""},"breadcrumb":{"@id":"https:\/\/www.blogsoestado.com\/danielmatos\/governo-federal-reconhece-situacao-de-emergencia-de-mais-tres-cidades-do-maranhao\/#breadcrumb"},"inLanguage":"pt-BR","potentialAction":[{"@type":"ReadAction","target":["https:\/\/www.blogsoestado.com\/danielmatos\/governo-federal-reconhece-situacao-de-emergencia-de-mais-tres-cidades-do-maranhao\/"]}]},{"@type":"ImageObject","inLanguage":"pt-BR","@id":"https:\/\/www.blogsoestado.com\/danielmatos\/governo-federal-reconhece-situacao-de-emergencia-de-mais-tres-cidades-do-maranhao\/#primaryimage","url":"https:\/\/www.blogsoestado.com\/danielmatos\/files\/2023\/03\/Screenshot_20230327-2352102.png","contentUrl":"https:\/\/www.blogsoestado.com\/danielmatos\/files\/2023\/03\/Screenshot_20230327-2352102.png"},{"@type":"BreadcrumbList","@id":"https:\/\/www.blogsoestado.com\/danielmatos\/governo-federal-reconhece-situacao-de-emergencia-de-mais-tres-cidades-do-maranhao\/#breadcrumb","itemListElement":[{"@type":"ListItem","position":1,"name":"In\u00edcio","item":"https:\/\/www.blogsoestado.com\/danielmatos\/"},{"@type":"ListItem","position":2,"name":"Governo Federal reconhece situa\u00e7\u00e3o de emerg\u00eancia de mais tr\u00eas cidades do Maranh\u00e3o"}]},{"@type":"WebSite","@id":"https:\/\/www.blogsoestado.com\/danielmatos\/#website","url":"https:\/\/www.blogsoestado.com\/danielmatos\/","name":"Daniel Matos","description":"","potentialAction":[{"@type":"SearchAction","target":{"@type":"EntryPoint","urlTemplate":"https:\/\/www.blogsoestado.com\/danielmatos\/?s={search_term_string}"},"query-input":{"@type":"PropertyValueSpecification","valueRequired":true,"valueName":"search_term_string"}}],"inLanguage":"pt-BR"}]}},"jetpack_featured_media_url":"","_links":{"self":[{"href":"https:\/\/www.blogsoestado.com\/danielmatos\/wp-json\/wp\/v2\/posts\/107616","targetHints":{"allow":["GET"]}}],"collection":[{"href":"https:\/\/www.blogsoestado.com\/danielmatos\/wp-json\/wp\/v2\/posts"}],"about":[{"href":"https:\/\/www.blogsoestado.com\/danielmatos\/wp-json\/wp\/v2\/types\/post"}],"replies":[{"embeddable":true,"href":"https:\/\/www.blogsoestado.com\/danielmatos\/wp-json\/wp\/v2\/comments?post=107616"}],"version-history":[{"count":0,"href":"https:\/\/www.blogsoestado.com\/danielmatos\/wp-json\/wp\/v2\/posts\/107616\/revisions"}],"wp:attachment":[{"href":"https:\/\/www.blogsoestado.com\/danielmatos\/wp-json\/wp\/v2\/media?parent=107616"}],"wp:term":[{"taxonomy":"category","embeddable":true,"href":"https:\/\/www.blogsoestado.com\/danielmatos\/wp-json\/wp\/v2\/categories?post=107616"},{"taxonomy":"post_tag","embeddable":true,"href":"https:\/\/www.blogsoestado.com\/danielmatos\/wp-json\/wp\/v2\/tags?post=107616"}],"curies":[{"name":"wp","href":"https:\/\/api.w.org\/{rel}","templated":true}]}}