{"id":107621,"date":"2023-03-28T08:00:00","date_gmt":"2023-03-28T11:00:00","guid":{"rendered":"https:\/\/www.blogsoestado.com\/danielmatos\/?p=107621"},"modified":"2023-03-28T08:00:00","modified_gmt":"2023-03-28T11:00:00","slug":"em-meio-a-tragedia-das-chuvas-10-do-territorio-do-maranhao-volta-a-registrar-seca","status":"publish","type":"post","link":"https:\/\/www.blogsoestado.com\/danielmatos\/em-meio-a-tragedia-das-chuvas-10-do-territorio-do-maranhao-volta-a-registrar-seca\/","title":{"rendered":"Em meio \u00e0 trag\u00e9dia das chuvas, 10% do territ\u00f3rio do Maranh\u00e3o volta a registrar seca"},"content":{"rendered":"\n<p><strong><span class=\"has-inline-color has-vivid-red-color\">Fen\u00f4meno atinge o sul do estado, regi\u00e3o de maior produ\u00e7\u00e3o agr\u00edcola, principalmente soja, milho e algod\u00e3o<\/span><\/strong><\/p>\n\n\n\n<div class=\"wp-block-image\"><figure class=\"aligncenter size-large\"><a href=\"https:\/\/www.blogsoestado.com\/danielmatos\/files\/2023\/03\/Screenshot_20230328-0155042.png\"><img decoding=\"async\" src=\"https:\/\/www.blogsoestado.com\/danielmatos\/files\/2023\/03\/Screenshot_20230328-0155042.png\" alt=\"\" class=\"wp-image-107627\"\/><\/a><figcaption>Seca se repete no sul do Maranh\u00e3o, a exemplo de anos anteriores, amea\u00e7ando planta\u00e7\u00f5es de soja em Balsas e outras culturas na regi\u00e3o de maior produ\u00e7\u00e3o agr\u00edcola do estado <\/figcaption><\/figure><\/div>\n\n\n\n<div class=\"wp-block-image\"><figure class=\"alignleft size-large\"><a href=\"https:\/\/www.blogsoestado.com\/danielmatos\/files\/2015\/06\/exclusivo.jpg\"><img decoding=\"async\" src=\"https:\/\/www.blogsoestado.com\/danielmatos\/files\/2015\/06\/exclusivo.jpg\" alt=\"\" class=\"wp-image-24706\"\/><\/a><\/figure><\/div>\n\n\n\n<p>Enquanto <a href=\"https:\/\/www.blogsoestado.com\/danielmatos\/2023\/03\/26\/decretada-situacao-de-emergencia-em-mais-21-municipios-do-maranhao-castigados-por-chuvas-intensas\/\">51 munic\u00edpios do Maranh\u00e3o est\u00e3o em situa\u00e7\u00e3o de emerg\u00eancia<\/a>, por decreto expedido pelo governador Carlos Brand\u00e3o (PSB) em decorr\u00eancia das chuvas intensas e seus transtornos, pelo menos 10% da \u00e1rea total do estado voltou a registrar seca, o que n\u00e3o ocorria desde novembro de 2022, quando 12% do territ\u00f3rio maranhense esteve sob a influ\u00eancia do fen\u00f4meno. Os dados s\u00e3o do <a href=\"https:\/\/monitordesecas.ana.gov.br\/mapa?mes=2&amp;ano=2023\">Monitor de Secas<\/a>, divulgado no dia 23 deste m\u00eas pela Ag\u00eancia Nacional de \u00c1guas e Saneamento B\u00e1sico (ANA).<\/p>\n\n\n\n<div class=\"wp-block-image\"><figure class=\"aligncenter size-large\"><a href=\"https:\/\/www.blogsoestado.com\/danielmatos\/files\/2023\/03\/Screenshot_20230328-0116342.png\"><img decoding=\"async\" src=\"https:\/\/www.blogsoestado.com\/danielmatos\/files\/2023\/03\/Screenshot_20230328-0116342.png\" alt=\"\" class=\"wp-image-107624\"\/><\/a><figcaption><em>As cores do gr\u00e1fico indicam as regi\u00f5es&nbsp;<\/em><strong><em>CENTRO-OESTE, SUDESTE, NORDESTE, SUL&nbsp;<\/em><\/strong><em>e<\/em><strong><em>&nbsp;NORTE.<\/em><\/strong>&nbsp;<\/figcaption><\/figure><\/div>\n\n\n\n<p>De acordo com o levantamento, o Maranh\u00e3o tem 32.070 (trinta e dois mil e setenta) quil\u00f4metros quadrados com registro de saca. A aus\u00eancia total de chuvas ocorre exclusivamente no sul do estado. Os n\u00fameros indicam que o Maranh\u00e3o \u00e9 a 13\u00aa unidade da federa\u00e7\u00e3o em extens\u00e3o territorial com preval\u00eancia do fen\u00f4meno. <\/p>\n\n\n\n<p>Segundo o Monitor de Secas, a oscila\u00e7\u00e3o clim\u00e1tica se deve \u00e0s anomalias negativas de precipita\u00e7\u00e3o nos \u00faltimos meses e piora nos indicadores.<\/p>\n\n\n\n<div class=\"wp-block-image\"><figure class=\"aligncenter size-large\"><a href=\"https:\/\/www.blogsoestado.com\/danielmatos\/files\/2023\/03\/Screenshot_20230328-0118052.png\"><img decoding=\"async\" src=\"https:\/\/www.blogsoestado.com\/danielmatos\/files\/2023\/03\/Screenshot_20230328-0118052.png\" alt=\"\" class=\"wp-image-107625\"\/><\/a><\/figure><\/div>\n\n\n\n<p>O estudo aponta que a seca afeta a microrregi\u00f5es dos Gerais dr Balsas, que abrange os munic\u00edpios de Alto Parna\u00edba, Balsas, Fortaleza dos Nogueiras, Nova Colinas, Riach\u00e3o e Tasso Fragoso. \u00c9 uma das&nbsp;32 regi\u00f5es administrativas do Maranh\u00e3o e a maior regi\u00e3o de planejamento em \u00e1rea do estado e a de maior produ\u00e7\u00e3o agr\u00edcola, principalmente soja, milho e algod\u00e3o.<\/p>\n\n\n\n<div class=\"wp-block-image\"><figure class=\"aligncenter size-large\"><a href=\"https:\/\/www.blogsoestado.com\/danielmatos\/files\/2023\/03\/Screenshot_20230328-0144452.png\"><img decoding=\"async\" src=\"https:\/\/www.blogsoestado.com\/danielmatos\/files\/2023\/03\/Screenshot_20230328-0144452.png\" alt=\"\" class=\"wp-image-107626\"\/><\/a><\/figure><\/div>\n\n\n\n<p>Entre janeiro e fevereiro, o Maranh\u00e3o registrou o retorno da seca em 10% de seu territ\u00f3rio.&nbsp;<strong>O fen\u00f4meno n\u00e3o era registrado no estado desde novembro de 2022 (12%)<\/strong>.A seca fraca voltou a ser registrada no Maranh\u00e3o, o que n\u00e3o acontecia desde novembro de 2022.<\/p>\n\n\n\n<p>Confira o mapa:<\/p>\n\n\n\n<div class=\"wp-block-image\"><figure class=\"aligncenter size-large\"><a href=\"https:\/\/www.blogsoestado.com\/danielmatos\/files\/2023\/03\/Screenshot_20230328-0107092.png\"><img decoding=\"async\" src=\"https:\/\/www.blogsoestado.com\/danielmatos\/files\/2023\/03\/Screenshot_20230328-0107092.png\" alt=\"\" class=\"wp-image-107622\"\/><\/a><\/figure><\/div>\n","protected":false},"excerpt":{"rendered":"<p>Fen\u00f4meno atinge o sul do estado, regi\u00e3o de maior produ\u00e7\u00e3o agr\u00edcola, principalmente soja, milho e algod\u00e3o Enquanto 51 munic\u00edpios do [&hellip;]<\/p>\n","protected":false},"author":0,"featured_media":0,"comment_status":"open","ping_status":"open","sticky":false,"template":"","format":"standard","meta":{"site-sidebar-layout":"default","site-content-layout":"","ast-site-content-layout":"default","site-content-style":"default","site-sidebar-style":"default","ast-global-header-display":"","ast-banner-title-visibility":"","ast-main-header-display":"","ast-hfb-above-header-display":"","ast-hfb-below-header-display":"","ast-hfb-mobile-header-display":"","site-post-title":"","ast-breadcrumbs-content":"","ast-featured-img":"","footer-sml-layout":"","ast-disable-related-posts":"","theme-transparent-header-meta":"","adv-header-id-meta":"","stick-header-meta":"","header-above-stick-meta":"","header-main-stick-meta":"","header-below-stick-meta":"","astra-migrate-meta-layouts":"default","ast-page-background-enabled":"default","ast-page-background-meta":{"desktop":{"background-color":"var(--ast-global-color-5)","background-image":"","background-repeat":"repeat","background-position":"center center","background-size":"auto","background-attachment":"scroll","background-type":"","background-media":"","overlay-type":"","overlay-color":"","overlay-opacity":"","overlay-gradient":""},"tablet":{"background-color":"","background-image":"","background-repeat":"repeat","background-position":"center center","background-size":"auto","background-attachment":"scroll","background-type":"","background-media":"","overlay-type":"","overlay-color":"","overlay-opacity":"","overlay-gradient":""},"mobile":{"background-color":"","background-image":"","background-repeat":"repeat","background-position":"center center","background-size":"auto","background-attachment":"scroll","background-type":"","background-media":"","overlay-type":"","overlay-color":"","overlay-opacity":"","overlay-gradient":""}},"ast-content-background-meta":{"desktop":{"background-color":"var(--ast-global-color-4)","background-image":"","background-repeat":"repeat","background-position":"center center","background-size":"auto","background-attachment":"scroll","background-type":"","background-media":"","overlay-type":"","overlay-color":"","overlay-opacity":"","overlay-gradient":""},"tablet":{"background-color":"var(--ast-global-color-4)","background-image":"","background-repeat":"repeat","background-position":"center center","background-size":"auto","background-attachment":"scroll","background-type":"","background-media":"","overlay-type":"","overlay-color":"","overlay-opacity":"","overlay-gradient":""},"mobile":{"background-color":"var(--ast-global-color-4)","background-image":"","background-repeat":"repeat","background-position":"center center","background-size":"auto","background-attachment":"scroll","background-type":"","background-media":"","overlay-type":"","overlay-color":"","overlay-opacity":"","overlay-gradient":""}},"footnotes":""},"categories":[1],"tags":[],"class_list":["post-107621","post","type-post","status-publish","format-standard","hentry","category-sem-categoria"],"yoast_head":"<!-- This site is optimized with the Yoast SEO plugin v26.6 - https:\/\/yoast.com\/wordpress\/plugins\/seo\/ -->\n<title>Em meio \u00e0 trag\u00e9dia das chuvas, 10% do territ\u00f3rio do Maranh\u00e3o volta a registrar seca - Daniel Matos<\/title>\n<meta name=\"robots\" content=\"index, follow, max-snippet:-1, max-image-preview:large, max-video-preview:-1\" \/>\n<link rel=\"canonical\" href=\"https:\/\/www.blogsoestado.com\/danielmatos\/em-meio-a-tragedia-das-chuvas-10-do-territorio-do-maranhao-volta-a-registrar-seca\/\" \/>\n<meta property=\"og:locale\" content=\"pt_BR\" \/>\n<meta property=\"og:type\" content=\"article\" \/>\n<meta property=\"og:title\" content=\"Em meio \u00e0 trag\u00e9dia das chuvas, 10% do territ\u00f3rio do Maranh\u00e3o volta a registrar seca - Daniel Matos\" \/>\n<meta property=\"og:description\" content=\"Fen\u00f4meno atinge o sul do estado, regi\u00e3o de maior produ\u00e7\u00e3o agr\u00edcola, principalmente soja, milho e algod\u00e3o Enquanto 51 munic\u00edpios do [&hellip;]\" \/>\n<meta property=\"og:url\" content=\"https:\/\/www.blogsoestado.com\/danielmatos\/em-meio-a-tragedia-das-chuvas-10-do-territorio-do-maranhao-volta-a-registrar-seca\/\" \/>\n<meta property=\"og:site_name\" content=\"Daniel Matos\" \/>\n<meta property=\"article:published_time\" content=\"2023-03-28T11:00:00+00:00\" \/>\n<meta property=\"og:image\" content=\"https:\/\/www.blogsoestado.com\/danielmatos\/files\/2023\/03\/Screenshot_20230328-0155042.png\" \/>\n<meta name=\"twitter:card\" content=\"summary_large_image\" \/>\n<meta name=\"twitter:label1\" content=\"Est. tempo de leitura\" \/>\n\t<meta name=\"twitter:data1\" content=\"3 minutos\" \/>\n<script type=\"application\/ld+json\" class=\"yoast-schema-graph\">{\"@context\":\"https:\/\/schema.org\",\"@graph\":[{\"@type\":\"WebPage\",\"@id\":\"https:\/\/www.blogsoestado.com\/danielmatos\/em-meio-a-tragedia-das-chuvas-10-do-territorio-do-maranhao-volta-a-registrar-seca\/\",\"url\":\"https:\/\/www.blogsoestado.com\/danielmatos\/em-meio-a-tragedia-das-chuvas-10-do-territorio-do-maranhao-volta-a-registrar-seca\/\",\"name\":\"Em meio \u00e0 trag\u00e9dia das chuvas, 10% do territ\u00f3rio do Maranh\u00e3o volta a registrar seca - Daniel Matos\",\"isPartOf\":{\"@id\":\"https:\/\/www.blogsoestado.com\/danielmatos\/#website\"},\"primaryImageOfPage\":{\"@id\":\"https:\/\/www.blogsoestado.com\/danielmatos\/em-meio-a-tragedia-das-chuvas-10-do-territorio-do-maranhao-volta-a-registrar-seca\/#primaryimage\"},\"image\":{\"@id\":\"https:\/\/www.blogsoestado.com\/danielmatos\/em-meio-a-tragedia-das-chuvas-10-do-territorio-do-maranhao-volta-a-registrar-seca\/#primaryimage\"},\"thumbnailUrl\":\"https:\/\/www.blogsoestado.com\/danielmatos\/files\/2023\/03\/Screenshot_20230328-0155042.png\",\"datePublished\":\"2023-03-28T11:00:00+00:00\",\"author\":{\"@id\":\"\"},\"breadcrumb\":{\"@id\":\"https:\/\/www.blogsoestado.com\/danielmatos\/em-meio-a-tragedia-das-chuvas-10-do-territorio-do-maranhao-volta-a-registrar-seca\/#breadcrumb\"},\"inLanguage\":\"pt-BR\",\"potentialAction\":[{\"@type\":\"ReadAction\",\"target\":[\"https:\/\/www.blogsoestado.com\/danielmatos\/em-meio-a-tragedia-das-chuvas-10-do-territorio-do-maranhao-volta-a-registrar-seca\/\"]}]},{\"@type\":\"ImageObject\",\"inLanguage\":\"pt-BR\",\"@id\":\"https:\/\/www.blogsoestado.com\/danielmatos\/em-meio-a-tragedia-das-chuvas-10-do-territorio-do-maranhao-volta-a-registrar-seca\/#primaryimage\",\"url\":\"https:\/\/www.blogsoestado.com\/danielmatos\/files\/2023\/03\/Screenshot_20230328-0155042.png\",\"contentUrl\":\"https:\/\/www.blogsoestado.com\/danielmatos\/files\/2023\/03\/Screenshot_20230328-0155042.png\"},{\"@type\":\"BreadcrumbList\",\"@id\":\"https:\/\/www.blogsoestado.com\/danielmatos\/em-meio-a-tragedia-das-chuvas-10-do-territorio-do-maranhao-volta-a-registrar-seca\/#breadcrumb\",\"itemListElement\":[{\"@type\":\"ListItem\",\"position\":1,\"name\":\"In\u00edcio\",\"item\":\"https:\/\/www.blogsoestado.com\/danielmatos\/\"},{\"@type\":\"ListItem\",\"position\":2,\"name\":\"Em meio \u00e0 trag\u00e9dia das chuvas, 10% do territ\u00f3rio do Maranh\u00e3o volta a registrar seca\"}]},{\"@type\":\"WebSite\",\"@id\":\"https:\/\/www.blogsoestado.com\/danielmatos\/#website\",\"url\":\"https:\/\/www.blogsoestado.com\/danielmatos\/\",\"name\":\"Daniel Matos\",\"description\":\"\",\"potentialAction\":[{\"@type\":\"SearchAction\",\"target\":{\"@type\":\"EntryPoint\",\"urlTemplate\":\"https:\/\/www.blogsoestado.com\/danielmatos\/?s={search_term_string}\"},\"query-input\":{\"@type\":\"PropertyValueSpecification\",\"valueRequired\":true,\"valueName\":\"search_term_string\"}}],\"inLanguage\":\"pt-BR\"}]}<\/script>\n<!-- \/ Yoast SEO plugin. -->","yoast_head_json":{"title":"Em meio \u00e0 trag\u00e9dia das chuvas, 10% do territ\u00f3rio do Maranh\u00e3o volta a registrar seca - Daniel Matos","robots":{"index":"index","follow":"follow","max-snippet":"max-snippet:-1","max-image-preview":"max-image-preview:large","max-video-preview":"max-video-preview:-1"},"canonical":"https:\/\/www.blogsoestado.com\/danielmatos\/em-meio-a-tragedia-das-chuvas-10-do-territorio-do-maranhao-volta-a-registrar-seca\/","og_locale":"pt_BR","og_type":"article","og_title":"Em meio \u00e0 trag\u00e9dia das chuvas, 10% do territ\u00f3rio do Maranh\u00e3o volta a registrar seca - Daniel Matos","og_description":"Fen\u00f4meno atinge o sul do estado, regi\u00e3o de maior produ\u00e7\u00e3o agr\u00edcola, principalmente soja, milho e algod\u00e3o Enquanto 51 munic\u00edpios do [&hellip;]","og_url":"https:\/\/www.blogsoestado.com\/danielmatos\/em-meio-a-tragedia-das-chuvas-10-do-territorio-do-maranhao-volta-a-registrar-seca\/","og_site_name":"Daniel Matos","article_published_time":"2023-03-28T11:00:00+00:00","og_image":[{"url":"https:\/\/www.blogsoestado.com\/danielmatos\/files\/2023\/03\/Screenshot_20230328-0155042.png","type":"","width":"","height":""}],"twitter_card":"summary_large_image","twitter_misc":{"Est. tempo de leitura":"3 minutos"},"schema":{"@context":"https:\/\/schema.org","@graph":[{"@type":"WebPage","@id":"https:\/\/www.blogsoestado.com\/danielmatos\/em-meio-a-tragedia-das-chuvas-10-do-territorio-do-maranhao-volta-a-registrar-seca\/","url":"https:\/\/www.blogsoestado.com\/danielmatos\/em-meio-a-tragedia-das-chuvas-10-do-territorio-do-maranhao-volta-a-registrar-seca\/","name":"Em meio \u00e0 trag\u00e9dia das chuvas, 10% do territ\u00f3rio do Maranh\u00e3o volta a registrar seca - Daniel Matos","isPartOf":{"@id":"https:\/\/www.blogsoestado.com\/danielmatos\/#website"},"primaryImageOfPage":{"@id":"https:\/\/www.blogsoestado.com\/danielmatos\/em-meio-a-tragedia-das-chuvas-10-do-territorio-do-maranhao-volta-a-registrar-seca\/#primaryimage"},"image":{"@id":"https:\/\/www.blogsoestado.com\/danielmatos\/em-meio-a-tragedia-das-chuvas-10-do-territorio-do-maranhao-volta-a-registrar-seca\/#primaryimage"},"thumbnailUrl":"https:\/\/www.blogsoestado.com\/danielmatos\/files\/2023\/03\/Screenshot_20230328-0155042.png","datePublished":"2023-03-28T11:00:00+00:00","author":{"@id":""},"breadcrumb":{"@id":"https:\/\/www.blogsoestado.com\/danielmatos\/em-meio-a-tragedia-das-chuvas-10-do-territorio-do-maranhao-volta-a-registrar-seca\/#breadcrumb"},"inLanguage":"pt-BR","potentialAction":[{"@type":"ReadAction","target":["https:\/\/www.blogsoestado.com\/danielmatos\/em-meio-a-tragedia-das-chuvas-10-do-territorio-do-maranhao-volta-a-registrar-seca\/"]}]},{"@type":"ImageObject","inLanguage":"pt-BR","@id":"https:\/\/www.blogsoestado.com\/danielmatos\/em-meio-a-tragedia-das-chuvas-10-do-territorio-do-maranhao-volta-a-registrar-seca\/#primaryimage","url":"https:\/\/www.blogsoestado.com\/danielmatos\/files\/2023\/03\/Screenshot_20230328-0155042.png","contentUrl":"https:\/\/www.blogsoestado.com\/danielmatos\/files\/2023\/03\/Screenshot_20230328-0155042.png"},{"@type":"BreadcrumbList","@id":"https:\/\/www.blogsoestado.com\/danielmatos\/em-meio-a-tragedia-das-chuvas-10-do-territorio-do-maranhao-volta-a-registrar-seca\/#breadcrumb","itemListElement":[{"@type":"ListItem","position":1,"name":"In\u00edcio","item":"https:\/\/www.blogsoestado.com\/danielmatos\/"},{"@type":"ListItem","position":2,"name":"Em meio \u00e0 trag\u00e9dia das chuvas, 10% do territ\u00f3rio do Maranh\u00e3o volta a registrar seca"}]},{"@type":"WebSite","@id":"https:\/\/www.blogsoestado.com\/danielmatos\/#website","url":"https:\/\/www.blogsoestado.com\/danielmatos\/","name":"Daniel Matos","description":"","potentialAction":[{"@type":"SearchAction","target":{"@type":"EntryPoint","urlTemplate":"https:\/\/www.blogsoestado.com\/danielmatos\/?s={search_term_string}"},"query-input":{"@type":"PropertyValueSpecification","valueRequired":true,"valueName":"search_term_string"}}],"inLanguage":"pt-BR"}]}},"jetpack_featured_media_url":"","_links":{"self":[{"href":"https:\/\/www.blogsoestado.com\/danielmatos\/wp-json\/wp\/v2\/posts\/107621","targetHints":{"allow":["GET"]}}],"collection":[{"href":"https:\/\/www.blogsoestado.com\/danielmatos\/wp-json\/wp\/v2\/posts"}],"about":[{"href":"https:\/\/www.blogsoestado.com\/danielmatos\/wp-json\/wp\/v2\/types\/post"}],"replies":[{"embeddable":true,"href":"https:\/\/www.blogsoestado.com\/danielmatos\/wp-json\/wp\/v2\/comments?post=107621"}],"version-history":[{"count":0,"href":"https:\/\/www.blogsoestado.com\/danielmatos\/wp-json\/wp\/v2\/posts\/107621\/revisions"}],"wp:attachment":[{"href":"https:\/\/www.blogsoestado.com\/danielmatos\/wp-json\/wp\/v2\/media?parent=107621"}],"wp:term":[{"taxonomy":"category","embeddable":true,"href":"https:\/\/www.blogsoestado.com\/danielmatos\/wp-json\/wp\/v2\/categories?post=107621"},{"taxonomy":"post_tag","embeddable":true,"href":"https:\/\/www.blogsoestado.com\/danielmatos\/wp-json\/wp\/v2\/tags?post=107621"}],"curies":[{"name":"wp","href":"https:\/\/api.w.org\/{rel}","templated":true}]}}