{"id":107648,"date":"2023-03-28T22:34:26","date_gmt":"2023-03-29T01:34:26","guid":{"rendered":"https:\/\/www.blogsoestado.com\/danielmatos\/?p=107648"},"modified":"2023-03-28T22:34:26","modified_gmt":"2023-03-29T01:34:26","slug":"empresarios-farao-apelo-por-seguranca-no-centro-historico-de-sao-luis-em-reuniao-com-poder-publico-nesta-quarta-feira-29","status":"publish","type":"post","link":"https:\/\/www.blogsoestado.com\/danielmatos\/empresarios-farao-apelo-por-seguranca-no-centro-historico-de-sao-luis-em-reuniao-com-poder-publico-nesta-quarta-feira-29\/","title":{"rendered":"Empres\u00e1rios far\u00e3o apelo por seguran\u00e7a no Centro Hist\u00f3rico de S\u00e3o Lu\u00eds em reuni\u00e3o com poder p\u00fablico nesta quarta-feira (29)"},"content":{"rendered":"\n<p><strong><span class=\"has-inline-color has-vivid-red-color\">Associa\u00e7\u00e3o Comercial do Maranh\u00e3o (ACM) sediar\u00e1 encontro entre donos de lojas e outros estabelecimentos com autoridades do governo estadual e da prefeitura para pedir mais policiamento e outras a\u00e7\u00f5es de prote\u00e7\u00e3o contra a criminalidade <\/span><\/strong><\/p>\n\n\n\n<div class=\"wp-block-image\"><figure class=\"aligncenter size-large\"><a href=\"https:\/\/www.blogsoestado.com\/danielmatos\/files\/2023\/03\/Screenshot_20230328-2224552.png\"><img decoding=\"async\" src=\"https:\/\/www.blogsoestado.com\/danielmatos\/files\/2023\/03\/Screenshot_20230328-2224552.png\" alt=\"\" class=\"wp-image-107651\"\/><\/a><figcaption>O presidente da Associa\u00e7\u00e3o Comercial do Maranh\u00e3o (ACM), Cristiano Barroso Fernandes, defende o di\u00e1logo com o poder p\u00fablico visando \u00e0 intensifica\u00e7\u00e3o das a\u00e7\u00f5es de seguran\u00e7a p\u00fablica no Centro Hist\u00f3rico de S\u00e3o Lu\u00eds, a fim de tornar a \u00e1rea mais atrativa a investimentos privados<\/figcaption><\/figure><\/div>\n\n\n\n<p>Empres\u00e1rios se reunir\u00e3o com autoridades do Estado e do Munic\u00edpio, nesta quarta-feira (29), \u00e0s 19h, no plen\u00e1rio da Associa\u00e7\u00e3o Comercial do Maranh\u00e3o (ACM), no Pal\u00e1cio do Com\u00e9rcio (Centro),  para dialogar  sobre os problemas que os comerciantes da \u00e1rea do Centro Hist\u00f3rico de S\u00e3o Lu\u00eds t\u00eam passado nas \u00faltimas semanas com a falta de seguran\u00e7a no local. A classe empresarial quer ouvir dos representantes das secretarias e \u00f3rg\u00e3os que tem atua\u00e7\u00e3o na regi\u00e3o quais provid\u00eancias est\u00e3o sendo tomadas para coibir a criminalidade.<\/p>\n\n\n\n<p>No Centro Hist\u00f3rico de S\u00e3o Lu\u00eds, uma das \u00e1reas que mais atraem turistas na capital, o\u00a0n\u00famero de furtos tem aumentado espantosamente, principalmente na madrugada, gerando preju\u00edzos, incertezas, sensa\u00e7\u00e3o de inseguran\u00e7a e de impot\u00eancia aos comerciantes. Um dos exemplos da gravidade da situa\u00e7\u00e3o \u00e9 o relato de um empres\u00e1rio que tem restaurante na \u00e1rea, que, em duas semanas, pelas c\u00e2meras de seguran\u00e7a, viu os cabos de energia das proximidades do seu estabelecimento sendo roubados tr\u00eas vezes. Ele contou que a falta de energia no restaurante comprometeu em 45% o faturamento de tr\u00eas dias e que funcion\u00e1rios tiveram que ser dispensados, assim como os m\u00fasicos que se apresentam ao p\u00fablico que frequenta a casa.<\/p>\n\n\n\n<p>Para o presidente da ACM, Cristiano Barroso Fernandes,\u00a0a reuni\u00e3o pode vir a definir estrat\u00e9gias mais vi\u00e1veis por contar com a presen\u00e7a do Governo do Estado e da Prefeitura de S\u00e3o Lu\u00eds, dentre outros \u00f3rg\u00e3os, caso estes se comprometam a atuar de forma mais presente e com mais rigor pela regi\u00e3o. \u201cPrecisamos envolver diferentes atores na discuss\u00e3o da seguran\u00e7a p\u00fablica da nossa capital e a ACM se coloca \u00e0 disposi\u00e7\u00e3o para fomentar esse debate, tendo em vista que estamos em busca de muitas melhorias para essa \u00e1rea t\u00e3o pujante para a nossa economia\u201d, enfatizou o presidente.<\/p>\n\n\n\n<p>Cristiano Barroso Fernandes explica que coibir a\u00e7\u00f5es criminosas \u00e9 um dos primeiros passos para atrair olhares de quem v\u00ea o Centro Hist\u00f3rico da capital como uma oportunidade. Hoje, a falta de seguran\u00e7a \u00e9 um dos principais gargalos para quem quer se estabelecer no Centro Hist\u00f3rico e gerar novos neg\u00f3cios.<\/p>\n\n\n\n<p>\u201cDe um lado, por exemplo, temos uma atua\u00e7\u00e3o muito comprometida de recupera\u00e7\u00e3o da \u00e1rea com a\u00e7\u00f5es empreendidas pelo Instituto de Patrim\u00f4nio Hist\u00f3rico e Art\u00edstico Nacional (Iphan) e pela Funda\u00e7\u00e3o Municipal de Patrim\u00f4nio Hist\u00f3rico (FUMPH), em parceria com entidades como o Sindicato das Ind\u00fastrias da Constru\u00e7\u00e3o Civil (Sinduscon), Federa\u00e7\u00e3o das Ind\u00fastrias do Estado do Maranh\u00e3o (Fiema), Servi\u00e7o de Apoio \u00e0s Micro e Pequenas Empresas (Sebrae). Mas \u00e9 fundamental o compromisso do poder p\u00fablico para darmos sequ\u00eancia aos investimentos que buscamos, pois a atual situa\u00e7\u00e3o est\u00e1 onerando n\u00e3o somente os comerciantes, mas outros segmentos.<\/p>\n\n\n\n<p><strong>Convidados<\/strong><\/p>\n\n\n\n<p>Para a o debate foram convocados os seguintes \u00f3rg\u00e3os e organiza\u00e7\u00f5es: Secretaria Estadual de Seguran\u00e7a P\u00fablica, Conselho Municipal de Turismo (COMTUR), Ag\u00eancia Municipal de Desenvolvimento Econ\u00f4mico e Social (AMDES), Batalh\u00e3o de Pol\u00edcia Militar de Turismo (BPTUR), Funda\u00e7\u00e3o Municipal de Patrim\u00f4nio Hist\u00f3rico (FUMPH), al\u00e9m das entidades: Sebrae e C\u00e2mara dos Dirigentes Lojistas de S\u00e3o Lu\u00eds (CDL) e a Equatorial Maranh\u00e3o, concession\u00e1ria de energia el\u00e9trica do estado.<\/p>\n\n\n\n<p>Confira:<\/p>\n\n\n\n<div class=\"wp-block-image\"><figure class=\"aligncenter size-large\"><a href=\"https:\/\/www.blogsoestado.com\/danielmatos\/files\/2023\/03\/Screenshot_20230328-2227102.png\"><img decoding=\"async\" src=\"https:\/\/www.blogsoestado.com\/danielmatos\/files\/2023\/03\/Screenshot_20230328-2227102.png\" alt=\"\" class=\"wp-image-107649\"\/><\/a><\/figure><\/div>\n\n\n\n<div class=\"wp-block-image\"><figure class=\"aligncenter size-large\"><a href=\"https:\/\/www.blogsoestado.com\/danielmatos\/files\/2023\/03\/Screenshot_20230328-2227332.png\"><img decoding=\"async\" src=\"https:\/\/www.blogsoestado.com\/danielmatos\/files\/2023\/03\/Screenshot_20230328-2227332.png\" alt=\"\" class=\"wp-image-107650\"\/><\/a><\/figure><\/div>\n","protected":false},"excerpt":{"rendered":"<p>Associa\u00e7\u00e3o Comercial do Maranh\u00e3o (ACM) sediar\u00e1 encontro entre donos de lojas e outros estabelecimentos com autoridades do governo estadual e [&hellip;]<\/p>\n","protected":false},"author":0,"featured_media":0,"comment_status":"open","ping_status":"open","sticky":false,"template":"","format":"standard","meta":{"site-sidebar-layout":"default","site-content-layout":"","ast-site-content-layout":"default","site-content-style":"default","site-sidebar-style":"default","ast-global-header-display":"","ast-banner-title-visibility":"","ast-main-header-display":"","ast-hfb-above-header-display":"","ast-hfb-below-header-display":"","ast-hfb-mobile-header-display":"","site-post-title":"","ast-breadcrumbs-content":"","ast-featured-img":"","footer-sml-layout":"","ast-disable-related-posts":"","theme-transparent-header-meta":"","adv-header-id-meta":"","stick-header-meta":"","header-above-stick-meta":"","header-main-stick-meta":"","header-below-stick-meta":"","astra-migrate-meta-layouts":"default","ast-page-background-enabled":"default","ast-page-background-meta":{"desktop":{"background-color":"var(--ast-global-color-5)","background-image":"","background-repeat":"repeat","background-position":"center center","background-size":"auto","background-attachment":"scroll","background-type":"","background-media":"","overlay-type":"","overlay-color":"","overlay-opacity":"","overlay-gradient":""},"tablet":{"background-color":"","background-image":"","background-repeat":"repeat","background-position":"center center","background-size":"auto","background-attachment":"scroll","background-type":"","background-media":"","overlay-type":"","overlay-color":"","overlay-opacity":"","overlay-gradient":""},"mobile":{"background-color":"","background-image":"","background-repeat":"repeat","background-position":"center center","background-size":"auto","background-attachment":"scroll","background-type":"","background-media":"","overlay-type":"","overlay-color":"","overlay-opacity":"","overlay-gradient":""}},"ast-content-background-meta":{"desktop":{"background-color":"var(--ast-global-color-4)","background-image":"","background-repeat":"repeat","background-position":"center center","background-size":"auto","background-attachment":"scroll","background-type":"","background-media":"","overlay-type":"","overlay-color":"","overlay-opacity":"","overlay-gradient":""},"tablet":{"background-color":"var(--ast-global-color-4)","background-image":"","background-repeat":"repeat","background-position":"center center","background-size":"auto","background-attachment":"scroll","background-type":"","background-media":"","overlay-type":"","overlay-color":"","overlay-opacity":"","overlay-gradient":""},"mobile":{"background-color":"var(--ast-global-color-4)","background-image":"","background-repeat":"repeat","background-position":"center center","background-size":"auto","background-attachment":"scroll","background-type":"","background-media":"","overlay-type":"","overlay-color":"","overlay-opacity":"","overlay-gradient":""}},"footnotes":""},"categories":[1],"tags":[],"class_list":["post-107648","post","type-post","status-publish","format-standard","hentry","category-sem-categoria"],"yoast_head":"<!-- This site is optimized with the Yoast SEO plugin v26.6 - https:\/\/yoast.com\/wordpress\/plugins\/seo\/ -->\n<title>Empres\u00e1rios far\u00e3o apelo por seguran\u00e7a no Centro Hist\u00f3rico de S\u00e3o Lu\u00eds em reuni\u00e3o com poder p\u00fablico nesta quarta-feira (29) - Daniel Matos<\/title>\n<meta name=\"robots\" content=\"index, follow, max-snippet:-1, max-image-preview:large, max-video-preview:-1\" \/>\n<link rel=\"canonical\" href=\"https:\/\/www.blogsoestado.com\/danielmatos\/empresarios-farao-apelo-por-seguranca-no-centro-historico-de-sao-luis-em-reuniao-com-poder-publico-nesta-quarta-feira-29\/\" \/>\n<meta property=\"og:locale\" content=\"pt_BR\" \/>\n<meta property=\"og:type\" content=\"article\" \/>\n<meta property=\"og:title\" content=\"Empres\u00e1rios far\u00e3o apelo por seguran\u00e7a no Centro Hist\u00f3rico de S\u00e3o Lu\u00eds em reuni\u00e3o com poder p\u00fablico nesta quarta-feira (29) - Daniel Matos\" \/>\n<meta property=\"og:description\" content=\"Associa\u00e7\u00e3o Comercial do Maranh\u00e3o (ACM) sediar\u00e1 encontro entre donos de lojas e outros estabelecimentos com autoridades do governo estadual e [&hellip;]\" \/>\n<meta property=\"og:url\" content=\"https:\/\/www.blogsoestado.com\/danielmatos\/empresarios-farao-apelo-por-seguranca-no-centro-historico-de-sao-luis-em-reuniao-com-poder-publico-nesta-quarta-feira-29\/\" \/>\n<meta property=\"og:site_name\" content=\"Daniel Matos\" \/>\n<meta property=\"article:published_time\" content=\"2023-03-29T01:34:26+00:00\" \/>\n<meta property=\"og:image\" content=\"https:\/\/www.blogsoestado.com\/danielmatos\/files\/2023\/03\/Screenshot_20230328-2224552.png\" \/>\n<meta name=\"twitter:card\" content=\"summary_large_image\" \/>\n<meta name=\"twitter:label1\" content=\"Est. tempo de leitura\" \/>\n\t<meta name=\"twitter:data1\" content=\"4 minutos\" \/>\n<script type=\"application\/ld+json\" class=\"yoast-schema-graph\">{\"@context\":\"https:\/\/schema.org\",\"@graph\":[{\"@type\":\"WebPage\",\"@id\":\"https:\/\/www.blogsoestado.com\/danielmatos\/empresarios-farao-apelo-por-seguranca-no-centro-historico-de-sao-luis-em-reuniao-com-poder-publico-nesta-quarta-feira-29\/\",\"url\":\"https:\/\/www.blogsoestado.com\/danielmatos\/empresarios-farao-apelo-por-seguranca-no-centro-historico-de-sao-luis-em-reuniao-com-poder-publico-nesta-quarta-feira-29\/\",\"name\":\"Empres\u00e1rios far\u00e3o apelo por seguran\u00e7a no Centro Hist\u00f3rico de S\u00e3o Lu\u00eds em reuni\u00e3o com poder p\u00fablico nesta quarta-feira (29) - Daniel Matos\",\"isPartOf\":{\"@id\":\"https:\/\/www.blogsoestado.com\/danielmatos\/#website\"},\"primaryImageOfPage\":{\"@id\":\"https:\/\/www.blogsoestado.com\/danielmatos\/empresarios-farao-apelo-por-seguranca-no-centro-historico-de-sao-luis-em-reuniao-com-poder-publico-nesta-quarta-feira-29\/#primaryimage\"},\"image\":{\"@id\":\"https:\/\/www.blogsoestado.com\/danielmatos\/empresarios-farao-apelo-por-seguranca-no-centro-historico-de-sao-luis-em-reuniao-com-poder-publico-nesta-quarta-feira-29\/#primaryimage\"},\"thumbnailUrl\":\"https:\/\/www.blogsoestado.com\/danielmatos\/files\/2023\/03\/Screenshot_20230328-2224552.png\",\"datePublished\":\"2023-03-29T01:34:26+00:00\",\"author\":{\"@id\":\"\"},\"breadcrumb\":{\"@id\":\"https:\/\/www.blogsoestado.com\/danielmatos\/empresarios-farao-apelo-por-seguranca-no-centro-historico-de-sao-luis-em-reuniao-com-poder-publico-nesta-quarta-feira-29\/#breadcrumb\"},\"inLanguage\":\"pt-BR\",\"potentialAction\":[{\"@type\":\"ReadAction\",\"target\":[\"https:\/\/www.blogsoestado.com\/danielmatos\/empresarios-farao-apelo-por-seguranca-no-centro-historico-de-sao-luis-em-reuniao-com-poder-publico-nesta-quarta-feira-29\/\"]}]},{\"@type\":\"ImageObject\",\"inLanguage\":\"pt-BR\",\"@id\":\"https:\/\/www.blogsoestado.com\/danielmatos\/empresarios-farao-apelo-por-seguranca-no-centro-historico-de-sao-luis-em-reuniao-com-poder-publico-nesta-quarta-feira-29\/#primaryimage\",\"url\":\"https:\/\/www.blogsoestado.com\/danielmatos\/files\/2023\/03\/Screenshot_20230328-2224552.png\",\"contentUrl\":\"https:\/\/www.blogsoestado.com\/danielmatos\/files\/2023\/03\/Screenshot_20230328-2224552.png\"},{\"@type\":\"BreadcrumbList\",\"@id\":\"https:\/\/www.blogsoestado.com\/danielmatos\/empresarios-farao-apelo-por-seguranca-no-centro-historico-de-sao-luis-em-reuniao-com-poder-publico-nesta-quarta-feira-29\/#breadcrumb\",\"itemListElement\":[{\"@type\":\"ListItem\",\"position\":1,\"name\":\"In\u00edcio\",\"item\":\"https:\/\/www.blogsoestado.com\/danielmatos\/\"},{\"@type\":\"ListItem\",\"position\":2,\"name\":\"Empres\u00e1rios far\u00e3o apelo por seguran\u00e7a no Centro Hist\u00f3rico de S\u00e3o Lu\u00eds em reuni\u00e3o com poder p\u00fablico nesta quarta-feira (29)\"}]},{\"@type\":\"WebSite\",\"@id\":\"https:\/\/www.blogsoestado.com\/danielmatos\/#website\",\"url\":\"https:\/\/www.blogsoestado.com\/danielmatos\/\",\"name\":\"Daniel Matos\",\"description\":\"\",\"potentialAction\":[{\"@type\":\"SearchAction\",\"target\":{\"@type\":\"EntryPoint\",\"urlTemplate\":\"https:\/\/www.blogsoestado.com\/danielmatos\/?s={search_term_string}\"},\"query-input\":{\"@type\":\"PropertyValueSpecification\",\"valueRequired\":true,\"valueName\":\"search_term_string\"}}],\"inLanguage\":\"pt-BR\"}]}<\/script>\n<!-- \/ Yoast SEO plugin. -->","yoast_head_json":{"title":"Empres\u00e1rios far\u00e3o apelo por seguran\u00e7a no Centro Hist\u00f3rico de S\u00e3o Lu\u00eds em reuni\u00e3o com poder p\u00fablico nesta quarta-feira (29) - Daniel Matos","robots":{"index":"index","follow":"follow","max-snippet":"max-snippet:-1","max-image-preview":"max-image-preview:large","max-video-preview":"max-video-preview:-1"},"canonical":"https:\/\/www.blogsoestado.com\/danielmatos\/empresarios-farao-apelo-por-seguranca-no-centro-historico-de-sao-luis-em-reuniao-com-poder-publico-nesta-quarta-feira-29\/","og_locale":"pt_BR","og_type":"article","og_title":"Empres\u00e1rios far\u00e3o apelo por seguran\u00e7a no Centro Hist\u00f3rico de S\u00e3o Lu\u00eds em reuni\u00e3o com poder p\u00fablico nesta quarta-feira (29) - Daniel Matos","og_description":"Associa\u00e7\u00e3o Comercial do Maranh\u00e3o (ACM) sediar\u00e1 encontro entre donos de lojas e outros estabelecimentos com autoridades do governo estadual e [&hellip;]","og_url":"https:\/\/www.blogsoestado.com\/danielmatos\/empresarios-farao-apelo-por-seguranca-no-centro-historico-de-sao-luis-em-reuniao-com-poder-publico-nesta-quarta-feira-29\/","og_site_name":"Daniel Matos","article_published_time":"2023-03-29T01:34:26+00:00","og_image":[{"url":"https:\/\/www.blogsoestado.com\/danielmatos\/files\/2023\/03\/Screenshot_20230328-2224552.png","type":"","width":"","height":""}],"twitter_card":"summary_large_image","twitter_misc":{"Est. tempo de leitura":"4 minutos"},"schema":{"@context":"https:\/\/schema.org","@graph":[{"@type":"WebPage","@id":"https:\/\/www.blogsoestado.com\/danielmatos\/empresarios-farao-apelo-por-seguranca-no-centro-historico-de-sao-luis-em-reuniao-com-poder-publico-nesta-quarta-feira-29\/","url":"https:\/\/www.blogsoestado.com\/danielmatos\/empresarios-farao-apelo-por-seguranca-no-centro-historico-de-sao-luis-em-reuniao-com-poder-publico-nesta-quarta-feira-29\/","name":"Empres\u00e1rios far\u00e3o apelo por seguran\u00e7a no Centro Hist\u00f3rico de S\u00e3o Lu\u00eds em reuni\u00e3o com poder p\u00fablico nesta quarta-feira (29) - Daniel Matos","isPartOf":{"@id":"https:\/\/www.blogsoestado.com\/danielmatos\/#website"},"primaryImageOfPage":{"@id":"https:\/\/www.blogsoestado.com\/danielmatos\/empresarios-farao-apelo-por-seguranca-no-centro-historico-de-sao-luis-em-reuniao-com-poder-publico-nesta-quarta-feira-29\/#primaryimage"},"image":{"@id":"https:\/\/www.blogsoestado.com\/danielmatos\/empresarios-farao-apelo-por-seguranca-no-centro-historico-de-sao-luis-em-reuniao-com-poder-publico-nesta-quarta-feira-29\/#primaryimage"},"thumbnailUrl":"https:\/\/www.blogsoestado.com\/danielmatos\/files\/2023\/03\/Screenshot_20230328-2224552.png","datePublished":"2023-03-29T01:34:26+00:00","author":{"@id":""},"breadcrumb":{"@id":"https:\/\/www.blogsoestado.com\/danielmatos\/empresarios-farao-apelo-por-seguranca-no-centro-historico-de-sao-luis-em-reuniao-com-poder-publico-nesta-quarta-feira-29\/#breadcrumb"},"inLanguage":"pt-BR","potentialAction":[{"@type":"ReadAction","target":["https:\/\/www.blogsoestado.com\/danielmatos\/empresarios-farao-apelo-por-seguranca-no-centro-historico-de-sao-luis-em-reuniao-com-poder-publico-nesta-quarta-feira-29\/"]}]},{"@type":"ImageObject","inLanguage":"pt-BR","@id":"https:\/\/www.blogsoestado.com\/danielmatos\/empresarios-farao-apelo-por-seguranca-no-centro-historico-de-sao-luis-em-reuniao-com-poder-publico-nesta-quarta-feira-29\/#primaryimage","url":"https:\/\/www.blogsoestado.com\/danielmatos\/files\/2023\/03\/Screenshot_20230328-2224552.png","contentUrl":"https:\/\/www.blogsoestado.com\/danielmatos\/files\/2023\/03\/Screenshot_20230328-2224552.png"},{"@type":"BreadcrumbList","@id":"https:\/\/www.blogsoestado.com\/danielmatos\/empresarios-farao-apelo-por-seguranca-no-centro-historico-de-sao-luis-em-reuniao-com-poder-publico-nesta-quarta-feira-29\/#breadcrumb","itemListElement":[{"@type":"ListItem","position":1,"name":"In\u00edcio","item":"https:\/\/www.blogsoestado.com\/danielmatos\/"},{"@type":"ListItem","position":2,"name":"Empres\u00e1rios far\u00e3o apelo por seguran\u00e7a no Centro Hist\u00f3rico de S\u00e3o Lu\u00eds em reuni\u00e3o com poder p\u00fablico nesta quarta-feira (29)"}]},{"@type":"WebSite","@id":"https:\/\/www.blogsoestado.com\/danielmatos\/#website","url":"https:\/\/www.blogsoestado.com\/danielmatos\/","name":"Daniel Matos","description":"","potentialAction":[{"@type":"SearchAction","target":{"@type":"EntryPoint","urlTemplate":"https:\/\/www.blogsoestado.com\/danielmatos\/?s={search_term_string}"},"query-input":{"@type":"PropertyValueSpecification","valueRequired":true,"valueName":"search_term_string"}}],"inLanguage":"pt-BR"}]}},"jetpack_featured_media_url":"","_links":{"self":[{"href":"https:\/\/www.blogsoestado.com\/danielmatos\/wp-json\/wp\/v2\/posts\/107648","targetHints":{"allow":["GET"]}}],"collection":[{"href":"https:\/\/www.blogsoestado.com\/danielmatos\/wp-json\/wp\/v2\/posts"}],"about":[{"href":"https:\/\/www.blogsoestado.com\/danielmatos\/wp-json\/wp\/v2\/types\/post"}],"replies":[{"embeddable":true,"href":"https:\/\/www.blogsoestado.com\/danielmatos\/wp-json\/wp\/v2\/comments?post=107648"}],"version-history":[{"count":0,"href":"https:\/\/www.blogsoestado.com\/danielmatos\/wp-json\/wp\/v2\/posts\/107648\/revisions"}],"wp:attachment":[{"href":"https:\/\/www.blogsoestado.com\/danielmatos\/wp-json\/wp\/v2\/media?parent=107648"}],"wp:term":[{"taxonomy":"category","embeddable":true,"href":"https:\/\/www.blogsoestado.com\/danielmatos\/wp-json\/wp\/v2\/categories?post=107648"},{"taxonomy":"post_tag","embeddable":true,"href":"https:\/\/www.blogsoestado.com\/danielmatos\/wp-json\/wp\/v2\/tags?post=107648"}],"curies":[{"name":"wp","href":"https:\/\/api.w.org\/{rel}","templated":true}]}}