{"id":107653,"date":"2023-03-28T23:15:37","date_gmt":"2023-03-29T02:15:37","guid":{"rendered":"https:\/\/www.blogsoestado.com\/danielmatos\/?p=107653"},"modified":"2023-03-28T23:15:37","modified_gmt":"2023-03-29T02:15:37","slug":"flavio-dino-nega-encontro-com-grupo-criminoso-no-complexo-da-mare-mas-nao-convence-deputados","status":"publish","type":"post","link":"https:\/\/www.blogsoestado.com\/danielmatos\/flavio-dino-nega-encontro-com-grupo-criminoso-no-complexo-da-mare-mas-nao-convence-deputados\/","title":{"rendered":"Fl\u00e1vio Dino nega encontro com grupo criminoso no Complexo da Mar\u00e9, mas n\u00e3o convence deputados"},"content":{"rendered":"\n<p><strong><span class=\"has-inline-color has-vivid-red-color\">Ministro da Justi\u00e7a e Seguran\u00e7a P\u00fablica foi ouvido na Comiss\u00e3o de Constitui\u00e7\u00e3o e Justi\u00e7a (CCJ) da C\u00e2mara Federal, nesta ter\u00e7a-feira (29), em audi\u00eancia marcada por manifesta\u00e7\u00f5es acaloradas, sucessivas interrup\u00e7\u00f5es e at\u00e9 troca de acusa\u00e7\u00f5es<\/span><\/strong><\/p>\n\n\n\n<div class=\"wp-block-image\"><figure class=\"aligncenter size-large\"><a href=\"https:\/\/www.blogsoestado.com\/danielmatos\/files\/2023\/03\/Screenshot_20230328-2310512.png\"><img decoding=\"async\" src=\"https:\/\/www.blogsoestado.com\/danielmatos\/files\/2023\/03\/Screenshot_20230328-2310512.png\" alt=\"\" class=\"wp-image-107654\"\/><\/a><figcaption>Fl\u00e1vio Dino tentou se impor na audi\u00eancia p\u00fablica na CCJ da C\u00e2mara Federal, mas foi confrontado por v\u00e1rios deputados de oposi\u00e7\u00e3o ao governo Lula <\/figcaption><\/figure><\/div>\n\n\n\n<p>O ministro da Justi\u00e7a e Seguran\u00e7a P\u00fablica, Fl\u00e1vio Dino, disse na C\u00e2mara dos Deputados nesta ter\u00e7a-feira (28) que sua ida ao Complexo da Mar\u00e9, na Zona Norte do Rio de Janeiro, no dia 13 de mar\u00e7o, atendeu a um convite da comunidade. Dino classificou como &#8220;esdr\u00faxula&#8221; qualquer tentativa de relacionar o fato a um encontro com l\u00edderes de grupo criminoso.<\/p>\n\n\n\n<p>\u201cRecebi o convite, j\u00e1 recebi outro e espero outros similares. Sempre irei, porque n\u00e3o \u00e9 favor, \u00e9 dever. N\u00e3o sou traidor dos meus compromissos com a sociedade e farei audi\u00eancias p\u00fablicas similares nas comunidades mais pobres e simples do Brasil, porque, afinal, s\u00e3o os destinat\u00e1rios da Seguran\u00e7a P\u00fablica\u201d, disse o ministro, que participou como convidado de audi\u00eancia p\u00fablica na Comiss\u00e3o de Constitui\u00e7\u00e3o e Justi\u00e7a e de Cidadania.<\/p>\n\n\n\n<p>Logo ap\u00f3s a visita de Dino \u00e0 Mar\u00e9, parlamentares de oposi\u00e7\u00e3o afirmaram na tribuna da C\u00e2mara e em redes sociais que o ministro teria ido \u00e0 comunidade \u201cde peito aberto\u201d, ou seja, sem qualquer suporte policial, para se reunir com l\u00edderes de grupo criminoso. \u201cConsidero, a estas alturas, perdoem-me, algo esdr\u00faxulo imaginar que eu fui me reunir com Comando Vermelho e avisei \u00e0 pol\u00edcia. \u00c9 preciso ter seriedade no debate p\u00fablico\u201d, acrescentou o ministro.<\/p>\n\n\n\n<p>Em visita \u00e0 comunidade, Dino participou do lan\u00e7amento da 7\u00aa edi\u00e7\u00e3o do boletim Direito \u00e0 Seguran\u00e7a P\u00fablica na Mar\u00e9, a convite da ONG Redes da Mar\u00e9. Segundo o minist\u00e9rio, o ato mobilizou o apoio das pol\u00edcias Militar, Civil, Federal e Rodovi\u00e1ria Federal e do Corpo de Bombeiros do Rio de Janeiro.<\/p>\n\n\n\n<p><strong>Preconceito<\/strong><br \/>Para Dino, as falas dos parlamentares refletem um preconceito com comunidades pobres do Brasil. \u201cNa pr\u00f3xima, vou convidar os deputados federais para irem comigo, porque n\u00e3o \u00e9 todo mundo que tem medo das comunidades mais pobres do Brasil\u201d, disse.<\/p>\n\n\n\n<p>No \u00faltimo dia 20, o ministro apresentou not\u00edcia-crime ao Supremo Tribunal Federal (STF) pedindo que os parlamentares que fizeram as afirma\u00e7\u00f5es sejam investigados no inqu\u00e9rito das fake news (4.781), que tem como relator o ministro Alexandre de Moraes. A not\u00edcia-crime atinge os deputados Eduardo Bolsonaro (PL-SP), Carlos Jordy (PL-RJ), Paulo Bilynskyj (PL-SP), Otoni de Paula (MDB-RJ) e Cabo Gilberto Silva (PL-PB), al\u00e9m dos senadores Fl\u00e1vio Bolsonaro (PL-RJ) e Marcos do Val (Pode-ES).<\/p>\n\n\n\n<p>Durante a audi\u00eancia, Jordy e Caroline de Toni (PL-SC) afirmaram que, ao acionar o STF no caso, o ministro estaria limitando a liberdade de express\u00e3o e a imunidade parlamentar. Segundo Jordy, o Complexo da Mar\u00e9 \u00e9 um local dominado pelo tr\u00e1fico local, o que tornaria leg\u00edtimo questionar o ministro sobre a visita.<\/p>\n\n\n\n<p>\u201cSabemos que o Complexo da Mar\u00e9 \u00e9 dominado pelo tr\u00e1fico. \u00c9 o local de maior concentra\u00e7\u00e3o de armas de guerra do Brasil e o local de maior distribui\u00e7\u00e3o de drogas para Niter\u00f3i, Baixada Fluminense e para a regi\u00e3o dos lagos\u201d, disse ele.<\/p>\n\n\n\n<p>Em resposta aos deputados, Dino afirmou que \u00e9 necess\u00e1rio saber diferenciar questionamento de afirma\u00e7\u00e3o. \u201cA imunidade parlamentar n\u00e3o pode ser desvirtuada. Uma coisa \u00e9 fazer questionamentos, outra \u00e9 dizer: Fl\u00e1vio Dino foi na Mar\u00e9 em acordo com Comando Vermelho. Isso n\u00e3o \u00e9 questionamento\u201d, disse.<\/p>\n\n\n\n<p>O deputado Mauricio Marcon (Pode-RS), por sua vez, quis saber se a ida do ministro \u00e0 Mar\u00e9 contou com autoriza\u00e7\u00e3o de traficantes e milicianos. \u201cResposta simples: sim ou n\u00e3o?\u201d, indagou.<\/p>\n\n\n\n<p>Os deputados Rodrigo Valadares (Uni\u00e3o-SE) e Delegado Ramagem (PL-RJ) tamb\u00e9m questionaram como se deu a entrada do ministro na comunidade. &nbsp;\u201cO cargo de ministro da Justi\u00e7a j\u00e1 causa uma repulsa natural da bandidagem. E o senhor foi \u00e0 Mar\u00e9 como vai ao S\u00e3o Lu\u00eds Shopping\u201d, disse Valadares. \u201cSe foi feito com a anu\u00eancia de uma organiza\u00e7\u00e3o criminosa, qual a contrapresta\u00e7\u00e3o que eles esperam do senhor ministro da Justi\u00e7a ou do Minist\u00e9rio?\u201d, perguntou Ramagem.<\/p>\n\n\n\n<p>Dino refor\u00e7ou que esteve na comunidade a convite. \u201cEu n\u00e3o tenho acordo com fac\u00e7\u00e3o criminosa, deputado Ramagem, o senhor me respeite. E n\u00e3o h\u00e1 contrapartida do minist\u00e9rio para fa\u00e7\u00f5es, basta olhar os fatos\u201d, disse o ministro. \u201cQuero fazer novamente o meu desagravo a essa vis\u00e3o, que \u00e9 contra as pessoas que moram em bairros populares\u201d, acrescentou.<\/p>\n\n\n\n<p>Ressaltando caracter\u00edsticas da comunidade da Mar\u00e9, o deputado Tarc\u00edsio Motta (Psol-RJ) defendeu a vista do ministro. \u201cA Mar\u00e9 tem 140 mil habitantes, \u00e9 o nono bairro mais populoso do Rio de Janeiro, tem 44 escolas p\u00fablicas, unidade de sa\u00fade, orquestra, museu, escola de dan\u00e7a, companhia de teatro, igreja, rodas de samba e um mont\u00e3o de ONGs e movimentos sociais atuando ali. Voc\u00eas acham mesmo que essas pessoas todas s\u00e3o traficantes?\u201d, disse Motta.<\/p>\n\n\n\n<p>A ida de Fl\u00e1vio Dino \u00e0 CCJ resultou de convite de autoria dos deputados Gerv\u00e1sio Maia (PSB-PB), Orlando Silva (PCdoB-SP) e Rubens Pereira J\u00fanior (PT-MA).&nbsp; Os deputados Carlos Jordy e Caroline de Toni queriam que Dino fosse convocado a comparecer, mas concordaram com a aprova\u00e7\u00e3o do convite.<\/p>\n\n\n\n<p><strong>Fonte: <\/strong>Ag\u00eancia C\u00e2mara de Not\u00edcias<\/p>\n","protected":false},"excerpt":{"rendered":"<p>Ministro da Justi\u00e7a e Seguran\u00e7a P\u00fablica foi ouvido na Comiss\u00e3o de Constitui\u00e7\u00e3o e Justi\u00e7a (CCJ) da C\u00e2mara Federal, nesta ter\u00e7a-feira [&hellip;]<\/p>\n","protected":false},"author":0,"featured_media":0,"comment_status":"open","ping_status":"open","sticky":false,"template":"","format":"standard","meta":{"site-sidebar-layout":"default","site-content-layout":"","ast-site-content-layout":"default","site-content-style":"default","site-sidebar-style":"default","ast-global-header-display":"","ast-banner-title-visibility":"","ast-main-header-display":"","ast-hfb-above-header-display":"","ast-hfb-below-header-display":"","ast-hfb-mobile-header-display":"","site-post-title":"","ast-breadcrumbs-content":"","ast-featured-img":"","footer-sml-layout":"","ast-disable-related-posts":"","theme-transparent-header-meta":"","adv-header-id-meta":"","stick-header-meta":"","header-above-stick-meta":"","header-main-stick-meta":"","header-below-stick-meta":"","astra-migrate-meta-layouts":"default","ast-page-background-enabled":"default","ast-page-background-meta":{"desktop":{"background-color":"var(--ast-global-color-5)","background-image":"","background-repeat":"repeat","background-position":"center center","background-size":"auto","background-attachment":"scroll","background-type":"","background-media":"","overlay-type":"","overlay-color":"","overlay-opacity":"","overlay-gradient":""},"tablet":{"background-color":"","background-image":"","background-repeat":"repeat","background-position":"center center","background-size":"auto","background-attachment":"scroll","background-type":"","background-media":"","overlay-type":"","overlay-color":"","overlay-opacity":"","overlay-gradient":""},"mobile":{"background-color":"","background-image":"","background-repeat":"repeat","background-position":"center center","background-size":"auto","background-attachment":"scroll","background-type":"","background-media":"","overlay-type":"","overlay-color":"","overlay-opacity":"","overlay-gradient":""}},"ast-content-background-meta":{"desktop":{"background-color":"var(--ast-global-color-4)","background-image":"","background-repeat":"repeat","background-position":"center center","background-size":"auto","background-attachment":"scroll","background-type":"","background-media":"","overlay-type":"","overlay-color":"","overlay-opacity":"","overlay-gradient":""},"tablet":{"background-color":"var(--ast-global-color-4)","background-image":"","background-repeat":"repeat","background-position":"center center","background-size":"auto","background-attachment":"scroll","background-type":"","background-media":"","overlay-type":"","overlay-color":"","overlay-opacity":"","overlay-gradient":""},"mobile":{"background-color":"var(--ast-global-color-4)","background-image":"","background-repeat":"repeat","background-position":"center center","background-size":"auto","background-attachment":"scroll","background-type":"","background-media":"","overlay-type":"","overlay-color":"","overlay-opacity":"","overlay-gradient":""}},"footnotes":""},"categories":[1],"tags":[],"class_list":["post-107653","post","type-post","status-publish","format-standard","hentry","category-sem-categoria"],"yoast_head":"<!-- This site is optimized with the Yoast SEO plugin v26.6 - https:\/\/yoast.com\/wordpress\/plugins\/seo\/ -->\n<title>Fl\u00e1vio Dino nega encontro com grupo criminoso no Complexo da Mar\u00e9, mas n\u00e3o convence deputados - Daniel Matos<\/title>\n<meta name=\"robots\" content=\"index, follow, max-snippet:-1, max-image-preview:large, max-video-preview:-1\" \/>\n<link rel=\"canonical\" href=\"https:\/\/www.blogsoestado.com\/danielmatos\/flavio-dino-nega-encontro-com-grupo-criminoso-no-complexo-da-mare-mas-nao-convence-deputados\/\" \/>\n<meta property=\"og:locale\" content=\"pt_BR\" \/>\n<meta property=\"og:type\" content=\"article\" \/>\n<meta property=\"og:title\" content=\"Fl\u00e1vio Dino nega encontro com grupo criminoso no Complexo da Mar\u00e9, mas n\u00e3o convence deputados - Daniel Matos\" \/>\n<meta property=\"og:description\" content=\"Ministro da Justi\u00e7a e Seguran\u00e7a P\u00fablica foi ouvido na Comiss\u00e3o de Constitui\u00e7\u00e3o e Justi\u00e7a (CCJ) da C\u00e2mara Federal, nesta ter\u00e7a-feira [&hellip;]\" \/>\n<meta property=\"og:url\" content=\"https:\/\/www.blogsoestado.com\/danielmatos\/flavio-dino-nega-encontro-com-grupo-criminoso-no-complexo-da-mare-mas-nao-convence-deputados\/\" \/>\n<meta property=\"og:site_name\" content=\"Daniel Matos\" \/>\n<meta property=\"article:published_time\" content=\"2023-03-29T02:15:37+00:00\" \/>\n<meta property=\"og:image\" content=\"https:\/\/www.blogsoestado.com\/danielmatos\/files\/2023\/03\/Screenshot_20230328-2310512.png\" \/>\n<meta name=\"twitter:card\" content=\"summary_large_image\" \/>\n<meta name=\"twitter:label1\" content=\"Est. tempo de leitura\" \/>\n\t<meta name=\"twitter:data1\" content=\"4 minutos\" \/>\n<script type=\"application\/ld+json\" class=\"yoast-schema-graph\">{\"@context\":\"https:\/\/schema.org\",\"@graph\":[{\"@type\":\"WebPage\",\"@id\":\"https:\/\/www.blogsoestado.com\/danielmatos\/flavio-dino-nega-encontro-com-grupo-criminoso-no-complexo-da-mare-mas-nao-convence-deputados\/\",\"url\":\"https:\/\/www.blogsoestado.com\/danielmatos\/flavio-dino-nega-encontro-com-grupo-criminoso-no-complexo-da-mare-mas-nao-convence-deputados\/\",\"name\":\"Fl\u00e1vio Dino nega encontro com grupo criminoso no Complexo da Mar\u00e9, mas n\u00e3o convence deputados - Daniel Matos\",\"isPartOf\":{\"@id\":\"https:\/\/www.blogsoestado.com\/danielmatos\/#website\"},\"primaryImageOfPage\":{\"@id\":\"https:\/\/www.blogsoestado.com\/danielmatos\/flavio-dino-nega-encontro-com-grupo-criminoso-no-complexo-da-mare-mas-nao-convence-deputados\/#primaryimage\"},\"image\":{\"@id\":\"https:\/\/www.blogsoestado.com\/danielmatos\/flavio-dino-nega-encontro-com-grupo-criminoso-no-complexo-da-mare-mas-nao-convence-deputados\/#primaryimage\"},\"thumbnailUrl\":\"https:\/\/www.blogsoestado.com\/danielmatos\/files\/2023\/03\/Screenshot_20230328-2310512.png\",\"datePublished\":\"2023-03-29T02:15:37+00:00\",\"author\":{\"@id\":\"\"},\"breadcrumb\":{\"@id\":\"https:\/\/www.blogsoestado.com\/danielmatos\/flavio-dino-nega-encontro-com-grupo-criminoso-no-complexo-da-mare-mas-nao-convence-deputados\/#breadcrumb\"},\"inLanguage\":\"pt-BR\",\"potentialAction\":[{\"@type\":\"ReadAction\",\"target\":[\"https:\/\/www.blogsoestado.com\/danielmatos\/flavio-dino-nega-encontro-com-grupo-criminoso-no-complexo-da-mare-mas-nao-convence-deputados\/\"]}]},{\"@type\":\"ImageObject\",\"inLanguage\":\"pt-BR\",\"@id\":\"https:\/\/www.blogsoestado.com\/danielmatos\/flavio-dino-nega-encontro-com-grupo-criminoso-no-complexo-da-mare-mas-nao-convence-deputados\/#primaryimage\",\"url\":\"https:\/\/www.blogsoestado.com\/danielmatos\/files\/2023\/03\/Screenshot_20230328-2310512.png\",\"contentUrl\":\"https:\/\/www.blogsoestado.com\/danielmatos\/files\/2023\/03\/Screenshot_20230328-2310512.png\"},{\"@type\":\"BreadcrumbList\",\"@id\":\"https:\/\/www.blogsoestado.com\/danielmatos\/flavio-dino-nega-encontro-com-grupo-criminoso-no-complexo-da-mare-mas-nao-convence-deputados\/#breadcrumb\",\"itemListElement\":[{\"@type\":\"ListItem\",\"position\":1,\"name\":\"In\u00edcio\",\"item\":\"https:\/\/www.blogsoestado.com\/danielmatos\/\"},{\"@type\":\"ListItem\",\"position\":2,\"name\":\"Fl\u00e1vio Dino nega encontro com grupo criminoso no Complexo da Mar\u00e9, mas n\u00e3o convence deputados\"}]},{\"@type\":\"WebSite\",\"@id\":\"https:\/\/www.blogsoestado.com\/danielmatos\/#website\",\"url\":\"https:\/\/www.blogsoestado.com\/danielmatos\/\",\"name\":\"Daniel Matos\",\"description\":\"\",\"potentialAction\":[{\"@type\":\"SearchAction\",\"target\":{\"@type\":\"EntryPoint\",\"urlTemplate\":\"https:\/\/www.blogsoestado.com\/danielmatos\/?s={search_term_string}\"},\"query-input\":{\"@type\":\"PropertyValueSpecification\",\"valueRequired\":true,\"valueName\":\"search_term_string\"}}],\"inLanguage\":\"pt-BR\"}]}<\/script>\n<!-- \/ Yoast SEO plugin. -->","yoast_head_json":{"title":"Fl\u00e1vio Dino nega encontro com grupo criminoso no Complexo da Mar\u00e9, mas n\u00e3o convence deputados - Daniel Matos","robots":{"index":"index","follow":"follow","max-snippet":"max-snippet:-1","max-image-preview":"max-image-preview:large","max-video-preview":"max-video-preview:-1"},"canonical":"https:\/\/www.blogsoestado.com\/danielmatos\/flavio-dino-nega-encontro-com-grupo-criminoso-no-complexo-da-mare-mas-nao-convence-deputados\/","og_locale":"pt_BR","og_type":"article","og_title":"Fl\u00e1vio Dino nega encontro com grupo criminoso no Complexo da Mar\u00e9, mas n\u00e3o convence deputados - Daniel Matos","og_description":"Ministro da Justi\u00e7a e Seguran\u00e7a P\u00fablica foi ouvido na Comiss\u00e3o de Constitui\u00e7\u00e3o e Justi\u00e7a (CCJ) da C\u00e2mara Federal, nesta ter\u00e7a-feira [&hellip;]","og_url":"https:\/\/www.blogsoestado.com\/danielmatos\/flavio-dino-nega-encontro-com-grupo-criminoso-no-complexo-da-mare-mas-nao-convence-deputados\/","og_site_name":"Daniel Matos","article_published_time":"2023-03-29T02:15:37+00:00","og_image":[{"url":"https:\/\/www.blogsoestado.com\/danielmatos\/files\/2023\/03\/Screenshot_20230328-2310512.png","type":"","width":"","height":""}],"twitter_card":"summary_large_image","twitter_misc":{"Est. tempo de leitura":"4 minutos"},"schema":{"@context":"https:\/\/schema.org","@graph":[{"@type":"WebPage","@id":"https:\/\/www.blogsoestado.com\/danielmatos\/flavio-dino-nega-encontro-com-grupo-criminoso-no-complexo-da-mare-mas-nao-convence-deputados\/","url":"https:\/\/www.blogsoestado.com\/danielmatos\/flavio-dino-nega-encontro-com-grupo-criminoso-no-complexo-da-mare-mas-nao-convence-deputados\/","name":"Fl\u00e1vio Dino nega encontro com grupo criminoso no Complexo da Mar\u00e9, mas n\u00e3o convence deputados - Daniel Matos","isPartOf":{"@id":"https:\/\/www.blogsoestado.com\/danielmatos\/#website"},"primaryImageOfPage":{"@id":"https:\/\/www.blogsoestado.com\/danielmatos\/flavio-dino-nega-encontro-com-grupo-criminoso-no-complexo-da-mare-mas-nao-convence-deputados\/#primaryimage"},"image":{"@id":"https:\/\/www.blogsoestado.com\/danielmatos\/flavio-dino-nega-encontro-com-grupo-criminoso-no-complexo-da-mare-mas-nao-convence-deputados\/#primaryimage"},"thumbnailUrl":"https:\/\/www.blogsoestado.com\/danielmatos\/files\/2023\/03\/Screenshot_20230328-2310512.png","datePublished":"2023-03-29T02:15:37+00:00","author":{"@id":""},"breadcrumb":{"@id":"https:\/\/www.blogsoestado.com\/danielmatos\/flavio-dino-nega-encontro-com-grupo-criminoso-no-complexo-da-mare-mas-nao-convence-deputados\/#breadcrumb"},"inLanguage":"pt-BR","potentialAction":[{"@type":"ReadAction","target":["https:\/\/www.blogsoestado.com\/danielmatos\/flavio-dino-nega-encontro-com-grupo-criminoso-no-complexo-da-mare-mas-nao-convence-deputados\/"]}]},{"@type":"ImageObject","inLanguage":"pt-BR","@id":"https:\/\/www.blogsoestado.com\/danielmatos\/flavio-dino-nega-encontro-com-grupo-criminoso-no-complexo-da-mare-mas-nao-convence-deputados\/#primaryimage","url":"https:\/\/www.blogsoestado.com\/danielmatos\/files\/2023\/03\/Screenshot_20230328-2310512.png","contentUrl":"https:\/\/www.blogsoestado.com\/danielmatos\/files\/2023\/03\/Screenshot_20230328-2310512.png"},{"@type":"BreadcrumbList","@id":"https:\/\/www.blogsoestado.com\/danielmatos\/flavio-dino-nega-encontro-com-grupo-criminoso-no-complexo-da-mare-mas-nao-convence-deputados\/#breadcrumb","itemListElement":[{"@type":"ListItem","position":1,"name":"In\u00edcio","item":"https:\/\/www.blogsoestado.com\/danielmatos\/"},{"@type":"ListItem","position":2,"name":"Fl\u00e1vio Dino nega encontro com grupo criminoso no Complexo da Mar\u00e9, mas n\u00e3o convence deputados"}]},{"@type":"WebSite","@id":"https:\/\/www.blogsoestado.com\/danielmatos\/#website","url":"https:\/\/www.blogsoestado.com\/danielmatos\/","name":"Daniel Matos","description":"","potentialAction":[{"@type":"SearchAction","target":{"@type":"EntryPoint","urlTemplate":"https:\/\/www.blogsoestado.com\/danielmatos\/?s={search_term_string}"},"query-input":{"@type":"PropertyValueSpecification","valueRequired":true,"valueName":"search_term_string"}}],"inLanguage":"pt-BR"}]}},"jetpack_featured_media_url":"","_links":{"self":[{"href":"https:\/\/www.blogsoestado.com\/danielmatos\/wp-json\/wp\/v2\/posts\/107653","targetHints":{"allow":["GET"]}}],"collection":[{"href":"https:\/\/www.blogsoestado.com\/danielmatos\/wp-json\/wp\/v2\/posts"}],"about":[{"href":"https:\/\/www.blogsoestado.com\/danielmatos\/wp-json\/wp\/v2\/types\/post"}],"replies":[{"embeddable":true,"href":"https:\/\/www.blogsoestado.com\/danielmatos\/wp-json\/wp\/v2\/comments?post=107653"}],"version-history":[{"count":0,"href":"https:\/\/www.blogsoestado.com\/danielmatos\/wp-json\/wp\/v2\/posts\/107653\/revisions"}],"wp:attachment":[{"href":"https:\/\/www.blogsoestado.com\/danielmatos\/wp-json\/wp\/v2\/media?parent=107653"}],"wp:term":[{"taxonomy":"category","embeddable":true,"href":"https:\/\/www.blogsoestado.com\/danielmatos\/wp-json\/wp\/v2\/categories?post=107653"},{"taxonomy":"post_tag","embeddable":true,"href":"https:\/\/www.blogsoestado.com\/danielmatos\/wp-json\/wp\/v2\/tags?post=107653"}],"curies":[{"name":"wp","href":"https:\/\/api.w.org\/{rel}","templated":true}]}}