{"id":107689,"date":"2023-03-29T14:24:44","date_gmt":"2023-03-29T17:24:44","guid":{"rendered":"https:\/\/www.blogsoestado.com\/danielmatos\/?p=107689"},"modified":"2023-03-29T14:24:44","modified_gmt":"2023-03-29T17:24:44","slug":"equatorial-maranhao-orienta-sobre-prevencao-de-acidentes-com-energia-eletrica-no-periodo-de-chuvas-intensas-e-alagamento","status":"publish","type":"post","link":"https:\/\/www.blogsoestado.com\/danielmatos\/equatorial-maranhao-orienta-sobre-prevencao-de-acidentes-com-energia-eletrica-no-periodo-de-chuvas-intensas-e-alagamento\/","title":{"rendered":"Equatorial Maranh\u00e3o orienta sobre preven\u00e7\u00e3o de acidentes com energia el\u00e9trica no per\u00edodo de chuvas intensas e alagamento"},"content":{"rendered":"\n<div class=\"wp-block-image\"><figure class=\"aligncenter size-large\"><a href=\"https:\/\/www.blogsoestado.com\/danielmatos\/files\/2023\/03\/Screenshot_20230329-1405452.png\"><img decoding=\"async\" src=\"https:\/\/www.blogsoestado.com\/danielmatos\/files\/2023\/03\/Screenshot_20230329-1405452.png\" alt=\"\" class=\"wp-image-107692\"\/><\/a><figcaption>Ruas alagadas exp\u00f5em a popula\u00e7\u00e3o ao risco de acidentes com a rede el\u00e9trica<\/figcaption><\/figure><\/div>\n\n\n\n<p>O Maranh\u00e3o est\u00e1 passando por fortes chuvas nos \u00faltimos dias, fen\u00f4meno que vem causando danos em v\u00e1rios munic\u00edpios. Algumas localidades est\u00e3o sofrendo com alagamentos e deslizamentos de terra. Segundo o Instituto Nacional de Meteorologia (Inmet) o estado est\u00e1 em alerta laranja (perigo) e a previs\u00e3o \u00e9 de chuva entre 30 e 60 mm\/h ou 50 e 100 mm\/dia e ventos intensos (60-100 km\/h).<\/p>\n\n\n\n<p>Nesse cen\u00e1rio de grande incid\u00eancia de ventanias, muita chuva e descargas atmosf\u00e9ricas (raios e trov\u00f5es), a Equatorial Maranh\u00e3o alerta que \u00e9 preciso ter aten\u00e7\u00e3o redobrada com a energia el\u00e9trica e ter sempre muito cuidado.<\/p>\n\n\n\n<p>\u201cAcidentes com eletricidade no per\u00edodo chuvoso, muitas vezes, s\u00e3o fatais, pois chuva com energia el\u00e9trica \u00e9 uma combina\u00e7\u00e3o perigosa! Por isso, os cuidados com eletricidade devem ser redobrados nessa \u00e9poca, seja em casa ou na rua\u201d, alerta Rosemeire Barbosa, Executiva de Seguran\u00e7a do Trabalho da Equatorial Maranh\u00e3o. A especialista traz ainda algumas medidas de seguran\u00e7a para evitar acidentes com choques el\u00e9tricos, curtos-circuitos e quebra de postes.<\/p>\n\n\n\n<div class=\"wp-block-image\"><figure class=\"aligncenter size-large\"><a href=\"https:\/\/www.blogsoestado.com\/danielmatos\/files\/2023\/03\/Screenshot_20230329-1405222.png\"><img decoding=\"async\" src=\"https:\/\/www.blogsoestado.com\/danielmatos\/files\/2023\/03\/Screenshot_20230329-1405222.png\" alt=\"\" class=\"wp-image-107691\"\/><\/a><figcaption>As pessoas precisam redobrar os cuidados para n\u00e3o sofrerem descargas el\u00e9tricas durante chuvas ou em meio a alagamentos <\/figcaption><\/figure><\/div>\n\n\n\n<ul class=\"wp-block-list\"><li>Quando a chuva vier com raios e trov\u00f5es, retire da tomada imediatamente os equipamentos como televis\u00e3o, som, ventilador, computador, carregadores de celulares e outros. Fa\u00e7a isso utilizando cal\u00e7ados com solados isolantes (de borracha);<\/li><\/ul>\n\n\n\n<ul class=\"wp-block-list\"><li>Observe se h\u00e1 goteiras perto de instala\u00e7\u00f5es el\u00e9tricas, pois \u00e1gua conduz energia;<\/li><\/ul>\n\n\n\n<ul class=\"wp-block-list\"><li>Se perceber que as paredes de casa est\u00e3o \u00famidas, evite o contato com elas e n\u00e3o ligue equipamentos el\u00e9tricos em tomadas instaladas no local, pois a umidade pode gerar danos \u00e0s instala\u00e7\u00f5es el\u00e9tricas, causando defeitos nos equipamentos;<\/li><\/ul>\n\n\n\n<ul class=\"wp-block-list\"><li>Durante as chuvas, deve-se evitar a manuten\u00e7\u00e3o em telhados e cercas el\u00e9tricas devido ao risco de ser atingido por descargas atmosf\u00e9ricas (raios). Tamb\u00e9m n\u00e3o se deve fazer manuten\u00e7\u00e3o em equipamentos el\u00e9tricos ligados \u00e0 tomada devido ao risco de choque el\u00e9trico;<\/li><\/ul>\n\n\n\n<ul class=\"wp-block-list\"><li>Se estiver na rua, n\u00e3o fique em \u00e1reas como campos de futebol, piscina, lagos, lagoas, praias, \u00e1rvores, mastros, locais elevados ou embaixo de postes e fia\u00e7\u00e3o el\u00e9trica. O recomendado \u00e9 procurar um abrigo;<\/li><\/ul>\n\n\n\n<ul class=\"wp-block-list\"><li>Se algum cabo cair ao solo, n\u00e3o se aproxime e nem toque em pessoas ou objetos que estejam em contato com a rede el\u00e9trica. Isole a \u00e1rea e ligue imediatamente para Central de Atendimento pelo n\u00famero 116 e para o Corpo de Bombeiros pelo n\u00famero 193;<\/li><\/ul>\n\n\n\n<ul class=\"wp-block-list\"><li>Ao primeiro sinal de alagamento, os eletrodom\u00e9sticos devem ficar fora da tomada e se o n\u00edvel da \u00e1gua subir muito, desligue a chave geral (disjuntor);<\/li><\/ul>\n\n\n\n<ul class=\"wp-block-list\"><li>Em casos de alagamento, siga todas as orienta\u00e7\u00f5es da Defesa Civil e Corpo de Bombeiros. S\u00f3 volte ao local quando o n\u00edvel da \u00e1gua baixar e quando for orientado pelos \u00f3rg\u00e3os competentes.<\/li><\/ul>\n\n\n\n<div class=\"wp-block-image\"><figure class=\"aligncenter size-large\"><a href=\"https:\/\/www.blogsoestado.com\/danielmatos\/files\/2023\/03\/Screenshot_20230329-1404582.png\"><img decoding=\"async\" src=\"https:\/\/www.blogsoestado.com\/danielmatos\/files\/2023\/03\/Screenshot_20230329-1404582.png\" alt=\"\" class=\"wp-image-107690\"\/><\/a><figcaption>Para reduzir o perigo, os \u00f3rg\u00e3os competentes realizam avalia\u00e7\u00e3o t\u00e9cnica em \u00e1reas alagadas, e quando necess\u00e1rio acionam a distribuidora para desligar a energia, a fim de evitar acidentes envolvendo a rede el\u00e9trica<\/figcaption><\/figure><\/div>\n\n\n\n<p>Vale ressaltar que nessas situa\u00e7\u00f5es, os \u00f3rg\u00e3os competentes realizam avalia\u00e7\u00e3o t\u00e9cnica em \u00e1reas alagadas, e quando necess\u00e1rio acionam a Distribuidora para desligar a energia com o prop\u00f3sito de evitar acidentes envolvendo a rede el\u00e9trica. E assim que esse n\u00edvel de \u00e1gua baixar, a Distribuidora realiza a religa\u00e7\u00e3o com seguran\u00e7a para todos.<\/p>\n\n\n\n<p>A Equatorial orienta que em situa\u00e7\u00f5es de acidentes envolvendo a rede de energia el\u00e9trica, a popula\u00e7\u00e3o jamais deve tocar em v\u00edtimas de choque el\u00e9trico e deve ligar imediatamente para a Central 116 e Corpo de Bombeiros no 193.<\/p>\n","protected":false},"excerpt":{"rendered":"<p>O Maranh\u00e3o est\u00e1 passando por fortes chuvas nos \u00faltimos dias, fen\u00f4meno que vem causando danos em v\u00e1rios munic\u00edpios. Algumas localidades [&hellip;]<\/p>\n","protected":false},"author":0,"featured_media":0,"comment_status":"open","ping_status":"open","sticky":false,"template":"","format":"standard","meta":{"site-sidebar-layout":"default","site-content-layout":"","ast-site-content-layout":"default","site-content-style":"default","site-sidebar-style":"default","ast-global-header-display":"","ast-banner-title-visibility":"","ast-main-header-display":"","ast-hfb-above-header-display":"","ast-hfb-below-header-display":"","ast-hfb-mobile-header-display":"","site-post-title":"","ast-breadcrumbs-content":"","ast-featured-img":"","footer-sml-layout":"","ast-disable-related-posts":"","theme-transparent-header-meta":"","adv-header-id-meta":"","stick-header-meta":"","header-above-stick-meta":"","header-main-stick-meta":"","header-below-stick-meta":"","astra-migrate-meta-layouts":"default","ast-page-background-enabled":"default","ast-page-background-meta":{"desktop":{"background-color":"var(--ast-global-color-5)","background-image":"","background-repeat":"repeat","background-position":"center center","background-size":"auto","background-attachment":"scroll","background-type":"","background-media":"","overlay-type":"","overlay-color":"","overlay-opacity":"","overlay-gradient":""},"tablet":{"background-color":"","background-image":"","background-repeat":"repeat","background-position":"center center","background-size":"auto","background-attachment":"scroll","background-type":"","background-media":"","overlay-type":"","overlay-color":"","overlay-opacity":"","overlay-gradient":""},"mobile":{"background-color":"","background-image":"","background-repeat":"repeat","background-position":"center center","background-size":"auto","background-attachment":"scroll","background-type":"","background-media":"","overlay-type":"","overlay-color":"","overlay-opacity":"","overlay-gradient":""}},"ast-content-background-meta":{"desktop":{"background-color":"var(--ast-global-color-4)","background-image":"","background-repeat":"repeat","background-position":"center center","background-size":"auto","background-attachment":"scroll","background-type":"","background-media":"","overlay-type":"","overlay-color":"","overlay-opacity":"","overlay-gradient":""},"tablet":{"background-color":"var(--ast-global-color-4)","background-image":"","background-repeat":"repeat","background-position":"center center","background-size":"auto","background-attachment":"scroll","background-type":"","background-media":"","overlay-type":"","overlay-color":"","overlay-opacity":"","overlay-gradient":""},"mobile":{"background-color":"var(--ast-global-color-4)","background-image":"","background-repeat":"repeat","background-position":"center center","background-size":"auto","background-attachment":"scroll","background-type":"","background-media":"","overlay-type":"","overlay-color":"","overlay-opacity":"","overlay-gradient":""}},"footnotes":""},"categories":[1],"tags":[],"class_list":["post-107689","post","type-post","status-publish","format-standard","hentry","category-sem-categoria"],"yoast_head":"<!-- This site is optimized with the Yoast SEO plugin v26.6 - https:\/\/yoast.com\/wordpress\/plugins\/seo\/ -->\n<title>Equatorial Maranh\u00e3o orienta sobre preven\u00e7\u00e3o de acidentes com energia el\u00e9trica no per\u00edodo de chuvas intensas e alagamento - Daniel Matos<\/title>\n<meta name=\"robots\" content=\"index, follow, max-snippet:-1, max-image-preview:large, max-video-preview:-1\" \/>\n<link rel=\"canonical\" href=\"https:\/\/www.blogsoestado.com\/danielmatos\/equatorial-maranhao-orienta-sobre-prevencao-de-acidentes-com-energia-eletrica-no-periodo-de-chuvas-intensas-e-alagamento\/\" \/>\n<meta property=\"og:locale\" content=\"pt_BR\" \/>\n<meta property=\"og:type\" content=\"article\" \/>\n<meta property=\"og:title\" content=\"Equatorial Maranh\u00e3o orienta sobre preven\u00e7\u00e3o de acidentes com energia el\u00e9trica no per\u00edodo de chuvas intensas e alagamento - Daniel Matos\" \/>\n<meta property=\"og:description\" content=\"O Maranh\u00e3o est\u00e1 passando por fortes chuvas nos \u00faltimos dias, fen\u00f4meno que vem causando danos em v\u00e1rios munic\u00edpios. Algumas localidades [&hellip;]\" \/>\n<meta property=\"og:url\" content=\"https:\/\/www.blogsoestado.com\/danielmatos\/equatorial-maranhao-orienta-sobre-prevencao-de-acidentes-com-energia-eletrica-no-periodo-de-chuvas-intensas-e-alagamento\/\" \/>\n<meta property=\"og:site_name\" content=\"Daniel Matos\" \/>\n<meta property=\"article:published_time\" content=\"2023-03-29T17:24:44+00:00\" \/>\n<meta property=\"og:image\" content=\"https:\/\/www.blogsoestado.com\/danielmatos\/files\/2023\/03\/Screenshot_20230329-1405452.png\" \/>\n<meta name=\"twitter:card\" content=\"summary_large_image\" \/>\n<meta name=\"twitter:label1\" content=\"Est. tempo de leitura\" \/>\n\t<meta name=\"twitter:data1\" content=\"4 minutos\" \/>\n<script type=\"application\/ld+json\" class=\"yoast-schema-graph\">{\"@context\":\"https:\/\/schema.org\",\"@graph\":[{\"@type\":\"WebPage\",\"@id\":\"https:\/\/www.blogsoestado.com\/danielmatos\/equatorial-maranhao-orienta-sobre-prevencao-de-acidentes-com-energia-eletrica-no-periodo-de-chuvas-intensas-e-alagamento\/\",\"url\":\"https:\/\/www.blogsoestado.com\/danielmatos\/equatorial-maranhao-orienta-sobre-prevencao-de-acidentes-com-energia-eletrica-no-periodo-de-chuvas-intensas-e-alagamento\/\",\"name\":\"Equatorial Maranh\u00e3o orienta sobre preven\u00e7\u00e3o de acidentes com energia el\u00e9trica no per\u00edodo de chuvas intensas e alagamento - Daniel Matos\",\"isPartOf\":{\"@id\":\"https:\/\/www.blogsoestado.com\/danielmatos\/#website\"},\"primaryImageOfPage\":{\"@id\":\"https:\/\/www.blogsoestado.com\/danielmatos\/equatorial-maranhao-orienta-sobre-prevencao-de-acidentes-com-energia-eletrica-no-periodo-de-chuvas-intensas-e-alagamento\/#primaryimage\"},\"image\":{\"@id\":\"https:\/\/www.blogsoestado.com\/danielmatos\/equatorial-maranhao-orienta-sobre-prevencao-de-acidentes-com-energia-eletrica-no-periodo-de-chuvas-intensas-e-alagamento\/#primaryimage\"},\"thumbnailUrl\":\"https:\/\/www.blogsoestado.com\/danielmatos\/files\/2023\/03\/Screenshot_20230329-1405452.png\",\"datePublished\":\"2023-03-29T17:24:44+00:00\",\"author\":{\"@id\":\"\"},\"breadcrumb\":{\"@id\":\"https:\/\/www.blogsoestado.com\/danielmatos\/equatorial-maranhao-orienta-sobre-prevencao-de-acidentes-com-energia-eletrica-no-periodo-de-chuvas-intensas-e-alagamento\/#breadcrumb\"},\"inLanguage\":\"pt-BR\",\"potentialAction\":[{\"@type\":\"ReadAction\",\"target\":[\"https:\/\/www.blogsoestado.com\/danielmatos\/equatorial-maranhao-orienta-sobre-prevencao-de-acidentes-com-energia-eletrica-no-periodo-de-chuvas-intensas-e-alagamento\/\"]}]},{\"@type\":\"ImageObject\",\"inLanguage\":\"pt-BR\",\"@id\":\"https:\/\/www.blogsoestado.com\/danielmatos\/equatorial-maranhao-orienta-sobre-prevencao-de-acidentes-com-energia-eletrica-no-periodo-de-chuvas-intensas-e-alagamento\/#primaryimage\",\"url\":\"https:\/\/www.blogsoestado.com\/danielmatos\/files\/2023\/03\/Screenshot_20230329-1405452.png\",\"contentUrl\":\"https:\/\/www.blogsoestado.com\/danielmatos\/files\/2023\/03\/Screenshot_20230329-1405452.png\"},{\"@type\":\"BreadcrumbList\",\"@id\":\"https:\/\/www.blogsoestado.com\/danielmatos\/equatorial-maranhao-orienta-sobre-prevencao-de-acidentes-com-energia-eletrica-no-periodo-de-chuvas-intensas-e-alagamento\/#breadcrumb\",\"itemListElement\":[{\"@type\":\"ListItem\",\"position\":1,\"name\":\"In\u00edcio\",\"item\":\"https:\/\/www.blogsoestado.com\/danielmatos\/\"},{\"@type\":\"ListItem\",\"position\":2,\"name\":\"Equatorial Maranh\u00e3o orienta sobre preven\u00e7\u00e3o de acidentes com energia el\u00e9trica no per\u00edodo de chuvas intensas e alagamento\"}]},{\"@type\":\"WebSite\",\"@id\":\"https:\/\/www.blogsoestado.com\/danielmatos\/#website\",\"url\":\"https:\/\/www.blogsoestado.com\/danielmatos\/\",\"name\":\"Daniel Matos\",\"description\":\"\",\"potentialAction\":[{\"@type\":\"SearchAction\",\"target\":{\"@type\":\"EntryPoint\",\"urlTemplate\":\"https:\/\/www.blogsoestado.com\/danielmatos\/?s={search_term_string}\"},\"query-input\":{\"@type\":\"PropertyValueSpecification\",\"valueRequired\":true,\"valueName\":\"search_term_string\"}}],\"inLanguage\":\"pt-BR\"}]}<\/script>\n<!-- \/ Yoast SEO plugin. -->","yoast_head_json":{"title":"Equatorial Maranh\u00e3o orienta sobre preven\u00e7\u00e3o de acidentes com energia el\u00e9trica no per\u00edodo de chuvas intensas e alagamento - Daniel Matos","robots":{"index":"index","follow":"follow","max-snippet":"max-snippet:-1","max-image-preview":"max-image-preview:large","max-video-preview":"max-video-preview:-1"},"canonical":"https:\/\/www.blogsoestado.com\/danielmatos\/equatorial-maranhao-orienta-sobre-prevencao-de-acidentes-com-energia-eletrica-no-periodo-de-chuvas-intensas-e-alagamento\/","og_locale":"pt_BR","og_type":"article","og_title":"Equatorial Maranh\u00e3o orienta sobre preven\u00e7\u00e3o de acidentes com energia el\u00e9trica no per\u00edodo de chuvas intensas e alagamento - Daniel Matos","og_description":"O Maranh\u00e3o est\u00e1 passando por fortes chuvas nos \u00faltimos dias, fen\u00f4meno que vem causando danos em v\u00e1rios munic\u00edpios. Algumas localidades [&hellip;]","og_url":"https:\/\/www.blogsoestado.com\/danielmatos\/equatorial-maranhao-orienta-sobre-prevencao-de-acidentes-com-energia-eletrica-no-periodo-de-chuvas-intensas-e-alagamento\/","og_site_name":"Daniel Matos","article_published_time":"2023-03-29T17:24:44+00:00","og_image":[{"url":"https:\/\/www.blogsoestado.com\/danielmatos\/files\/2023\/03\/Screenshot_20230329-1405452.png","type":"","width":"","height":""}],"twitter_card":"summary_large_image","twitter_misc":{"Est. tempo de leitura":"4 minutos"},"schema":{"@context":"https:\/\/schema.org","@graph":[{"@type":"WebPage","@id":"https:\/\/www.blogsoestado.com\/danielmatos\/equatorial-maranhao-orienta-sobre-prevencao-de-acidentes-com-energia-eletrica-no-periodo-de-chuvas-intensas-e-alagamento\/","url":"https:\/\/www.blogsoestado.com\/danielmatos\/equatorial-maranhao-orienta-sobre-prevencao-de-acidentes-com-energia-eletrica-no-periodo-de-chuvas-intensas-e-alagamento\/","name":"Equatorial Maranh\u00e3o orienta sobre preven\u00e7\u00e3o de acidentes com energia el\u00e9trica no per\u00edodo de chuvas intensas e alagamento - Daniel Matos","isPartOf":{"@id":"https:\/\/www.blogsoestado.com\/danielmatos\/#website"},"primaryImageOfPage":{"@id":"https:\/\/www.blogsoestado.com\/danielmatos\/equatorial-maranhao-orienta-sobre-prevencao-de-acidentes-com-energia-eletrica-no-periodo-de-chuvas-intensas-e-alagamento\/#primaryimage"},"image":{"@id":"https:\/\/www.blogsoestado.com\/danielmatos\/equatorial-maranhao-orienta-sobre-prevencao-de-acidentes-com-energia-eletrica-no-periodo-de-chuvas-intensas-e-alagamento\/#primaryimage"},"thumbnailUrl":"https:\/\/www.blogsoestado.com\/danielmatos\/files\/2023\/03\/Screenshot_20230329-1405452.png","datePublished":"2023-03-29T17:24:44+00:00","author":{"@id":""},"breadcrumb":{"@id":"https:\/\/www.blogsoestado.com\/danielmatos\/equatorial-maranhao-orienta-sobre-prevencao-de-acidentes-com-energia-eletrica-no-periodo-de-chuvas-intensas-e-alagamento\/#breadcrumb"},"inLanguage":"pt-BR","potentialAction":[{"@type":"ReadAction","target":["https:\/\/www.blogsoestado.com\/danielmatos\/equatorial-maranhao-orienta-sobre-prevencao-de-acidentes-com-energia-eletrica-no-periodo-de-chuvas-intensas-e-alagamento\/"]}]},{"@type":"ImageObject","inLanguage":"pt-BR","@id":"https:\/\/www.blogsoestado.com\/danielmatos\/equatorial-maranhao-orienta-sobre-prevencao-de-acidentes-com-energia-eletrica-no-periodo-de-chuvas-intensas-e-alagamento\/#primaryimage","url":"https:\/\/www.blogsoestado.com\/danielmatos\/files\/2023\/03\/Screenshot_20230329-1405452.png","contentUrl":"https:\/\/www.blogsoestado.com\/danielmatos\/files\/2023\/03\/Screenshot_20230329-1405452.png"},{"@type":"BreadcrumbList","@id":"https:\/\/www.blogsoestado.com\/danielmatos\/equatorial-maranhao-orienta-sobre-prevencao-de-acidentes-com-energia-eletrica-no-periodo-de-chuvas-intensas-e-alagamento\/#breadcrumb","itemListElement":[{"@type":"ListItem","position":1,"name":"In\u00edcio","item":"https:\/\/www.blogsoestado.com\/danielmatos\/"},{"@type":"ListItem","position":2,"name":"Equatorial Maranh\u00e3o orienta sobre preven\u00e7\u00e3o de acidentes com energia el\u00e9trica no per\u00edodo de chuvas intensas e alagamento"}]},{"@type":"WebSite","@id":"https:\/\/www.blogsoestado.com\/danielmatos\/#website","url":"https:\/\/www.blogsoestado.com\/danielmatos\/","name":"Daniel Matos","description":"","potentialAction":[{"@type":"SearchAction","target":{"@type":"EntryPoint","urlTemplate":"https:\/\/www.blogsoestado.com\/danielmatos\/?s={search_term_string}"},"query-input":{"@type":"PropertyValueSpecification","valueRequired":true,"valueName":"search_term_string"}}],"inLanguage":"pt-BR"}]}},"jetpack_featured_media_url":"","_links":{"self":[{"href":"https:\/\/www.blogsoestado.com\/danielmatos\/wp-json\/wp\/v2\/posts\/107689","targetHints":{"allow":["GET"]}}],"collection":[{"href":"https:\/\/www.blogsoestado.com\/danielmatos\/wp-json\/wp\/v2\/posts"}],"about":[{"href":"https:\/\/www.blogsoestado.com\/danielmatos\/wp-json\/wp\/v2\/types\/post"}],"replies":[{"embeddable":true,"href":"https:\/\/www.blogsoestado.com\/danielmatos\/wp-json\/wp\/v2\/comments?post=107689"}],"version-history":[{"count":0,"href":"https:\/\/www.blogsoestado.com\/danielmatos\/wp-json\/wp\/v2\/posts\/107689\/revisions"}],"wp:attachment":[{"href":"https:\/\/www.blogsoestado.com\/danielmatos\/wp-json\/wp\/v2\/media?parent=107689"}],"wp:term":[{"taxonomy":"category","embeddable":true,"href":"https:\/\/www.blogsoestado.com\/danielmatos\/wp-json\/wp\/v2\/categories?post=107689"},{"taxonomy":"post_tag","embeddable":true,"href":"https:\/\/www.blogsoestado.com\/danielmatos\/wp-json\/wp\/v2\/tags?post=107689"}],"curies":[{"name":"wp","href":"https:\/\/api.w.org\/{rel}","templated":true}]}}