{"id":107697,"date":"2023-03-29T16:54:05","date_gmt":"2023-03-29T19:54:05","guid":{"rendered":"https:\/\/www.blogsoestado.com\/danielmatos\/?p=107697"},"modified":"2023-03-29T16:54:05","modified_gmt":"2023-03-29T19:54:05","slug":"braide-exonera-secretario-da-smtt","status":"publish","type":"post","link":"https:\/\/www.blogsoestado.com\/danielmatos\/braide-exonera-secretario-da-smtt\/","title":{"rendered":"Braide exonera secret\u00e1rio da SMTT"},"content":{"rendered":"\n<div class=\"wp-block-image\"><figure class=\"alignright size-large\"><a href=\"https:\/\/www.blogsoestado.com\/danielmatos\/files\/2023\/03\/Screenshot_20230329-1651562.png\"><img decoding=\"async\" src=\"https:\/\/www.blogsoestado.com\/danielmatos\/files\/2023\/03\/Screenshot_20230329-1651562.png\" alt=\"\" class=\"wp-image-107700\"\/><\/a><figcaption>Diego Baluz n\u00e3o \u00e9 mais aecret\u00e1rio municipal de Tr\u00e2nsito e Transportes de S\u00e3o Lu\u00eds, conformou a prefeitura, via Secom<\/figcaption><\/figure><\/div>\n\n\n\n<p>A Prefeitura de S\u00e3o Lu\u00eds conformou ao blog a exonera\u00e7\u00e3o do secret\u00e1rio municipal de Tr\u00e2nsito e Transportes, Diego Baluz. O gestor deixa o cargo uma semana ap\u00f3s n\u00e3o atender a convoca\u00e7\u00e3o da C\u00e2mara Municipal para esclarecer a situa\u00e7\u00e3o do transporte p\u00fablico coletivo da capital. Em rea\u00e7\u00e3o \u00e0 aus\u00eancia do secret\u00e1rio, o Legislativo informou que o reconvocaria, com a mesma finalidade.<\/p>\n\n\n\n<p>A demiss\u00e3o de Diego Baluz tamb\u00e9m acontece em meio \u00e0 amea\u00e7a de nova greve de trabalhadores rodovi\u00e1rios, confirmada por meio de nota pelo sindicato da categoria. <\/p>\n\n\n\n<p>O presidente da entidade chegou a revelar, em entrevista a uma emissora de r\u00e1dio, que em recente reuni\u00e3o na SMTT ouviu a surpreendente <a href=\"https:\/\/www.blogsoestado.com\/danielmatos\/2023\/03\/17\/sindicalista-revela-que-smtt-recomendou-a-rodoviarios-que-parem-empresas-para-pressionar-por-salarios-e-outros-direitos\/\">recomenda\u00e7\u00e3o de que a categoria volte a paralisar o sistema de transporte de S\u00e3o Lu\u00eds<\/a> para pressionar as empresas a conceder a melhoria salarial e outros direitos previstos na \u00faltima conven\u00e7\u00e3o coletiva de trabalho, que estariam sendo negados por algumas concession\u00e1rias.<\/p>\n\n\n\n<p>Questionada pelo blog sobre a veracidade da informa\u00e7\u00e3o sobre o motivo da demiss\u00e3o de Diego Baluz, a Secretaria Municipal de Comunica\u00e7\u00e3o (Secom) respondeu que a medida faz parte da reforma administrativa que j\u00e1 havia sido anunciada pelo prefeito Eduardo Braide.<\/p>\n\n\n\n<p>Em substitui\u00e7\u00e3o a Diego Baluz, assume Diego Rodrigues, que vinha exercendo o cargo de secret\u00e1rio de municipal da Crian\u00e7a e Assist\u00eancia Social, n\u00e3o se sabe se interinamente ou de forma definitiva.<\/p>\n","protected":false},"excerpt":{"rendered":"<p>A Prefeitura de S\u00e3o Lu\u00eds conformou ao blog a exonera\u00e7\u00e3o do secret\u00e1rio municipal de Tr\u00e2nsito e Transportes, Diego Baluz. O [&hellip;]<\/p>\n","protected":false},"author":0,"featured_media":0,"comment_status":"open","ping_status":"open","sticky":false,"template":"","format":"standard","meta":{"site-sidebar-layout":"default","site-content-layout":"","ast-site-content-layout":"default","site-content-style":"default","site-sidebar-style":"default","ast-global-header-display":"","ast-banner-title-visibility":"","ast-main-header-display":"","ast-hfb-above-header-display":"","ast-hfb-below-header-display":"","ast-hfb-mobile-header-display":"","site-post-title":"","ast-breadcrumbs-content":"","ast-featured-img":"","footer-sml-layout":"","ast-disable-related-posts":"","theme-transparent-header-meta":"","adv-header-id-meta":"","stick-header-meta":"","header-above-stick-meta":"","header-main-stick-meta":"","header-below-stick-meta":"","astra-migrate-meta-layouts":"default","ast-page-background-enabled":"default","ast-page-background-meta":{"desktop":{"background-color":"var(--ast-global-color-5)","background-image":"","background-repeat":"repeat","background-position":"center center","background-size":"auto","background-attachment":"scroll","background-type":"","background-media":"","overlay-type":"","overlay-color":"","overlay-opacity":"","overlay-gradient":""},"tablet":{"background-color":"","background-image":"","background-repeat":"repeat","background-position":"center center","background-size":"auto","background-attachment":"scroll","background-type":"","background-media":"","overlay-type":"","overlay-color":"","overlay-opacity":"","overlay-gradient":""},"mobile":{"background-color":"","background-image":"","background-repeat":"repeat","background-position":"center center","background-size":"auto","background-attachment":"scroll","background-type":"","background-media":"","overlay-type":"","overlay-color":"","overlay-opacity":"","overlay-gradient":""}},"ast-content-background-meta":{"desktop":{"background-color":"var(--ast-global-color-4)","background-image":"","background-repeat":"repeat","background-position":"center center","background-size":"auto","background-attachment":"scroll","background-type":"","background-media":"","overlay-type":"","overlay-color":"","overlay-opacity":"","overlay-gradient":""},"tablet":{"background-color":"var(--ast-global-color-4)","background-image":"","background-repeat":"repeat","background-position":"center center","background-size":"auto","background-attachment":"scroll","background-type":"","background-media":"","overlay-type":"","overlay-color":"","overlay-opacity":"","overlay-gradient":""},"mobile":{"background-color":"var(--ast-global-color-4)","background-image":"","background-repeat":"repeat","background-position":"center center","background-size":"auto","background-attachment":"scroll","background-type":"","background-media":"","overlay-type":"","overlay-color":"","overlay-opacity":"","overlay-gradient":""}},"footnotes":""},"categories":[1],"tags":[],"class_list":["post-107697","post","type-post","status-publish","format-standard","hentry","category-sem-categoria"],"yoast_head":"<!-- This site is optimized with the Yoast SEO plugin v26.6 - https:\/\/yoast.com\/wordpress\/plugins\/seo\/ -->\n<title>Braide exonera secret\u00e1rio da SMTT - Daniel Matos<\/title>\n<meta name=\"robots\" content=\"index, follow, max-snippet:-1, max-image-preview:large, max-video-preview:-1\" \/>\n<link rel=\"canonical\" href=\"https:\/\/www.blogsoestado.com\/danielmatos\/braide-exonera-secretario-da-smtt\/\" \/>\n<meta property=\"og:locale\" content=\"pt_BR\" \/>\n<meta property=\"og:type\" content=\"article\" \/>\n<meta property=\"og:title\" content=\"Braide exonera secret\u00e1rio da SMTT - Daniel Matos\" \/>\n<meta property=\"og:description\" content=\"A Prefeitura de S\u00e3o Lu\u00eds conformou ao blog a exonera\u00e7\u00e3o do secret\u00e1rio municipal de Tr\u00e2nsito e Transportes, Diego Baluz. O [&hellip;]\" \/>\n<meta property=\"og:url\" content=\"https:\/\/www.blogsoestado.com\/danielmatos\/braide-exonera-secretario-da-smtt\/\" \/>\n<meta property=\"og:site_name\" content=\"Daniel Matos\" \/>\n<meta property=\"article:published_time\" content=\"2023-03-29T19:54:05+00:00\" \/>\n<meta property=\"og:image\" content=\"https:\/\/www.blogsoestado.com\/danielmatos\/files\/2023\/03\/Screenshot_20230329-1651562.png\" \/>\n<meta name=\"twitter:card\" content=\"summary_large_image\" \/>\n<meta name=\"twitter:label1\" content=\"Est. tempo de leitura\" \/>\n\t<meta name=\"twitter:data1\" content=\"2 minutos\" \/>\n<script type=\"application\/ld+json\" class=\"yoast-schema-graph\">{\"@context\":\"https:\/\/schema.org\",\"@graph\":[{\"@type\":\"WebPage\",\"@id\":\"https:\/\/www.blogsoestado.com\/danielmatos\/braide-exonera-secretario-da-smtt\/\",\"url\":\"https:\/\/www.blogsoestado.com\/danielmatos\/braide-exonera-secretario-da-smtt\/\",\"name\":\"Braide exonera secret\u00e1rio da SMTT - Daniel Matos\",\"isPartOf\":{\"@id\":\"https:\/\/www.blogsoestado.com\/danielmatos\/#website\"},\"primaryImageOfPage\":{\"@id\":\"https:\/\/www.blogsoestado.com\/danielmatos\/braide-exonera-secretario-da-smtt\/#primaryimage\"},\"image\":{\"@id\":\"https:\/\/www.blogsoestado.com\/danielmatos\/braide-exonera-secretario-da-smtt\/#primaryimage\"},\"thumbnailUrl\":\"https:\/\/www.blogsoestado.com\/danielmatos\/files\/2023\/03\/Screenshot_20230329-1651562.png\",\"datePublished\":\"2023-03-29T19:54:05+00:00\",\"author\":{\"@id\":\"\"},\"breadcrumb\":{\"@id\":\"https:\/\/www.blogsoestado.com\/danielmatos\/braide-exonera-secretario-da-smtt\/#breadcrumb\"},\"inLanguage\":\"pt-BR\",\"potentialAction\":[{\"@type\":\"ReadAction\",\"target\":[\"https:\/\/www.blogsoestado.com\/danielmatos\/braide-exonera-secretario-da-smtt\/\"]}]},{\"@type\":\"ImageObject\",\"inLanguage\":\"pt-BR\",\"@id\":\"https:\/\/www.blogsoestado.com\/danielmatos\/braide-exonera-secretario-da-smtt\/#primaryimage\",\"url\":\"https:\/\/www.blogsoestado.com\/danielmatos\/files\/2023\/03\/Screenshot_20230329-1651562.png\",\"contentUrl\":\"https:\/\/www.blogsoestado.com\/danielmatos\/files\/2023\/03\/Screenshot_20230329-1651562.png\"},{\"@type\":\"BreadcrumbList\",\"@id\":\"https:\/\/www.blogsoestado.com\/danielmatos\/braide-exonera-secretario-da-smtt\/#breadcrumb\",\"itemListElement\":[{\"@type\":\"ListItem\",\"position\":1,\"name\":\"In\u00edcio\",\"item\":\"https:\/\/www.blogsoestado.com\/danielmatos\/\"},{\"@type\":\"ListItem\",\"position\":2,\"name\":\"Braide exonera secret\u00e1rio da SMTT\"}]},{\"@type\":\"WebSite\",\"@id\":\"https:\/\/www.blogsoestado.com\/danielmatos\/#website\",\"url\":\"https:\/\/www.blogsoestado.com\/danielmatos\/\",\"name\":\"Daniel Matos\",\"description\":\"\",\"potentialAction\":[{\"@type\":\"SearchAction\",\"target\":{\"@type\":\"EntryPoint\",\"urlTemplate\":\"https:\/\/www.blogsoestado.com\/danielmatos\/?s={search_term_string}\"},\"query-input\":{\"@type\":\"PropertyValueSpecification\",\"valueRequired\":true,\"valueName\":\"search_term_string\"}}],\"inLanguage\":\"pt-BR\"}]}<\/script>\n<!-- \/ Yoast SEO plugin. -->","yoast_head_json":{"title":"Braide exonera secret\u00e1rio da SMTT - Daniel Matos","robots":{"index":"index","follow":"follow","max-snippet":"max-snippet:-1","max-image-preview":"max-image-preview:large","max-video-preview":"max-video-preview:-1"},"canonical":"https:\/\/www.blogsoestado.com\/danielmatos\/braide-exonera-secretario-da-smtt\/","og_locale":"pt_BR","og_type":"article","og_title":"Braide exonera secret\u00e1rio da SMTT - Daniel Matos","og_description":"A Prefeitura de S\u00e3o Lu\u00eds conformou ao blog a exonera\u00e7\u00e3o do secret\u00e1rio municipal de Tr\u00e2nsito e Transportes, Diego Baluz. O [&hellip;]","og_url":"https:\/\/www.blogsoestado.com\/danielmatos\/braide-exonera-secretario-da-smtt\/","og_site_name":"Daniel Matos","article_published_time":"2023-03-29T19:54:05+00:00","og_image":[{"url":"https:\/\/www.blogsoestado.com\/danielmatos\/files\/2023\/03\/Screenshot_20230329-1651562.png","type":"","width":"","height":""}],"twitter_card":"summary_large_image","twitter_misc":{"Est. tempo de leitura":"2 minutos"},"schema":{"@context":"https:\/\/schema.org","@graph":[{"@type":"WebPage","@id":"https:\/\/www.blogsoestado.com\/danielmatos\/braide-exonera-secretario-da-smtt\/","url":"https:\/\/www.blogsoestado.com\/danielmatos\/braide-exonera-secretario-da-smtt\/","name":"Braide exonera secret\u00e1rio da SMTT - Daniel Matos","isPartOf":{"@id":"https:\/\/www.blogsoestado.com\/danielmatos\/#website"},"primaryImageOfPage":{"@id":"https:\/\/www.blogsoestado.com\/danielmatos\/braide-exonera-secretario-da-smtt\/#primaryimage"},"image":{"@id":"https:\/\/www.blogsoestado.com\/danielmatos\/braide-exonera-secretario-da-smtt\/#primaryimage"},"thumbnailUrl":"https:\/\/www.blogsoestado.com\/danielmatos\/files\/2023\/03\/Screenshot_20230329-1651562.png","datePublished":"2023-03-29T19:54:05+00:00","author":{"@id":""},"breadcrumb":{"@id":"https:\/\/www.blogsoestado.com\/danielmatos\/braide-exonera-secretario-da-smtt\/#breadcrumb"},"inLanguage":"pt-BR","potentialAction":[{"@type":"ReadAction","target":["https:\/\/www.blogsoestado.com\/danielmatos\/braide-exonera-secretario-da-smtt\/"]}]},{"@type":"ImageObject","inLanguage":"pt-BR","@id":"https:\/\/www.blogsoestado.com\/danielmatos\/braide-exonera-secretario-da-smtt\/#primaryimage","url":"https:\/\/www.blogsoestado.com\/danielmatos\/files\/2023\/03\/Screenshot_20230329-1651562.png","contentUrl":"https:\/\/www.blogsoestado.com\/danielmatos\/files\/2023\/03\/Screenshot_20230329-1651562.png"},{"@type":"BreadcrumbList","@id":"https:\/\/www.blogsoestado.com\/danielmatos\/braide-exonera-secretario-da-smtt\/#breadcrumb","itemListElement":[{"@type":"ListItem","position":1,"name":"In\u00edcio","item":"https:\/\/www.blogsoestado.com\/danielmatos\/"},{"@type":"ListItem","position":2,"name":"Braide exonera secret\u00e1rio da SMTT"}]},{"@type":"WebSite","@id":"https:\/\/www.blogsoestado.com\/danielmatos\/#website","url":"https:\/\/www.blogsoestado.com\/danielmatos\/","name":"Daniel Matos","description":"","potentialAction":[{"@type":"SearchAction","target":{"@type":"EntryPoint","urlTemplate":"https:\/\/www.blogsoestado.com\/danielmatos\/?s={search_term_string}"},"query-input":{"@type":"PropertyValueSpecification","valueRequired":true,"valueName":"search_term_string"}}],"inLanguage":"pt-BR"}]}},"jetpack_featured_media_url":"","_links":{"self":[{"href":"https:\/\/www.blogsoestado.com\/danielmatos\/wp-json\/wp\/v2\/posts\/107697","targetHints":{"allow":["GET"]}}],"collection":[{"href":"https:\/\/www.blogsoestado.com\/danielmatos\/wp-json\/wp\/v2\/posts"}],"about":[{"href":"https:\/\/www.blogsoestado.com\/danielmatos\/wp-json\/wp\/v2\/types\/post"}],"replies":[{"embeddable":true,"href":"https:\/\/www.blogsoestado.com\/danielmatos\/wp-json\/wp\/v2\/comments?post=107697"}],"version-history":[{"count":0,"href":"https:\/\/www.blogsoestado.com\/danielmatos\/wp-json\/wp\/v2\/posts\/107697\/revisions"}],"wp:attachment":[{"href":"https:\/\/www.blogsoestado.com\/danielmatos\/wp-json\/wp\/v2\/media?parent=107697"}],"wp:term":[{"taxonomy":"category","embeddable":true,"href":"https:\/\/www.blogsoestado.com\/danielmatos\/wp-json\/wp\/v2\/categories?post=107697"},{"taxonomy":"post_tag","embeddable":true,"href":"https:\/\/www.blogsoestado.com\/danielmatos\/wp-json\/wp\/v2\/tags?post=107697"}],"curies":[{"name":"wp","href":"https:\/\/api.w.org\/{rel}","templated":true}]}}