{"id":107705,"date":"2023-03-29T18:10:08","date_gmt":"2023-03-29T21:10:08","guid":{"rendered":"https:\/\/www.blogsoestado.com\/danielmatos\/?p=107705"},"modified":"2023-03-29T18:10:08","modified_gmt":"2023-03-29T21:10:08","slug":"bar-pega-fogo-na-avenida-litoranea-e-corpo-de-bombeiros-evita-perda-total","status":"publish","type":"post","link":"https:\/\/www.blogsoestado.com\/danielmatos\/bar-pega-fogo-na-avenida-litoranea-e-corpo-de-bombeiros-evita-perda-total\/","title":{"rendered":"Bar pega fogo na Avenida Litor\u00e2nea e Corpo de Bombeiros evita perda total"},"content":{"rendered":"\n<div class=\"wp-block-image\"><figure class=\"aligncenter size-large\"><a href=\"https:\/\/www.blogsoestado.com\/danielmatos\/files\/2023\/03\/Screenshot_20230329-1759342.png\"><img decoding=\"async\" src=\"https:\/\/www.blogsoestado.com\/danielmatos\/files\/2023\/03\/Screenshot_20230329-1759342.png\" alt=\"\" class=\"wp-image-107706\"\/><\/a><figcaption>Inc\u00eandio em bar na Avenida Litor\u00e2nea mobilizou equipe numerosa e forte aparato do Corpo de Bombeiros <\/figcaption><\/figure><\/div>\n\n\n\n<p>O Corpo de Bombeiros atendeu a ocorr\u00eancia de inc\u00eandio, na manh\u00e3 desta quarta-feira (29), no Oba Oba Beach Bar e Restaurante, na Avenida Litor\u00e2nea, Praia do Calhau. As equipes foram acionadas para combater as chamas, que j\u00e1 tomavam conta do local e assim conseguiram evitar que o fogo causasse perda total aos propriet\u00e1rios do estabelecimento.<\/p>\n\n\n\n<div class=\"wp-block-image\"><figure class=\"aligncenter size-large\"><a href=\"https:\/\/www.blogsoestado.com\/danielmatos\/files\/2023\/03\/Screenshot_20230329-1800362.png\"><img decoding=\"async\" src=\"https:\/\/www.blogsoestado.com\/danielmatos\/files\/2023\/03\/Screenshot_20230329-1800362.png\" alt=\"\" class=\"wp-image-107707\"\/><\/a><figcaption>Homem do Corpo de Bombeiros e policial militar conferem os estragos causados pelas chamas no estabelecimento na orla de S\u00e3o Lu\u00eds<\/figcaption><\/figure><\/div>\n\n\n\n<p>O inc\u00eandio foi prontamente controlado pelo Batalh\u00e3o de<br \/>Bombeiros Mar\u00edtimo, que utilizou extintores. Em seguida, uma equipe da Companhia Independente Especializada do Corpo de Bombeiros Militar do Maranh\u00e3o (1\u00aaCIEBM) reforcou o atendimento. Houve apenas danos materiais.<\/p>\n\n\n\n<div class=\"wp-block-image\"><figure class=\"aligncenter size-large\"><a href=\"https:\/\/www.blogsoestado.com\/danielmatos\/files\/2023\/03\/Screenshot_20230329-1801012.png\"><img decoding=\"async\" src=\"https:\/\/www.blogsoestado.com\/danielmatos\/files\/2023\/03\/Screenshot_20230329-1801012.png\" alt=\"\" class=\"wp-image-107708\"\/><\/a><figcaption>Parte do teto foi danificado pelo povo, que atingiria freezers com bebidas, alimentos e outros materiais, n\u00e3o fosse a a interven\u00e7\u00e3o m\u00e1xima do Corpo de Bombeiros <\/figcaption><\/figure><\/div>\n\n\n\n<p>O fogo atingiu o forro do estabelecimento e come\u00e7ou a<br \/>se espalhar para a parte interna. As chamas chegaram \u00e0 parte do mobili\u00e1rio e eletrodom\u00e9sticos, como congeladores que armazenavam bebidas e alimentos. Parte do telhado foi danificada pelo inc\u00eandio.<\/p>\n\n\n\n<div class=\"wp-block-image\"><figure class=\"aligncenter size-large\"><a href=\"https:\/\/www.blogsoestado.com\/danielmatos\/files\/2023\/03\/Screenshot_20230329-1801542.png\"><img decoding=\"async\" src=\"https:\/\/www.blogsoestado.com\/danielmatos\/files\/2023\/03\/Screenshot_20230329-1801542.png\" alt=\"\" class=\"wp-image-107710\"\/><\/a><figcaption>Causa do inc\u00eandio n\u00e3o ficaram claras de imediato e est\u00e3o sendo investigadas pelas autoridades<\/figcaption><\/figure><\/div>\n\n\n\n<p>Em r\u00e1pida a\u00e7\u00e3o, os bombeiros isolaram o trecho e<br \/>orientaram a quem passava sobre a ocorr\u00eancia. As causas do inc\u00eandio est\u00e3o sendo apuradas.<\/p>\n","protected":false},"excerpt":{"rendered":"<p>O Corpo de Bombeiros atendeu a ocorr\u00eancia de inc\u00eandio, na manh\u00e3 desta quarta-feira (29), no Oba Oba Beach Bar e [&hellip;]<\/p>\n","protected":false},"author":0,"featured_media":0,"comment_status":"open","ping_status":"open","sticky":false,"template":"","format":"standard","meta":{"site-sidebar-layout":"default","site-content-layout":"","ast-site-content-layout":"default","site-content-style":"default","site-sidebar-style":"default","ast-global-header-display":"","ast-banner-title-visibility":"","ast-main-header-display":"","ast-hfb-above-header-display":"","ast-hfb-below-header-display":"","ast-hfb-mobile-header-display":"","site-post-title":"","ast-breadcrumbs-content":"","ast-featured-img":"","footer-sml-layout":"","ast-disable-related-posts":"","theme-transparent-header-meta":"","adv-header-id-meta":"","stick-header-meta":"","header-above-stick-meta":"","header-main-stick-meta":"","header-below-stick-meta":"","astra-migrate-meta-layouts":"default","ast-page-background-enabled":"default","ast-page-background-meta":{"desktop":{"background-color":"var(--ast-global-color-5)","background-image":"","background-repeat":"repeat","background-position":"center center","background-size":"auto","background-attachment":"scroll","background-type":"","background-media":"","overlay-type":"","overlay-color":"","overlay-opacity":"","overlay-gradient":""},"tablet":{"background-color":"","background-image":"","background-repeat":"repeat","background-position":"center center","background-size":"auto","background-attachment":"scroll","background-type":"","background-media":"","overlay-type":"","overlay-color":"","overlay-opacity":"","overlay-gradient":""},"mobile":{"background-color":"","background-image":"","background-repeat":"repeat","background-position":"center center","background-size":"auto","background-attachment":"scroll","background-type":"","background-media":"","overlay-type":"","overlay-color":"","overlay-opacity":"","overlay-gradient":""}},"ast-content-background-meta":{"desktop":{"background-color":"var(--ast-global-color-4)","background-image":"","background-repeat":"repeat","background-position":"center center","background-size":"auto","background-attachment":"scroll","background-type":"","background-media":"","overlay-type":"","overlay-color":"","overlay-opacity":"","overlay-gradient":""},"tablet":{"background-color":"var(--ast-global-color-4)","background-image":"","background-repeat":"repeat","background-position":"center center","background-size":"auto","background-attachment":"scroll","background-type":"","background-media":"","overlay-type":"","overlay-color":"","overlay-opacity":"","overlay-gradient":""},"mobile":{"background-color":"var(--ast-global-color-4)","background-image":"","background-repeat":"repeat","background-position":"center center","background-size":"auto","background-attachment":"scroll","background-type":"","background-media":"","overlay-type":"","overlay-color":"","overlay-opacity":"","overlay-gradient":""}},"footnotes":""},"categories":[1],"tags":[],"class_list":["post-107705","post","type-post","status-publish","format-standard","hentry","category-sem-categoria"],"yoast_head":"<!-- This site is optimized with the Yoast SEO plugin v26.6 - https:\/\/yoast.com\/wordpress\/plugins\/seo\/ -->\n<title>Bar pega fogo na Avenida Litor\u00e2nea e Corpo de Bombeiros evita perda total - Daniel Matos<\/title>\n<meta name=\"robots\" content=\"index, follow, max-snippet:-1, max-image-preview:large, max-video-preview:-1\" \/>\n<link rel=\"canonical\" href=\"https:\/\/www.blogsoestado.com\/danielmatos\/bar-pega-fogo-na-avenida-litoranea-e-corpo-de-bombeiros-evita-perda-total\/\" \/>\n<meta property=\"og:locale\" content=\"pt_BR\" \/>\n<meta property=\"og:type\" content=\"article\" \/>\n<meta property=\"og:title\" content=\"Bar pega fogo na Avenida Litor\u00e2nea e Corpo de Bombeiros evita perda total - Daniel Matos\" \/>\n<meta property=\"og:description\" content=\"O Corpo de Bombeiros atendeu a ocorr\u00eancia de inc\u00eandio, na manh\u00e3 desta quarta-feira (29), no Oba Oba Beach Bar e [&hellip;]\" \/>\n<meta property=\"og:url\" content=\"https:\/\/www.blogsoestado.com\/danielmatos\/bar-pega-fogo-na-avenida-litoranea-e-corpo-de-bombeiros-evita-perda-total\/\" \/>\n<meta property=\"og:site_name\" content=\"Daniel Matos\" \/>\n<meta property=\"article:published_time\" content=\"2023-03-29T21:10:08+00:00\" \/>\n<meta property=\"og:image\" content=\"https:\/\/www.blogsoestado.com\/danielmatos\/files\/2023\/03\/Screenshot_20230329-1759342.png\" \/>\n<meta name=\"twitter:card\" content=\"summary_large_image\" \/>\n<meta name=\"twitter:label1\" content=\"Est. tempo de leitura\" \/>\n\t<meta name=\"twitter:data1\" content=\"2 minutos\" \/>\n<script type=\"application\/ld+json\" class=\"yoast-schema-graph\">{\"@context\":\"https:\/\/schema.org\",\"@graph\":[{\"@type\":\"WebPage\",\"@id\":\"https:\/\/www.blogsoestado.com\/danielmatos\/bar-pega-fogo-na-avenida-litoranea-e-corpo-de-bombeiros-evita-perda-total\/\",\"url\":\"https:\/\/www.blogsoestado.com\/danielmatos\/bar-pega-fogo-na-avenida-litoranea-e-corpo-de-bombeiros-evita-perda-total\/\",\"name\":\"Bar pega fogo na Avenida Litor\u00e2nea e Corpo de Bombeiros evita perda total - Daniel Matos\",\"isPartOf\":{\"@id\":\"https:\/\/www.blogsoestado.com\/danielmatos\/#website\"},\"primaryImageOfPage\":{\"@id\":\"https:\/\/www.blogsoestado.com\/danielmatos\/bar-pega-fogo-na-avenida-litoranea-e-corpo-de-bombeiros-evita-perda-total\/#primaryimage\"},\"image\":{\"@id\":\"https:\/\/www.blogsoestado.com\/danielmatos\/bar-pega-fogo-na-avenida-litoranea-e-corpo-de-bombeiros-evita-perda-total\/#primaryimage\"},\"thumbnailUrl\":\"https:\/\/www.blogsoestado.com\/danielmatos\/files\/2023\/03\/Screenshot_20230329-1759342.png\",\"datePublished\":\"2023-03-29T21:10:08+00:00\",\"author\":{\"@id\":\"\"},\"breadcrumb\":{\"@id\":\"https:\/\/www.blogsoestado.com\/danielmatos\/bar-pega-fogo-na-avenida-litoranea-e-corpo-de-bombeiros-evita-perda-total\/#breadcrumb\"},\"inLanguage\":\"pt-BR\",\"potentialAction\":[{\"@type\":\"ReadAction\",\"target\":[\"https:\/\/www.blogsoestado.com\/danielmatos\/bar-pega-fogo-na-avenida-litoranea-e-corpo-de-bombeiros-evita-perda-total\/\"]}]},{\"@type\":\"ImageObject\",\"inLanguage\":\"pt-BR\",\"@id\":\"https:\/\/www.blogsoestado.com\/danielmatos\/bar-pega-fogo-na-avenida-litoranea-e-corpo-de-bombeiros-evita-perda-total\/#primaryimage\",\"url\":\"https:\/\/www.blogsoestado.com\/danielmatos\/files\/2023\/03\/Screenshot_20230329-1759342.png\",\"contentUrl\":\"https:\/\/www.blogsoestado.com\/danielmatos\/files\/2023\/03\/Screenshot_20230329-1759342.png\"},{\"@type\":\"BreadcrumbList\",\"@id\":\"https:\/\/www.blogsoestado.com\/danielmatos\/bar-pega-fogo-na-avenida-litoranea-e-corpo-de-bombeiros-evita-perda-total\/#breadcrumb\",\"itemListElement\":[{\"@type\":\"ListItem\",\"position\":1,\"name\":\"In\u00edcio\",\"item\":\"https:\/\/www.blogsoestado.com\/danielmatos\/\"},{\"@type\":\"ListItem\",\"position\":2,\"name\":\"Bar pega fogo na Avenida Litor\u00e2nea e Corpo de Bombeiros evita perda total\"}]},{\"@type\":\"WebSite\",\"@id\":\"https:\/\/www.blogsoestado.com\/danielmatos\/#website\",\"url\":\"https:\/\/www.blogsoestado.com\/danielmatos\/\",\"name\":\"Daniel Matos\",\"description\":\"\",\"potentialAction\":[{\"@type\":\"SearchAction\",\"target\":{\"@type\":\"EntryPoint\",\"urlTemplate\":\"https:\/\/www.blogsoestado.com\/danielmatos\/?s={search_term_string}\"},\"query-input\":{\"@type\":\"PropertyValueSpecification\",\"valueRequired\":true,\"valueName\":\"search_term_string\"}}],\"inLanguage\":\"pt-BR\"}]}<\/script>\n<!-- \/ Yoast SEO plugin. -->","yoast_head_json":{"title":"Bar pega fogo na Avenida Litor\u00e2nea e Corpo de Bombeiros evita perda total - Daniel Matos","robots":{"index":"index","follow":"follow","max-snippet":"max-snippet:-1","max-image-preview":"max-image-preview:large","max-video-preview":"max-video-preview:-1"},"canonical":"https:\/\/www.blogsoestado.com\/danielmatos\/bar-pega-fogo-na-avenida-litoranea-e-corpo-de-bombeiros-evita-perda-total\/","og_locale":"pt_BR","og_type":"article","og_title":"Bar pega fogo na Avenida Litor\u00e2nea e Corpo de Bombeiros evita perda total - Daniel Matos","og_description":"O Corpo de Bombeiros atendeu a ocorr\u00eancia de inc\u00eandio, na manh\u00e3 desta quarta-feira (29), no Oba Oba Beach Bar e [&hellip;]","og_url":"https:\/\/www.blogsoestado.com\/danielmatos\/bar-pega-fogo-na-avenida-litoranea-e-corpo-de-bombeiros-evita-perda-total\/","og_site_name":"Daniel Matos","article_published_time":"2023-03-29T21:10:08+00:00","og_image":[{"url":"https:\/\/www.blogsoestado.com\/danielmatos\/files\/2023\/03\/Screenshot_20230329-1759342.png","type":"","width":"","height":""}],"twitter_card":"summary_large_image","twitter_misc":{"Est. tempo de leitura":"2 minutos"},"schema":{"@context":"https:\/\/schema.org","@graph":[{"@type":"WebPage","@id":"https:\/\/www.blogsoestado.com\/danielmatos\/bar-pega-fogo-na-avenida-litoranea-e-corpo-de-bombeiros-evita-perda-total\/","url":"https:\/\/www.blogsoestado.com\/danielmatos\/bar-pega-fogo-na-avenida-litoranea-e-corpo-de-bombeiros-evita-perda-total\/","name":"Bar pega fogo na Avenida Litor\u00e2nea e Corpo de Bombeiros evita perda total - Daniel Matos","isPartOf":{"@id":"https:\/\/www.blogsoestado.com\/danielmatos\/#website"},"primaryImageOfPage":{"@id":"https:\/\/www.blogsoestado.com\/danielmatos\/bar-pega-fogo-na-avenida-litoranea-e-corpo-de-bombeiros-evita-perda-total\/#primaryimage"},"image":{"@id":"https:\/\/www.blogsoestado.com\/danielmatos\/bar-pega-fogo-na-avenida-litoranea-e-corpo-de-bombeiros-evita-perda-total\/#primaryimage"},"thumbnailUrl":"https:\/\/www.blogsoestado.com\/danielmatos\/files\/2023\/03\/Screenshot_20230329-1759342.png","datePublished":"2023-03-29T21:10:08+00:00","author":{"@id":""},"breadcrumb":{"@id":"https:\/\/www.blogsoestado.com\/danielmatos\/bar-pega-fogo-na-avenida-litoranea-e-corpo-de-bombeiros-evita-perda-total\/#breadcrumb"},"inLanguage":"pt-BR","potentialAction":[{"@type":"ReadAction","target":["https:\/\/www.blogsoestado.com\/danielmatos\/bar-pega-fogo-na-avenida-litoranea-e-corpo-de-bombeiros-evita-perda-total\/"]}]},{"@type":"ImageObject","inLanguage":"pt-BR","@id":"https:\/\/www.blogsoestado.com\/danielmatos\/bar-pega-fogo-na-avenida-litoranea-e-corpo-de-bombeiros-evita-perda-total\/#primaryimage","url":"https:\/\/www.blogsoestado.com\/danielmatos\/files\/2023\/03\/Screenshot_20230329-1759342.png","contentUrl":"https:\/\/www.blogsoestado.com\/danielmatos\/files\/2023\/03\/Screenshot_20230329-1759342.png"},{"@type":"BreadcrumbList","@id":"https:\/\/www.blogsoestado.com\/danielmatos\/bar-pega-fogo-na-avenida-litoranea-e-corpo-de-bombeiros-evita-perda-total\/#breadcrumb","itemListElement":[{"@type":"ListItem","position":1,"name":"In\u00edcio","item":"https:\/\/www.blogsoestado.com\/danielmatos\/"},{"@type":"ListItem","position":2,"name":"Bar pega fogo na Avenida Litor\u00e2nea e Corpo de Bombeiros evita perda total"}]},{"@type":"WebSite","@id":"https:\/\/www.blogsoestado.com\/danielmatos\/#website","url":"https:\/\/www.blogsoestado.com\/danielmatos\/","name":"Daniel Matos","description":"","potentialAction":[{"@type":"SearchAction","target":{"@type":"EntryPoint","urlTemplate":"https:\/\/www.blogsoestado.com\/danielmatos\/?s={search_term_string}"},"query-input":{"@type":"PropertyValueSpecification","valueRequired":true,"valueName":"search_term_string"}}],"inLanguage":"pt-BR"}]}},"jetpack_featured_media_url":"","_links":{"self":[{"href":"https:\/\/www.blogsoestado.com\/danielmatos\/wp-json\/wp\/v2\/posts\/107705","targetHints":{"allow":["GET"]}}],"collection":[{"href":"https:\/\/www.blogsoestado.com\/danielmatos\/wp-json\/wp\/v2\/posts"}],"about":[{"href":"https:\/\/www.blogsoestado.com\/danielmatos\/wp-json\/wp\/v2\/types\/post"}],"replies":[{"embeddable":true,"href":"https:\/\/www.blogsoestado.com\/danielmatos\/wp-json\/wp\/v2\/comments?post=107705"}],"version-history":[{"count":0,"href":"https:\/\/www.blogsoestado.com\/danielmatos\/wp-json\/wp\/v2\/posts\/107705\/revisions"}],"wp:attachment":[{"href":"https:\/\/www.blogsoestado.com\/danielmatos\/wp-json\/wp\/v2\/media?parent=107705"}],"wp:term":[{"taxonomy":"category","embeddable":true,"href":"https:\/\/www.blogsoestado.com\/danielmatos\/wp-json\/wp\/v2\/categories?post=107705"},{"taxonomy":"post_tag","embeddable":true,"href":"https:\/\/www.blogsoestado.com\/danielmatos\/wp-json\/wp\/v2\/tags?post=107705"}],"curies":[{"name":"wp","href":"https:\/\/api.w.org\/{rel}","templated":true}]}}