{"id":107716,"date":"2023-03-29T18:53:09","date_gmt":"2023-03-29T21:53:09","guid":{"rendered":"https:\/\/www.blogsoestado.com\/danielmatos\/?p=107716"},"modified":"2023-03-29T18:53:09","modified_gmt":"2023-03-29T21:53:09","slug":"reforma-administrativa-secretario-municipal-de-governo-tambem-perde-o-cargo-e-adjunto-assume","status":"publish","type":"post","link":"https:\/\/www.blogsoestado.com\/danielmatos\/reforma-administrativa-secretario-municipal-de-governo-tambem-perde-o-cargo-e-adjunto-assume\/","title":{"rendered":"Reforma administrativa: secret\u00e1rio municipal de Governo tamb\u00e9m perde o cargo e adjunto assume"},"content":{"rendered":"\n<div class=\"wp-block-image\"><figure class=\"aligncenter size-large\"><a href=\"https:\/\/www.blogsoestado.com\/danielmatos\/files\/2023\/03\/Screenshot_20230329-1844422.png\"><img decoding=\"async\" src=\"https:\/\/www.blogsoestado.com\/danielmatos\/files\/2023\/03\/Screenshot_20230329-1844422.png\" alt=\"\" class=\"wp-image-107717\"\/><\/a><figcaption>O advogado En\u00e9as Fernandes coordenou a equipe de transi\u00e7\u00e3o para a gest\u00e3o Eduardo Braide e depois foi nomeado secret\u00e1rio municipal de Governo, pasta da qual foi exonerado<\/figcaption><\/figure><\/div>\n\n\n\n<p>O secret\u00e1rio municipal de Governo, advogado En\u00e9as Fernandes, foi o segundo membro do primeiro escal\u00e3o exonerado pelo prefeito Eduardo Braide, como parte da reforma administrativa em execu\u00e7\u00e3o. No lugar de En\u00e9as Fernandes, assume Em\u00edlio Murad, que integrou a equipe de transi\u00e7\u00e3o da prefeitura da gest\u00e3o passada para a atual administra\u00e7\u00e3o da capital maranhense e at\u00e9 ent\u00e3o era o adjunto da SEMGOV.<\/p>\n\n\n\n<p>Informa\u00e7\u00f5es de bastidores d\u00e3o conta de que En\u00e9as Fernandes foi demitido por falta de traquejo para a fun\u00e7\u00e3o em raz\u00e3o da sua postura r\u00edgida, que muitas vezes inviabilizou o atendimento de demandas da classe pol\u00edtica junto a prefeitura. O curioso \u00e9 que foi ele o coordenador da equipe de transi\u00e7\u00e3o da qual fazia parte o seu sucessor na pasta.<\/p>\n\n\n\n<div class=\"wp-block-image\"><figure class=\"aligncenter size-large\"><a href=\"https:\/\/www.blogsoestado.com\/danielmatos\/files\/2023\/03\/Screenshot_20230329-1849052.png\"><img decoding=\"async\" src=\"https:\/\/www.blogsoestado.com\/danielmatos\/files\/2023\/03\/Screenshot_20230329-1849052.png\" alt=\"\" class=\"wp-image-107718\"\/><\/a><figcaption>Em\u00edlio Murad integrou a equipe de transi\u00e7\u00e3o para gest\u00e3o de Eduardo Braide e at\u00e9 ent\u00e3o era o adjunto da SEMGOV<\/figcaption><\/figure><\/div>\n\n\n\n<p>Tal comportamento teria contribu\u00eddo para o distanciamento entre Braide e a C\u00e2mara Municipal, dando origem a uma crise institucional que perdura at\u00e9 o momento.<\/p>\n\n\n\n<p>A reforma administrativa iniciada por Braide deve ter continuidade nos pr\u00f3ximos dias, a fim de aprimorar as a\u00e7\u00f5es da m\u00e1quina p\u00fablica municipal, a rela\u00e7\u00e3o com a classe pol\u00edtica e a imagem perante a popula\u00e7\u00e3o.<\/p>\n","protected":false},"excerpt":{"rendered":"<p>O secret\u00e1rio municipal de Governo, advogado En\u00e9as Fernandes, foi o segundo membro do primeiro escal\u00e3o exonerado pelo prefeito Eduardo Braide, [&hellip;]<\/p>\n","protected":false},"author":0,"featured_media":0,"comment_status":"open","ping_status":"open","sticky":false,"template":"","format":"standard","meta":{"site-sidebar-layout":"default","site-content-layout":"","ast-site-content-layout":"default","site-content-style":"default","site-sidebar-style":"default","ast-global-header-display":"","ast-banner-title-visibility":"","ast-main-header-display":"","ast-hfb-above-header-display":"","ast-hfb-below-header-display":"","ast-hfb-mobile-header-display":"","site-post-title":"","ast-breadcrumbs-content":"","ast-featured-img":"","footer-sml-layout":"","ast-disable-related-posts":"","theme-transparent-header-meta":"","adv-header-id-meta":"","stick-header-meta":"","header-above-stick-meta":"","header-main-stick-meta":"","header-below-stick-meta":"","astra-migrate-meta-layouts":"default","ast-page-background-enabled":"default","ast-page-background-meta":{"desktop":{"background-color":"var(--ast-global-color-5)","background-image":"","background-repeat":"repeat","background-position":"center center","background-size":"auto","background-attachment":"scroll","background-type":"","background-media":"","overlay-type":"","overlay-color":"","overlay-opacity":"","overlay-gradient":""},"tablet":{"background-color":"","background-image":"","background-repeat":"repeat","background-position":"center center","background-size":"auto","background-attachment":"scroll","background-type":"","background-media":"","overlay-type":"","overlay-color":"","overlay-opacity":"","overlay-gradient":""},"mobile":{"background-color":"","background-image":"","background-repeat":"repeat","background-position":"center center","background-size":"auto","background-attachment":"scroll","background-type":"","background-media":"","overlay-type":"","overlay-color":"","overlay-opacity":"","overlay-gradient":""}},"ast-content-background-meta":{"desktop":{"background-color":"var(--ast-global-color-4)","background-image":"","background-repeat":"repeat","background-position":"center center","background-size":"auto","background-attachment":"scroll","background-type":"","background-media":"","overlay-type":"","overlay-color":"","overlay-opacity":"","overlay-gradient":""},"tablet":{"background-color":"var(--ast-global-color-4)","background-image":"","background-repeat":"repeat","background-position":"center center","background-size":"auto","background-attachment":"scroll","background-type":"","background-media":"","overlay-type":"","overlay-color":"","overlay-opacity":"","overlay-gradient":""},"mobile":{"background-color":"var(--ast-global-color-4)","background-image":"","background-repeat":"repeat","background-position":"center center","background-size":"auto","background-attachment":"scroll","background-type":"","background-media":"","overlay-type":"","overlay-color":"","overlay-opacity":"","overlay-gradient":""}},"footnotes":""},"categories":[1],"tags":[],"class_list":["post-107716","post","type-post","status-publish","format-standard","hentry","category-sem-categoria"],"yoast_head":"<!-- This site is optimized with the Yoast SEO plugin v26.6 - https:\/\/yoast.com\/wordpress\/plugins\/seo\/ -->\n<title>Reforma administrativa: secret\u00e1rio municipal de Governo tamb\u00e9m perde o cargo e adjunto assume - Daniel Matos<\/title>\n<meta name=\"robots\" content=\"index, follow, max-snippet:-1, max-image-preview:large, max-video-preview:-1\" \/>\n<link rel=\"canonical\" href=\"https:\/\/www.blogsoestado.com\/danielmatos\/reforma-administrativa-secretario-municipal-de-governo-tambem-perde-o-cargo-e-adjunto-assume\/\" \/>\n<meta property=\"og:locale\" content=\"pt_BR\" \/>\n<meta property=\"og:type\" content=\"article\" \/>\n<meta property=\"og:title\" content=\"Reforma administrativa: secret\u00e1rio municipal de Governo tamb\u00e9m perde o cargo e adjunto assume - Daniel Matos\" \/>\n<meta property=\"og:description\" content=\"O secret\u00e1rio municipal de Governo, advogado En\u00e9as Fernandes, foi o segundo membro do primeiro escal\u00e3o exonerado pelo prefeito Eduardo Braide, [&hellip;]\" \/>\n<meta property=\"og:url\" content=\"https:\/\/www.blogsoestado.com\/danielmatos\/reforma-administrativa-secretario-municipal-de-governo-tambem-perde-o-cargo-e-adjunto-assume\/\" \/>\n<meta property=\"og:site_name\" content=\"Daniel Matos\" \/>\n<meta property=\"article:published_time\" content=\"2023-03-29T21:53:09+00:00\" \/>\n<meta property=\"og:image\" content=\"https:\/\/www.blogsoestado.com\/danielmatos\/files\/2023\/03\/Screenshot_20230329-1844422.png\" \/>\n<meta name=\"twitter:card\" content=\"summary_large_image\" \/>\n<meta name=\"twitter:label1\" content=\"Est. tempo de leitura\" \/>\n\t<meta name=\"twitter:data1\" content=\"2 minutos\" \/>\n<script type=\"application\/ld+json\" class=\"yoast-schema-graph\">{\"@context\":\"https:\/\/schema.org\",\"@graph\":[{\"@type\":\"WebPage\",\"@id\":\"https:\/\/www.blogsoestado.com\/danielmatos\/reforma-administrativa-secretario-municipal-de-governo-tambem-perde-o-cargo-e-adjunto-assume\/\",\"url\":\"https:\/\/www.blogsoestado.com\/danielmatos\/reforma-administrativa-secretario-municipal-de-governo-tambem-perde-o-cargo-e-adjunto-assume\/\",\"name\":\"Reforma administrativa: secret\u00e1rio municipal de Governo tamb\u00e9m perde o cargo e adjunto assume - Daniel Matos\",\"isPartOf\":{\"@id\":\"https:\/\/www.blogsoestado.com\/danielmatos\/#website\"},\"primaryImageOfPage\":{\"@id\":\"https:\/\/www.blogsoestado.com\/danielmatos\/reforma-administrativa-secretario-municipal-de-governo-tambem-perde-o-cargo-e-adjunto-assume\/#primaryimage\"},\"image\":{\"@id\":\"https:\/\/www.blogsoestado.com\/danielmatos\/reforma-administrativa-secretario-municipal-de-governo-tambem-perde-o-cargo-e-adjunto-assume\/#primaryimage\"},\"thumbnailUrl\":\"https:\/\/www.blogsoestado.com\/danielmatos\/files\/2023\/03\/Screenshot_20230329-1844422.png\",\"datePublished\":\"2023-03-29T21:53:09+00:00\",\"author\":{\"@id\":\"\"},\"breadcrumb\":{\"@id\":\"https:\/\/www.blogsoestado.com\/danielmatos\/reforma-administrativa-secretario-municipal-de-governo-tambem-perde-o-cargo-e-adjunto-assume\/#breadcrumb\"},\"inLanguage\":\"pt-BR\",\"potentialAction\":[{\"@type\":\"ReadAction\",\"target\":[\"https:\/\/www.blogsoestado.com\/danielmatos\/reforma-administrativa-secretario-municipal-de-governo-tambem-perde-o-cargo-e-adjunto-assume\/\"]}]},{\"@type\":\"ImageObject\",\"inLanguage\":\"pt-BR\",\"@id\":\"https:\/\/www.blogsoestado.com\/danielmatos\/reforma-administrativa-secretario-municipal-de-governo-tambem-perde-o-cargo-e-adjunto-assume\/#primaryimage\",\"url\":\"https:\/\/www.blogsoestado.com\/danielmatos\/files\/2023\/03\/Screenshot_20230329-1844422.png\",\"contentUrl\":\"https:\/\/www.blogsoestado.com\/danielmatos\/files\/2023\/03\/Screenshot_20230329-1844422.png\"},{\"@type\":\"BreadcrumbList\",\"@id\":\"https:\/\/www.blogsoestado.com\/danielmatos\/reforma-administrativa-secretario-municipal-de-governo-tambem-perde-o-cargo-e-adjunto-assume\/#breadcrumb\",\"itemListElement\":[{\"@type\":\"ListItem\",\"position\":1,\"name\":\"In\u00edcio\",\"item\":\"https:\/\/www.blogsoestado.com\/danielmatos\/\"},{\"@type\":\"ListItem\",\"position\":2,\"name\":\"Reforma administrativa: secret\u00e1rio municipal de Governo tamb\u00e9m perde o cargo e adjunto assume\"}]},{\"@type\":\"WebSite\",\"@id\":\"https:\/\/www.blogsoestado.com\/danielmatos\/#website\",\"url\":\"https:\/\/www.blogsoestado.com\/danielmatos\/\",\"name\":\"Daniel Matos\",\"description\":\"\",\"potentialAction\":[{\"@type\":\"SearchAction\",\"target\":{\"@type\":\"EntryPoint\",\"urlTemplate\":\"https:\/\/www.blogsoestado.com\/danielmatos\/?s={search_term_string}\"},\"query-input\":{\"@type\":\"PropertyValueSpecification\",\"valueRequired\":true,\"valueName\":\"search_term_string\"}}],\"inLanguage\":\"pt-BR\"}]}<\/script>\n<!-- \/ Yoast SEO plugin. -->","yoast_head_json":{"title":"Reforma administrativa: secret\u00e1rio municipal de Governo tamb\u00e9m perde o cargo e adjunto assume - Daniel Matos","robots":{"index":"index","follow":"follow","max-snippet":"max-snippet:-1","max-image-preview":"max-image-preview:large","max-video-preview":"max-video-preview:-1"},"canonical":"https:\/\/www.blogsoestado.com\/danielmatos\/reforma-administrativa-secretario-municipal-de-governo-tambem-perde-o-cargo-e-adjunto-assume\/","og_locale":"pt_BR","og_type":"article","og_title":"Reforma administrativa: secret\u00e1rio municipal de Governo tamb\u00e9m perde o cargo e adjunto assume - Daniel Matos","og_description":"O secret\u00e1rio municipal de Governo, advogado En\u00e9as Fernandes, foi o segundo membro do primeiro escal\u00e3o exonerado pelo prefeito Eduardo Braide, [&hellip;]","og_url":"https:\/\/www.blogsoestado.com\/danielmatos\/reforma-administrativa-secretario-municipal-de-governo-tambem-perde-o-cargo-e-adjunto-assume\/","og_site_name":"Daniel Matos","article_published_time":"2023-03-29T21:53:09+00:00","og_image":[{"url":"https:\/\/www.blogsoestado.com\/danielmatos\/files\/2023\/03\/Screenshot_20230329-1844422.png","type":"","width":"","height":""}],"twitter_card":"summary_large_image","twitter_misc":{"Est. tempo de leitura":"2 minutos"},"schema":{"@context":"https:\/\/schema.org","@graph":[{"@type":"WebPage","@id":"https:\/\/www.blogsoestado.com\/danielmatos\/reforma-administrativa-secretario-municipal-de-governo-tambem-perde-o-cargo-e-adjunto-assume\/","url":"https:\/\/www.blogsoestado.com\/danielmatos\/reforma-administrativa-secretario-municipal-de-governo-tambem-perde-o-cargo-e-adjunto-assume\/","name":"Reforma administrativa: secret\u00e1rio municipal de Governo tamb\u00e9m perde o cargo e adjunto assume - Daniel Matos","isPartOf":{"@id":"https:\/\/www.blogsoestado.com\/danielmatos\/#website"},"primaryImageOfPage":{"@id":"https:\/\/www.blogsoestado.com\/danielmatos\/reforma-administrativa-secretario-municipal-de-governo-tambem-perde-o-cargo-e-adjunto-assume\/#primaryimage"},"image":{"@id":"https:\/\/www.blogsoestado.com\/danielmatos\/reforma-administrativa-secretario-municipal-de-governo-tambem-perde-o-cargo-e-adjunto-assume\/#primaryimage"},"thumbnailUrl":"https:\/\/www.blogsoestado.com\/danielmatos\/files\/2023\/03\/Screenshot_20230329-1844422.png","datePublished":"2023-03-29T21:53:09+00:00","author":{"@id":""},"breadcrumb":{"@id":"https:\/\/www.blogsoestado.com\/danielmatos\/reforma-administrativa-secretario-municipal-de-governo-tambem-perde-o-cargo-e-adjunto-assume\/#breadcrumb"},"inLanguage":"pt-BR","potentialAction":[{"@type":"ReadAction","target":["https:\/\/www.blogsoestado.com\/danielmatos\/reforma-administrativa-secretario-municipal-de-governo-tambem-perde-o-cargo-e-adjunto-assume\/"]}]},{"@type":"ImageObject","inLanguage":"pt-BR","@id":"https:\/\/www.blogsoestado.com\/danielmatos\/reforma-administrativa-secretario-municipal-de-governo-tambem-perde-o-cargo-e-adjunto-assume\/#primaryimage","url":"https:\/\/www.blogsoestado.com\/danielmatos\/files\/2023\/03\/Screenshot_20230329-1844422.png","contentUrl":"https:\/\/www.blogsoestado.com\/danielmatos\/files\/2023\/03\/Screenshot_20230329-1844422.png"},{"@type":"BreadcrumbList","@id":"https:\/\/www.blogsoestado.com\/danielmatos\/reforma-administrativa-secretario-municipal-de-governo-tambem-perde-o-cargo-e-adjunto-assume\/#breadcrumb","itemListElement":[{"@type":"ListItem","position":1,"name":"In\u00edcio","item":"https:\/\/www.blogsoestado.com\/danielmatos\/"},{"@type":"ListItem","position":2,"name":"Reforma administrativa: secret\u00e1rio municipal de Governo tamb\u00e9m perde o cargo e adjunto assume"}]},{"@type":"WebSite","@id":"https:\/\/www.blogsoestado.com\/danielmatos\/#website","url":"https:\/\/www.blogsoestado.com\/danielmatos\/","name":"Daniel Matos","description":"","potentialAction":[{"@type":"SearchAction","target":{"@type":"EntryPoint","urlTemplate":"https:\/\/www.blogsoestado.com\/danielmatos\/?s={search_term_string}"},"query-input":{"@type":"PropertyValueSpecification","valueRequired":true,"valueName":"search_term_string"}}],"inLanguage":"pt-BR"}]}},"jetpack_featured_media_url":"","_links":{"self":[{"href":"https:\/\/www.blogsoestado.com\/danielmatos\/wp-json\/wp\/v2\/posts\/107716","targetHints":{"allow":["GET"]}}],"collection":[{"href":"https:\/\/www.blogsoestado.com\/danielmatos\/wp-json\/wp\/v2\/posts"}],"about":[{"href":"https:\/\/www.blogsoestado.com\/danielmatos\/wp-json\/wp\/v2\/types\/post"}],"replies":[{"embeddable":true,"href":"https:\/\/www.blogsoestado.com\/danielmatos\/wp-json\/wp\/v2\/comments?post=107716"}],"version-history":[{"count":0,"href":"https:\/\/www.blogsoestado.com\/danielmatos\/wp-json\/wp\/v2\/posts\/107716\/revisions"}],"wp:attachment":[{"href":"https:\/\/www.blogsoestado.com\/danielmatos\/wp-json\/wp\/v2\/media?parent=107716"}],"wp:term":[{"taxonomy":"category","embeddable":true,"href":"https:\/\/www.blogsoestado.com\/danielmatos\/wp-json\/wp\/v2\/categories?post=107716"},{"taxonomy":"post_tag","embeddable":true,"href":"https:\/\/www.blogsoestado.com\/danielmatos\/wp-json\/wp\/v2\/tags?post=107716"}],"curies":[{"name":"wp","href":"https:\/\/api.w.org\/{rel}","templated":true}]}}