{"id":107720,"date":"2023-03-29T19:27:11","date_gmt":"2023-03-29T22:27:11","guid":{"rendered":"https:\/\/www.blogsoestado.com\/danielmatos\/?p=107720"},"modified":"2023-03-29T19:27:11","modified_gmt":"2023-03-29T22:27:11","slug":"deputado-wellington-acompanha-caravana-de-enfermeiros-em-brasilia-e-defende-a-implantacao-do-piso-salarial-da-categoria","status":"publish","type":"post","link":"https:\/\/www.blogsoestado.com\/danielmatos\/deputado-wellington-acompanha-caravana-de-enfermeiros-em-brasilia-e-defende-a-implantacao-do-piso-salarial-da-categoria\/","title":{"rendered":"Deputado Wellington acompanha caravana da enfermagem em Bras\u00edlia e defende implanta\u00e7\u00e3o do piso salarial da categoria"},"content":{"rendered":"\n<div class=\"wp-block-image\"><figure class=\"aligncenter size-large\"><a href=\"https:\/\/www.blogsoestado.com\/danielmatos\/files\/2023\/03\/Screenshot_20230329-1931552.png\"><img decoding=\"async\" src=\"https:\/\/www.blogsoestado.com\/danielmatos\/files\/2023\/03\/Screenshot_20230329-1931552.png\" alt=\"\" class=\"wp-image-107723\"\/><\/a><figcaption>O deputado estadual Wellington reafirmou o compromisso em defender os interesses da categoria da enfermagem<\/figcaption><\/figure><\/div>\n\n\n\n<p>O deputado estadual Wellington do Curso acompanhou,  nesta quarta-feira (29), a caravana que reuniu centenas de enfermeiros e profissionais da enfermagem como ato de mobiliza\u00e7\u00e3o pela implanta\u00e7\u00e3o do piso salarial da categoria. O movimento ocorreu em Bras\u00edlia e teve como pauta a valoriza\u00e7\u00e3o e o reconhecimento da enfermagem como profiss\u00e3o essencial para a sa\u00fade p\u00fablica do pa\u00eds.<\/p>\n\n\n\n<p>Na ocasi\u00e3o, Wellington reafirmou o compromisso em defender os interesses da categoria.<\/p>\n\n\n\n<p>\u201cCostumo dizer que n\u00e3o sou enfermeiro de forma\u00e7\u00e3o, mas sim de cora\u00e7\u00e3o. Falo isso porque tenho uma gratid\u00e3o a esses profissionais da sa\u00fade que tanto fazem por n\u00f3s. A defesa da implanta\u00e7\u00e3o do piso salarial \u00e9 uma luta antiga \u00e9 urgente. J\u00e1 articulei com a Bancada Maranhense para que somem esfor\u00e7os por isso tamb\u00e9m. Enfermeiros, enfermeiras e demais profissionais da enfermagem, contem sempre com o meu apoio!\u201d, afirmou Wellington do Curso.<\/p>\n","protected":false},"excerpt":{"rendered":"<p>O deputado estadual Wellington do Curso acompanhou, nesta quarta-feira (29), a caravana que reuniu centenas de enfermeiros e profissionais da [&hellip;]<\/p>\n","protected":false},"author":0,"featured_media":0,"comment_status":"open","ping_status":"open","sticky":false,"template":"","format":"standard","meta":{"site-sidebar-layout":"default","site-content-layout":"","ast-site-content-layout":"default","site-content-style":"default","site-sidebar-style":"default","ast-global-header-display":"","ast-banner-title-visibility":"","ast-main-header-display":"","ast-hfb-above-header-display":"","ast-hfb-below-header-display":"","ast-hfb-mobile-header-display":"","site-post-title":"","ast-breadcrumbs-content":"","ast-featured-img":"","footer-sml-layout":"","ast-disable-related-posts":"","theme-transparent-header-meta":"","adv-header-id-meta":"","stick-header-meta":"","header-above-stick-meta":"","header-main-stick-meta":"","header-below-stick-meta":"","astra-migrate-meta-layouts":"default","ast-page-background-enabled":"default","ast-page-background-meta":{"desktop":{"background-color":"var(--ast-global-color-5)","background-image":"","background-repeat":"repeat","background-position":"center center","background-size":"auto","background-attachment":"scroll","background-type":"","background-media":"","overlay-type":"","overlay-color":"","overlay-opacity":"","overlay-gradient":""},"tablet":{"background-color":"","background-image":"","background-repeat":"repeat","background-position":"center center","background-size":"auto","background-attachment":"scroll","background-type":"","background-media":"","overlay-type":"","overlay-color":"","overlay-opacity":"","overlay-gradient":""},"mobile":{"background-color":"","background-image":"","background-repeat":"repeat","background-position":"center center","background-size":"auto","background-attachment":"scroll","background-type":"","background-media":"","overlay-type":"","overlay-color":"","overlay-opacity":"","overlay-gradient":""}},"ast-content-background-meta":{"desktop":{"background-color":"var(--ast-global-color-4)","background-image":"","background-repeat":"repeat","background-position":"center center","background-size":"auto","background-attachment":"scroll","background-type":"","background-media":"","overlay-type":"","overlay-color":"","overlay-opacity":"","overlay-gradient":""},"tablet":{"background-color":"var(--ast-global-color-4)","background-image":"","background-repeat":"repeat","background-position":"center center","background-size":"auto","background-attachment":"scroll","background-type":"","background-media":"","overlay-type":"","overlay-color":"","overlay-opacity":"","overlay-gradient":""},"mobile":{"background-color":"var(--ast-global-color-4)","background-image":"","background-repeat":"repeat","background-position":"center center","background-size":"auto","background-attachment":"scroll","background-type":"","background-media":"","overlay-type":"","overlay-color":"","overlay-opacity":"","overlay-gradient":""}},"footnotes":""},"categories":[1],"tags":[],"class_list":["post-107720","post","type-post","status-publish","format-standard","hentry","category-sem-categoria"],"yoast_head":"<!-- This site is optimized with the Yoast SEO plugin v26.6 - https:\/\/yoast.com\/wordpress\/plugins\/seo\/ -->\n<title>Deputado Wellington acompanha caravana da enfermagem em Bras\u00edlia e defende implanta\u00e7\u00e3o do piso salarial da categoria - Daniel Matos<\/title>\n<meta name=\"robots\" content=\"index, follow, max-snippet:-1, max-image-preview:large, max-video-preview:-1\" \/>\n<link rel=\"canonical\" href=\"https:\/\/www.blogsoestado.com\/danielmatos\/deputado-wellington-acompanha-caravana-de-enfermeiros-em-brasilia-e-defende-a-implantacao-do-piso-salarial-da-categoria\/\" \/>\n<meta property=\"og:locale\" content=\"pt_BR\" \/>\n<meta property=\"og:type\" content=\"article\" \/>\n<meta property=\"og:title\" content=\"Deputado Wellington acompanha caravana da enfermagem em Bras\u00edlia e defende implanta\u00e7\u00e3o do piso salarial da categoria - Daniel Matos\" \/>\n<meta property=\"og:description\" content=\"O deputado estadual Wellington do Curso acompanhou, nesta quarta-feira (29), a caravana que reuniu centenas de enfermeiros e profissionais da [&hellip;]\" \/>\n<meta property=\"og:url\" content=\"https:\/\/www.blogsoestado.com\/danielmatos\/deputado-wellington-acompanha-caravana-de-enfermeiros-em-brasilia-e-defende-a-implantacao-do-piso-salarial-da-categoria\/\" \/>\n<meta property=\"og:site_name\" content=\"Daniel Matos\" \/>\n<meta property=\"article:published_time\" content=\"2023-03-29T22:27:11+00:00\" \/>\n<meta property=\"og:image\" content=\"https:\/\/www.blogsoestado.com\/danielmatos\/files\/2023\/03\/Screenshot_20230329-1931552.png\" \/>\n<meta name=\"twitter:card\" content=\"summary_large_image\" \/>\n<meta name=\"twitter:label1\" content=\"Est. tempo de leitura\" \/>\n\t<meta name=\"twitter:data1\" content=\"1 minuto\" \/>\n<script type=\"application\/ld+json\" class=\"yoast-schema-graph\">{\"@context\":\"https:\/\/schema.org\",\"@graph\":[{\"@type\":\"WebPage\",\"@id\":\"https:\/\/www.blogsoestado.com\/danielmatos\/deputado-wellington-acompanha-caravana-de-enfermeiros-em-brasilia-e-defende-a-implantacao-do-piso-salarial-da-categoria\/\",\"url\":\"https:\/\/www.blogsoestado.com\/danielmatos\/deputado-wellington-acompanha-caravana-de-enfermeiros-em-brasilia-e-defende-a-implantacao-do-piso-salarial-da-categoria\/\",\"name\":\"Deputado Wellington acompanha caravana da enfermagem em Bras\u00edlia e defende implanta\u00e7\u00e3o do piso salarial da categoria - Daniel Matos\",\"isPartOf\":{\"@id\":\"https:\/\/www.blogsoestado.com\/danielmatos\/#website\"},\"primaryImageOfPage\":{\"@id\":\"https:\/\/www.blogsoestado.com\/danielmatos\/deputado-wellington-acompanha-caravana-de-enfermeiros-em-brasilia-e-defende-a-implantacao-do-piso-salarial-da-categoria\/#primaryimage\"},\"image\":{\"@id\":\"https:\/\/www.blogsoestado.com\/danielmatos\/deputado-wellington-acompanha-caravana-de-enfermeiros-em-brasilia-e-defende-a-implantacao-do-piso-salarial-da-categoria\/#primaryimage\"},\"thumbnailUrl\":\"https:\/\/www.blogsoestado.com\/danielmatos\/files\/2023\/03\/Screenshot_20230329-1931552.png\",\"datePublished\":\"2023-03-29T22:27:11+00:00\",\"author\":{\"@id\":\"\"},\"breadcrumb\":{\"@id\":\"https:\/\/www.blogsoestado.com\/danielmatos\/deputado-wellington-acompanha-caravana-de-enfermeiros-em-brasilia-e-defende-a-implantacao-do-piso-salarial-da-categoria\/#breadcrumb\"},\"inLanguage\":\"pt-BR\",\"potentialAction\":[{\"@type\":\"ReadAction\",\"target\":[\"https:\/\/www.blogsoestado.com\/danielmatos\/deputado-wellington-acompanha-caravana-de-enfermeiros-em-brasilia-e-defende-a-implantacao-do-piso-salarial-da-categoria\/\"]}]},{\"@type\":\"ImageObject\",\"inLanguage\":\"pt-BR\",\"@id\":\"https:\/\/www.blogsoestado.com\/danielmatos\/deputado-wellington-acompanha-caravana-de-enfermeiros-em-brasilia-e-defende-a-implantacao-do-piso-salarial-da-categoria\/#primaryimage\",\"url\":\"https:\/\/www.blogsoestado.com\/danielmatos\/files\/2023\/03\/Screenshot_20230329-1931552.png\",\"contentUrl\":\"https:\/\/www.blogsoestado.com\/danielmatos\/files\/2023\/03\/Screenshot_20230329-1931552.png\"},{\"@type\":\"BreadcrumbList\",\"@id\":\"https:\/\/www.blogsoestado.com\/danielmatos\/deputado-wellington-acompanha-caravana-de-enfermeiros-em-brasilia-e-defende-a-implantacao-do-piso-salarial-da-categoria\/#breadcrumb\",\"itemListElement\":[{\"@type\":\"ListItem\",\"position\":1,\"name\":\"In\u00edcio\",\"item\":\"https:\/\/www.blogsoestado.com\/danielmatos\/\"},{\"@type\":\"ListItem\",\"position\":2,\"name\":\"Deputado Wellington acompanha caravana da enfermagem em Bras\u00edlia e defende implanta\u00e7\u00e3o do piso salarial da categoria\"}]},{\"@type\":\"WebSite\",\"@id\":\"https:\/\/www.blogsoestado.com\/danielmatos\/#website\",\"url\":\"https:\/\/www.blogsoestado.com\/danielmatos\/\",\"name\":\"Daniel Matos\",\"description\":\"\",\"potentialAction\":[{\"@type\":\"SearchAction\",\"target\":{\"@type\":\"EntryPoint\",\"urlTemplate\":\"https:\/\/www.blogsoestado.com\/danielmatos\/?s={search_term_string}\"},\"query-input\":{\"@type\":\"PropertyValueSpecification\",\"valueRequired\":true,\"valueName\":\"search_term_string\"}}],\"inLanguage\":\"pt-BR\"}]}<\/script>\n<!-- \/ Yoast SEO plugin. -->","yoast_head_json":{"title":"Deputado Wellington acompanha caravana da enfermagem em Bras\u00edlia e defende implanta\u00e7\u00e3o do piso salarial da categoria - Daniel Matos","robots":{"index":"index","follow":"follow","max-snippet":"max-snippet:-1","max-image-preview":"max-image-preview:large","max-video-preview":"max-video-preview:-1"},"canonical":"https:\/\/www.blogsoestado.com\/danielmatos\/deputado-wellington-acompanha-caravana-de-enfermeiros-em-brasilia-e-defende-a-implantacao-do-piso-salarial-da-categoria\/","og_locale":"pt_BR","og_type":"article","og_title":"Deputado Wellington acompanha caravana da enfermagem em Bras\u00edlia e defende implanta\u00e7\u00e3o do piso salarial da categoria - Daniel Matos","og_description":"O deputado estadual Wellington do Curso acompanhou, nesta quarta-feira (29), a caravana que reuniu centenas de enfermeiros e profissionais da [&hellip;]","og_url":"https:\/\/www.blogsoestado.com\/danielmatos\/deputado-wellington-acompanha-caravana-de-enfermeiros-em-brasilia-e-defende-a-implantacao-do-piso-salarial-da-categoria\/","og_site_name":"Daniel Matos","article_published_time":"2023-03-29T22:27:11+00:00","og_image":[{"url":"https:\/\/www.blogsoestado.com\/danielmatos\/files\/2023\/03\/Screenshot_20230329-1931552.png","type":"","width":"","height":""}],"twitter_card":"summary_large_image","twitter_misc":{"Est. tempo de leitura":"1 minuto"},"schema":{"@context":"https:\/\/schema.org","@graph":[{"@type":"WebPage","@id":"https:\/\/www.blogsoestado.com\/danielmatos\/deputado-wellington-acompanha-caravana-de-enfermeiros-em-brasilia-e-defende-a-implantacao-do-piso-salarial-da-categoria\/","url":"https:\/\/www.blogsoestado.com\/danielmatos\/deputado-wellington-acompanha-caravana-de-enfermeiros-em-brasilia-e-defende-a-implantacao-do-piso-salarial-da-categoria\/","name":"Deputado Wellington acompanha caravana da enfermagem em Bras\u00edlia e defende implanta\u00e7\u00e3o do piso salarial da categoria - Daniel Matos","isPartOf":{"@id":"https:\/\/www.blogsoestado.com\/danielmatos\/#website"},"primaryImageOfPage":{"@id":"https:\/\/www.blogsoestado.com\/danielmatos\/deputado-wellington-acompanha-caravana-de-enfermeiros-em-brasilia-e-defende-a-implantacao-do-piso-salarial-da-categoria\/#primaryimage"},"image":{"@id":"https:\/\/www.blogsoestado.com\/danielmatos\/deputado-wellington-acompanha-caravana-de-enfermeiros-em-brasilia-e-defende-a-implantacao-do-piso-salarial-da-categoria\/#primaryimage"},"thumbnailUrl":"https:\/\/www.blogsoestado.com\/danielmatos\/files\/2023\/03\/Screenshot_20230329-1931552.png","datePublished":"2023-03-29T22:27:11+00:00","author":{"@id":""},"breadcrumb":{"@id":"https:\/\/www.blogsoestado.com\/danielmatos\/deputado-wellington-acompanha-caravana-de-enfermeiros-em-brasilia-e-defende-a-implantacao-do-piso-salarial-da-categoria\/#breadcrumb"},"inLanguage":"pt-BR","potentialAction":[{"@type":"ReadAction","target":["https:\/\/www.blogsoestado.com\/danielmatos\/deputado-wellington-acompanha-caravana-de-enfermeiros-em-brasilia-e-defende-a-implantacao-do-piso-salarial-da-categoria\/"]}]},{"@type":"ImageObject","inLanguage":"pt-BR","@id":"https:\/\/www.blogsoestado.com\/danielmatos\/deputado-wellington-acompanha-caravana-de-enfermeiros-em-brasilia-e-defende-a-implantacao-do-piso-salarial-da-categoria\/#primaryimage","url":"https:\/\/www.blogsoestado.com\/danielmatos\/files\/2023\/03\/Screenshot_20230329-1931552.png","contentUrl":"https:\/\/www.blogsoestado.com\/danielmatos\/files\/2023\/03\/Screenshot_20230329-1931552.png"},{"@type":"BreadcrumbList","@id":"https:\/\/www.blogsoestado.com\/danielmatos\/deputado-wellington-acompanha-caravana-de-enfermeiros-em-brasilia-e-defende-a-implantacao-do-piso-salarial-da-categoria\/#breadcrumb","itemListElement":[{"@type":"ListItem","position":1,"name":"In\u00edcio","item":"https:\/\/www.blogsoestado.com\/danielmatos\/"},{"@type":"ListItem","position":2,"name":"Deputado Wellington acompanha caravana da enfermagem em Bras\u00edlia e defende implanta\u00e7\u00e3o do piso salarial da categoria"}]},{"@type":"WebSite","@id":"https:\/\/www.blogsoestado.com\/danielmatos\/#website","url":"https:\/\/www.blogsoestado.com\/danielmatos\/","name":"Daniel Matos","description":"","potentialAction":[{"@type":"SearchAction","target":{"@type":"EntryPoint","urlTemplate":"https:\/\/www.blogsoestado.com\/danielmatos\/?s={search_term_string}"},"query-input":{"@type":"PropertyValueSpecification","valueRequired":true,"valueName":"search_term_string"}}],"inLanguage":"pt-BR"}]}},"jetpack_featured_media_url":"","_links":{"self":[{"href":"https:\/\/www.blogsoestado.com\/danielmatos\/wp-json\/wp\/v2\/posts\/107720","targetHints":{"allow":["GET"]}}],"collection":[{"href":"https:\/\/www.blogsoestado.com\/danielmatos\/wp-json\/wp\/v2\/posts"}],"about":[{"href":"https:\/\/www.blogsoestado.com\/danielmatos\/wp-json\/wp\/v2\/types\/post"}],"replies":[{"embeddable":true,"href":"https:\/\/www.blogsoestado.com\/danielmatos\/wp-json\/wp\/v2\/comments?post=107720"}],"version-history":[{"count":0,"href":"https:\/\/www.blogsoestado.com\/danielmatos\/wp-json\/wp\/v2\/posts\/107720\/revisions"}],"wp:attachment":[{"href":"https:\/\/www.blogsoestado.com\/danielmatos\/wp-json\/wp\/v2\/media?parent=107720"}],"wp:term":[{"taxonomy":"category","embeddable":true,"href":"https:\/\/www.blogsoestado.com\/danielmatos\/wp-json\/wp\/v2\/categories?post=107720"},{"taxonomy":"post_tag","embeddable":true,"href":"https:\/\/www.blogsoestado.com\/danielmatos\/wp-json\/wp\/v2\/tags?post=107720"}],"curies":[{"name":"wp","href":"https:\/\/api.w.org\/{rel}","templated":true}]}}