{"id":107734,"date":"2023-03-29T21:00:06","date_gmt":"2023-03-30T00:00:06","guid":{"rendered":"https:\/\/www.blogsoestado.com\/danielmatos\/?p=107734"},"modified":"2023-03-29T21:00:06","modified_gmt":"2023-03-30T00:00:06","slug":"governo-federal-repassa-mais-de-r-48-milhoes-a-sete-cidades-do-maranhao-afetadas-por-chuvas-intensas","status":"publish","type":"post","link":"https:\/\/www.blogsoestado.com\/danielmatos\/governo-federal-repassa-mais-de-r-48-milhoes-a-sete-cidades-do-maranhao-afetadas-por-chuvas-intensas\/","title":{"rendered":"Governo Federal repassa mais de R$ 4,8 milh\u00f5es a sete cidades do Maranh\u00e3o afetadas por chuvas intensas"},"content":{"rendered":"\n<p><strong><span class=\"has-inline-color has-vivid-red-color\">Os recursos ser\u00e3o destinados aos munic\u00edpios de Arame, Barra do Corda, Itaipava do Graja\u00fa, Jenipapo dos Vieiras, Pa\u00e7o do Lumiar, S\u00e3o Jos\u00e9 de Ribamar e S\u00e3o Lu\u00eds<\/span><\/strong><\/p>\n\n\n\n<div class=\"wp-block-image\"><figure class=\"aligncenter size-large\"><a href=\"https:\/\/www.blogsoestado.com\/danielmatos\/files\/2023\/03\/Screenshot_20230329-2102342.png\"><img decoding=\"async\" src=\"https:\/\/www.blogsoestado.com\/danielmatos\/files\/2023\/03\/Screenshot_20230329-2102342.png\" alt=\"\" class=\"wp-image-107737\"\/><\/a><figcaption>Chuvas intensas derrubaram parte do muro na via de acesso \u00e0 Avenida Pedro II, no Centro Hist\u00f3rico de S\u00e3o Lu\u00eds; \u00e1rea precisou ser isolada pelo Corpo de Bombeiros<\/figcaption><\/figure><\/div>\n\n\n\n<p><strong>Bras\u00edlia (DF) \u2013 <\/strong>O Minist\u00e9rio da Integra\u00e7\u00e3o e do Desenvolvimento Regional (MIDR), por meio da Defesa Civil Nacional, autorizou o repasse de mais de R$ 4,8 milh\u00f5es a sete munic\u00edpios do Maranh\u00e3o atingidos por chuvas intensas nas \u00faltimas semanas. As portarias com a libera\u00e7\u00e3o dos recursos foram publicadas em edi\u00e7\u00e3o extra do Di\u00e1rio Oficial da Uni\u00e3o (DOU).<\/p>\n\n\n\n<p>Ser\u00e3o destinados R$ 680 mil para a cidade de&nbsp;<a href=\"https:\/\/www.in.gov.br\/web\/dou\/-\/portaria-n-1.215-de-27-de-marco-de-2023-473386994\" target=\"_blank\" rel=\"noreferrer noopener\">Arame<\/a>, R$ 333 mil para&nbsp;<a href=\"https:\/\/www.in.gov.br\/web\/dou\/-\/portaria-n-1.218-de-27-de-marco-de-2023-473387389\" target=\"_blank\" rel=\"noreferrer noopener\">Barra do Corda<\/a>, R$ 736 mil para&nbsp;<a href=\"https:\/\/www.in.gov.br\/web\/dou\/-\/portaria-n-1.216-de-27-de-marco-de-2023-473387073\" target=\"_blank\" rel=\"noreferrer noopener\">Itaipava do Graja\u00fa<\/a>&nbsp;e mais de R$ 1,4 milh\u00e3o para&nbsp;<a href=\"https:\/\/www.in.gov.br\/web\/dou\/-\/portaria-n-1.214-de-27-de-marco-de-2023-473387231\" target=\"_blank\" rel=\"noreferrer noopener\">Jenipapo dos Vieiras<\/a>.&nbsp;As quatro cidades v\u00e3o usar os recursos para a compra de itens de assist\u00eancia humanit\u00e1ria.<\/p>\n\n\n\n<p>Outros tr\u00eas munic\u00edpios \u2013\u00a0<a href=\"https:\/\/www.in.gov.br\/web\/dou\/-\/portaria-n-1.217-de-27-de-marco-de-2023-473387203\" target=\"_blank\" rel=\"noreferrer noopener\">S\u00e3o Lu\u00eds, S\u00e3o Jos\u00e9 de Ribamar e Pa\u00e7o do Lumiar<\/a>\u00a0\u2013 v\u00e3o receber, juntos, mais de R$ 1,6 milh\u00e3o para desobstru\u00e7\u00e3o de curso d&#8217;\u00e1gua, limpeza e desobstru\u00e7\u00e3o de galerias. Os recursos s\u00e3o referentes \u00e0s fortes chuvas que castigaram as cidades no dia 25 de janeiro deste ano.<\/p>\n\n\n\n<p><strong>Buriticupu<\/strong>  <\/p>\n\n\n\n<p>O munic\u00edpio de Buriticupu, na regi\u00e3o oeste do Maranh\u00e3o, tamb\u00e9m teve a situa\u00e7\u00e3o de emerg\u00eancia reconhecida pelo Governo Federa nesta quarta-feira (29), em decorr\u00eancia de temporais. A cidade tamb\u00e9m foi atingida por bo\u00e7orocas, que s\u00e3o grandes abismos com at\u00e9 70 metros de profundidade, formados por eros\u00e3o, agrava pelas fortes chuvas que castigam o territ\u00f3rio.<\/p>\n\n\n\n<div class=\"wp-block-image\"><figure class=\"aligncenter size-large\"><a href=\"https:\/\/www.blogsoestado.com\/danielmatos\/files\/2023\/03\/g1-ma-buracos.jpg\"><img decoding=\"async\" src=\"https:\/\/www.blogsoestado.com\/danielmatos\/files\/2023\/03\/g1-ma-buracos.jpg\" alt=\"\" class=\"wp-image-107741\"\/><\/a><figcaption>Imensos buracos foram abertos no territ\u00f3rio de Buriticupu em decorr\u00eancia das fortes chuvas e amea\u00e7am moradores e im\u00f3veis<\/figcaption><\/figure><\/div>\n\n\n\n<p>Neste ano, j\u00e1 foram investidos pelo MIDR mais de R$ 221 milh\u00f5es em a\u00e7\u00f5es de defesa civil em todo o Brasil.<\/p>\n\n\n\n<p><strong>Apoio emergencial<\/strong><\/p>\n\n\n\n<p>Na \u00faltima sexta-feira (24), o MIDR j\u00e1 havia autorizado o repasse de mais de R$ 3 milh\u00f5es para execu\u00e7\u00e3o de a\u00e7\u00f5es de resposta a desastres em 20 munic\u00edpios do estado do Maranh\u00e3o. Saiba mais&nbsp;<a href=\"https:\/\/www.gov.br\/mdr\/pt-br\/noticias\/defesa-civil-nacional-autoriza-repasse-de-mais-de-r-3-milhoes-para-o-maranhao\" target=\"_blank\" rel=\"noreferrer noopener\">aqui<\/a>.<\/p>\n\n\n\n<p><strong>Como solicitar recursos federais para a\u00e7\u00f5es de defesa civil<\/strong><\/p>\n\n\n\n<p>Cidades em situa\u00e7\u00e3o de emerg\u00eancia ou estado de calamidade p\u00fablica reconhecido pela Defesa Civil Nacional est\u00e3o aptas a solicitar recursos do Minist\u00e9rio da Integra\u00e7\u00e3o e do Desenvolvimento Regional para atendimento \u00e0 popula\u00e7\u00e3o afetada.<\/p>\n\n\n\n<p>As a\u00e7\u00f5es envolvem socorro, assist\u00eancia \u00e0s v\u00edtimas, restabelecimento de servi\u00e7os essenciais e reconstru\u00e7\u00e3o de infraestrutura destru\u00edda ou danificada. A solicita\u00e7\u00e3o deve ser feita por meio do&nbsp;<a href=\"https:\/\/s2id.mi.gov.br\/\" target=\"_blank\" rel=\"noreferrer noopener\">Sistema Integrado de Informa\u00e7\u00f5es sobre Desastres (S2iD)<\/a>.<\/p>\n\n\n\n<p>Com base nas informa\u00e7\u00f5es enviadas, a equipe t\u00e9cnica da Defesa Civil Nacional avalia as metas e os valores solicitados. Com a aprova\u00e7\u00e3o, \u00e9 publicada portaria no DOU com a valor ser liberado.<\/p>\n\n\n\n<p><strong>Capacita\u00e7\u00f5es da Defesa Civil Nacional<\/strong><\/p>\n\n\n\n<p>A Defesa Civil Nacional oferece uma s\u00e9rie de cursos a dist\u00e2ncia para habilitar e qualificar agentes municipais e estaduais para o uso do S2iD. As capacita\u00e7\u00f5es t\u00eam como foco os agentes de prote\u00e7\u00e3o e defesa civil nas tr\u00eas esferas de governo. Confira\u00a0<a href=\"http:\/\/www.gov.br\/mdr\/pt-br\/assuntos\/protecao-e-defesa-civil\/capacitacoes\/cursos-em-andamento\" target=\"_blank\" rel=\"noreferrer noopener\">neste link<\/a>\u00a0a lista completa dos cursos.<\/p>\n\n\n\n<p><em>Post atualizado \u00e0s 00h11<\/em>.<\/p>\n","protected":false},"excerpt":{"rendered":"<p>Os recursos ser\u00e3o destinados aos munic\u00edpios de Arame, Barra do Corda, Itaipava do Graja\u00fa, Jenipapo dos Vieiras, Pa\u00e7o do Lumiar, [&hellip;]<\/p>\n","protected":false},"author":0,"featured_media":0,"comment_status":"open","ping_status":"open","sticky":false,"template":"","format":"standard","meta":{"site-sidebar-layout":"default","site-content-layout":"","ast-site-content-layout":"default","site-content-style":"default","site-sidebar-style":"default","ast-global-header-display":"","ast-banner-title-visibility":"","ast-main-header-display":"","ast-hfb-above-header-display":"","ast-hfb-below-header-display":"","ast-hfb-mobile-header-display":"","site-post-title":"","ast-breadcrumbs-content":"","ast-featured-img":"","footer-sml-layout":"","ast-disable-related-posts":"","theme-transparent-header-meta":"","adv-header-id-meta":"","stick-header-meta":"","header-above-stick-meta":"","header-main-stick-meta":"","header-below-stick-meta":"","astra-migrate-meta-layouts":"default","ast-page-background-enabled":"default","ast-page-background-meta":{"desktop":{"background-color":"var(--ast-global-color-5)","background-image":"","background-repeat":"repeat","background-position":"center center","background-size":"auto","background-attachment":"scroll","background-type":"","background-media":"","overlay-type":"","overlay-color":"","overlay-opacity":"","overlay-gradient":""},"tablet":{"background-color":"","background-image":"","background-repeat":"repeat","background-position":"center center","background-size":"auto","background-attachment":"scroll","background-type":"","background-media":"","overlay-type":"","overlay-color":"","overlay-opacity":"","overlay-gradient":""},"mobile":{"background-color":"","background-image":"","background-repeat":"repeat","background-position":"center center","background-size":"auto","background-attachment":"scroll","background-type":"","background-media":"","overlay-type":"","overlay-color":"","overlay-opacity":"","overlay-gradient":""}},"ast-content-background-meta":{"desktop":{"background-color":"var(--ast-global-color-4)","background-image":"","background-repeat":"repeat","background-position":"center center","background-size":"auto","background-attachment":"scroll","background-type":"","background-media":"","overlay-type":"","overlay-color":"","overlay-opacity":"","overlay-gradient":""},"tablet":{"background-color":"var(--ast-global-color-4)","background-image":"","background-repeat":"repeat","background-position":"center center","background-size":"auto","background-attachment":"scroll","background-type":"","background-media":"","overlay-type":"","overlay-color":"","overlay-opacity":"","overlay-gradient":""},"mobile":{"background-color":"var(--ast-global-color-4)","background-image":"","background-repeat":"repeat","background-position":"center center","background-size":"auto","background-attachment":"scroll","background-type":"","background-media":"","overlay-type":"","overlay-color":"","overlay-opacity":"","overlay-gradient":""}},"footnotes":""},"categories":[1],"tags":[],"class_list":["post-107734","post","type-post","status-publish","format-standard","hentry","category-sem-categoria"],"yoast_head":"<!-- This site is optimized with the Yoast SEO plugin v26.6 - https:\/\/yoast.com\/wordpress\/plugins\/seo\/ -->\n<title>Governo Federal repassa mais de R$ 4,8 milh\u00f5es a sete cidades do Maranh\u00e3o afetadas por chuvas intensas - Daniel Matos<\/title>\n<meta name=\"robots\" content=\"index, follow, max-snippet:-1, max-image-preview:large, max-video-preview:-1\" \/>\n<link rel=\"canonical\" href=\"https:\/\/www.blogsoestado.com\/danielmatos\/governo-federal-repassa-mais-de-r-48-milhoes-a-sete-cidades-do-maranhao-afetadas-por-chuvas-intensas\/\" \/>\n<meta property=\"og:locale\" content=\"pt_BR\" \/>\n<meta property=\"og:type\" content=\"article\" \/>\n<meta property=\"og:title\" content=\"Governo Federal repassa mais de R$ 4,8 milh\u00f5es a sete cidades do Maranh\u00e3o afetadas por chuvas intensas - Daniel Matos\" \/>\n<meta property=\"og:description\" content=\"Os recursos ser\u00e3o destinados aos munic\u00edpios de Arame, Barra do Corda, Itaipava do Graja\u00fa, Jenipapo dos Vieiras, Pa\u00e7o do Lumiar, [&hellip;]\" \/>\n<meta property=\"og:url\" content=\"https:\/\/www.blogsoestado.com\/danielmatos\/governo-federal-repassa-mais-de-r-48-milhoes-a-sete-cidades-do-maranhao-afetadas-por-chuvas-intensas\/\" \/>\n<meta property=\"og:site_name\" content=\"Daniel Matos\" \/>\n<meta property=\"article:published_time\" content=\"2023-03-30T00:00:06+00:00\" \/>\n<meta property=\"og:image\" content=\"https:\/\/www.blogsoestado.com\/danielmatos\/files\/2023\/03\/Screenshot_20230329-2102342.png\" \/>\n<meta name=\"twitter:card\" content=\"summary_large_image\" \/>\n<meta name=\"twitter:label1\" content=\"Est. tempo de leitura\" \/>\n\t<meta name=\"twitter:data1\" content=\"3 minutos\" \/>\n<script type=\"application\/ld+json\" class=\"yoast-schema-graph\">{\"@context\":\"https:\/\/schema.org\",\"@graph\":[{\"@type\":\"WebPage\",\"@id\":\"https:\/\/www.blogsoestado.com\/danielmatos\/governo-federal-repassa-mais-de-r-48-milhoes-a-sete-cidades-do-maranhao-afetadas-por-chuvas-intensas\/\",\"url\":\"https:\/\/www.blogsoestado.com\/danielmatos\/governo-federal-repassa-mais-de-r-48-milhoes-a-sete-cidades-do-maranhao-afetadas-por-chuvas-intensas\/\",\"name\":\"Governo Federal repassa mais de R$ 4,8 milh\u00f5es a sete cidades do Maranh\u00e3o afetadas por chuvas intensas - Daniel Matos\",\"isPartOf\":{\"@id\":\"https:\/\/www.blogsoestado.com\/danielmatos\/#website\"},\"primaryImageOfPage\":{\"@id\":\"https:\/\/www.blogsoestado.com\/danielmatos\/governo-federal-repassa-mais-de-r-48-milhoes-a-sete-cidades-do-maranhao-afetadas-por-chuvas-intensas\/#primaryimage\"},\"image\":{\"@id\":\"https:\/\/www.blogsoestado.com\/danielmatos\/governo-federal-repassa-mais-de-r-48-milhoes-a-sete-cidades-do-maranhao-afetadas-por-chuvas-intensas\/#primaryimage\"},\"thumbnailUrl\":\"https:\/\/www.blogsoestado.com\/danielmatos\/files\/2023\/03\/Screenshot_20230329-2102342.png\",\"datePublished\":\"2023-03-30T00:00:06+00:00\",\"author\":{\"@id\":\"\"},\"breadcrumb\":{\"@id\":\"https:\/\/www.blogsoestado.com\/danielmatos\/governo-federal-repassa-mais-de-r-48-milhoes-a-sete-cidades-do-maranhao-afetadas-por-chuvas-intensas\/#breadcrumb\"},\"inLanguage\":\"pt-BR\",\"potentialAction\":[{\"@type\":\"ReadAction\",\"target\":[\"https:\/\/www.blogsoestado.com\/danielmatos\/governo-federal-repassa-mais-de-r-48-milhoes-a-sete-cidades-do-maranhao-afetadas-por-chuvas-intensas\/\"]}]},{\"@type\":\"ImageObject\",\"inLanguage\":\"pt-BR\",\"@id\":\"https:\/\/www.blogsoestado.com\/danielmatos\/governo-federal-repassa-mais-de-r-48-milhoes-a-sete-cidades-do-maranhao-afetadas-por-chuvas-intensas\/#primaryimage\",\"url\":\"https:\/\/www.blogsoestado.com\/danielmatos\/files\/2023\/03\/Screenshot_20230329-2102342.png\",\"contentUrl\":\"https:\/\/www.blogsoestado.com\/danielmatos\/files\/2023\/03\/Screenshot_20230329-2102342.png\"},{\"@type\":\"BreadcrumbList\",\"@id\":\"https:\/\/www.blogsoestado.com\/danielmatos\/governo-federal-repassa-mais-de-r-48-milhoes-a-sete-cidades-do-maranhao-afetadas-por-chuvas-intensas\/#breadcrumb\",\"itemListElement\":[{\"@type\":\"ListItem\",\"position\":1,\"name\":\"In\u00edcio\",\"item\":\"https:\/\/www.blogsoestado.com\/danielmatos\/\"},{\"@type\":\"ListItem\",\"position\":2,\"name\":\"Governo Federal repassa mais de R$ 4,8 milh\u00f5es a sete cidades do Maranh\u00e3o afetadas por chuvas intensas\"}]},{\"@type\":\"WebSite\",\"@id\":\"https:\/\/www.blogsoestado.com\/danielmatos\/#website\",\"url\":\"https:\/\/www.blogsoestado.com\/danielmatos\/\",\"name\":\"Daniel Matos\",\"description\":\"\",\"potentialAction\":[{\"@type\":\"SearchAction\",\"target\":{\"@type\":\"EntryPoint\",\"urlTemplate\":\"https:\/\/www.blogsoestado.com\/danielmatos\/?s={search_term_string}\"},\"query-input\":{\"@type\":\"PropertyValueSpecification\",\"valueRequired\":true,\"valueName\":\"search_term_string\"}}],\"inLanguage\":\"pt-BR\"}]}<\/script>\n<!-- \/ Yoast SEO plugin. -->","yoast_head_json":{"title":"Governo Federal repassa mais de R$ 4,8 milh\u00f5es a sete cidades do Maranh\u00e3o afetadas por chuvas intensas - Daniel Matos","robots":{"index":"index","follow":"follow","max-snippet":"max-snippet:-1","max-image-preview":"max-image-preview:large","max-video-preview":"max-video-preview:-1"},"canonical":"https:\/\/www.blogsoestado.com\/danielmatos\/governo-federal-repassa-mais-de-r-48-milhoes-a-sete-cidades-do-maranhao-afetadas-por-chuvas-intensas\/","og_locale":"pt_BR","og_type":"article","og_title":"Governo Federal repassa mais de R$ 4,8 milh\u00f5es a sete cidades do Maranh\u00e3o afetadas por chuvas intensas - Daniel Matos","og_description":"Os recursos ser\u00e3o destinados aos munic\u00edpios de Arame, Barra do Corda, Itaipava do Graja\u00fa, Jenipapo dos Vieiras, Pa\u00e7o do Lumiar, [&hellip;]","og_url":"https:\/\/www.blogsoestado.com\/danielmatos\/governo-federal-repassa-mais-de-r-48-milhoes-a-sete-cidades-do-maranhao-afetadas-por-chuvas-intensas\/","og_site_name":"Daniel Matos","article_published_time":"2023-03-30T00:00:06+00:00","og_image":[{"url":"https:\/\/www.blogsoestado.com\/danielmatos\/files\/2023\/03\/Screenshot_20230329-2102342.png","type":"","width":"","height":""}],"twitter_card":"summary_large_image","twitter_misc":{"Est. tempo de leitura":"3 minutos"},"schema":{"@context":"https:\/\/schema.org","@graph":[{"@type":"WebPage","@id":"https:\/\/www.blogsoestado.com\/danielmatos\/governo-federal-repassa-mais-de-r-48-milhoes-a-sete-cidades-do-maranhao-afetadas-por-chuvas-intensas\/","url":"https:\/\/www.blogsoestado.com\/danielmatos\/governo-federal-repassa-mais-de-r-48-milhoes-a-sete-cidades-do-maranhao-afetadas-por-chuvas-intensas\/","name":"Governo Federal repassa mais de R$ 4,8 milh\u00f5es a sete cidades do Maranh\u00e3o afetadas por chuvas intensas - Daniel Matos","isPartOf":{"@id":"https:\/\/www.blogsoestado.com\/danielmatos\/#website"},"primaryImageOfPage":{"@id":"https:\/\/www.blogsoestado.com\/danielmatos\/governo-federal-repassa-mais-de-r-48-milhoes-a-sete-cidades-do-maranhao-afetadas-por-chuvas-intensas\/#primaryimage"},"image":{"@id":"https:\/\/www.blogsoestado.com\/danielmatos\/governo-federal-repassa-mais-de-r-48-milhoes-a-sete-cidades-do-maranhao-afetadas-por-chuvas-intensas\/#primaryimage"},"thumbnailUrl":"https:\/\/www.blogsoestado.com\/danielmatos\/files\/2023\/03\/Screenshot_20230329-2102342.png","datePublished":"2023-03-30T00:00:06+00:00","author":{"@id":""},"breadcrumb":{"@id":"https:\/\/www.blogsoestado.com\/danielmatos\/governo-federal-repassa-mais-de-r-48-milhoes-a-sete-cidades-do-maranhao-afetadas-por-chuvas-intensas\/#breadcrumb"},"inLanguage":"pt-BR","potentialAction":[{"@type":"ReadAction","target":["https:\/\/www.blogsoestado.com\/danielmatos\/governo-federal-repassa-mais-de-r-48-milhoes-a-sete-cidades-do-maranhao-afetadas-por-chuvas-intensas\/"]}]},{"@type":"ImageObject","inLanguage":"pt-BR","@id":"https:\/\/www.blogsoestado.com\/danielmatos\/governo-federal-repassa-mais-de-r-48-milhoes-a-sete-cidades-do-maranhao-afetadas-por-chuvas-intensas\/#primaryimage","url":"https:\/\/www.blogsoestado.com\/danielmatos\/files\/2023\/03\/Screenshot_20230329-2102342.png","contentUrl":"https:\/\/www.blogsoestado.com\/danielmatos\/files\/2023\/03\/Screenshot_20230329-2102342.png"},{"@type":"BreadcrumbList","@id":"https:\/\/www.blogsoestado.com\/danielmatos\/governo-federal-repassa-mais-de-r-48-milhoes-a-sete-cidades-do-maranhao-afetadas-por-chuvas-intensas\/#breadcrumb","itemListElement":[{"@type":"ListItem","position":1,"name":"In\u00edcio","item":"https:\/\/www.blogsoestado.com\/danielmatos\/"},{"@type":"ListItem","position":2,"name":"Governo Federal repassa mais de R$ 4,8 milh\u00f5es a sete cidades do Maranh\u00e3o afetadas por chuvas intensas"}]},{"@type":"WebSite","@id":"https:\/\/www.blogsoestado.com\/danielmatos\/#website","url":"https:\/\/www.blogsoestado.com\/danielmatos\/","name":"Daniel Matos","description":"","potentialAction":[{"@type":"SearchAction","target":{"@type":"EntryPoint","urlTemplate":"https:\/\/www.blogsoestado.com\/danielmatos\/?s={search_term_string}"},"query-input":{"@type":"PropertyValueSpecification","valueRequired":true,"valueName":"search_term_string"}}],"inLanguage":"pt-BR"}]}},"jetpack_featured_media_url":"","_links":{"self":[{"href":"https:\/\/www.blogsoestado.com\/danielmatos\/wp-json\/wp\/v2\/posts\/107734","targetHints":{"allow":["GET"]}}],"collection":[{"href":"https:\/\/www.blogsoestado.com\/danielmatos\/wp-json\/wp\/v2\/posts"}],"about":[{"href":"https:\/\/www.blogsoestado.com\/danielmatos\/wp-json\/wp\/v2\/types\/post"}],"replies":[{"embeddable":true,"href":"https:\/\/www.blogsoestado.com\/danielmatos\/wp-json\/wp\/v2\/comments?post=107734"}],"version-history":[{"count":0,"href":"https:\/\/www.blogsoestado.com\/danielmatos\/wp-json\/wp\/v2\/posts\/107734\/revisions"}],"wp:attachment":[{"href":"https:\/\/www.blogsoestado.com\/danielmatos\/wp-json\/wp\/v2\/media?parent=107734"}],"wp:term":[{"taxonomy":"category","embeddable":true,"href":"https:\/\/www.blogsoestado.com\/danielmatos\/wp-json\/wp\/v2\/categories?post=107734"},{"taxonomy":"post_tag","embeddable":true,"href":"https:\/\/www.blogsoestado.com\/danielmatos\/wp-json\/wp\/v2\/tags?post=107734"}],"curies":[{"name":"wp","href":"https:\/\/api.w.org\/{rel}","templated":true}]}}