{"id":107746,"date":"2023-03-30T02:24:41","date_gmt":"2023-03-30T05:24:41","guid":{"rendered":"https:\/\/www.blogsoestado.com\/danielmatos\/?p=107746"},"modified":"2023-03-30T02:24:41","modified_gmt":"2023-03-30T05:24:41","slug":"prefeito-fabio-gentil-discute-em-brasilia-instalacao-de-vlt-para-interligar-caxias-e-teresina","status":"publish","type":"post","link":"https:\/\/www.blogsoestado.com\/danielmatos\/prefeito-fabio-gentil-discute-em-brasilia-instalacao-de-vlt-para-interligar-caxias-e-teresina\/","title":{"rendered":"Prefeito F\u00e1bio Gentil discute, em Bras\u00edlia, instala\u00e7\u00e3o de VLT para interligar Caxias e Teresina"},"content":{"rendered":"\n<p><strong><span class=\"has-inline-color has-vivid-red-color\">Gestor tamb\u00e9m solicitou ao Minist\u00e9rio das Cidades a destina\u00e7\u00e3o de mais unidades habitacionais do Minha Casa, Minha Vida para o munic\u00edpio e dialogou com o ministro das Comunica\u00e7\u00f5es, Juscelino Filho, sobre a implementa\u00e7\u00e3o de programas como o Cidade Digital para beneficiar o povo caxiense<\/span><\/strong> <\/p>\n\n\n\n<div class=\"wp-block-image\"><figure class=\"aligncenter size-large\"><a href=\"https:\/\/www.blogsoestado.com\/danielmatos\/files\/2023\/03\/Screenshot_20230330-0204232.png\"><img decoding=\"async\" src=\"https:\/\/www.blogsoestado.com\/danielmatos\/files\/2023\/03\/Screenshot_20230330-0204232.png\" alt=\"\" class=\"wp-image-107748\"\/><\/a><figcaption>O prefeito e uma comitiva de vereadores pleitearam ao Minist\u00e9rio das Cidades mais unidades do programa Minha Casa, Minha Vida para Caxias e demonstraram a viabilidade do projeto de instala\u00e7\u00e3o de um VLT para interligar o munic\u00edpio a Teresina, capital do vizinho Piau\u00ed<\/figcaption><\/figure><\/div>\n\n\n\n<p>O prefeito de Caxias, F\u00e1bio Gentil, acompanhado por uma comitiva formada pela deputada federal Amanda Gentil, a deputada estadual Daniella e vereadores, discutiu com o Governo Federal, em Bras\u00edlia, a implementa\u00e7\u00e3o de uma s\u00e9rie de projetos e outros investimentos de interesse do munic\u00edpio, com potencial de gerar importantes benef\u00edcios para a popula\u00e7\u00e3o. O mais impactante, sem d\u00favida, \u00e9 a instala\u00e7\u00e3o de um Ve\u00edculo Leve sobre Trilhos (VLT) para interligar Caxias e Teresina, capital do vizinho estado do Piau\u00ed, antigo sonho do povo da regi\u00e3o.<\/p>\n\n\n\n<p>Al\u00e9m de participar da Marcha dos Prefeitos, na capital federal, F\u00e1bio Gentil cumpriu agenda de trabalho com membros do mais alto escal\u00e3o do governo Lula, a fim de pleitear investimentos e outras melhorias para Caxias. No Minist\u00e9rio das Cidades, o prefeito e um grupo de vereadores foram recebidos pelo secret\u00e1rio-executivo, Hildo Rocha, ex-deputado federal maranhense, que se comprometeu a atender a demanda por mais unidades do programa Minha Casa, Minha Vida para beneficiar as fam\u00edlias caxienses que precisam de moradia.<\/p>\n\n\n\n<p><strong>VLT<\/strong>  <\/p>\n\n\n\n<p>F\u00e1bio Gentil tamb\u00e9m apresentou ao Minist\u00e9rio das Cidades o esbo\u00e7o de um projeto que prev\u00ea a constru\u00e7\u00e3o de uma linha f\u00e9rrea para servir \u00e0 popula\u00e7\u00e3o. A ideia \u00e9 diversificar o modal de transporte p\u00fablico para atender n\u00e3o s\u00f3 Caxias, mas tamb\u00e9m Teresina, por meio da opera\u00e7\u00e3o de um VLT para interligar as duas cidades, separadas por uma dist\u00e2ncia de apenas 77,8 quil\u00f4metros. &#8220;Tenho certeza que conseguimos demonstrar a viabilidade do projeto ao aecret\u00e1rio-executivo do minist\u00e9rio&#8221;, afirmou o prefeito, que disse contar com o apoio do governador Carlos Brand\u00e3o e da C\u00e2mara Municipal para tornar o sonho realidade.<\/p>\n\n\n\n<div class=\"wp-block-image\"><figure class=\"aligncenter size-large\"><a href=\"https:\/\/www.blogsoestado.com\/danielmatos\/files\/2023\/03\/Screenshot_20230330-0102122.png\"><img decoding=\"async\" src=\"https:\/\/www.blogsoestado.com\/danielmatos\/files\/2023\/03\/Screenshot_20230330-0102122.png\" alt=\"\" class=\"wp-image-107747\"\/><\/a><figcaption>Acompanhado pelas deputadas Amanda Gentil e Daniella, o prefeito F\u00e1bio Gentil solicitou ao ministro Juscelino Filho a inclus\u00e3o de Caxias no programa Cidade Digital e pleiteou outros investimentos<\/figcaption><\/figure><\/div>\n\n\n\n<p>Na agenda com o ministro das Comunica\u00e7\u00f5es, Juscelino Filho, outro maranhense, F\u00e1bio Gentil esteve acompanhado pelas deputadas Amanda Gentil e Daniella. Na audi\u00eancia, o prefeito solicitou a inclus\u00e3o de Caxias no programa Cidade Digital, dentre outros investimentos do MCom, e obteve sinaliza\u00e7\u00e3o positiva de Juscelino Filho, que \u00e9 colega de bancada de Amanda Gentil na C\u00e2mara Federal, estando licenciado do mandato parlamentar para integrar a equipe ministerial do presidente Lula.<\/p>\n\n\n\n<p>F\u00e1bio Gentil agradeceu ao ministro pela cordialidade com que ele, Amanda e Daniella foram recebidos e aproveitou para convidar publicamente Juscelino Filho a visitar Caxias.<\/p>\n\n\n\n<p><strong>Clique <a href=\"https:\/\/youtube.com\/shorts\/XE0bjpjNfLo?feature=share4\">aqui<\/a><\/strong> <strong>e assista<\/strong> <strong>ao v\u00eddeo.<\/strong><\/p>\n","protected":false},"excerpt":{"rendered":"<p>Gestor tamb\u00e9m solicitou ao Minist\u00e9rio das Cidades a destina\u00e7\u00e3o de mais unidades habitacionais do Minha Casa, Minha Vida para o [&hellip;]<\/p>\n","protected":false},"author":0,"featured_media":0,"comment_status":"open","ping_status":"open","sticky":false,"template":"","format":"standard","meta":{"site-sidebar-layout":"default","site-content-layout":"","ast-site-content-layout":"default","site-content-style":"default","site-sidebar-style":"default","ast-global-header-display":"","ast-banner-title-visibility":"","ast-main-header-display":"","ast-hfb-above-header-display":"","ast-hfb-below-header-display":"","ast-hfb-mobile-header-display":"","site-post-title":"","ast-breadcrumbs-content":"","ast-featured-img":"","footer-sml-layout":"","ast-disable-related-posts":"","theme-transparent-header-meta":"","adv-header-id-meta":"","stick-header-meta":"","header-above-stick-meta":"","header-main-stick-meta":"","header-below-stick-meta":"","astra-migrate-meta-layouts":"default","ast-page-background-enabled":"default","ast-page-background-meta":{"desktop":{"background-color":"var(--ast-global-color-5)","background-image":"","background-repeat":"repeat","background-position":"center center","background-size":"auto","background-attachment":"scroll","background-type":"","background-media":"","overlay-type":"","overlay-color":"","overlay-opacity":"","overlay-gradient":""},"tablet":{"background-color":"","background-image":"","background-repeat":"repeat","background-position":"center center","background-size":"auto","background-attachment":"scroll","background-type":"","background-media":"","overlay-type":"","overlay-color":"","overlay-opacity":"","overlay-gradient":""},"mobile":{"background-color":"","background-image":"","background-repeat":"repeat","background-position":"center center","background-size":"auto","background-attachment":"scroll","background-type":"","background-media":"","overlay-type":"","overlay-color":"","overlay-opacity":"","overlay-gradient":""}},"ast-content-background-meta":{"desktop":{"background-color":"var(--ast-global-color-4)","background-image":"","background-repeat":"repeat","background-position":"center center","background-size":"auto","background-attachment":"scroll","background-type":"","background-media":"","overlay-type":"","overlay-color":"","overlay-opacity":"","overlay-gradient":""},"tablet":{"background-color":"var(--ast-global-color-4)","background-image":"","background-repeat":"repeat","background-position":"center center","background-size":"auto","background-attachment":"scroll","background-type":"","background-media":"","overlay-type":"","overlay-color":"","overlay-opacity":"","overlay-gradient":""},"mobile":{"background-color":"var(--ast-global-color-4)","background-image":"","background-repeat":"repeat","background-position":"center center","background-size":"auto","background-attachment":"scroll","background-type":"","background-media":"","overlay-type":"","overlay-color":"","overlay-opacity":"","overlay-gradient":""}},"footnotes":""},"categories":[1],"tags":[],"class_list":["post-107746","post","type-post","status-publish","format-standard","hentry","category-sem-categoria"],"yoast_head":"<!-- This site is optimized with the Yoast SEO plugin v26.6 - https:\/\/yoast.com\/wordpress\/plugins\/seo\/ -->\n<title>Prefeito F\u00e1bio Gentil discute, em Bras\u00edlia, instala\u00e7\u00e3o de VLT para interligar Caxias e Teresina - Daniel Matos<\/title>\n<meta name=\"robots\" content=\"index, follow, max-snippet:-1, max-image-preview:large, max-video-preview:-1\" \/>\n<link rel=\"canonical\" href=\"https:\/\/www.blogsoestado.com\/danielmatos\/prefeito-fabio-gentil-discute-em-brasilia-instalacao-de-vlt-para-interligar-caxias-e-teresina\/\" \/>\n<meta property=\"og:locale\" content=\"pt_BR\" \/>\n<meta property=\"og:type\" content=\"article\" \/>\n<meta property=\"og:title\" content=\"Prefeito F\u00e1bio Gentil discute, em Bras\u00edlia, instala\u00e7\u00e3o de VLT para interligar Caxias e Teresina - Daniel Matos\" \/>\n<meta property=\"og:description\" content=\"Gestor tamb\u00e9m solicitou ao Minist\u00e9rio das Cidades a destina\u00e7\u00e3o de mais unidades habitacionais do Minha Casa, Minha Vida para o [&hellip;]\" \/>\n<meta property=\"og:url\" content=\"https:\/\/www.blogsoestado.com\/danielmatos\/prefeito-fabio-gentil-discute-em-brasilia-instalacao-de-vlt-para-interligar-caxias-e-teresina\/\" \/>\n<meta property=\"og:site_name\" content=\"Daniel Matos\" \/>\n<meta property=\"article:published_time\" content=\"2023-03-30T05:24:41+00:00\" \/>\n<meta property=\"og:image\" content=\"https:\/\/www.blogsoestado.com\/danielmatos\/files\/2023\/03\/Screenshot_20230330-0204232.png\" \/>\n<meta name=\"twitter:card\" content=\"summary_large_image\" \/>\n<meta name=\"twitter:label1\" content=\"Est. tempo de leitura\" \/>\n\t<meta name=\"twitter:data1\" content=\"3 minutos\" \/>\n<script type=\"application\/ld+json\" class=\"yoast-schema-graph\">{\"@context\":\"https:\/\/schema.org\",\"@graph\":[{\"@type\":\"WebPage\",\"@id\":\"https:\/\/www.blogsoestado.com\/danielmatos\/prefeito-fabio-gentil-discute-em-brasilia-instalacao-de-vlt-para-interligar-caxias-e-teresina\/\",\"url\":\"https:\/\/www.blogsoestado.com\/danielmatos\/prefeito-fabio-gentil-discute-em-brasilia-instalacao-de-vlt-para-interligar-caxias-e-teresina\/\",\"name\":\"Prefeito F\u00e1bio Gentil discute, em Bras\u00edlia, instala\u00e7\u00e3o de VLT para interligar Caxias e Teresina - Daniel Matos\",\"isPartOf\":{\"@id\":\"https:\/\/www.blogsoestado.com\/danielmatos\/#website\"},\"primaryImageOfPage\":{\"@id\":\"https:\/\/www.blogsoestado.com\/danielmatos\/prefeito-fabio-gentil-discute-em-brasilia-instalacao-de-vlt-para-interligar-caxias-e-teresina\/#primaryimage\"},\"image\":{\"@id\":\"https:\/\/www.blogsoestado.com\/danielmatos\/prefeito-fabio-gentil-discute-em-brasilia-instalacao-de-vlt-para-interligar-caxias-e-teresina\/#primaryimage\"},\"thumbnailUrl\":\"https:\/\/www.blogsoestado.com\/danielmatos\/files\/2023\/03\/Screenshot_20230330-0204232.png\",\"datePublished\":\"2023-03-30T05:24:41+00:00\",\"author\":{\"@id\":\"\"},\"breadcrumb\":{\"@id\":\"https:\/\/www.blogsoestado.com\/danielmatos\/prefeito-fabio-gentil-discute-em-brasilia-instalacao-de-vlt-para-interligar-caxias-e-teresina\/#breadcrumb\"},\"inLanguage\":\"pt-BR\",\"potentialAction\":[{\"@type\":\"ReadAction\",\"target\":[\"https:\/\/www.blogsoestado.com\/danielmatos\/prefeito-fabio-gentil-discute-em-brasilia-instalacao-de-vlt-para-interligar-caxias-e-teresina\/\"]}]},{\"@type\":\"ImageObject\",\"inLanguage\":\"pt-BR\",\"@id\":\"https:\/\/www.blogsoestado.com\/danielmatos\/prefeito-fabio-gentil-discute-em-brasilia-instalacao-de-vlt-para-interligar-caxias-e-teresina\/#primaryimage\",\"url\":\"https:\/\/www.blogsoestado.com\/danielmatos\/files\/2023\/03\/Screenshot_20230330-0204232.png\",\"contentUrl\":\"https:\/\/www.blogsoestado.com\/danielmatos\/files\/2023\/03\/Screenshot_20230330-0204232.png\"},{\"@type\":\"BreadcrumbList\",\"@id\":\"https:\/\/www.blogsoestado.com\/danielmatos\/prefeito-fabio-gentil-discute-em-brasilia-instalacao-de-vlt-para-interligar-caxias-e-teresina\/#breadcrumb\",\"itemListElement\":[{\"@type\":\"ListItem\",\"position\":1,\"name\":\"In\u00edcio\",\"item\":\"https:\/\/www.blogsoestado.com\/danielmatos\/\"},{\"@type\":\"ListItem\",\"position\":2,\"name\":\"Prefeito F\u00e1bio Gentil discute, em Bras\u00edlia, instala\u00e7\u00e3o de VLT para interligar Caxias e Teresina\"}]},{\"@type\":\"WebSite\",\"@id\":\"https:\/\/www.blogsoestado.com\/danielmatos\/#website\",\"url\":\"https:\/\/www.blogsoestado.com\/danielmatos\/\",\"name\":\"Daniel Matos\",\"description\":\"\",\"potentialAction\":[{\"@type\":\"SearchAction\",\"target\":{\"@type\":\"EntryPoint\",\"urlTemplate\":\"https:\/\/www.blogsoestado.com\/danielmatos\/?s={search_term_string}\"},\"query-input\":{\"@type\":\"PropertyValueSpecification\",\"valueRequired\":true,\"valueName\":\"search_term_string\"}}],\"inLanguage\":\"pt-BR\"}]}<\/script>\n<!-- \/ Yoast SEO plugin. -->","yoast_head_json":{"title":"Prefeito F\u00e1bio Gentil discute, em Bras\u00edlia, instala\u00e7\u00e3o de VLT para interligar Caxias e Teresina - Daniel Matos","robots":{"index":"index","follow":"follow","max-snippet":"max-snippet:-1","max-image-preview":"max-image-preview:large","max-video-preview":"max-video-preview:-1"},"canonical":"https:\/\/www.blogsoestado.com\/danielmatos\/prefeito-fabio-gentil-discute-em-brasilia-instalacao-de-vlt-para-interligar-caxias-e-teresina\/","og_locale":"pt_BR","og_type":"article","og_title":"Prefeito F\u00e1bio Gentil discute, em Bras\u00edlia, instala\u00e7\u00e3o de VLT para interligar Caxias e Teresina - Daniel Matos","og_description":"Gestor tamb\u00e9m solicitou ao Minist\u00e9rio das Cidades a destina\u00e7\u00e3o de mais unidades habitacionais do Minha Casa, Minha Vida para o [&hellip;]","og_url":"https:\/\/www.blogsoestado.com\/danielmatos\/prefeito-fabio-gentil-discute-em-brasilia-instalacao-de-vlt-para-interligar-caxias-e-teresina\/","og_site_name":"Daniel Matos","article_published_time":"2023-03-30T05:24:41+00:00","og_image":[{"url":"https:\/\/www.blogsoestado.com\/danielmatos\/files\/2023\/03\/Screenshot_20230330-0204232.png","type":"","width":"","height":""}],"twitter_card":"summary_large_image","twitter_misc":{"Est. tempo de leitura":"3 minutos"},"schema":{"@context":"https:\/\/schema.org","@graph":[{"@type":"WebPage","@id":"https:\/\/www.blogsoestado.com\/danielmatos\/prefeito-fabio-gentil-discute-em-brasilia-instalacao-de-vlt-para-interligar-caxias-e-teresina\/","url":"https:\/\/www.blogsoestado.com\/danielmatos\/prefeito-fabio-gentil-discute-em-brasilia-instalacao-de-vlt-para-interligar-caxias-e-teresina\/","name":"Prefeito F\u00e1bio Gentil discute, em Bras\u00edlia, instala\u00e7\u00e3o de VLT para interligar Caxias e Teresina - Daniel Matos","isPartOf":{"@id":"https:\/\/www.blogsoestado.com\/danielmatos\/#website"},"primaryImageOfPage":{"@id":"https:\/\/www.blogsoestado.com\/danielmatos\/prefeito-fabio-gentil-discute-em-brasilia-instalacao-de-vlt-para-interligar-caxias-e-teresina\/#primaryimage"},"image":{"@id":"https:\/\/www.blogsoestado.com\/danielmatos\/prefeito-fabio-gentil-discute-em-brasilia-instalacao-de-vlt-para-interligar-caxias-e-teresina\/#primaryimage"},"thumbnailUrl":"https:\/\/www.blogsoestado.com\/danielmatos\/files\/2023\/03\/Screenshot_20230330-0204232.png","datePublished":"2023-03-30T05:24:41+00:00","author":{"@id":""},"breadcrumb":{"@id":"https:\/\/www.blogsoestado.com\/danielmatos\/prefeito-fabio-gentil-discute-em-brasilia-instalacao-de-vlt-para-interligar-caxias-e-teresina\/#breadcrumb"},"inLanguage":"pt-BR","potentialAction":[{"@type":"ReadAction","target":["https:\/\/www.blogsoestado.com\/danielmatos\/prefeito-fabio-gentil-discute-em-brasilia-instalacao-de-vlt-para-interligar-caxias-e-teresina\/"]}]},{"@type":"ImageObject","inLanguage":"pt-BR","@id":"https:\/\/www.blogsoestado.com\/danielmatos\/prefeito-fabio-gentil-discute-em-brasilia-instalacao-de-vlt-para-interligar-caxias-e-teresina\/#primaryimage","url":"https:\/\/www.blogsoestado.com\/danielmatos\/files\/2023\/03\/Screenshot_20230330-0204232.png","contentUrl":"https:\/\/www.blogsoestado.com\/danielmatos\/files\/2023\/03\/Screenshot_20230330-0204232.png"},{"@type":"BreadcrumbList","@id":"https:\/\/www.blogsoestado.com\/danielmatos\/prefeito-fabio-gentil-discute-em-brasilia-instalacao-de-vlt-para-interligar-caxias-e-teresina\/#breadcrumb","itemListElement":[{"@type":"ListItem","position":1,"name":"In\u00edcio","item":"https:\/\/www.blogsoestado.com\/danielmatos\/"},{"@type":"ListItem","position":2,"name":"Prefeito F\u00e1bio Gentil discute, em Bras\u00edlia, instala\u00e7\u00e3o de VLT para interligar Caxias e Teresina"}]},{"@type":"WebSite","@id":"https:\/\/www.blogsoestado.com\/danielmatos\/#website","url":"https:\/\/www.blogsoestado.com\/danielmatos\/","name":"Daniel Matos","description":"","potentialAction":[{"@type":"SearchAction","target":{"@type":"EntryPoint","urlTemplate":"https:\/\/www.blogsoestado.com\/danielmatos\/?s={search_term_string}"},"query-input":{"@type":"PropertyValueSpecification","valueRequired":true,"valueName":"search_term_string"}}],"inLanguage":"pt-BR"}]}},"jetpack_featured_media_url":"","_links":{"self":[{"href":"https:\/\/www.blogsoestado.com\/danielmatos\/wp-json\/wp\/v2\/posts\/107746","targetHints":{"allow":["GET"]}}],"collection":[{"href":"https:\/\/www.blogsoestado.com\/danielmatos\/wp-json\/wp\/v2\/posts"}],"about":[{"href":"https:\/\/www.blogsoestado.com\/danielmatos\/wp-json\/wp\/v2\/types\/post"}],"replies":[{"embeddable":true,"href":"https:\/\/www.blogsoestado.com\/danielmatos\/wp-json\/wp\/v2\/comments?post=107746"}],"version-history":[{"count":0,"href":"https:\/\/www.blogsoestado.com\/danielmatos\/wp-json\/wp\/v2\/posts\/107746\/revisions"}],"wp:attachment":[{"href":"https:\/\/www.blogsoestado.com\/danielmatos\/wp-json\/wp\/v2\/media?parent=107746"}],"wp:term":[{"taxonomy":"category","embeddable":true,"href":"https:\/\/www.blogsoestado.com\/danielmatos\/wp-json\/wp\/v2\/categories?post=107746"},{"taxonomy":"post_tag","embeddable":true,"href":"https:\/\/www.blogsoestado.com\/danielmatos\/wp-json\/wp\/v2\/tags?post=107746"}],"curies":[{"name":"wp","href":"https:\/\/api.w.org\/{rel}","templated":true}]}}