{"id":107754,"date":"2023-03-30T10:23:53","date_gmt":"2023-03-30T13:23:53","guid":{"rendered":"https:\/\/www.blogsoestado.com\/danielmatos\/?p=107754"},"modified":"2023-03-30T10:23:53","modified_gmt":"2023-03-30T13:23:53","slug":"marcial-lima-alerta-para-risco-da-presenca-de-criancas-e-adolescentes-brincando-na-marquise-do-castelao","status":"publish","type":"post","link":"https:\/\/www.blogsoestado.com\/danielmatos\/marcial-lima-alerta-para-risco-da-presenca-de-criancas-e-adolescentes-brincando-na-marquise-do-castelao\/","title":{"rendered":"Marcial Lima alerta para risco da presen\u00e7a de crian\u00e7as e adolescentes brincando na marquise do Castel\u00e3o"},"content":{"rendered":"\n<div class=\"wp-block-image\"><figure class=\"alignleft size-large\"><a href=\"https:\/\/www.blogsoestado.com\/danielmatos\/files\/2023\/03\/Screenshot_20230330-1021072.png\"><img decoding=\"async\" src=\"https:\/\/www.blogsoestado.com\/danielmatos\/files\/2023\/03\/Screenshot_20230330-1021072.png\" alt=\"\" class=\"wp-image-107755\"\/><\/a><figcaption>Marcial Lima defendeu parceria entre as secretarias de Desportos e Lazer e de Seguran\u00e7a P\u00fablica para coibir acesso de crian\u00e7as, adolescentes e qualquer outra pessoa \u00e0 marquise do Castel\u00e3o<\/figcaption><\/figure><\/div>\n\n\n\n<p>Em discurso na tribuna da C\u00e2mara Municipal de S\u00e3o Lu\u00eds, na sess\u00e3o dessa quarta-feira (29), o vereador Marcial Lima (Podemos) alertou para o risco da presen\u00e7a de crian\u00e7as e adolescentes soltando pipas na marquise do est\u00e1dio Castel\u00e3o. O pol\u00edtico sugeriu uma atua\u00e7\u00e3o em parceria das secret\u00e1rias de Estado de Desportos e Lazer (Sedel) e de Seguran\u00e7a P\u00fablica (SSP) para impedir que menores e qualquer outra pessoa continuem tendo acesso \u00e0 estrutura.<\/p>\n\n\n\n<p>&#8220;Preven\u00e7\u00e3o, sempre preven\u00e7\u00e3o, em todos os segmentos, precisamos valorizar e cumprir&#8221;, defendeu o vereador.<\/p>\n\n\n\n<p>Marcial Lima informou que recentemente chamou a aten\u00e7\u00e3o do secret\u00e1rio da Sedel, Naldir Lopes, para o grave perigo e para as consequ\u00eancias, caso ocorra algum acidente. &#8220;Quem passa no est\u00e1dio, at\u00e9 em dia de jogo, se depara com crian\u00e7as e adolescentes soltando pipas do alto da marquise, um s\u00e9rio risco&#8221;, advertiu.<\/p>\n\n\n\n<p>Ele frisou que ter refor\u00e7ado o alerta por meio da C\u00e2mara Municipal e da imprensa para que autoridades adotem medidas preventivas no est\u00e1dio, de modo a evitar uma poss\u00edvel trag\u00e9dia.<\/p>\n\n\n\n<p><strong>Clique <a href=\"https:\/\/youtu.be\/VLIWii-oggs\">aqui<\/a><\/strong> e assista ao v\u00eddeo.<\/p>\n","protected":false},"excerpt":{"rendered":"<p>Em discurso na tribuna da C\u00e2mara Municipal de S\u00e3o Lu\u00eds, na sess\u00e3o dessa quarta-feira (29), o vereador Marcial Lima (Podemos) [&hellip;]<\/p>\n","protected":false},"author":0,"featured_media":0,"comment_status":"open","ping_status":"open","sticky":false,"template":"","format":"standard","meta":{"site-sidebar-layout":"default","site-content-layout":"","ast-site-content-layout":"default","site-content-style":"default","site-sidebar-style":"default","ast-global-header-display":"","ast-banner-title-visibility":"","ast-main-header-display":"","ast-hfb-above-header-display":"","ast-hfb-below-header-display":"","ast-hfb-mobile-header-display":"","site-post-title":"","ast-breadcrumbs-content":"","ast-featured-img":"","footer-sml-layout":"","ast-disable-related-posts":"","theme-transparent-header-meta":"","adv-header-id-meta":"","stick-header-meta":"","header-above-stick-meta":"","header-main-stick-meta":"","header-below-stick-meta":"","astra-migrate-meta-layouts":"default","ast-page-background-enabled":"default","ast-page-background-meta":{"desktop":{"background-color":"var(--ast-global-color-5)","background-image":"","background-repeat":"repeat","background-position":"center center","background-size":"auto","background-attachment":"scroll","background-type":"","background-media":"","overlay-type":"","overlay-color":"","overlay-opacity":"","overlay-gradient":""},"tablet":{"background-color":"","background-image":"","background-repeat":"repeat","background-position":"center center","background-size":"auto","background-attachment":"scroll","background-type":"","background-media":"","overlay-type":"","overlay-color":"","overlay-opacity":"","overlay-gradient":""},"mobile":{"background-color":"","background-image":"","background-repeat":"repeat","background-position":"center center","background-size":"auto","background-attachment":"scroll","background-type":"","background-media":"","overlay-type":"","overlay-color":"","overlay-opacity":"","overlay-gradient":""}},"ast-content-background-meta":{"desktop":{"background-color":"var(--ast-global-color-4)","background-image":"","background-repeat":"repeat","background-position":"center center","background-size":"auto","background-attachment":"scroll","background-type":"","background-media":"","overlay-type":"","overlay-color":"","overlay-opacity":"","overlay-gradient":""},"tablet":{"background-color":"var(--ast-global-color-4)","background-image":"","background-repeat":"repeat","background-position":"center center","background-size":"auto","background-attachment":"scroll","background-type":"","background-media":"","overlay-type":"","overlay-color":"","overlay-opacity":"","overlay-gradient":""},"mobile":{"background-color":"var(--ast-global-color-4)","background-image":"","background-repeat":"repeat","background-position":"center center","background-size":"auto","background-attachment":"scroll","background-type":"","background-media":"","overlay-type":"","overlay-color":"","overlay-opacity":"","overlay-gradient":""}},"footnotes":""},"categories":[1],"tags":[],"class_list":["post-107754","post","type-post","status-publish","format-standard","hentry","category-sem-categoria"],"yoast_head":"<!-- This site is optimized with the Yoast SEO plugin v26.6 - https:\/\/yoast.com\/wordpress\/plugins\/seo\/ -->\n<title>Marcial Lima alerta para risco da presen\u00e7a de crian\u00e7as e adolescentes brincando na marquise do Castel\u00e3o - Daniel Matos<\/title>\n<meta name=\"robots\" content=\"index, follow, max-snippet:-1, max-image-preview:large, max-video-preview:-1\" \/>\n<link rel=\"canonical\" href=\"https:\/\/www.blogsoestado.com\/danielmatos\/marcial-lima-alerta-para-risco-da-presenca-de-criancas-e-adolescentes-brincando-na-marquise-do-castelao\/\" \/>\n<meta property=\"og:locale\" content=\"pt_BR\" \/>\n<meta property=\"og:type\" content=\"article\" \/>\n<meta property=\"og:title\" content=\"Marcial Lima alerta para risco da presen\u00e7a de crian\u00e7as e adolescentes brincando na marquise do Castel\u00e3o - Daniel Matos\" \/>\n<meta property=\"og:description\" content=\"Em discurso na tribuna da C\u00e2mara Municipal de S\u00e3o Lu\u00eds, na sess\u00e3o dessa quarta-feira (29), o vereador Marcial Lima (Podemos) [&hellip;]\" \/>\n<meta property=\"og:url\" content=\"https:\/\/www.blogsoestado.com\/danielmatos\/marcial-lima-alerta-para-risco-da-presenca-de-criancas-e-adolescentes-brincando-na-marquise-do-castelao\/\" \/>\n<meta property=\"og:site_name\" content=\"Daniel Matos\" \/>\n<meta property=\"article:published_time\" content=\"2023-03-30T13:23:53+00:00\" \/>\n<meta property=\"og:image\" content=\"https:\/\/www.blogsoestado.com\/danielmatos\/files\/2023\/03\/Screenshot_20230330-1021072.png\" \/>\n<meta name=\"twitter:card\" content=\"summary_large_image\" \/>\n<meta name=\"twitter:label1\" content=\"Est. tempo de leitura\" \/>\n\t<meta name=\"twitter:data1\" content=\"2 minutos\" \/>\n<script type=\"application\/ld+json\" class=\"yoast-schema-graph\">{\"@context\":\"https:\/\/schema.org\",\"@graph\":[{\"@type\":\"WebPage\",\"@id\":\"https:\/\/www.blogsoestado.com\/danielmatos\/marcial-lima-alerta-para-risco-da-presenca-de-criancas-e-adolescentes-brincando-na-marquise-do-castelao\/\",\"url\":\"https:\/\/www.blogsoestado.com\/danielmatos\/marcial-lima-alerta-para-risco-da-presenca-de-criancas-e-adolescentes-brincando-na-marquise-do-castelao\/\",\"name\":\"Marcial Lima alerta para risco da presen\u00e7a de crian\u00e7as e adolescentes brincando na marquise do Castel\u00e3o - Daniel Matos\",\"isPartOf\":{\"@id\":\"https:\/\/www.blogsoestado.com\/danielmatos\/#website\"},\"primaryImageOfPage\":{\"@id\":\"https:\/\/www.blogsoestado.com\/danielmatos\/marcial-lima-alerta-para-risco-da-presenca-de-criancas-e-adolescentes-brincando-na-marquise-do-castelao\/#primaryimage\"},\"image\":{\"@id\":\"https:\/\/www.blogsoestado.com\/danielmatos\/marcial-lima-alerta-para-risco-da-presenca-de-criancas-e-adolescentes-brincando-na-marquise-do-castelao\/#primaryimage\"},\"thumbnailUrl\":\"https:\/\/www.blogsoestado.com\/danielmatos\/files\/2023\/03\/Screenshot_20230330-1021072.png\",\"datePublished\":\"2023-03-30T13:23:53+00:00\",\"author\":{\"@id\":\"\"},\"breadcrumb\":{\"@id\":\"https:\/\/www.blogsoestado.com\/danielmatos\/marcial-lima-alerta-para-risco-da-presenca-de-criancas-e-adolescentes-brincando-na-marquise-do-castelao\/#breadcrumb\"},\"inLanguage\":\"pt-BR\",\"potentialAction\":[{\"@type\":\"ReadAction\",\"target\":[\"https:\/\/www.blogsoestado.com\/danielmatos\/marcial-lima-alerta-para-risco-da-presenca-de-criancas-e-adolescentes-brincando-na-marquise-do-castelao\/\"]}]},{\"@type\":\"ImageObject\",\"inLanguage\":\"pt-BR\",\"@id\":\"https:\/\/www.blogsoestado.com\/danielmatos\/marcial-lima-alerta-para-risco-da-presenca-de-criancas-e-adolescentes-brincando-na-marquise-do-castelao\/#primaryimage\",\"url\":\"https:\/\/www.blogsoestado.com\/danielmatos\/files\/2023\/03\/Screenshot_20230330-1021072.png\",\"contentUrl\":\"https:\/\/www.blogsoestado.com\/danielmatos\/files\/2023\/03\/Screenshot_20230330-1021072.png\"},{\"@type\":\"BreadcrumbList\",\"@id\":\"https:\/\/www.blogsoestado.com\/danielmatos\/marcial-lima-alerta-para-risco-da-presenca-de-criancas-e-adolescentes-brincando-na-marquise-do-castelao\/#breadcrumb\",\"itemListElement\":[{\"@type\":\"ListItem\",\"position\":1,\"name\":\"In\u00edcio\",\"item\":\"https:\/\/www.blogsoestado.com\/danielmatos\/\"},{\"@type\":\"ListItem\",\"position\":2,\"name\":\"Marcial Lima alerta para risco da presen\u00e7a de crian\u00e7as e adolescentes brincando na marquise do Castel\u00e3o\"}]},{\"@type\":\"WebSite\",\"@id\":\"https:\/\/www.blogsoestado.com\/danielmatos\/#website\",\"url\":\"https:\/\/www.blogsoestado.com\/danielmatos\/\",\"name\":\"Daniel Matos\",\"description\":\"\",\"potentialAction\":[{\"@type\":\"SearchAction\",\"target\":{\"@type\":\"EntryPoint\",\"urlTemplate\":\"https:\/\/www.blogsoestado.com\/danielmatos\/?s={search_term_string}\"},\"query-input\":{\"@type\":\"PropertyValueSpecification\",\"valueRequired\":true,\"valueName\":\"search_term_string\"}}],\"inLanguage\":\"pt-BR\"}]}<\/script>\n<!-- \/ Yoast SEO plugin. -->","yoast_head_json":{"title":"Marcial Lima alerta para risco da presen\u00e7a de crian\u00e7as e adolescentes brincando na marquise do Castel\u00e3o - Daniel Matos","robots":{"index":"index","follow":"follow","max-snippet":"max-snippet:-1","max-image-preview":"max-image-preview:large","max-video-preview":"max-video-preview:-1"},"canonical":"https:\/\/www.blogsoestado.com\/danielmatos\/marcial-lima-alerta-para-risco-da-presenca-de-criancas-e-adolescentes-brincando-na-marquise-do-castelao\/","og_locale":"pt_BR","og_type":"article","og_title":"Marcial Lima alerta para risco da presen\u00e7a de crian\u00e7as e adolescentes brincando na marquise do Castel\u00e3o - Daniel Matos","og_description":"Em discurso na tribuna da C\u00e2mara Municipal de S\u00e3o Lu\u00eds, na sess\u00e3o dessa quarta-feira (29), o vereador Marcial Lima (Podemos) [&hellip;]","og_url":"https:\/\/www.blogsoestado.com\/danielmatos\/marcial-lima-alerta-para-risco-da-presenca-de-criancas-e-adolescentes-brincando-na-marquise-do-castelao\/","og_site_name":"Daniel Matos","article_published_time":"2023-03-30T13:23:53+00:00","og_image":[{"url":"https:\/\/www.blogsoestado.com\/danielmatos\/files\/2023\/03\/Screenshot_20230330-1021072.png","type":"","width":"","height":""}],"twitter_card":"summary_large_image","twitter_misc":{"Est. tempo de leitura":"2 minutos"},"schema":{"@context":"https:\/\/schema.org","@graph":[{"@type":"WebPage","@id":"https:\/\/www.blogsoestado.com\/danielmatos\/marcial-lima-alerta-para-risco-da-presenca-de-criancas-e-adolescentes-brincando-na-marquise-do-castelao\/","url":"https:\/\/www.blogsoestado.com\/danielmatos\/marcial-lima-alerta-para-risco-da-presenca-de-criancas-e-adolescentes-brincando-na-marquise-do-castelao\/","name":"Marcial Lima alerta para risco da presen\u00e7a de crian\u00e7as e adolescentes brincando na marquise do Castel\u00e3o - Daniel Matos","isPartOf":{"@id":"https:\/\/www.blogsoestado.com\/danielmatos\/#website"},"primaryImageOfPage":{"@id":"https:\/\/www.blogsoestado.com\/danielmatos\/marcial-lima-alerta-para-risco-da-presenca-de-criancas-e-adolescentes-brincando-na-marquise-do-castelao\/#primaryimage"},"image":{"@id":"https:\/\/www.blogsoestado.com\/danielmatos\/marcial-lima-alerta-para-risco-da-presenca-de-criancas-e-adolescentes-brincando-na-marquise-do-castelao\/#primaryimage"},"thumbnailUrl":"https:\/\/www.blogsoestado.com\/danielmatos\/files\/2023\/03\/Screenshot_20230330-1021072.png","datePublished":"2023-03-30T13:23:53+00:00","author":{"@id":""},"breadcrumb":{"@id":"https:\/\/www.blogsoestado.com\/danielmatos\/marcial-lima-alerta-para-risco-da-presenca-de-criancas-e-adolescentes-brincando-na-marquise-do-castelao\/#breadcrumb"},"inLanguage":"pt-BR","potentialAction":[{"@type":"ReadAction","target":["https:\/\/www.blogsoestado.com\/danielmatos\/marcial-lima-alerta-para-risco-da-presenca-de-criancas-e-adolescentes-brincando-na-marquise-do-castelao\/"]}]},{"@type":"ImageObject","inLanguage":"pt-BR","@id":"https:\/\/www.blogsoestado.com\/danielmatos\/marcial-lima-alerta-para-risco-da-presenca-de-criancas-e-adolescentes-brincando-na-marquise-do-castelao\/#primaryimage","url":"https:\/\/www.blogsoestado.com\/danielmatos\/files\/2023\/03\/Screenshot_20230330-1021072.png","contentUrl":"https:\/\/www.blogsoestado.com\/danielmatos\/files\/2023\/03\/Screenshot_20230330-1021072.png"},{"@type":"BreadcrumbList","@id":"https:\/\/www.blogsoestado.com\/danielmatos\/marcial-lima-alerta-para-risco-da-presenca-de-criancas-e-adolescentes-brincando-na-marquise-do-castelao\/#breadcrumb","itemListElement":[{"@type":"ListItem","position":1,"name":"In\u00edcio","item":"https:\/\/www.blogsoestado.com\/danielmatos\/"},{"@type":"ListItem","position":2,"name":"Marcial Lima alerta para risco da presen\u00e7a de crian\u00e7as e adolescentes brincando na marquise do Castel\u00e3o"}]},{"@type":"WebSite","@id":"https:\/\/www.blogsoestado.com\/danielmatos\/#website","url":"https:\/\/www.blogsoestado.com\/danielmatos\/","name":"Daniel Matos","description":"","potentialAction":[{"@type":"SearchAction","target":{"@type":"EntryPoint","urlTemplate":"https:\/\/www.blogsoestado.com\/danielmatos\/?s={search_term_string}"},"query-input":{"@type":"PropertyValueSpecification","valueRequired":true,"valueName":"search_term_string"}}],"inLanguage":"pt-BR"}]}},"jetpack_featured_media_url":"","_links":{"self":[{"href":"https:\/\/www.blogsoestado.com\/danielmatos\/wp-json\/wp\/v2\/posts\/107754","targetHints":{"allow":["GET"]}}],"collection":[{"href":"https:\/\/www.blogsoestado.com\/danielmatos\/wp-json\/wp\/v2\/posts"}],"about":[{"href":"https:\/\/www.blogsoestado.com\/danielmatos\/wp-json\/wp\/v2\/types\/post"}],"replies":[{"embeddable":true,"href":"https:\/\/www.blogsoestado.com\/danielmatos\/wp-json\/wp\/v2\/comments?post=107754"}],"version-history":[{"count":0,"href":"https:\/\/www.blogsoestado.com\/danielmatos\/wp-json\/wp\/v2\/posts\/107754\/revisions"}],"wp:attachment":[{"href":"https:\/\/www.blogsoestado.com\/danielmatos\/wp-json\/wp\/v2\/media?parent=107754"}],"wp:term":[{"taxonomy":"category","embeddable":true,"href":"https:\/\/www.blogsoestado.com\/danielmatos\/wp-json\/wp\/v2\/categories?post=107754"},{"taxonomy":"post_tag","embeddable":true,"href":"https:\/\/www.blogsoestado.com\/danielmatos\/wp-json\/wp\/v2\/tags?post=107754"}],"curies":[{"name":"wp","href":"https:\/\/api.w.org\/{rel}","templated":true}]}}