{"id":107757,"date":"2023-03-30T12:12:29","date_gmt":"2023-03-30T15:12:29","guid":{"rendered":"https:\/\/www.blogsoestado.com\/danielmatos\/?p=107757"},"modified":"2023-03-30T12:12:29","modified_gmt":"2023-03-30T15:12:29","slug":"conflito-de-interesses-empresa-que-fez-estudo-para-aumentar-passagem-e-ligada-a-consorcio-que-opera-linha-de-onibus-em-sao-luis","status":"publish","type":"post","link":"https:\/\/www.blogsoestado.com\/danielmatos\/conflito-de-interesses-empresa-que-fez-estudo-para-aumentar-passagem-e-ligada-a-consorcio-que-opera-linha-de-onibus-em-sao-luis\/","title":{"rendered":"Conflito de interesses: empresa que fez estudo para aumentar passagem \u00e9 ligada a cons\u00f3rcio que opera linhas de \u00f4nibus em S\u00e3o Lu\u00eds"},"content":{"rendered":"\n<div class=\"wp-block-image\"><figure class=\"aligncenter size-large\"><a href=\"https:\/\/www.blogsoestado.com\/danielmatos\/files\/2023\/03\/Screenshot_20230330-1152152.png\"><img decoding=\"async\" src=\"https:\/\/www.blogsoestado.com\/danielmatos\/files\/2023\/03\/Screenshot_20230330-1152152.png\" alt=\"\" class=\"wp-image-107758\"\/><\/a><\/figure><\/div>\n\n\n\n<p>Em meio \u00e0 ampla repercuss\u00e3o da exonera\u00e7\u00e3o do secret\u00e1rio municipal de Tr\u00e2nsito e Transportes, Diego Baluz, como parte da reforma administrativa iniciada pelo prefeito Eduardo Braide (PSD) nessa quarta-feira (29), um fato grave passou ao largo do notici\u00e1rio e n\u00e3o foi abordado nem mesmo pelos observadores mais atentos. Trata-se de um flagrante conflito de interesses que marcou o \u00faltimo aumento da passagem de \u00f4nibus da capital, vigente h\u00e1 exatos 43 dias.<\/p>\n\n\n\n<p>O piv\u00f4 do aparente esquema, que pode configurar ato de improbidade administrativa, \u00e9 o empres\u00e1rio e consultor de transportes conhecido como Lu\u00eds Vagner, propriet\u00e1rio da empresa Plano, respons\u00e1vel pelo estudo que definiu o percentual do mais recente reajuste de passagens do transporte p\u00fablico de S\u00e3o Lu\u00eds, elevada em R$ 0,30 (trinta centavos). Os novos valores &#8211; R$ 3,70 para a tarifa n\u00e3o integrada e R$ 4,20 para as linhas integradas &#8211; est\u00e3o em vigor desde 15 de fevereiro.<\/p>\n\n\n\n<p>Como se n\u00e3o bastasse a extrema insatisfa\u00e7\u00e3o dos usu\u00e1rios por terem que pagar mais caros pelas viagens n\u00f3s coletivos, o realinhamento tarif\u00e1rio esconde, nos bastidores, uma situa\u00e7\u00e3o que tem tudo para causar ainda mais indigna\u00e7\u00e3o popular e at\u00e9 implica\u00e7\u00f5es de ordem jur\u00eddica para a atual gest\u00e3o, pois contraria todos os princ\u00edpios da administra\u00e7\u00e3o p\u00fablica &#8211; legalidade, impessoalidade, moralidade, publicidade e efici\u00eancia -, mencionados na Constitui\u00e7\u00e3o Federal.<\/p>\n\n\n\n<p>Pasmem, o mesmo empres\u00e1rio que definiu o percentual do \u00faltimo aumento de passagem foi o representante legal do Cons\u00f3rcio Central na \u00faltima licita\u00e7\u00e3o do transporte, em S\u00e3o Luis, realizada na administra\u00e7\u00e3o passada. O conglomerado saiu vencedor do certame e explora v\u00e1rias linhas de \u00f4nibus na capital.<\/p>\n\n\n\n<p>N\u00e3o \u00e9 poss\u00edvel apontar com precis\u00e3o o envolvimento do agora ex-secret\u00e1rio da SMTT Diego Baluz nessa distor\u00e7\u00e3o, que configurou vis\u00edvel conflito de interesses. Por outro lado, \u00e9 improv\u00e1vel que ele n\u00e3o tivesse conhecimento dessa dupla faceta do empres\u00e1rio Lu\u00eds Vagner, apesar dos seus conhecimentos limitados sobre os assuntos da pasta que condizia, incipi\u00eancia demonstrada por ele pr\u00f3prio ao prestar depoimento \u00e0 Comiss\u00e3o Parlamentar de Inqu\u00e9rito (CPI) instalada pela C\u00e2mara Municipal para apurar os motivos da crise do transporte p\u00fablico coletivo da capital.<\/p>\n\n\n\n<p>Por ter legislado em causa pr\u00f3pria na quest\u00e3o do reajuste de passagem, o consultor e empres\u00e1rio Lu\u00eds Vagner deve ser instado a prestar esclarecimentos aos \u00f3rg\u00e3os competentes, assim como o pr\u00f3prio Diego Baluz, e at\u00e9 o gabinete principal da Prefeitura de S\u00e3o Lu\u00eds, este \u00faltimo por suposta omiss\u00e3o, no m\u00ednimo.<\/p>\n","protected":false},"excerpt":{"rendered":"<p>Em meio \u00e0 ampla repercuss\u00e3o da exonera\u00e7\u00e3o do secret\u00e1rio municipal de Tr\u00e2nsito e Transportes, Diego Baluz, como parte da reforma [&hellip;]<\/p>\n","protected":false},"author":0,"featured_media":0,"comment_status":"open","ping_status":"open","sticky":false,"template":"","format":"standard","meta":{"site-sidebar-layout":"default","site-content-layout":"","ast-site-content-layout":"default","site-content-style":"default","site-sidebar-style":"default","ast-global-header-display":"","ast-banner-title-visibility":"","ast-main-header-display":"","ast-hfb-above-header-display":"","ast-hfb-below-header-display":"","ast-hfb-mobile-header-display":"","site-post-title":"","ast-breadcrumbs-content":"","ast-featured-img":"","footer-sml-layout":"","ast-disable-related-posts":"","theme-transparent-header-meta":"","adv-header-id-meta":"","stick-header-meta":"","header-above-stick-meta":"","header-main-stick-meta":"","header-below-stick-meta":"","astra-migrate-meta-layouts":"default","ast-page-background-enabled":"default","ast-page-background-meta":{"desktop":{"background-color":"var(--ast-global-color-5)","background-image":"","background-repeat":"repeat","background-position":"center center","background-size":"auto","background-attachment":"scroll","background-type":"","background-media":"","overlay-type":"","overlay-color":"","overlay-opacity":"","overlay-gradient":""},"tablet":{"background-color":"","background-image":"","background-repeat":"repeat","background-position":"center center","background-size":"auto","background-attachment":"scroll","background-type":"","background-media":"","overlay-type":"","overlay-color":"","overlay-opacity":"","overlay-gradient":""},"mobile":{"background-color":"","background-image":"","background-repeat":"repeat","background-position":"center center","background-size":"auto","background-attachment":"scroll","background-type":"","background-media":"","overlay-type":"","overlay-color":"","overlay-opacity":"","overlay-gradient":""}},"ast-content-background-meta":{"desktop":{"background-color":"var(--ast-global-color-4)","background-image":"","background-repeat":"repeat","background-position":"center center","background-size":"auto","background-attachment":"scroll","background-type":"","background-media":"","overlay-type":"","overlay-color":"","overlay-opacity":"","overlay-gradient":""},"tablet":{"background-color":"var(--ast-global-color-4)","background-image":"","background-repeat":"repeat","background-position":"center center","background-size":"auto","background-attachment":"scroll","background-type":"","background-media":"","overlay-type":"","overlay-color":"","overlay-opacity":"","overlay-gradient":""},"mobile":{"background-color":"var(--ast-global-color-4)","background-image":"","background-repeat":"repeat","background-position":"center center","background-size":"auto","background-attachment":"scroll","background-type":"","background-media":"","overlay-type":"","overlay-color":"","overlay-opacity":"","overlay-gradient":""}},"footnotes":""},"categories":[1],"tags":[],"class_list":["post-107757","post","type-post","status-publish","format-standard","hentry","category-sem-categoria"],"yoast_head":"<!-- This site is optimized with the Yoast SEO plugin v26.6 - https:\/\/yoast.com\/wordpress\/plugins\/seo\/ -->\n<title>Conflito de interesses: empresa que fez estudo para aumentar passagem \u00e9 ligada a cons\u00f3rcio que opera linhas de \u00f4nibus em S\u00e3o Lu\u00eds - Daniel Matos<\/title>\n<meta name=\"robots\" content=\"index, follow, max-snippet:-1, max-image-preview:large, max-video-preview:-1\" \/>\n<link rel=\"canonical\" href=\"https:\/\/www.blogsoestado.com\/danielmatos\/conflito-de-interesses-empresa-que-fez-estudo-para-aumentar-passagem-e-ligada-a-consorcio-que-opera-linha-de-onibus-em-sao-luis\/\" \/>\n<meta property=\"og:locale\" content=\"pt_BR\" \/>\n<meta property=\"og:type\" content=\"article\" \/>\n<meta property=\"og:title\" content=\"Conflito de interesses: empresa que fez estudo para aumentar passagem \u00e9 ligada a cons\u00f3rcio que opera linhas de \u00f4nibus em S\u00e3o Lu\u00eds - Daniel Matos\" \/>\n<meta property=\"og:description\" content=\"Em meio \u00e0 ampla repercuss\u00e3o da exonera\u00e7\u00e3o do secret\u00e1rio municipal de Tr\u00e2nsito e Transportes, Diego Baluz, como parte da reforma [&hellip;]\" \/>\n<meta property=\"og:url\" content=\"https:\/\/www.blogsoestado.com\/danielmatos\/conflito-de-interesses-empresa-que-fez-estudo-para-aumentar-passagem-e-ligada-a-consorcio-que-opera-linha-de-onibus-em-sao-luis\/\" \/>\n<meta property=\"og:site_name\" content=\"Daniel Matos\" \/>\n<meta property=\"article:published_time\" content=\"2023-03-30T15:12:29+00:00\" \/>\n<meta property=\"og:image\" content=\"https:\/\/www.blogsoestado.com\/danielmatos\/files\/2023\/03\/Screenshot_20230330-1152152.png\" \/>\n<meta name=\"twitter:card\" content=\"summary_large_image\" \/>\n<meta name=\"twitter:label1\" content=\"Est. tempo de leitura\" \/>\n\t<meta name=\"twitter:data1\" content=\"2 minutos\" \/>\n<script type=\"application\/ld+json\" class=\"yoast-schema-graph\">{\"@context\":\"https:\/\/schema.org\",\"@graph\":[{\"@type\":\"WebPage\",\"@id\":\"https:\/\/www.blogsoestado.com\/danielmatos\/conflito-de-interesses-empresa-que-fez-estudo-para-aumentar-passagem-e-ligada-a-consorcio-que-opera-linha-de-onibus-em-sao-luis\/\",\"url\":\"https:\/\/www.blogsoestado.com\/danielmatos\/conflito-de-interesses-empresa-que-fez-estudo-para-aumentar-passagem-e-ligada-a-consorcio-que-opera-linha-de-onibus-em-sao-luis\/\",\"name\":\"Conflito de interesses: empresa que fez estudo para aumentar passagem \u00e9 ligada a cons\u00f3rcio que opera linhas de \u00f4nibus em S\u00e3o Lu\u00eds - Daniel Matos\",\"isPartOf\":{\"@id\":\"https:\/\/www.blogsoestado.com\/danielmatos\/#website\"},\"primaryImageOfPage\":{\"@id\":\"https:\/\/www.blogsoestado.com\/danielmatos\/conflito-de-interesses-empresa-que-fez-estudo-para-aumentar-passagem-e-ligada-a-consorcio-que-opera-linha-de-onibus-em-sao-luis\/#primaryimage\"},\"image\":{\"@id\":\"https:\/\/www.blogsoestado.com\/danielmatos\/conflito-de-interesses-empresa-que-fez-estudo-para-aumentar-passagem-e-ligada-a-consorcio-que-opera-linha-de-onibus-em-sao-luis\/#primaryimage\"},\"thumbnailUrl\":\"https:\/\/www.blogsoestado.com\/danielmatos\/files\/2023\/03\/Screenshot_20230330-1152152.png\",\"datePublished\":\"2023-03-30T15:12:29+00:00\",\"author\":{\"@id\":\"\"},\"breadcrumb\":{\"@id\":\"https:\/\/www.blogsoestado.com\/danielmatos\/conflito-de-interesses-empresa-que-fez-estudo-para-aumentar-passagem-e-ligada-a-consorcio-que-opera-linha-de-onibus-em-sao-luis\/#breadcrumb\"},\"inLanguage\":\"pt-BR\",\"potentialAction\":[{\"@type\":\"ReadAction\",\"target\":[\"https:\/\/www.blogsoestado.com\/danielmatos\/conflito-de-interesses-empresa-que-fez-estudo-para-aumentar-passagem-e-ligada-a-consorcio-que-opera-linha-de-onibus-em-sao-luis\/\"]}]},{\"@type\":\"ImageObject\",\"inLanguage\":\"pt-BR\",\"@id\":\"https:\/\/www.blogsoestado.com\/danielmatos\/conflito-de-interesses-empresa-que-fez-estudo-para-aumentar-passagem-e-ligada-a-consorcio-que-opera-linha-de-onibus-em-sao-luis\/#primaryimage\",\"url\":\"https:\/\/www.blogsoestado.com\/danielmatos\/files\/2023\/03\/Screenshot_20230330-1152152.png\",\"contentUrl\":\"https:\/\/www.blogsoestado.com\/danielmatos\/files\/2023\/03\/Screenshot_20230330-1152152.png\"},{\"@type\":\"BreadcrumbList\",\"@id\":\"https:\/\/www.blogsoestado.com\/danielmatos\/conflito-de-interesses-empresa-que-fez-estudo-para-aumentar-passagem-e-ligada-a-consorcio-que-opera-linha-de-onibus-em-sao-luis\/#breadcrumb\",\"itemListElement\":[{\"@type\":\"ListItem\",\"position\":1,\"name\":\"In\u00edcio\",\"item\":\"https:\/\/www.blogsoestado.com\/danielmatos\/\"},{\"@type\":\"ListItem\",\"position\":2,\"name\":\"Conflito de interesses: empresa que fez estudo para aumentar passagem \u00e9 ligada a cons\u00f3rcio que opera linhas de \u00f4nibus em S\u00e3o Lu\u00eds\"}]},{\"@type\":\"WebSite\",\"@id\":\"https:\/\/www.blogsoestado.com\/danielmatos\/#website\",\"url\":\"https:\/\/www.blogsoestado.com\/danielmatos\/\",\"name\":\"Daniel Matos\",\"description\":\"\",\"potentialAction\":[{\"@type\":\"SearchAction\",\"target\":{\"@type\":\"EntryPoint\",\"urlTemplate\":\"https:\/\/www.blogsoestado.com\/danielmatos\/?s={search_term_string}\"},\"query-input\":{\"@type\":\"PropertyValueSpecification\",\"valueRequired\":true,\"valueName\":\"search_term_string\"}}],\"inLanguage\":\"pt-BR\"}]}<\/script>\n<!-- \/ Yoast SEO plugin. -->","yoast_head_json":{"title":"Conflito de interesses: empresa que fez estudo para aumentar passagem \u00e9 ligada a cons\u00f3rcio que opera linhas de \u00f4nibus em S\u00e3o Lu\u00eds - Daniel Matos","robots":{"index":"index","follow":"follow","max-snippet":"max-snippet:-1","max-image-preview":"max-image-preview:large","max-video-preview":"max-video-preview:-1"},"canonical":"https:\/\/www.blogsoestado.com\/danielmatos\/conflito-de-interesses-empresa-que-fez-estudo-para-aumentar-passagem-e-ligada-a-consorcio-que-opera-linha-de-onibus-em-sao-luis\/","og_locale":"pt_BR","og_type":"article","og_title":"Conflito de interesses: empresa que fez estudo para aumentar passagem \u00e9 ligada a cons\u00f3rcio que opera linhas de \u00f4nibus em S\u00e3o Lu\u00eds - Daniel Matos","og_description":"Em meio \u00e0 ampla repercuss\u00e3o da exonera\u00e7\u00e3o do secret\u00e1rio municipal de Tr\u00e2nsito e Transportes, Diego Baluz, como parte da reforma [&hellip;]","og_url":"https:\/\/www.blogsoestado.com\/danielmatos\/conflito-de-interesses-empresa-que-fez-estudo-para-aumentar-passagem-e-ligada-a-consorcio-que-opera-linha-de-onibus-em-sao-luis\/","og_site_name":"Daniel Matos","article_published_time":"2023-03-30T15:12:29+00:00","og_image":[{"url":"https:\/\/www.blogsoestado.com\/danielmatos\/files\/2023\/03\/Screenshot_20230330-1152152.png","type":"","width":"","height":""}],"twitter_card":"summary_large_image","twitter_misc":{"Est. tempo de leitura":"2 minutos"},"schema":{"@context":"https:\/\/schema.org","@graph":[{"@type":"WebPage","@id":"https:\/\/www.blogsoestado.com\/danielmatos\/conflito-de-interesses-empresa-que-fez-estudo-para-aumentar-passagem-e-ligada-a-consorcio-que-opera-linha-de-onibus-em-sao-luis\/","url":"https:\/\/www.blogsoestado.com\/danielmatos\/conflito-de-interesses-empresa-que-fez-estudo-para-aumentar-passagem-e-ligada-a-consorcio-que-opera-linha-de-onibus-em-sao-luis\/","name":"Conflito de interesses: empresa que fez estudo para aumentar passagem \u00e9 ligada a cons\u00f3rcio que opera linhas de \u00f4nibus em S\u00e3o Lu\u00eds - Daniel Matos","isPartOf":{"@id":"https:\/\/www.blogsoestado.com\/danielmatos\/#website"},"primaryImageOfPage":{"@id":"https:\/\/www.blogsoestado.com\/danielmatos\/conflito-de-interesses-empresa-que-fez-estudo-para-aumentar-passagem-e-ligada-a-consorcio-que-opera-linha-de-onibus-em-sao-luis\/#primaryimage"},"image":{"@id":"https:\/\/www.blogsoestado.com\/danielmatos\/conflito-de-interesses-empresa-que-fez-estudo-para-aumentar-passagem-e-ligada-a-consorcio-que-opera-linha-de-onibus-em-sao-luis\/#primaryimage"},"thumbnailUrl":"https:\/\/www.blogsoestado.com\/danielmatos\/files\/2023\/03\/Screenshot_20230330-1152152.png","datePublished":"2023-03-30T15:12:29+00:00","author":{"@id":""},"breadcrumb":{"@id":"https:\/\/www.blogsoestado.com\/danielmatos\/conflito-de-interesses-empresa-que-fez-estudo-para-aumentar-passagem-e-ligada-a-consorcio-que-opera-linha-de-onibus-em-sao-luis\/#breadcrumb"},"inLanguage":"pt-BR","potentialAction":[{"@type":"ReadAction","target":["https:\/\/www.blogsoestado.com\/danielmatos\/conflito-de-interesses-empresa-que-fez-estudo-para-aumentar-passagem-e-ligada-a-consorcio-que-opera-linha-de-onibus-em-sao-luis\/"]}]},{"@type":"ImageObject","inLanguage":"pt-BR","@id":"https:\/\/www.blogsoestado.com\/danielmatos\/conflito-de-interesses-empresa-que-fez-estudo-para-aumentar-passagem-e-ligada-a-consorcio-que-opera-linha-de-onibus-em-sao-luis\/#primaryimage","url":"https:\/\/www.blogsoestado.com\/danielmatos\/files\/2023\/03\/Screenshot_20230330-1152152.png","contentUrl":"https:\/\/www.blogsoestado.com\/danielmatos\/files\/2023\/03\/Screenshot_20230330-1152152.png"},{"@type":"BreadcrumbList","@id":"https:\/\/www.blogsoestado.com\/danielmatos\/conflito-de-interesses-empresa-que-fez-estudo-para-aumentar-passagem-e-ligada-a-consorcio-que-opera-linha-de-onibus-em-sao-luis\/#breadcrumb","itemListElement":[{"@type":"ListItem","position":1,"name":"In\u00edcio","item":"https:\/\/www.blogsoestado.com\/danielmatos\/"},{"@type":"ListItem","position":2,"name":"Conflito de interesses: empresa que fez estudo para aumentar passagem \u00e9 ligada a cons\u00f3rcio que opera linhas de \u00f4nibus em S\u00e3o Lu\u00eds"}]},{"@type":"WebSite","@id":"https:\/\/www.blogsoestado.com\/danielmatos\/#website","url":"https:\/\/www.blogsoestado.com\/danielmatos\/","name":"Daniel Matos","description":"","potentialAction":[{"@type":"SearchAction","target":{"@type":"EntryPoint","urlTemplate":"https:\/\/www.blogsoestado.com\/danielmatos\/?s={search_term_string}"},"query-input":{"@type":"PropertyValueSpecification","valueRequired":true,"valueName":"search_term_string"}}],"inLanguage":"pt-BR"}]}},"jetpack_featured_media_url":"","_links":{"self":[{"href":"https:\/\/www.blogsoestado.com\/danielmatos\/wp-json\/wp\/v2\/posts\/107757","targetHints":{"allow":["GET"]}}],"collection":[{"href":"https:\/\/www.blogsoestado.com\/danielmatos\/wp-json\/wp\/v2\/posts"}],"about":[{"href":"https:\/\/www.blogsoestado.com\/danielmatos\/wp-json\/wp\/v2\/types\/post"}],"replies":[{"embeddable":true,"href":"https:\/\/www.blogsoestado.com\/danielmatos\/wp-json\/wp\/v2\/comments?post=107757"}],"version-history":[{"count":0,"href":"https:\/\/www.blogsoestado.com\/danielmatos\/wp-json\/wp\/v2\/posts\/107757\/revisions"}],"wp:attachment":[{"href":"https:\/\/www.blogsoestado.com\/danielmatos\/wp-json\/wp\/v2\/media?parent=107757"}],"wp:term":[{"taxonomy":"category","embeddable":true,"href":"https:\/\/www.blogsoestado.com\/danielmatos\/wp-json\/wp\/v2\/categories?post=107757"},{"taxonomy":"post_tag","embeddable":true,"href":"https:\/\/www.blogsoestado.com\/danielmatos\/wp-json\/wp\/v2\/tags?post=107757"}],"curies":[{"name":"wp","href":"https:\/\/api.w.org\/{rel}","templated":true}]}}