{"id":107853,"date":"2023-04-02T17:06:58","date_gmt":"2023-04-02T20:06:58","guid":{"rendered":"https:\/\/www.blogsoestado.com\/danielmatos\/?p=107853"},"modified":"2023-04-02T17:06:58","modified_gmt":"2023-04-02T20:06:58","slug":"senador-weverton-rocha-destaca-vontade-de-amanda-gentil-de-fazer-a-diferenca-como-deputada-federal","status":"publish","type":"post","link":"https:\/\/www.blogsoestado.com\/danielmatos\/senador-weverton-rocha-destaca-vontade-de-amanda-gentil-de-fazer-a-diferenca-como-deputada-federal\/","title":{"rendered":"Senador Weverton Rocha destaca vontade de Amanda Gentil de fazer a diferen\u00e7a como deputada federal"},"content":{"rendered":"\n<div class=\"wp-block-image\"><figure class=\"aligncenter size-large\"><a href=\"https:\/\/www.blogsoestado.com\/danielmatos\/files\/2023\/04\/Screenshot_20230402-1647082.png\"><img decoding=\"async\" src=\"https:\/\/www.blogsoestado.com\/danielmatos\/files\/2023\/04\/Screenshot_20230402-1647082.png\" alt=\"\" class=\"wp-image-107854\"\/><\/a><figcaption>Amanda Gentil com o senador Weverton Rocha em ato realizado no Congresso Nacional<\/figcaption><\/figure><\/div>\n\n\n\n<p>Em reuni\u00e3o com representantes da classe pol\u00edtica do Maranh\u00e3o, durante a XXIV Marcha dos Prefeitos, em Bras\u00edlia, o senador Weverton Rocha (PDT) destacou a garra demonstrada pela deputada federal Amanda Gentil (PP) e a vontade da parlamentar de fazer a diferen\u00e7a no exerc\u00edcio do mandato em favor da popula\u00e7\u00e3o.<\/p>\n\n\n\n<p>Ao se pronunciar durante a reuni\u00e3o, Weverton Rocha fez refer\u00eancia especial a Amanda Gentil, afirmando que al\u00e9m de mais jovem deputada federal do Brasil e representante da mulher, a colega de bancada no Congresso Nacional e conterr\u00e2nea chegou \u00e0 Camara Federal com muita energia. &#8220;N\u00f3s estamos vendo o quanto a Amanda quer fazer a diferen\u00e7a e \u00e9 isso que faz a diferen\u00e7a na pol\u00edtica l\u00e1 na ponta. \u00c9 quando quem est\u00e1 no mandato faz dele todo dia o \u00faltimo dia&#8221;, exaltou o senador.<\/p>\n\n\n\n<p>Ele citou a caracter\u00edstica de Amanda de se propor a resolver todas as demandas no mesmo dia. &#8220;Assim \u00e9 bom porque vamos produzindo resultados rapidamente para o nosso estado&#8221;, reasaltou.<\/p>\n\n\n\n<p><strong>Clique <a href=\"https:\/\/youtube.com\/shorts\/TZ-Bz7ZYX6w?feature=share4\">aqui<\/a><\/strong> <strong>e assista ao v\u00eddeo.<\/strong><\/p>\n","protected":false},"excerpt":{"rendered":"<p>Em reuni\u00e3o com representantes da classe pol\u00edtica do Maranh\u00e3o, durante a XXIV Marcha dos Prefeitos, em Bras\u00edlia, o senador Weverton [&hellip;]<\/p>\n","protected":false},"author":0,"featured_media":0,"comment_status":"open","ping_status":"open","sticky":false,"template":"","format":"standard","meta":{"site-sidebar-layout":"default","site-content-layout":"","ast-site-content-layout":"default","site-content-style":"default","site-sidebar-style":"default","ast-global-header-display":"","ast-banner-title-visibility":"","ast-main-header-display":"","ast-hfb-above-header-display":"","ast-hfb-below-header-display":"","ast-hfb-mobile-header-display":"","site-post-title":"","ast-breadcrumbs-content":"","ast-featured-img":"","footer-sml-layout":"","ast-disable-related-posts":"","theme-transparent-header-meta":"","adv-header-id-meta":"","stick-header-meta":"","header-above-stick-meta":"","header-main-stick-meta":"","header-below-stick-meta":"","astra-migrate-meta-layouts":"default","ast-page-background-enabled":"default","ast-page-background-meta":{"desktop":{"background-color":"var(--ast-global-color-5)","background-image":"","background-repeat":"repeat","background-position":"center center","background-size":"auto","background-attachment":"scroll","background-type":"","background-media":"","overlay-type":"","overlay-color":"","overlay-opacity":"","overlay-gradient":""},"tablet":{"background-color":"","background-image":"","background-repeat":"repeat","background-position":"center center","background-size":"auto","background-attachment":"scroll","background-type":"","background-media":"","overlay-type":"","overlay-color":"","overlay-opacity":"","overlay-gradient":""},"mobile":{"background-color":"","background-image":"","background-repeat":"repeat","background-position":"center center","background-size":"auto","background-attachment":"scroll","background-type":"","background-media":"","overlay-type":"","overlay-color":"","overlay-opacity":"","overlay-gradient":""}},"ast-content-background-meta":{"desktop":{"background-color":"var(--ast-global-color-4)","background-image":"","background-repeat":"repeat","background-position":"center center","background-size":"auto","background-attachment":"scroll","background-type":"","background-media":"","overlay-type":"","overlay-color":"","overlay-opacity":"","overlay-gradient":""},"tablet":{"background-color":"var(--ast-global-color-4)","background-image":"","background-repeat":"repeat","background-position":"center center","background-size":"auto","background-attachment":"scroll","background-type":"","background-media":"","overlay-type":"","overlay-color":"","overlay-opacity":"","overlay-gradient":""},"mobile":{"background-color":"var(--ast-global-color-4)","background-image":"","background-repeat":"repeat","background-position":"center center","background-size":"auto","background-attachment":"scroll","background-type":"","background-media":"","overlay-type":"","overlay-color":"","overlay-opacity":"","overlay-gradient":""}},"footnotes":""},"categories":[1],"tags":[],"class_list":["post-107853","post","type-post","status-publish","format-standard","hentry","category-sem-categoria"],"yoast_head":"<!-- This site is optimized with the Yoast SEO plugin v26.6 - https:\/\/yoast.com\/wordpress\/plugins\/seo\/ -->\n<title>Senador Weverton Rocha destaca vontade de Amanda Gentil de fazer a diferen\u00e7a como deputada federal - Daniel Matos<\/title>\n<meta name=\"robots\" content=\"index, follow, max-snippet:-1, max-image-preview:large, max-video-preview:-1\" \/>\n<link rel=\"canonical\" href=\"https:\/\/www.blogsoestado.com\/danielmatos\/senador-weverton-rocha-destaca-vontade-de-amanda-gentil-de-fazer-a-diferenca-como-deputada-federal\/\" \/>\n<meta property=\"og:locale\" content=\"pt_BR\" \/>\n<meta property=\"og:type\" content=\"article\" \/>\n<meta property=\"og:title\" content=\"Senador Weverton Rocha destaca vontade de Amanda Gentil de fazer a diferen\u00e7a como deputada federal - Daniel Matos\" \/>\n<meta property=\"og:description\" content=\"Em reuni\u00e3o com representantes da classe pol\u00edtica do Maranh\u00e3o, durante a XXIV Marcha dos Prefeitos, em Bras\u00edlia, o senador Weverton [&hellip;]\" \/>\n<meta property=\"og:url\" content=\"https:\/\/www.blogsoestado.com\/danielmatos\/senador-weverton-rocha-destaca-vontade-de-amanda-gentil-de-fazer-a-diferenca-como-deputada-federal\/\" \/>\n<meta property=\"og:site_name\" content=\"Daniel Matos\" \/>\n<meta property=\"article:published_time\" content=\"2023-04-02T20:06:58+00:00\" \/>\n<meta property=\"og:image\" content=\"https:\/\/www.blogsoestado.com\/danielmatos\/files\/2023\/04\/Screenshot_20230402-1647082.png\" \/>\n<meta name=\"twitter:card\" content=\"summary_large_image\" \/>\n<meta name=\"twitter:label1\" content=\"Est. tempo de leitura\" \/>\n\t<meta name=\"twitter:data1\" content=\"1 minuto\" \/>\n<script type=\"application\/ld+json\" class=\"yoast-schema-graph\">{\"@context\":\"https:\/\/schema.org\",\"@graph\":[{\"@type\":\"WebPage\",\"@id\":\"https:\/\/www.blogsoestado.com\/danielmatos\/senador-weverton-rocha-destaca-vontade-de-amanda-gentil-de-fazer-a-diferenca-como-deputada-federal\/\",\"url\":\"https:\/\/www.blogsoestado.com\/danielmatos\/senador-weverton-rocha-destaca-vontade-de-amanda-gentil-de-fazer-a-diferenca-como-deputada-federal\/\",\"name\":\"Senador Weverton Rocha destaca vontade de Amanda Gentil de fazer a diferen\u00e7a como deputada federal - Daniel Matos\",\"isPartOf\":{\"@id\":\"https:\/\/www.blogsoestado.com\/danielmatos\/#website\"},\"primaryImageOfPage\":{\"@id\":\"https:\/\/www.blogsoestado.com\/danielmatos\/senador-weverton-rocha-destaca-vontade-de-amanda-gentil-de-fazer-a-diferenca-como-deputada-federal\/#primaryimage\"},\"image\":{\"@id\":\"https:\/\/www.blogsoestado.com\/danielmatos\/senador-weverton-rocha-destaca-vontade-de-amanda-gentil-de-fazer-a-diferenca-como-deputada-federal\/#primaryimage\"},\"thumbnailUrl\":\"https:\/\/www.blogsoestado.com\/danielmatos\/files\/2023\/04\/Screenshot_20230402-1647082.png\",\"datePublished\":\"2023-04-02T20:06:58+00:00\",\"author\":{\"@id\":\"\"},\"breadcrumb\":{\"@id\":\"https:\/\/www.blogsoestado.com\/danielmatos\/senador-weverton-rocha-destaca-vontade-de-amanda-gentil-de-fazer-a-diferenca-como-deputada-federal\/#breadcrumb\"},\"inLanguage\":\"pt-BR\",\"potentialAction\":[{\"@type\":\"ReadAction\",\"target\":[\"https:\/\/www.blogsoestado.com\/danielmatos\/senador-weverton-rocha-destaca-vontade-de-amanda-gentil-de-fazer-a-diferenca-como-deputada-federal\/\"]}]},{\"@type\":\"ImageObject\",\"inLanguage\":\"pt-BR\",\"@id\":\"https:\/\/www.blogsoestado.com\/danielmatos\/senador-weverton-rocha-destaca-vontade-de-amanda-gentil-de-fazer-a-diferenca-como-deputada-federal\/#primaryimage\",\"url\":\"https:\/\/www.blogsoestado.com\/danielmatos\/files\/2023\/04\/Screenshot_20230402-1647082.png\",\"contentUrl\":\"https:\/\/www.blogsoestado.com\/danielmatos\/files\/2023\/04\/Screenshot_20230402-1647082.png\"},{\"@type\":\"BreadcrumbList\",\"@id\":\"https:\/\/www.blogsoestado.com\/danielmatos\/senador-weverton-rocha-destaca-vontade-de-amanda-gentil-de-fazer-a-diferenca-como-deputada-federal\/#breadcrumb\",\"itemListElement\":[{\"@type\":\"ListItem\",\"position\":1,\"name\":\"In\u00edcio\",\"item\":\"https:\/\/www.blogsoestado.com\/danielmatos\/\"},{\"@type\":\"ListItem\",\"position\":2,\"name\":\"Senador Weverton Rocha destaca vontade de Amanda Gentil de fazer a diferen\u00e7a como deputada federal\"}]},{\"@type\":\"WebSite\",\"@id\":\"https:\/\/www.blogsoestado.com\/danielmatos\/#website\",\"url\":\"https:\/\/www.blogsoestado.com\/danielmatos\/\",\"name\":\"Daniel Matos\",\"description\":\"\",\"potentialAction\":[{\"@type\":\"SearchAction\",\"target\":{\"@type\":\"EntryPoint\",\"urlTemplate\":\"https:\/\/www.blogsoestado.com\/danielmatos\/?s={search_term_string}\"},\"query-input\":{\"@type\":\"PropertyValueSpecification\",\"valueRequired\":true,\"valueName\":\"search_term_string\"}}],\"inLanguage\":\"pt-BR\"}]}<\/script>\n<!-- \/ Yoast SEO plugin. -->","yoast_head_json":{"title":"Senador Weverton Rocha destaca vontade de Amanda Gentil de fazer a diferen\u00e7a como deputada federal - Daniel Matos","robots":{"index":"index","follow":"follow","max-snippet":"max-snippet:-1","max-image-preview":"max-image-preview:large","max-video-preview":"max-video-preview:-1"},"canonical":"https:\/\/www.blogsoestado.com\/danielmatos\/senador-weverton-rocha-destaca-vontade-de-amanda-gentil-de-fazer-a-diferenca-como-deputada-federal\/","og_locale":"pt_BR","og_type":"article","og_title":"Senador Weverton Rocha destaca vontade de Amanda Gentil de fazer a diferen\u00e7a como deputada federal - Daniel Matos","og_description":"Em reuni\u00e3o com representantes da classe pol\u00edtica do Maranh\u00e3o, durante a XXIV Marcha dos Prefeitos, em Bras\u00edlia, o senador Weverton [&hellip;]","og_url":"https:\/\/www.blogsoestado.com\/danielmatos\/senador-weverton-rocha-destaca-vontade-de-amanda-gentil-de-fazer-a-diferenca-como-deputada-federal\/","og_site_name":"Daniel Matos","article_published_time":"2023-04-02T20:06:58+00:00","og_image":[{"url":"https:\/\/www.blogsoestado.com\/danielmatos\/files\/2023\/04\/Screenshot_20230402-1647082.png","type":"","width":"","height":""}],"twitter_card":"summary_large_image","twitter_misc":{"Est. tempo de leitura":"1 minuto"},"schema":{"@context":"https:\/\/schema.org","@graph":[{"@type":"WebPage","@id":"https:\/\/www.blogsoestado.com\/danielmatos\/senador-weverton-rocha-destaca-vontade-de-amanda-gentil-de-fazer-a-diferenca-como-deputada-federal\/","url":"https:\/\/www.blogsoestado.com\/danielmatos\/senador-weverton-rocha-destaca-vontade-de-amanda-gentil-de-fazer-a-diferenca-como-deputada-federal\/","name":"Senador Weverton Rocha destaca vontade de Amanda Gentil de fazer a diferen\u00e7a como deputada federal - Daniel Matos","isPartOf":{"@id":"https:\/\/www.blogsoestado.com\/danielmatos\/#website"},"primaryImageOfPage":{"@id":"https:\/\/www.blogsoestado.com\/danielmatos\/senador-weverton-rocha-destaca-vontade-de-amanda-gentil-de-fazer-a-diferenca-como-deputada-federal\/#primaryimage"},"image":{"@id":"https:\/\/www.blogsoestado.com\/danielmatos\/senador-weverton-rocha-destaca-vontade-de-amanda-gentil-de-fazer-a-diferenca-como-deputada-federal\/#primaryimage"},"thumbnailUrl":"https:\/\/www.blogsoestado.com\/danielmatos\/files\/2023\/04\/Screenshot_20230402-1647082.png","datePublished":"2023-04-02T20:06:58+00:00","author":{"@id":""},"breadcrumb":{"@id":"https:\/\/www.blogsoestado.com\/danielmatos\/senador-weverton-rocha-destaca-vontade-de-amanda-gentil-de-fazer-a-diferenca-como-deputada-federal\/#breadcrumb"},"inLanguage":"pt-BR","potentialAction":[{"@type":"ReadAction","target":["https:\/\/www.blogsoestado.com\/danielmatos\/senador-weverton-rocha-destaca-vontade-de-amanda-gentil-de-fazer-a-diferenca-como-deputada-federal\/"]}]},{"@type":"ImageObject","inLanguage":"pt-BR","@id":"https:\/\/www.blogsoestado.com\/danielmatos\/senador-weverton-rocha-destaca-vontade-de-amanda-gentil-de-fazer-a-diferenca-como-deputada-federal\/#primaryimage","url":"https:\/\/www.blogsoestado.com\/danielmatos\/files\/2023\/04\/Screenshot_20230402-1647082.png","contentUrl":"https:\/\/www.blogsoestado.com\/danielmatos\/files\/2023\/04\/Screenshot_20230402-1647082.png"},{"@type":"BreadcrumbList","@id":"https:\/\/www.blogsoestado.com\/danielmatos\/senador-weverton-rocha-destaca-vontade-de-amanda-gentil-de-fazer-a-diferenca-como-deputada-federal\/#breadcrumb","itemListElement":[{"@type":"ListItem","position":1,"name":"In\u00edcio","item":"https:\/\/www.blogsoestado.com\/danielmatos\/"},{"@type":"ListItem","position":2,"name":"Senador Weverton Rocha destaca vontade de Amanda Gentil de fazer a diferen\u00e7a como deputada federal"}]},{"@type":"WebSite","@id":"https:\/\/www.blogsoestado.com\/danielmatos\/#website","url":"https:\/\/www.blogsoestado.com\/danielmatos\/","name":"Daniel Matos","description":"","potentialAction":[{"@type":"SearchAction","target":{"@type":"EntryPoint","urlTemplate":"https:\/\/www.blogsoestado.com\/danielmatos\/?s={search_term_string}"},"query-input":{"@type":"PropertyValueSpecification","valueRequired":true,"valueName":"search_term_string"}}],"inLanguage":"pt-BR"}]}},"jetpack_featured_media_url":"","_links":{"self":[{"href":"https:\/\/www.blogsoestado.com\/danielmatos\/wp-json\/wp\/v2\/posts\/107853","targetHints":{"allow":["GET"]}}],"collection":[{"href":"https:\/\/www.blogsoestado.com\/danielmatos\/wp-json\/wp\/v2\/posts"}],"about":[{"href":"https:\/\/www.blogsoestado.com\/danielmatos\/wp-json\/wp\/v2\/types\/post"}],"replies":[{"embeddable":true,"href":"https:\/\/www.blogsoestado.com\/danielmatos\/wp-json\/wp\/v2\/comments?post=107853"}],"version-history":[{"count":0,"href":"https:\/\/www.blogsoestado.com\/danielmatos\/wp-json\/wp\/v2\/posts\/107853\/revisions"}],"wp:attachment":[{"href":"https:\/\/www.blogsoestado.com\/danielmatos\/wp-json\/wp\/v2\/media?parent=107853"}],"wp:term":[{"taxonomy":"category","embeddable":true,"href":"https:\/\/www.blogsoestado.com\/danielmatos\/wp-json\/wp\/v2\/categories?post=107853"},{"taxonomy":"post_tag","embeddable":true,"href":"https:\/\/www.blogsoestado.com\/danielmatos\/wp-json\/wp\/v2\/tags?post=107853"}],"curies":[{"name":"wp","href":"https:\/\/api.w.org\/{rel}","templated":true}]}}