{"id":107856,"date":"2023-04-02T19:48:51","date_gmt":"2023-04-02T22:48:51","guid":{"rendered":"https:\/\/www.blogsoestado.com\/danielmatos\/?p=107856"},"modified":"2023-04-02T19:48:51","modified_gmt":"2023-04-02T22:48:51","slug":"cafe-com-noticias-rodrigo-lago-e-o-entrevistado-do-programa-de-estreia-nesta-segunda-feira-3","status":"publish","type":"post","link":"https:\/\/www.blogsoestado.com\/danielmatos\/cafe-com-noticias-rodrigo-lago-e-o-entrevistado-do-programa-de-estreia-nesta-segunda-feira-3\/","title":{"rendered":"\u2018Caf\u00e9 com Not\u00edcias\u2019 &#8211; Rodrigo Lago \u00e9 o entrevistado do programa de estreia, nesta segunda-feira (3)"},"content":{"rendered":"\n<p><strong><span class=\"has-inline-color has-vivid-red-color\">Atra\u00e7\u00e3o vai ao ar de segunda a sexta-feira, sempre \u00e0s 9h, pela TV Assembleia, com apresenta\u00e7\u00e3o da jornalista Elda Borges<\/span><\/strong><\/p>\n\n\n\n<div class=\"wp-block-image\"><figure class=\"aligncenter size-large\"><a href=\"https:\/\/www.blogsoestado.com\/danielmatos\/files\/2023\/04\/413e80a8c5395963d56152a003d945cf-1.jpg\"><img decoding=\"async\" src=\"https:\/\/www.blogsoestado.com\/danielmatos\/files\/2023\/04\/413e80a8c5395963d56152a003d945cf-1.jpg\" alt=\"\" class=\"wp-image-107857\"\/><\/a><figcaption>Apresentadora Elda Borges e o deputado Rodrigo Lago nos bastidores da grava\u00e7\u00e3o do \u2018Caf\u00e9 com Not\u00edcias<\/figcaption><\/figure><\/div>\n\n\n\n<p>Estreia \u00e0s 9h desta segunda-feira (3), na TV Assembleia, o programa \u2018Caf\u00e9 com Not\u00edcias\u2019, com apresenta\u00e7\u00e3o de\u00a0Elda Borges. E no primeiro programa, a jornalista recebe o deputado estadual Rodrigo Lago (PCdoB), que vai falar sobre sua trajet\u00f3ria na pol\u00edtica, as expectativas do primeiro mandato e as a\u00e7\u00f5es que j\u00e1 realizou at\u00e9 o momento.<\/p>\n\n\n\n<p>\u201c\u00c9 sempre um prazer estar aqui na TV Assembleia, falando do desempenho do nosso mandato. Temos um bom sistema de comunica\u00e7\u00e3o que garante transpar\u00eancia para o nosso trabalho, garante que a popula\u00e7\u00e3o tenha acesso a essas informa\u00e7\u00f5es, para que possamos ser cobrados pela sociedade, afinal fomos eleitos pelo povo e devemos satisfa\u00e7\u00e3o a ele\u201d, atesta Rodrigo Lago.<\/p>\n\n\n\n<p>A cada programa Elda Borges receber\u00e1 um convidado para um bate-papo sobre pol\u00edtica e muito mais. \u201cO nosso Caf\u00e9 cresceu, mudou de nome, de cen\u00e1rio, mas segue o mesmo na ess\u00eancia, trazendo boas conversas sobre temas de interesse da comunidade\u201d, afirma a jornalista.<\/p>\n\n\n\n<p>O programa &#8216;Caf\u00e9 com Not\u00edcias&#8217; vai ao ar de segunda a sexta, sempre \u00e0s 9h pela TV Assembleia (canal aberto digital 9.2; Maxx TV, canal 17; e Sky, canal 309). A atra\u00e7\u00e3o integra a nova grade de programa\u00e7\u00e3o da emissora, que est\u00e1 cheia de novidades.<\/p>\n","protected":false},"excerpt":{"rendered":"<p>Atra\u00e7\u00e3o vai ao ar de segunda a sexta-feira, sempre \u00e0s 9h, pela TV Assembleia, com apresenta\u00e7\u00e3o da jornalista Elda Borges [&hellip;]<\/p>\n","protected":false},"author":0,"featured_media":0,"comment_status":"open","ping_status":"open","sticky":false,"template":"","format":"standard","meta":{"site-sidebar-layout":"default","site-content-layout":"","ast-site-content-layout":"default","site-content-style":"default","site-sidebar-style":"default","ast-global-header-display":"","ast-banner-title-visibility":"","ast-main-header-display":"","ast-hfb-above-header-display":"","ast-hfb-below-header-display":"","ast-hfb-mobile-header-display":"","site-post-title":"","ast-breadcrumbs-content":"","ast-featured-img":"","footer-sml-layout":"","ast-disable-related-posts":"","theme-transparent-header-meta":"","adv-header-id-meta":"","stick-header-meta":"","header-above-stick-meta":"","header-main-stick-meta":"","header-below-stick-meta":"","astra-migrate-meta-layouts":"default","ast-page-background-enabled":"default","ast-page-background-meta":{"desktop":{"background-color":"var(--ast-global-color-5)","background-image":"","background-repeat":"repeat","background-position":"center center","background-size":"auto","background-attachment":"scroll","background-type":"","background-media":"","overlay-type":"","overlay-color":"","overlay-opacity":"","overlay-gradient":""},"tablet":{"background-color":"","background-image":"","background-repeat":"repeat","background-position":"center center","background-size":"auto","background-attachment":"scroll","background-type":"","background-media":"","overlay-type":"","overlay-color":"","overlay-opacity":"","overlay-gradient":""},"mobile":{"background-color":"","background-image":"","background-repeat":"repeat","background-position":"center center","background-size":"auto","background-attachment":"scroll","background-type":"","background-media":"","overlay-type":"","overlay-color":"","overlay-opacity":"","overlay-gradient":""}},"ast-content-background-meta":{"desktop":{"background-color":"var(--ast-global-color-4)","background-image":"","background-repeat":"repeat","background-position":"center center","background-size":"auto","background-attachment":"scroll","background-type":"","background-media":"","overlay-type":"","overlay-color":"","overlay-opacity":"","overlay-gradient":""},"tablet":{"background-color":"var(--ast-global-color-4)","background-image":"","background-repeat":"repeat","background-position":"center center","background-size":"auto","background-attachment":"scroll","background-type":"","background-media":"","overlay-type":"","overlay-color":"","overlay-opacity":"","overlay-gradient":""},"mobile":{"background-color":"var(--ast-global-color-4)","background-image":"","background-repeat":"repeat","background-position":"center center","background-size":"auto","background-attachment":"scroll","background-type":"","background-media":"","overlay-type":"","overlay-color":"","overlay-opacity":"","overlay-gradient":""}},"footnotes":""},"categories":[1],"tags":[],"class_list":["post-107856","post","type-post","status-publish","format-standard","hentry","category-sem-categoria"],"yoast_head":"<!-- This site is optimized with the Yoast SEO plugin v26.6 - https:\/\/yoast.com\/wordpress\/plugins\/seo\/ -->\n<title>\u2018Caf\u00e9 com Not\u00edcias\u2019 - Rodrigo Lago \u00e9 o entrevistado do programa de estreia, nesta segunda-feira (3) - Daniel Matos<\/title>\n<meta name=\"robots\" content=\"index, follow, max-snippet:-1, max-image-preview:large, max-video-preview:-1\" \/>\n<link rel=\"canonical\" href=\"https:\/\/www.blogsoestado.com\/danielmatos\/cafe-com-noticias-rodrigo-lago-e-o-entrevistado-do-programa-de-estreia-nesta-segunda-feira-3\/\" \/>\n<meta property=\"og:locale\" content=\"pt_BR\" \/>\n<meta property=\"og:type\" content=\"article\" \/>\n<meta property=\"og:title\" content=\"\u2018Caf\u00e9 com Not\u00edcias\u2019 - Rodrigo Lago \u00e9 o entrevistado do programa de estreia, nesta segunda-feira (3) - Daniel Matos\" \/>\n<meta property=\"og:description\" content=\"Atra\u00e7\u00e3o vai ao ar de segunda a sexta-feira, sempre \u00e0s 9h, pela TV Assembleia, com apresenta\u00e7\u00e3o da jornalista Elda Borges [&hellip;]\" \/>\n<meta property=\"og:url\" content=\"https:\/\/www.blogsoestado.com\/danielmatos\/cafe-com-noticias-rodrigo-lago-e-o-entrevistado-do-programa-de-estreia-nesta-segunda-feira-3\/\" \/>\n<meta property=\"og:site_name\" content=\"Daniel Matos\" \/>\n<meta property=\"article:published_time\" content=\"2023-04-02T22:48:51+00:00\" \/>\n<meta property=\"og:image\" content=\"https:\/\/www.blogsoestado.com\/danielmatos\/files\/2023\/04\/413e80a8c5395963d56152a003d945cf-1.jpg\" \/>\n<meta name=\"twitter:card\" content=\"summary_large_image\" \/>\n<meta name=\"twitter:label1\" content=\"Est. tempo de leitura\" \/>\n\t<meta name=\"twitter:data1\" content=\"2 minutos\" \/>\n<script type=\"application\/ld+json\" class=\"yoast-schema-graph\">{\"@context\":\"https:\/\/schema.org\",\"@graph\":[{\"@type\":\"WebPage\",\"@id\":\"https:\/\/www.blogsoestado.com\/danielmatos\/cafe-com-noticias-rodrigo-lago-e-o-entrevistado-do-programa-de-estreia-nesta-segunda-feira-3\/\",\"url\":\"https:\/\/www.blogsoestado.com\/danielmatos\/cafe-com-noticias-rodrigo-lago-e-o-entrevistado-do-programa-de-estreia-nesta-segunda-feira-3\/\",\"name\":\"\u2018Caf\u00e9 com Not\u00edcias\u2019 - Rodrigo Lago \u00e9 o entrevistado do programa de estreia, nesta segunda-feira (3) - Daniel Matos\",\"isPartOf\":{\"@id\":\"https:\/\/www.blogsoestado.com\/danielmatos\/#website\"},\"primaryImageOfPage\":{\"@id\":\"https:\/\/www.blogsoestado.com\/danielmatos\/cafe-com-noticias-rodrigo-lago-e-o-entrevistado-do-programa-de-estreia-nesta-segunda-feira-3\/#primaryimage\"},\"image\":{\"@id\":\"https:\/\/www.blogsoestado.com\/danielmatos\/cafe-com-noticias-rodrigo-lago-e-o-entrevistado-do-programa-de-estreia-nesta-segunda-feira-3\/#primaryimage\"},\"thumbnailUrl\":\"https:\/\/www.blogsoestado.com\/danielmatos\/files\/2023\/04\/413e80a8c5395963d56152a003d945cf-1.jpg\",\"datePublished\":\"2023-04-02T22:48:51+00:00\",\"author\":{\"@id\":\"\"},\"breadcrumb\":{\"@id\":\"https:\/\/www.blogsoestado.com\/danielmatos\/cafe-com-noticias-rodrigo-lago-e-o-entrevistado-do-programa-de-estreia-nesta-segunda-feira-3\/#breadcrumb\"},\"inLanguage\":\"pt-BR\",\"potentialAction\":[{\"@type\":\"ReadAction\",\"target\":[\"https:\/\/www.blogsoestado.com\/danielmatos\/cafe-com-noticias-rodrigo-lago-e-o-entrevistado-do-programa-de-estreia-nesta-segunda-feira-3\/\"]}]},{\"@type\":\"ImageObject\",\"inLanguage\":\"pt-BR\",\"@id\":\"https:\/\/www.blogsoestado.com\/danielmatos\/cafe-com-noticias-rodrigo-lago-e-o-entrevistado-do-programa-de-estreia-nesta-segunda-feira-3\/#primaryimage\",\"url\":\"https:\/\/www.blogsoestado.com\/danielmatos\/files\/2023\/04\/413e80a8c5395963d56152a003d945cf-1.jpg\",\"contentUrl\":\"https:\/\/www.blogsoestado.com\/danielmatos\/files\/2023\/04\/413e80a8c5395963d56152a003d945cf-1.jpg\"},{\"@type\":\"BreadcrumbList\",\"@id\":\"https:\/\/www.blogsoestado.com\/danielmatos\/cafe-com-noticias-rodrigo-lago-e-o-entrevistado-do-programa-de-estreia-nesta-segunda-feira-3\/#breadcrumb\",\"itemListElement\":[{\"@type\":\"ListItem\",\"position\":1,\"name\":\"In\u00edcio\",\"item\":\"https:\/\/www.blogsoestado.com\/danielmatos\/\"},{\"@type\":\"ListItem\",\"position\":2,\"name\":\"\u2018Caf\u00e9 com Not\u00edcias\u2019 &#8211; Rodrigo Lago \u00e9 o entrevistado do programa de estreia, nesta segunda-feira (3)\"}]},{\"@type\":\"WebSite\",\"@id\":\"https:\/\/www.blogsoestado.com\/danielmatos\/#website\",\"url\":\"https:\/\/www.blogsoestado.com\/danielmatos\/\",\"name\":\"Daniel Matos\",\"description\":\"\",\"potentialAction\":[{\"@type\":\"SearchAction\",\"target\":{\"@type\":\"EntryPoint\",\"urlTemplate\":\"https:\/\/www.blogsoestado.com\/danielmatos\/?s={search_term_string}\"},\"query-input\":{\"@type\":\"PropertyValueSpecification\",\"valueRequired\":true,\"valueName\":\"search_term_string\"}}],\"inLanguage\":\"pt-BR\"}]}<\/script>\n<!-- \/ Yoast SEO plugin. -->","yoast_head_json":{"title":"\u2018Caf\u00e9 com Not\u00edcias\u2019 - Rodrigo Lago \u00e9 o entrevistado do programa de estreia, nesta segunda-feira (3) - Daniel Matos","robots":{"index":"index","follow":"follow","max-snippet":"max-snippet:-1","max-image-preview":"max-image-preview:large","max-video-preview":"max-video-preview:-1"},"canonical":"https:\/\/www.blogsoestado.com\/danielmatos\/cafe-com-noticias-rodrigo-lago-e-o-entrevistado-do-programa-de-estreia-nesta-segunda-feira-3\/","og_locale":"pt_BR","og_type":"article","og_title":"\u2018Caf\u00e9 com Not\u00edcias\u2019 - Rodrigo Lago \u00e9 o entrevistado do programa de estreia, nesta segunda-feira (3) - Daniel Matos","og_description":"Atra\u00e7\u00e3o vai ao ar de segunda a sexta-feira, sempre \u00e0s 9h, pela TV Assembleia, com apresenta\u00e7\u00e3o da jornalista Elda Borges [&hellip;]","og_url":"https:\/\/www.blogsoestado.com\/danielmatos\/cafe-com-noticias-rodrigo-lago-e-o-entrevistado-do-programa-de-estreia-nesta-segunda-feira-3\/","og_site_name":"Daniel Matos","article_published_time":"2023-04-02T22:48:51+00:00","og_image":[{"url":"https:\/\/www.blogsoestado.com\/danielmatos\/files\/2023\/04\/413e80a8c5395963d56152a003d945cf-1.jpg","type":"","width":"","height":""}],"twitter_card":"summary_large_image","twitter_misc":{"Est. tempo de leitura":"2 minutos"},"schema":{"@context":"https:\/\/schema.org","@graph":[{"@type":"WebPage","@id":"https:\/\/www.blogsoestado.com\/danielmatos\/cafe-com-noticias-rodrigo-lago-e-o-entrevistado-do-programa-de-estreia-nesta-segunda-feira-3\/","url":"https:\/\/www.blogsoestado.com\/danielmatos\/cafe-com-noticias-rodrigo-lago-e-o-entrevistado-do-programa-de-estreia-nesta-segunda-feira-3\/","name":"\u2018Caf\u00e9 com Not\u00edcias\u2019 - Rodrigo Lago \u00e9 o entrevistado do programa de estreia, nesta segunda-feira (3) - Daniel Matos","isPartOf":{"@id":"https:\/\/www.blogsoestado.com\/danielmatos\/#website"},"primaryImageOfPage":{"@id":"https:\/\/www.blogsoestado.com\/danielmatos\/cafe-com-noticias-rodrigo-lago-e-o-entrevistado-do-programa-de-estreia-nesta-segunda-feira-3\/#primaryimage"},"image":{"@id":"https:\/\/www.blogsoestado.com\/danielmatos\/cafe-com-noticias-rodrigo-lago-e-o-entrevistado-do-programa-de-estreia-nesta-segunda-feira-3\/#primaryimage"},"thumbnailUrl":"https:\/\/www.blogsoestado.com\/danielmatos\/files\/2023\/04\/413e80a8c5395963d56152a003d945cf-1.jpg","datePublished":"2023-04-02T22:48:51+00:00","author":{"@id":""},"breadcrumb":{"@id":"https:\/\/www.blogsoestado.com\/danielmatos\/cafe-com-noticias-rodrigo-lago-e-o-entrevistado-do-programa-de-estreia-nesta-segunda-feira-3\/#breadcrumb"},"inLanguage":"pt-BR","potentialAction":[{"@type":"ReadAction","target":["https:\/\/www.blogsoestado.com\/danielmatos\/cafe-com-noticias-rodrigo-lago-e-o-entrevistado-do-programa-de-estreia-nesta-segunda-feira-3\/"]}]},{"@type":"ImageObject","inLanguage":"pt-BR","@id":"https:\/\/www.blogsoestado.com\/danielmatos\/cafe-com-noticias-rodrigo-lago-e-o-entrevistado-do-programa-de-estreia-nesta-segunda-feira-3\/#primaryimage","url":"https:\/\/www.blogsoestado.com\/danielmatos\/files\/2023\/04\/413e80a8c5395963d56152a003d945cf-1.jpg","contentUrl":"https:\/\/www.blogsoestado.com\/danielmatos\/files\/2023\/04\/413e80a8c5395963d56152a003d945cf-1.jpg"},{"@type":"BreadcrumbList","@id":"https:\/\/www.blogsoestado.com\/danielmatos\/cafe-com-noticias-rodrigo-lago-e-o-entrevistado-do-programa-de-estreia-nesta-segunda-feira-3\/#breadcrumb","itemListElement":[{"@type":"ListItem","position":1,"name":"In\u00edcio","item":"https:\/\/www.blogsoestado.com\/danielmatos\/"},{"@type":"ListItem","position":2,"name":"\u2018Caf\u00e9 com Not\u00edcias\u2019 &#8211; Rodrigo Lago \u00e9 o entrevistado do programa de estreia, nesta segunda-feira (3)"}]},{"@type":"WebSite","@id":"https:\/\/www.blogsoestado.com\/danielmatos\/#website","url":"https:\/\/www.blogsoestado.com\/danielmatos\/","name":"Daniel Matos","description":"","potentialAction":[{"@type":"SearchAction","target":{"@type":"EntryPoint","urlTemplate":"https:\/\/www.blogsoestado.com\/danielmatos\/?s={search_term_string}"},"query-input":{"@type":"PropertyValueSpecification","valueRequired":true,"valueName":"search_term_string"}}],"inLanguage":"pt-BR"}]}},"jetpack_featured_media_url":"","_links":{"self":[{"href":"https:\/\/www.blogsoestado.com\/danielmatos\/wp-json\/wp\/v2\/posts\/107856","targetHints":{"allow":["GET"]}}],"collection":[{"href":"https:\/\/www.blogsoestado.com\/danielmatos\/wp-json\/wp\/v2\/posts"}],"about":[{"href":"https:\/\/www.blogsoestado.com\/danielmatos\/wp-json\/wp\/v2\/types\/post"}],"replies":[{"embeddable":true,"href":"https:\/\/www.blogsoestado.com\/danielmatos\/wp-json\/wp\/v2\/comments?post=107856"}],"version-history":[{"count":0,"href":"https:\/\/www.blogsoestado.com\/danielmatos\/wp-json\/wp\/v2\/posts\/107856\/revisions"}],"wp:attachment":[{"href":"https:\/\/www.blogsoestado.com\/danielmatos\/wp-json\/wp\/v2\/media?parent=107856"}],"wp:term":[{"taxonomy":"category","embeddable":true,"href":"https:\/\/www.blogsoestado.com\/danielmatos\/wp-json\/wp\/v2\/categories?post=107856"},{"taxonomy":"post_tag","embeddable":true,"href":"https:\/\/www.blogsoestado.com\/danielmatos\/wp-json\/wp\/v2\/tags?post=107856"}],"curies":[{"name":"wp","href":"https:\/\/api.w.org\/{rel}","templated":true}]}}