{"id":107864,"date":"2023-04-03T00:07:54","date_gmt":"2023-04-03T03:07:54","guid":{"rendered":"https:\/\/www.blogsoestado.com\/danielmatos\/?p=107864"},"modified":"2023-04-03T00:07:54","modified_gmt":"2023-04-03T03:07:54","slug":"rodrigo-lago-participa-de-caminhada-da-conscientizacao-do-autismo-na-avenida-litoranea","status":"publish","type":"post","link":"https:\/\/www.blogsoestado.com\/danielmatos\/rodrigo-lago-participa-de-caminhada-da-conscientizacao-do-autismo-na-avenida-litoranea\/","title":{"rendered":"Rodrigo Lago participa de \u2018Caminhada da Conscientiza\u00e7\u00e3o do Autismo\u2019, na Avenida Litor\u00e2nea"},"content":{"rendered":"\n<p><strong><span class=\"has-inline-color has-vivid-red-color\">Evento marcou o lan\u00e7amento da campanha \u2018Mais Informa\u00e7\u00e3o, Menos Preconceito\u2019 e ocorreu em celebra\u00e7\u00e3o ao Dia Mundial da Conscientiza\u00e7\u00e3o do Autismo<\/span><\/strong><\/p>\n\n\n\n<div class=\"wp-block-image\"><figure class=\"aligncenter size-large\"><a href=\"https:\/\/www.blogsoestado.com\/danielmatos\/files\/2023\/04\/Screenshot_20230403-0011232.png\"><img decoding=\"async\" src=\"https:\/\/www.blogsoestado.com\/danielmatos\/files\/2023\/04\/Screenshot_20230403-0011232.png\" alt=\"\" class=\"wp-image-107866\"\/><\/a><figcaption>Rodrigo Lago participou da caminhada, que reuniu familiares e amigos e percorreu trecho da Avenida Litor\u00e2nea (<strong>Fotos: <\/strong>Biaman Prado\/Ag\u00eancia Assembleia)<\/figcaption><\/figure><\/div>\n\n\n\n<p>O presidente em exerc\u00edcio da Assembleia Legislativa do Maranh\u00e3o, deputado Rodrigo Lago (PCdoB), participou, no final da tarde deste domingo (2), da \u2018Caminhada da Conscientiza\u00e7\u00e3o do Autismo\u2019, para marcar o lan\u00e7amento da campanha \u2018Mais Informa\u00e7\u00e3o, Menos Preconceito\u2019, na Avenida Litor\u00e2nea, em S\u00e3o Lu\u00eds, e em celebra\u00e7\u00e3o ao Dia Mundial da Conscientiza\u00e7\u00e3o do Autismo, institu\u00eddo pela ONU em 2007. O deputado estadual Neto Evangelista (Uni\u00e3o Brasil) tamb\u00e9m prestigiou o evento.<\/p>\n\n\n\n<p>Rodrigo Lago, que estava acompanhado da esposa, Rafaela Soares, disse que informa\u00e7\u00e3o correta, diagn\u00f3stico precoce e socializa\u00e7\u00e3o ajudam no combate ao preconceito,. Destacou, ainda, a import\u00e2ncia da campanha, realizada pela Associa\u00e7\u00e3o Maranhense dos Amigos dos Autistas (AMA-MA) e outras entidades. <\/p>\n\n\n\n<div class=\"wp-block-image\"><figure class=\"aligncenter size-large\"><a href=\"https:\/\/www.blogsoestado.com\/danielmatos\/files\/2023\/04\/Screenshot_20230403-0013092.png\"><img decoding=\"async\" src=\"https:\/\/www.blogsoestado.com\/danielmatos\/files\/2023\/04\/Screenshot_20230403-0013092.png\" alt=\"\" class=\"wp-image-107867\"\/><\/a><figcaption>Deputado Rodrigo Lago foi \u00e0 caminhada acompanhado da esposa, Rafaela Soares<\/figcaption><\/figure><\/div>\n\n\n\n<p>\u201c\u00c9 de grande import\u00e2ncia o trabalho realizado pela AMA buscando reduzir o preconceito contra os autistas, com mais inclus\u00e3o, respeito e compreens\u00e3o. Precisamos combater esse preconceito com mais informa\u00e7\u00e3o. \u00c9 preciso derrubar as principais barreiras enfrentadas pelos autistas em busca de inclus\u00e3o escolar e no mercado de trabalho\u201d, afirmou.<\/p>\n\n\n\n<p><strong>Grande participa\u00e7\u00e3o<\/strong><\/p>\n\n\n\n<p>Neto Evangelista ressaltou que a Alema j\u00e1 aprovou v\u00e1rias leis com essa tem\u00e1tica, como as derivadas de projetos de sua autoria, a exemplo da lei antifogos, que limita o barulho de fogos de artif\u00edcio, e a \u2018Sess\u00e3o Azul\u2019, que garante, no m\u00ednimo, mensalmente uma sess\u00e3o de cinema adaptado para pessoas com TEA, no Maranh\u00e3o.<\/p>\n\n\n\n<div class=\"wp-block-image\"><figure class=\"aligncenter size-large\"><a href=\"https:\/\/www.blogsoestado.com\/danielmatos\/files\/2023\/04\/Screenshot_20230403-0015422.png\"><img decoding=\"async\" src=\"https:\/\/www.blogsoestado.com\/danielmatos\/files\/2023\/04\/Screenshot_20230403-0015422.png\" alt=\"\" class=\"wp-image-107868\"\/><\/a><figcaption>Deputado Neto Evangelista cumprimentou participantes e destacou leis aprovadas na Alema<\/figcaption><\/figure><\/div>\n\n\n\n<p>\u201cPrecisamos enfrentar o preconceito justamente com mais informa\u00e7\u00e3o e oferecendo condi\u00e7\u00f5es m\u00ednimas para quem tem TEA\u201d, frisou.<\/p>\n\n\n\n<p>De acordo com a presidente da AMA, Telma Nascimento, o Transtorno do Espectro Autista (TEA) \u00e9 um dist\u00farbio do neurodesenvolvimento caracterizado por desenvolvimento at\u00edpico, manifesta\u00e7\u00f5es comportamentais, d\u00e9ficits na comunica\u00e7\u00e3o e na intera\u00e7\u00e3o social, padr\u00f5es de comportamentos repetitivos e estereotipados, podendo apresentar um repert\u00f3rio restrito de interesses e atividades. <\/p>\n\n\n\n<div class=\"wp-block-image\"><figure class=\"aligncenter size-large\"><a href=\"https:\/\/www.blogsoestado.com\/danielmatos\/files\/2023\/04\/Screenshot_20230403-0017392.png\"><img decoding=\"async\" src=\"https:\/\/www.blogsoestado.com\/danielmatos\/files\/2023\/04\/Screenshot_20230403-0017392.png\" alt=\"\" class=\"wp-image-107869\"\/><\/a><figcaption>Neto Evangelista em registro com participantes da caminhada<\/figcaption><\/figure><\/div>\n\n\n\n<p>Dezenas de pais, m\u00e3es e amigos foram prestigiar a caminhada, que percorreu um trecho do cal\u00e7ad\u00e3o da Avenida Litor\u00e2nea e, no final, contou com um show do cantor autista Augusto Neto.<\/p>\n\n\n\n<p>Presente, a dona de casa Macilena Cardoso, \u00e9 m\u00e3e de Wallentim, de tr\u00eas anos, que n\u00e3o se separava de um pintinho de brincadeira. \u201cSoube pelas redes sociais e h\u00e1 dias planejava trazer o Wallentim para passear tamb\u00e9m na Litor\u00e2nea. Muito obrigado aos organizadores por buscarem derrubar o muro do preconceito que ainda existe em torno do TEA\u201d, garantiu.<\/p>\n\n\n\n<div class=\"wp-block-image\"><figure class=\"aligncenter size-large\"><a href=\"https:\/\/www.blogsoestado.com\/danielmatos\/files\/2023\/04\/Screenshot_20230403-0019062.png\"><img decoding=\"async\" src=\"https:\/\/www.blogsoestado.com\/danielmatos\/files\/2023\/04\/Screenshot_20230403-0019062.png\" alt=\"\" class=\"wp-image-107870\"\/><\/a><figcaption>Dezenas de pais, m\u00e3es e amigos foram prestigiar a caminhada, na Avenida Litor\u00e2nea<\/figcaption><\/figure><\/div>\n\n\n\n<p>O deputado federal Duarte J\u00fanior (PSB) e representantes do Minist\u00e9rio P\u00fablico, da OAB-MA e da Defensoria P\u00fablica do Estado tamb\u00e9m participaram do evento.<\/p>\n","protected":false},"excerpt":{"rendered":"<p>Evento marcou o lan\u00e7amento da campanha \u2018Mais Informa\u00e7\u00e3o, Menos Preconceito\u2019 e ocorreu em celebra\u00e7\u00e3o ao Dia Mundial da Conscientiza\u00e7\u00e3o do [&hellip;]<\/p>\n","protected":false},"author":0,"featured_media":0,"comment_status":"open","ping_status":"open","sticky":false,"template":"","format":"standard","meta":{"site-sidebar-layout":"default","site-content-layout":"","ast-site-content-layout":"default","site-content-style":"default","site-sidebar-style":"default","ast-global-header-display":"","ast-banner-title-visibility":"","ast-main-header-display":"","ast-hfb-above-header-display":"","ast-hfb-below-header-display":"","ast-hfb-mobile-header-display":"","site-post-title":"","ast-breadcrumbs-content":"","ast-featured-img":"","footer-sml-layout":"","ast-disable-related-posts":"","theme-transparent-header-meta":"","adv-header-id-meta":"","stick-header-meta":"","header-above-stick-meta":"","header-main-stick-meta":"","header-below-stick-meta":"","astra-migrate-meta-layouts":"default","ast-page-background-enabled":"default","ast-page-background-meta":{"desktop":{"background-color":"var(--ast-global-color-5)","background-image":"","background-repeat":"repeat","background-position":"center center","background-size":"auto","background-attachment":"scroll","background-type":"","background-media":"","overlay-type":"","overlay-color":"","overlay-opacity":"","overlay-gradient":""},"tablet":{"background-color":"","background-image":"","background-repeat":"repeat","background-position":"center center","background-size":"auto","background-attachment":"scroll","background-type":"","background-media":"","overlay-type":"","overlay-color":"","overlay-opacity":"","overlay-gradient":""},"mobile":{"background-color":"","background-image":"","background-repeat":"repeat","background-position":"center center","background-size":"auto","background-attachment":"scroll","background-type":"","background-media":"","overlay-type":"","overlay-color":"","overlay-opacity":"","overlay-gradient":""}},"ast-content-background-meta":{"desktop":{"background-color":"var(--ast-global-color-4)","background-image":"","background-repeat":"repeat","background-position":"center center","background-size":"auto","background-attachment":"scroll","background-type":"","background-media":"","overlay-type":"","overlay-color":"","overlay-opacity":"","overlay-gradient":""},"tablet":{"background-color":"var(--ast-global-color-4)","background-image":"","background-repeat":"repeat","background-position":"center center","background-size":"auto","background-attachment":"scroll","background-type":"","background-media":"","overlay-type":"","overlay-color":"","overlay-opacity":"","overlay-gradient":""},"mobile":{"background-color":"var(--ast-global-color-4)","background-image":"","background-repeat":"repeat","background-position":"center center","background-size":"auto","background-attachment":"scroll","background-type":"","background-media":"","overlay-type":"","overlay-color":"","overlay-opacity":"","overlay-gradient":""}},"footnotes":""},"categories":[1],"tags":[],"class_list":["post-107864","post","type-post","status-publish","format-standard","hentry","category-sem-categoria"],"yoast_head":"<!-- This site is optimized with the Yoast SEO plugin v26.6 - https:\/\/yoast.com\/wordpress\/plugins\/seo\/ -->\n<title>Rodrigo Lago participa de \u2018Caminhada da Conscientiza\u00e7\u00e3o do Autismo\u2019, na Avenida Litor\u00e2nea - Daniel Matos<\/title>\n<meta name=\"robots\" content=\"index, follow, max-snippet:-1, max-image-preview:large, max-video-preview:-1\" \/>\n<link rel=\"canonical\" href=\"https:\/\/www.blogsoestado.com\/danielmatos\/rodrigo-lago-participa-de-caminhada-da-conscientizacao-do-autismo-na-avenida-litoranea\/\" \/>\n<meta property=\"og:locale\" content=\"pt_BR\" \/>\n<meta property=\"og:type\" content=\"article\" \/>\n<meta property=\"og:title\" content=\"Rodrigo Lago participa de \u2018Caminhada da Conscientiza\u00e7\u00e3o do Autismo\u2019, na Avenida Litor\u00e2nea - Daniel Matos\" \/>\n<meta property=\"og:description\" content=\"Evento marcou o lan\u00e7amento da campanha \u2018Mais Informa\u00e7\u00e3o, Menos Preconceito\u2019 e ocorreu em celebra\u00e7\u00e3o ao Dia Mundial da Conscientiza\u00e7\u00e3o do [&hellip;]\" \/>\n<meta property=\"og:url\" content=\"https:\/\/www.blogsoestado.com\/danielmatos\/rodrigo-lago-participa-de-caminhada-da-conscientizacao-do-autismo-na-avenida-litoranea\/\" \/>\n<meta property=\"og:site_name\" content=\"Daniel Matos\" \/>\n<meta property=\"article:published_time\" content=\"2023-04-03T03:07:54+00:00\" \/>\n<meta property=\"og:image\" content=\"https:\/\/www.blogsoestado.com\/danielmatos\/files\/2023\/04\/Screenshot_20230403-0011232.png\" \/>\n<meta name=\"twitter:card\" content=\"summary_large_image\" \/>\n<meta name=\"twitter:label1\" content=\"Est. tempo de leitura\" \/>\n\t<meta name=\"twitter:data1\" content=\"4 minutos\" \/>\n<script type=\"application\/ld+json\" class=\"yoast-schema-graph\">{\"@context\":\"https:\/\/schema.org\",\"@graph\":[{\"@type\":\"WebPage\",\"@id\":\"https:\/\/www.blogsoestado.com\/danielmatos\/rodrigo-lago-participa-de-caminhada-da-conscientizacao-do-autismo-na-avenida-litoranea\/\",\"url\":\"https:\/\/www.blogsoestado.com\/danielmatos\/rodrigo-lago-participa-de-caminhada-da-conscientizacao-do-autismo-na-avenida-litoranea\/\",\"name\":\"Rodrigo Lago participa de \u2018Caminhada da Conscientiza\u00e7\u00e3o do Autismo\u2019, na Avenida Litor\u00e2nea - Daniel Matos\",\"isPartOf\":{\"@id\":\"https:\/\/www.blogsoestado.com\/danielmatos\/#website\"},\"primaryImageOfPage\":{\"@id\":\"https:\/\/www.blogsoestado.com\/danielmatos\/rodrigo-lago-participa-de-caminhada-da-conscientizacao-do-autismo-na-avenida-litoranea\/#primaryimage\"},\"image\":{\"@id\":\"https:\/\/www.blogsoestado.com\/danielmatos\/rodrigo-lago-participa-de-caminhada-da-conscientizacao-do-autismo-na-avenida-litoranea\/#primaryimage\"},\"thumbnailUrl\":\"https:\/\/www.blogsoestado.com\/danielmatos\/files\/2023\/04\/Screenshot_20230403-0011232.png\",\"datePublished\":\"2023-04-03T03:07:54+00:00\",\"author\":{\"@id\":\"\"},\"breadcrumb\":{\"@id\":\"https:\/\/www.blogsoestado.com\/danielmatos\/rodrigo-lago-participa-de-caminhada-da-conscientizacao-do-autismo-na-avenida-litoranea\/#breadcrumb\"},\"inLanguage\":\"pt-BR\",\"potentialAction\":[{\"@type\":\"ReadAction\",\"target\":[\"https:\/\/www.blogsoestado.com\/danielmatos\/rodrigo-lago-participa-de-caminhada-da-conscientizacao-do-autismo-na-avenida-litoranea\/\"]}]},{\"@type\":\"ImageObject\",\"inLanguage\":\"pt-BR\",\"@id\":\"https:\/\/www.blogsoestado.com\/danielmatos\/rodrigo-lago-participa-de-caminhada-da-conscientizacao-do-autismo-na-avenida-litoranea\/#primaryimage\",\"url\":\"https:\/\/www.blogsoestado.com\/danielmatos\/files\/2023\/04\/Screenshot_20230403-0011232.png\",\"contentUrl\":\"https:\/\/www.blogsoestado.com\/danielmatos\/files\/2023\/04\/Screenshot_20230403-0011232.png\"},{\"@type\":\"BreadcrumbList\",\"@id\":\"https:\/\/www.blogsoestado.com\/danielmatos\/rodrigo-lago-participa-de-caminhada-da-conscientizacao-do-autismo-na-avenida-litoranea\/#breadcrumb\",\"itemListElement\":[{\"@type\":\"ListItem\",\"position\":1,\"name\":\"In\u00edcio\",\"item\":\"https:\/\/www.blogsoestado.com\/danielmatos\/\"},{\"@type\":\"ListItem\",\"position\":2,\"name\":\"Rodrigo Lago participa de \u2018Caminhada da Conscientiza\u00e7\u00e3o do Autismo\u2019, na Avenida Litor\u00e2nea\"}]},{\"@type\":\"WebSite\",\"@id\":\"https:\/\/www.blogsoestado.com\/danielmatos\/#website\",\"url\":\"https:\/\/www.blogsoestado.com\/danielmatos\/\",\"name\":\"Daniel Matos\",\"description\":\"\",\"potentialAction\":[{\"@type\":\"SearchAction\",\"target\":{\"@type\":\"EntryPoint\",\"urlTemplate\":\"https:\/\/www.blogsoestado.com\/danielmatos\/?s={search_term_string}\"},\"query-input\":{\"@type\":\"PropertyValueSpecification\",\"valueRequired\":true,\"valueName\":\"search_term_string\"}}],\"inLanguage\":\"pt-BR\"}]}<\/script>\n<!-- \/ Yoast SEO plugin. -->","yoast_head_json":{"title":"Rodrigo Lago participa de \u2018Caminhada da Conscientiza\u00e7\u00e3o do Autismo\u2019, na Avenida Litor\u00e2nea - Daniel Matos","robots":{"index":"index","follow":"follow","max-snippet":"max-snippet:-1","max-image-preview":"max-image-preview:large","max-video-preview":"max-video-preview:-1"},"canonical":"https:\/\/www.blogsoestado.com\/danielmatos\/rodrigo-lago-participa-de-caminhada-da-conscientizacao-do-autismo-na-avenida-litoranea\/","og_locale":"pt_BR","og_type":"article","og_title":"Rodrigo Lago participa de \u2018Caminhada da Conscientiza\u00e7\u00e3o do Autismo\u2019, na Avenida Litor\u00e2nea - Daniel Matos","og_description":"Evento marcou o lan\u00e7amento da campanha \u2018Mais Informa\u00e7\u00e3o, Menos Preconceito\u2019 e ocorreu em celebra\u00e7\u00e3o ao Dia Mundial da Conscientiza\u00e7\u00e3o do [&hellip;]","og_url":"https:\/\/www.blogsoestado.com\/danielmatos\/rodrigo-lago-participa-de-caminhada-da-conscientizacao-do-autismo-na-avenida-litoranea\/","og_site_name":"Daniel Matos","article_published_time":"2023-04-03T03:07:54+00:00","og_image":[{"url":"https:\/\/www.blogsoestado.com\/danielmatos\/files\/2023\/04\/Screenshot_20230403-0011232.png","type":"","width":"","height":""}],"twitter_card":"summary_large_image","twitter_misc":{"Est. tempo de leitura":"4 minutos"},"schema":{"@context":"https:\/\/schema.org","@graph":[{"@type":"WebPage","@id":"https:\/\/www.blogsoestado.com\/danielmatos\/rodrigo-lago-participa-de-caminhada-da-conscientizacao-do-autismo-na-avenida-litoranea\/","url":"https:\/\/www.blogsoestado.com\/danielmatos\/rodrigo-lago-participa-de-caminhada-da-conscientizacao-do-autismo-na-avenida-litoranea\/","name":"Rodrigo Lago participa de \u2018Caminhada da Conscientiza\u00e7\u00e3o do Autismo\u2019, na Avenida Litor\u00e2nea - Daniel Matos","isPartOf":{"@id":"https:\/\/www.blogsoestado.com\/danielmatos\/#website"},"primaryImageOfPage":{"@id":"https:\/\/www.blogsoestado.com\/danielmatos\/rodrigo-lago-participa-de-caminhada-da-conscientizacao-do-autismo-na-avenida-litoranea\/#primaryimage"},"image":{"@id":"https:\/\/www.blogsoestado.com\/danielmatos\/rodrigo-lago-participa-de-caminhada-da-conscientizacao-do-autismo-na-avenida-litoranea\/#primaryimage"},"thumbnailUrl":"https:\/\/www.blogsoestado.com\/danielmatos\/files\/2023\/04\/Screenshot_20230403-0011232.png","datePublished":"2023-04-03T03:07:54+00:00","author":{"@id":""},"breadcrumb":{"@id":"https:\/\/www.blogsoestado.com\/danielmatos\/rodrigo-lago-participa-de-caminhada-da-conscientizacao-do-autismo-na-avenida-litoranea\/#breadcrumb"},"inLanguage":"pt-BR","potentialAction":[{"@type":"ReadAction","target":["https:\/\/www.blogsoestado.com\/danielmatos\/rodrigo-lago-participa-de-caminhada-da-conscientizacao-do-autismo-na-avenida-litoranea\/"]}]},{"@type":"ImageObject","inLanguage":"pt-BR","@id":"https:\/\/www.blogsoestado.com\/danielmatos\/rodrigo-lago-participa-de-caminhada-da-conscientizacao-do-autismo-na-avenida-litoranea\/#primaryimage","url":"https:\/\/www.blogsoestado.com\/danielmatos\/files\/2023\/04\/Screenshot_20230403-0011232.png","contentUrl":"https:\/\/www.blogsoestado.com\/danielmatos\/files\/2023\/04\/Screenshot_20230403-0011232.png"},{"@type":"BreadcrumbList","@id":"https:\/\/www.blogsoestado.com\/danielmatos\/rodrigo-lago-participa-de-caminhada-da-conscientizacao-do-autismo-na-avenida-litoranea\/#breadcrumb","itemListElement":[{"@type":"ListItem","position":1,"name":"In\u00edcio","item":"https:\/\/www.blogsoestado.com\/danielmatos\/"},{"@type":"ListItem","position":2,"name":"Rodrigo Lago participa de \u2018Caminhada da Conscientiza\u00e7\u00e3o do Autismo\u2019, na Avenida Litor\u00e2nea"}]},{"@type":"WebSite","@id":"https:\/\/www.blogsoestado.com\/danielmatos\/#website","url":"https:\/\/www.blogsoestado.com\/danielmatos\/","name":"Daniel Matos","description":"","potentialAction":[{"@type":"SearchAction","target":{"@type":"EntryPoint","urlTemplate":"https:\/\/www.blogsoestado.com\/danielmatos\/?s={search_term_string}"},"query-input":{"@type":"PropertyValueSpecification","valueRequired":true,"valueName":"search_term_string"}}],"inLanguage":"pt-BR"}]}},"jetpack_featured_media_url":"","_links":{"self":[{"href":"https:\/\/www.blogsoestado.com\/danielmatos\/wp-json\/wp\/v2\/posts\/107864","targetHints":{"allow":["GET"]}}],"collection":[{"href":"https:\/\/www.blogsoestado.com\/danielmatos\/wp-json\/wp\/v2\/posts"}],"about":[{"href":"https:\/\/www.blogsoestado.com\/danielmatos\/wp-json\/wp\/v2\/types\/post"}],"replies":[{"embeddable":true,"href":"https:\/\/www.blogsoestado.com\/danielmatos\/wp-json\/wp\/v2\/comments?post=107864"}],"version-history":[{"count":0,"href":"https:\/\/www.blogsoestado.com\/danielmatos\/wp-json\/wp\/v2\/posts\/107864\/revisions"}],"wp:attachment":[{"href":"https:\/\/www.blogsoestado.com\/danielmatos\/wp-json\/wp\/v2\/media?parent=107864"}],"wp:term":[{"taxonomy":"category","embeddable":true,"href":"https:\/\/www.blogsoestado.com\/danielmatos\/wp-json\/wp\/v2\/categories?post=107864"},{"taxonomy":"post_tag","embeddable":true,"href":"https:\/\/www.blogsoestado.com\/danielmatos\/wp-json\/wp\/v2\/tags?post=107864"}],"curies":[{"name":"wp","href":"https:\/\/api.w.org\/{rel}","templated":true}]}}