{"id":107886,"date":"2023-04-03T15:16:03","date_gmt":"2023-04-03T18:16:03","guid":{"rendered":"https:\/\/www.blogsoestado.com\/danielmatos\/?p=107886"},"modified":"2023-04-03T15:16:03","modified_gmt":"2023-04-03T18:16:03","slug":"vereador-marlon-botao-coordena-audiencia-publica-para-discutir-qualidade-da-agua-na-area-itaqui-bacanga","status":"publish","type":"post","link":"https:\/\/www.blogsoestado.com\/danielmatos\/vereador-marlon-botao-coordena-audiencia-publica-para-discutir-qualidade-da-agua-na-area-itaqui-bacanga\/","title":{"rendered":"Vereador Marlon Bot\u00e3o coordena audi\u00eancia p\u00fablica para discutir qualidade da \u00e1gua na \u00e1rea Itaqui-Bacanga"},"content":{"rendered":"\n<p><em><strong><span class=\"has-inline-color has-vivid-red-color\">O parlamentar conduziu as discuss\u00f5es por ser o autor da iniciativa, que atendeu proposta da popula\u00e7\u00e3o que convive com a situa\u00e7\u00e3o na regi\u00e3o<\/span><\/strong><\/em><\/p>\n\n\n\n<div class=\"wp-block-image\"><figure class=\"aligncenter size-large\"><a href=\"https:\/\/www.blogsoestado.com\/danielmatos\/files\/2023\/04\/Screenshot_20230403-1509032.png\"><img decoding=\"async\" src=\"https:\/\/www.blogsoestado.com\/danielmatos\/files\/2023\/04\/Screenshot_20230403-1509032.png\" alt=\"\" class=\"wp-image-107887\"\/><\/a><figcaption>Marlon Bot\u00e3o alertou que a regi\u00e3o, sobretudo os bairros Gapara, Nova Gapara, Argola e Tambor e Lu\u00eds Bacelar, al\u00e9m de sofrerem com a escassez de \u00e1gua, sofrem mais recentemente com a qualidade da mesma, que, quando chega, n\u00e3o \u00e9 pr\u00f3pria para o consumo.<\/figcaption><\/figure><\/div>\n\n\n\n<p>A C\u00e2mara Municipal de S\u00e3o Lu\u00eds (CMSL) realizou, na tarde dessa sexta-feira (31), na U.E.B. Jo\u00e3o do Vale, no povoado Argola e Tambor, no bairro do Gapara, uma audi\u00eancia p\u00fablica para debater as condi\u00e7\u00f5es e qualidade do abastecimento de \u00e1gua da \u00e1rea Itaqui-Bacanga. O vereador Marlon Bot\u00e3o (PSB) coordenou o evento por ser o autor da iniciativa, que atendeu proposta da popula\u00e7\u00e3o que convive com a situa\u00e7\u00e3o na regi\u00e3o.<\/p>\n\n\n\n<p>Compuseram a mesa de debate a vereadora Karla Sarney (PSD); o diretor de Engenharia e Meio Ambiente, Carlos Rog\u00e9rio Santos Ara\u00fajo, que representou no ato o presidente da Companhia de Saneamento Ambiental do Maranh\u00e3o (Caema), Marcos Aur\u00e9lio Alves Freitas; o presidente da Associa\u00e7\u00e3o Comunit\u00e1ria Itaqui Bacanga (ACIB), River Souza; e a coordenadora da Uni\u00e3o de Moradores Argola e Tambor, Maria Olinda Alves de Sousa.<\/p>\n\n\n\n<p>Al\u00e9m disso, tamb\u00e9m participaram o deputado Fernando Braide (PSD), que representou no ato a Assembleia Legislativa do Maranh\u00e3o (Alema); a gerente de Rela\u00e7\u00f5es Institucionais da Vale Maranh\u00e3o, Giselly Pinto; o professor Josias Lima, engenheiro civil especializado em saneamento b\u00e1sico e mestrando pela Uema; a dona Meirinha, representando o Clube de M\u00e3es \u2013 respons\u00e1vel pelo po\u00e7o 1; e Alcir Brand\u00e3o, representante da comunidade Lu\u00eds Bacelar.<\/p>\n\n\n\n<p>\u201cA regi\u00e3o, sobretudo, Gapara, Nova Gapara, Argola e Tambor e Lu\u00eds Bacelar, al\u00e9m de sofrerem com a escassez de \u00e1gua, sofrem mais recentemente com a qualidade da mesma, que, quando chega, n\u00e3o \u00e9 pr\u00f3pria para o consumo. Em raz\u00e3o disso, estamos realizando essa audi\u00eancia p\u00fablica para debater sobre a situa\u00e7\u00e3o que vem sendo comunicada pela popula\u00e7\u00e3o\u201d, esclareceu Marlon Bot\u00e3o.<\/p>\n\n\n\n<div class=\"wp-block-image\"><figure class=\"aligncenter size-large\"><a href=\"https:\/\/www.blogsoestado.com\/danielmatos\/files\/2023\/04\/Screenshot_20230403-1512472.png\"><img decoding=\"async\" src=\"https:\/\/www.blogsoestado.com\/danielmatos\/files\/2023\/04\/Screenshot_20230403-1512472.png\" alt=\"\" class=\"wp-image-107888\"\/><\/a><figcaption>Marlon Bot\u00e3o dialogou com representantes da comunidade sobre os encaminhamentos que a C\u00e2mara Municipal de S\u00e3o Lu\u00eds dar\u00e1 para solucionar o problema<\/figcaption><\/figure><\/div>\n\n\n\n<p>Na ocasi\u00e3o, Karla Sarney destacou a import\u00e2ncia do colega de plen\u00e1rio em propor o debate para contribuir na media\u00e7\u00e3o da resolu\u00e7\u00e3o do problema. \u201cTendo em vista que a \u00e1gua \u00e9 um bem necess\u00e1rio a todos os seres vivos, nada mais justo que todos n\u00f3s discutamos a melhor forma de garantir o acesso a esse bem essencial \u00e0 vida. Precisamos trabalhar em prol do interesse p\u00fablico e resolver as demandas que s\u00e3o direcionadas \u00e0 C\u00e2mara\u201d, declarou Karla.<\/p>\n\n\n\n<p>Segundo o deputado Fernando Braide, o debate sobre a qualidade da \u00e1gua \u00e9 muito pertinente e de fundamental import\u00e2ncia. \u201cEstamos aqui n\u00e3o com o objetivo de ficar distribuindo penalidades, mas corrigir as pend\u00eancias. Todos os representantes dos \u00f3rg\u00e3os e entidades que est\u00e3o aqui caminham nesse sentido. Por isso o debate sobre a qualidade da \u00e1gua \u00e9 muito pertinente e de fundamental import\u00e2ncia. Estaremos na Assembleia lutando para contribuir com uma resolu\u00e7\u00e3o poss\u00edvel do problema\u201d, assinalou.<\/p>\n\n\n\n<p><strong>\u201cCaminho \u00e9 o di\u00e1logo\u201d<\/strong><\/p>\n\n\n\n<p>O presidente da Associa\u00e7\u00e3o Comunit\u00e1ria Itaqui Bacanga (ACIB), River Souza, enfatizou que o problema com a qualidade da \u00e1gua tamb\u00e9m afeta diversos bairros da regi\u00e3o e parabenizou o vereador Marlon Bot\u00e3o em propor a discuss\u00e3o para buscar uma sa\u00edda poss\u00edvel. \u201cAcredito que o caminho \u00e9 o di\u00e1logo com todos: Prefeitura, Governo e Vale\u201d, afirmou.<\/p>\n\n\n\n<p>Lideran\u00e7a comunit\u00e1ria do Itaqui-Bacanga, Sebasti\u00e3o Santos, falou que a falta de \u00e1gua \u00e9 um problema constante em toda a regi\u00e3o. \u201c\u00c9 uma quest\u00e3o que atinge muitos bairros desta \u00e1rea da cidade\u201d, salientou. Para ele, a solu\u00e7\u00e3o passa pela uni\u00e3o de todos os setores envolvidos.<\/p>\n\n\n\n<div class=\"wp-block-image\"><figure class=\"aligncenter size-large\"><a href=\"https:\/\/www.blogsoestado.com\/danielmatos\/files\/2023\/04\/Screenshot_20230403-1512152.png\"><img decoding=\"async\" src=\"https:\/\/www.blogsoestado.com\/danielmatos\/files\/2023\/04\/Screenshot_20230403-1512152.png\" alt=\"\" class=\"wp-image-107889\"\/><\/a><figcaption>Popula\u00e7\u00e3o compareceu em grande n\u00famero \u00e0 audi\u00eancia p\u00fablica para refor\u00e7ar o apelo \u00e0s autoridades<\/figcaption><\/figure><\/div>\n\n\n\n<p><strong>Os encaminhamentos<\/strong><\/p>\n\n\n\n<p>O diretor de Engenharia e Meio Ambiente da Caema, Carlos Rog\u00e9rio Ara\u00fajo, ponderou que a empresa j\u00e1 tem conhecimento da situa\u00e7\u00e3o e afirmou que j\u00e1 existe um planejamento para buscar uma solu\u00e7\u00e3o. \u201cO governador Carlos Brand\u00e3o j\u00e1 determinou todas as medidas necess\u00e1rias para resolver esse problema\u201d, revelou.<\/p>\n\n\n\n<p>Ao final da reuni\u00e3o, Marlon Bot\u00e3o deliberou que realizaria uma reuni\u00e3o para deliberar sobre os encaminhamento apontados no encontro. \u201cOuvimos todas as demandas e precisamos sentar para colocar no papel e lutar para que algumas destas sugest\u00f5es sejam efetivadas\u201d, argumentou.<\/p>\n\n\n\n<p><strong>Italu\u00eds abastece a regi\u00e3o<\/strong><\/p>\n\n\n\n<p>S\u00e3o Lu\u00eds \u00e9 abastecida por tr\u00eas sistemas interligados: Italu\u00eds, Sacav\u00e9m\/Batat\u00e3 e Paci\u00eancia, al\u00e9m de Esta\u00e7\u00f5es de Tratamento de \u00c1gua Convencional (Italu\u00eds e Sacav\u00e9m), duas Esta\u00e7\u00f5es de Tratamento de \u00c1gua com Fluxo Ascendente (Paci\u00eancia I e II) e 285 po\u00e7os tubulares profundos.<\/p>\n\n\n\n<p>O Italu\u00eds \u00e9 o sistema que fornece \u00e1gua para grande parte da capital maranhense, cerca de 60% da cidade. Ele faz a capta\u00e7\u00e3o do Rio Itapecuru, nas proximidades de Ros\u00e1rio, e, por meio de tubula\u00e7\u00e3o, traz a \u00e1gua at\u00e9 a capital. O sistema \u00e9 respons\u00e1vel pelo abastecimento da \u00e1rea do Itaqui Bacanga.<\/p>\n","protected":false},"excerpt":{"rendered":"<p>O parlamentar conduziu as discuss\u00f5es por ser o autor da iniciativa, que atendeu proposta da popula\u00e7\u00e3o que convive com a [&hellip;]<\/p>\n","protected":false},"author":0,"featured_media":0,"comment_status":"open","ping_status":"open","sticky":false,"template":"","format":"standard","meta":{"site-sidebar-layout":"default","site-content-layout":"","ast-site-content-layout":"default","site-content-style":"default","site-sidebar-style":"default","ast-global-header-display":"","ast-banner-title-visibility":"","ast-main-header-display":"","ast-hfb-above-header-display":"","ast-hfb-below-header-display":"","ast-hfb-mobile-header-display":"","site-post-title":"","ast-breadcrumbs-content":"","ast-featured-img":"","footer-sml-layout":"","ast-disable-related-posts":"","theme-transparent-header-meta":"","adv-header-id-meta":"","stick-header-meta":"","header-above-stick-meta":"","header-main-stick-meta":"","header-below-stick-meta":"","astra-migrate-meta-layouts":"default","ast-page-background-enabled":"default","ast-page-background-meta":{"desktop":{"background-color":"var(--ast-global-color-5)","background-image":"","background-repeat":"repeat","background-position":"center center","background-size":"auto","background-attachment":"scroll","background-type":"","background-media":"","overlay-type":"","overlay-color":"","overlay-opacity":"","overlay-gradient":""},"tablet":{"background-color":"","background-image":"","background-repeat":"repeat","background-position":"center center","background-size":"auto","background-attachment":"scroll","background-type":"","background-media":"","overlay-type":"","overlay-color":"","overlay-opacity":"","overlay-gradient":""},"mobile":{"background-color":"","background-image":"","background-repeat":"repeat","background-position":"center center","background-size":"auto","background-attachment":"scroll","background-type":"","background-media":"","overlay-type":"","overlay-color":"","overlay-opacity":"","overlay-gradient":""}},"ast-content-background-meta":{"desktop":{"background-color":"var(--ast-global-color-4)","background-image":"","background-repeat":"repeat","background-position":"center center","background-size":"auto","background-attachment":"scroll","background-type":"","background-media":"","overlay-type":"","overlay-color":"","overlay-opacity":"","overlay-gradient":""},"tablet":{"background-color":"var(--ast-global-color-4)","background-image":"","background-repeat":"repeat","background-position":"center center","background-size":"auto","background-attachment":"scroll","background-type":"","background-media":"","overlay-type":"","overlay-color":"","overlay-opacity":"","overlay-gradient":""},"mobile":{"background-color":"var(--ast-global-color-4)","background-image":"","background-repeat":"repeat","background-position":"center center","background-size":"auto","background-attachment":"scroll","background-type":"","background-media":"","overlay-type":"","overlay-color":"","overlay-opacity":"","overlay-gradient":""}},"footnotes":""},"categories":[1],"tags":[],"class_list":["post-107886","post","type-post","status-publish","format-standard","hentry","category-sem-categoria"],"yoast_head":"<!-- This site is optimized with the Yoast SEO plugin v26.6 - https:\/\/yoast.com\/wordpress\/plugins\/seo\/ -->\n<title>Vereador Marlon Bot\u00e3o coordena audi\u00eancia p\u00fablica para discutir qualidade da \u00e1gua na \u00e1rea Itaqui-Bacanga - Daniel Matos<\/title>\n<meta name=\"robots\" content=\"index, follow, max-snippet:-1, max-image-preview:large, max-video-preview:-1\" \/>\n<link rel=\"canonical\" href=\"https:\/\/www.blogsoestado.com\/danielmatos\/vereador-marlon-botao-coordena-audiencia-publica-para-discutir-qualidade-da-agua-na-area-itaqui-bacanga\/\" \/>\n<meta property=\"og:locale\" content=\"pt_BR\" \/>\n<meta property=\"og:type\" content=\"article\" \/>\n<meta property=\"og:title\" content=\"Vereador Marlon Bot\u00e3o coordena audi\u00eancia p\u00fablica para discutir qualidade da \u00e1gua na \u00e1rea Itaqui-Bacanga - Daniel Matos\" \/>\n<meta property=\"og:description\" content=\"O parlamentar conduziu as discuss\u00f5es por ser o autor da iniciativa, que atendeu proposta da popula\u00e7\u00e3o que convive com a [&hellip;]\" \/>\n<meta property=\"og:url\" content=\"https:\/\/www.blogsoestado.com\/danielmatos\/vereador-marlon-botao-coordena-audiencia-publica-para-discutir-qualidade-da-agua-na-area-itaqui-bacanga\/\" \/>\n<meta property=\"og:site_name\" content=\"Daniel Matos\" \/>\n<meta property=\"article:published_time\" content=\"2023-04-03T18:16:03+00:00\" \/>\n<meta property=\"og:image\" content=\"https:\/\/www.blogsoestado.com\/danielmatos\/files\/2023\/04\/Screenshot_20230403-1509032.png\" \/>\n<meta name=\"twitter:card\" content=\"summary_large_image\" \/>\n<meta name=\"twitter:label1\" content=\"Est. tempo de leitura\" \/>\n\t<meta name=\"twitter:data1\" content=\"5 minutos\" \/>\n<script type=\"application\/ld+json\" class=\"yoast-schema-graph\">{\"@context\":\"https:\/\/schema.org\",\"@graph\":[{\"@type\":\"WebPage\",\"@id\":\"https:\/\/www.blogsoestado.com\/danielmatos\/vereador-marlon-botao-coordena-audiencia-publica-para-discutir-qualidade-da-agua-na-area-itaqui-bacanga\/\",\"url\":\"https:\/\/www.blogsoestado.com\/danielmatos\/vereador-marlon-botao-coordena-audiencia-publica-para-discutir-qualidade-da-agua-na-area-itaqui-bacanga\/\",\"name\":\"Vereador Marlon Bot\u00e3o coordena audi\u00eancia p\u00fablica para discutir qualidade da \u00e1gua na \u00e1rea Itaqui-Bacanga - Daniel Matos\",\"isPartOf\":{\"@id\":\"https:\/\/www.blogsoestado.com\/danielmatos\/#website\"},\"primaryImageOfPage\":{\"@id\":\"https:\/\/www.blogsoestado.com\/danielmatos\/vereador-marlon-botao-coordena-audiencia-publica-para-discutir-qualidade-da-agua-na-area-itaqui-bacanga\/#primaryimage\"},\"image\":{\"@id\":\"https:\/\/www.blogsoestado.com\/danielmatos\/vereador-marlon-botao-coordena-audiencia-publica-para-discutir-qualidade-da-agua-na-area-itaqui-bacanga\/#primaryimage\"},\"thumbnailUrl\":\"https:\/\/www.blogsoestado.com\/danielmatos\/files\/2023\/04\/Screenshot_20230403-1509032.png\",\"datePublished\":\"2023-04-03T18:16:03+00:00\",\"author\":{\"@id\":\"\"},\"breadcrumb\":{\"@id\":\"https:\/\/www.blogsoestado.com\/danielmatos\/vereador-marlon-botao-coordena-audiencia-publica-para-discutir-qualidade-da-agua-na-area-itaqui-bacanga\/#breadcrumb\"},\"inLanguage\":\"pt-BR\",\"potentialAction\":[{\"@type\":\"ReadAction\",\"target\":[\"https:\/\/www.blogsoestado.com\/danielmatos\/vereador-marlon-botao-coordena-audiencia-publica-para-discutir-qualidade-da-agua-na-area-itaqui-bacanga\/\"]}]},{\"@type\":\"ImageObject\",\"inLanguage\":\"pt-BR\",\"@id\":\"https:\/\/www.blogsoestado.com\/danielmatos\/vereador-marlon-botao-coordena-audiencia-publica-para-discutir-qualidade-da-agua-na-area-itaqui-bacanga\/#primaryimage\",\"url\":\"https:\/\/www.blogsoestado.com\/danielmatos\/files\/2023\/04\/Screenshot_20230403-1509032.png\",\"contentUrl\":\"https:\/\/www.blogsoestado.com\/danielmatos\/files\/2023\/04\/Screenshot_20230403-1509032.png\"},{\"@type\":\"BreadcrumbList\",\"@id\":\"https:\/\/www.blogsoestado.com\/danielmatos\/vereador-marlon-botao-coordena-audiencia-publica-para-discutir-qualidade-da-agua-na-area-itaqui-bacanga\/#breadcrumb\",\"itemListElement\":[{\"@type\":\"ListItem\",\"position\":1,\"name\":\"In\u00edcio\",\"item\":\"https:\/\/www.blogsoestado.com\/danielmatos\/\"},{\"@type\":\"ListItem\",\"position\":2,\"name\":\"Vereador Marlon Bot\u00e3o coordena audi\u00eancia p\u00fablica para discutir qualidade da \u00e1gua na \u00e1rea Itaqui-Bacanga\"}]},{\"@type\":\"WebSite\",\"@id\":\"https:\/\/www.blogsoestado.com\/danielmatos\/#website\",\"url\":\"https:\/\/www.blogsoestado.com\/danielmatos\/\",\"name\":\"Daniel Matos\",\"description\":\"\",\"potentialAction\":[{\"@type\":\"SearchAction\",\"target\":{\"@type\":\"EntryPoint\",\"urlTemplate\":\"https:\/\/www.blogsoestado.com\/danielmatos\/?s={search_term_string}\"},\"query-input\":{\"@type\":\"PropertyValueSpecification\",\"valueRequired\":true,\"valueName\":\"search_term_string\"}}],\"inLanguage\":\"pt-BR\"}]}<\/script>\n<!-- \/ Yoast SEO plugin. -->","yoast_head_json":{"title":"Vereador Marlon Bot\u00e3o coordena audi\u00eancia p\u00fablica para discutir qualidade da \u00e1gua na \u00e1rea Itaqui-Bacanga - Daniel Matos","robots":{"index":"index","follow":"follow","max-snippet":"max-snippet:-1","max-image-preview":"max-image-preview:large","max-video-preview":"max-video-preview:-1"},"canonical":"https:\/\/www.blogsoestado.com\/danielmatos\/vereador-marlon-botao-coordena-audiencia-publica-para-discutir-qualidade-da-agua-na-area-itaqui-bacanga\/","og_locale":"pt_BR","og_type":"article","og_title":"Vereador Marlon Bot\u00e3o coordena audi\u00eancia p\u00fablica para discutir qualidade da \u00e1gua na \u00e1rea Itaqui-Bacanga - Daniel Matos","og_description":"O parlamentar conduziu as discuss\u00f5es por ser o autor da iniciativa, que atendeu proposta da popula\u00e7\u00e3o que convive com a [&hellip;]","og_url":"https:\/\/www.blogsoestado.com\/danielmatos\/vereador-marlon-botao-coordena-audiencia-publica-para-discutir-qualidade-da-agua-na-area-itaqui-bacanga\/","og_site_name":"Daniel Matos","article_published_time":"2023-04-03T18:16:03+00:00","og_image":[{"url":"https:\/\/www.blogsoestado.com\/danielmatos\/files\/2023\/04\/Screenshot_20230403-1509032.png","type":"","width":"","height":""}],"twitter_card":"summary_large_image","twitter_misc":{"Est. tempo de leitura":"5 minutos"},"schema":{"@context":"https:\/\/schema.org","@graph":[{"@type":"WebPage","@id":"https:\/\/www.blogsoestado.com\/danielmatos\/vereador-marlon-botao-coordena-audiencia-publica-para-discutir-qualidade-da-agua-na-area-itaqui-bacanga\/","url":"https:\/\/www.blogsoestado.com\/danielmatos\/vereador-marlon-botao-coordena-audiencia-publica-para-discutir-qualidade-da-agua-na-area-itaqui-bacanga\/","name":"Vereador Marlon Bot\u00e3o coordena audi\u00eancia p\u00fablica para discutir qualidade da \u00e1gua na \u00e1rea Itaqui-Bacanga - Daniel Matos","isPartOf":{"@id":"https:\/\/www.blogsoestado.com\/danielmatos\/#website"},"primaryImageOfPage":{"@id":"https:\/\/www.blogsoestado.com\/danielmatos\/vereador-marlon-botao-coordena-audiencia-publica-para-discutir-qualidade-da-agua-na-area-itaqui-bacanga\/#primaryimage"},"image":{"@id":"https:\/\/www.blogsoestado.com\/danielmatos\/vereador-marlon-botao-coordena-audiencia-publica-para-discutir-qualidade-da-agua-na-area-itaqui-bacanga\/#primaryimage"},"thumbnailUrl":"https:\/\/www.blogsoestado.com\/danielmatos\/files\/2023\/04\/Screenshot_20230403-1509032.png","datePublished":"2023-04-03T18:16:03+00:00","author":{"@id":""},"breadcrumb":{"@id":"https:\/\/www.blogsoestado.com\/danielmatos\/vereador-marlon-botao-coordena-audiencia-publica-para-discutir-qualidade-da-agua-na-area-itaqui-bacanga\/#breadcrumb"},"inLanguage":"pt-BR","potentialAction":[{"@type":"ReadAction","target":["https:\/\/www.blogsoestado.com\/danielmatos\/vereador-marlon-botao-coordena-audiencia-publica-para-discutir-qualidade-da-agua-na-area-itaqui-bacanga\/"]}]},{"@type":"ImageObject","inLanguage":"pt-BR","@id":"https:\/\/www.blogsoestado.com\/danielmatos\/vereador-marlon-botao-coordena-audiencia-publica-para-discutir-qualidade-da-agua-na-area-itaqui-bacanga\/#primaryimage","url":"https:\/\/www.blogsoestado.com\/danielmatos\/files\/2023\/04\/Screenshot_20230403-1509032.png","contentUrl":"https:\/\/www.blogsoestado.com\/danielmatos\/files\/2023\/04\/Screenshot_20230403-1509032.png"},{"@type":"BreadcrumbList","@id":"https:\/\/www.blogsoestado.com\/danielmatos\/vereador-marlon-botao-coordena-audiencia-publica-para-discutir-qualidade-da-agua-na-area-itaqui-bacanga\/#breadcrumb","itemListElement":[{"@type":"ListItem","position":1,"name":"In\u00edcio","item":"https:\/\/www.blogsoestado.com\/danielmatos\/"},{"@type":"ListItem","position":2,"name":"Vereador Marlon Bot\u00e3o coordena audi\u00eancia p\u00fablica para discutir qualidade da \u00e1gua na \u00e1rea Itaqui-Bacanga"}]},{"@type":"WebSite","@id":"https:\/\/www.blogsoestado.com\/danielmatos\/#website","url":"https:\/\/www.blogsoestado.com\/danielmatos\/","name":"Daniel Matos","description":"","potentialAction":[{"@type":"SearchAction","target":{"@type":"EntryPoint","urlTemplate":"https:\/\/www.blogsoestado.com\/danielmatos\/?s={search_term_string}"},"query-input":{"@type":"PropertyValueSpecification","valueRequired":true,"valueName":"search_term_string"}}],"inLanguage":"pt-BR"}]}},"jetpack_featured_media_url":"","_links":{"self":[{"href":"https:\/\/www.blogsoestado.com\/danielmatos\/wp-json\/wp\/v2\/posts\/107886","targetHints":{"allow":["GET"]}}],"collection":[{"href":"https:\/\/www.blogsoestado.com\/danielmatos\/wp-json\/wp\/v2\/posts"}],"about":[{"href":"https:\/\/www.blogsoestado.com\/danielmatos\/wp-json\/wp\/v2\/types\/post"}],"replies":[{"embeddable":true,"href":"https:\/\/www.blogsoestado.com\/danielmatos\/wp-json\/wp\/v2\/comments?post=107886"}],"version-history":[{"count":0,"href":"https:\/\/www.blogsoestado.com\/danielmatos\/wp-json\/wp\/v2\/posts\/107886\/revisions"}],"wp:attachment":[{"href":"https:\/\/www.blogsoestado.com\/danielmatos\/wp-json\/wp\/v2\/media?parent=107886"}],"wp:term":[{"taxonomy":"category","embeddable":true,"href":"https:\/\/www.blogsoestado.com\/danielmatos\/wp-json\/wp\/v2\/categories?post=107886"},{"taxonomy":"post_tag","embeddable":true,"href":"https:\/\/www.blogsoestado.com\/danielmatos\/wp-json\/wp\/v2\/tags?post=107886"}],"curies":[{"name":"wp","href":"https:\/\/api.w.org\/{rel}","templated":true}]}}