{"id":107891,"date":"2023-04-03T16:44:06","date_gmt":"2023-04-03T19:44:06","guid":{"rendered":"https:\/\/www.blogsoestado.com\/danielmatos\/?p=107891"},"modified":"2023-04-03T16:44:06","modified_gmt":"2023-04-03T19:44:06","slug":"universidade-ceuma-inscreve-ate-16-de-abril-para-4-seminarios-academicos","status":"publish","type":"post","link":"https:\/\/www.blogsoestado.com\/danielmatos\/universidade-ceuma-inscreve-ate-16-de-abril-para-4-seminarios-academicos\/","title":{"rendered":"Universidade Ceuma inscreve para quatro semin\u00e1rios acad\u00eamicos at\u00e9 16 de abril"},"content":{"rendered":"\n<p><strong><span class=\"has-inline-color has-vivid-red-color\">Eventos ter\u00e3o como foco central a constru\u00e7\u00e3o mais aberta de conhecimento cient\u00edfico<\/span><\/strong><\/p>\n\n\n\n<div class=\"wp-block-image\"><figure class=\"aligncenter size-large\"><a href=\"https:\/\/www.blogsoestado.com\/danielmatos\/files\/2023\/04\/Screenshot_20230403-1601052.png\"><img decoding=\"async\" src=\"https:\/\/www.blogsoestado.com\/danielmatos\/files\/2023\/04\/Screenshot_20230403-1601052-639x1024.png\" alt=\"\" class=\"wp-image-107892\"\/><\/a><\/figure><\/div>\n\n\n\n<p>A Universidade Ceuma mant\u00e9m abertas at\u00e9 o dia 16 deste m\u00eas inscri\u00e7\u00f5es para quatro semin\u00e1rios acad\u00eamicos. Os eventos acontecer\u00e3o entre os dias 22 e 26 de maio. Em sintonia as perspectivas e metodologias de ensino e aprendizagem que tendem a nortear o futuro, a institui\u00e7\u00e3o de ensino superior defende, em mensagem ao p\u00fablico, &#8220;(&#8230;) uma constru\u00e7\u00e3o mais aberta de conhecimento cient\u00edfico rumo \u00e0 agenda ONU 2030&#8221;.<\/p>\n\n\n\n<p>O XVI Semin\u00e1rio de Inicia\u00e7\u00e3o Cient\u00edfica \u00e9 um dos que est\u00e1 com inscri\u00e7\u00f5es abertas na Universidade Ceuma. Tamb\u00e9m h\u00e1 vagas dispon\u00edveis para o Semin\u00e1rio de Inicia\u00e7\u00e3o Cient\u00edfica, Tecnologia e Inova\u00e7\u00e3o, para o I Semin\u00e1rio de Inicia\u00e7\u00e3o Tecnol\u00f3gica e Inova\u00e7\u00e3o e para o I Semin\u00e1rio de Pesquisa e Extens\u00e3o. <\/p>\n\n\n\n<p>Os interessados devem se inscrever de acordo com as suas respectivas categorias: Bolsistas, Graduandos e Pesquisador Jr.<\/p>\n\n\n\n<p>As inscri\u00e7\u00f5es podem ser feitas via plataforma <a href=\"https:\/\/www.even3.com.br\/xvi-semic-i-semicti-i-semiti-i-sepex\/?fbclid=PAAaa4jHb-kKhkNCUO45kZ-fyYnFAiTifIV2YPj_Lw8mp6k2h-y8qKEL__qMY\">Even3<\/a>.<\/p>\n\n\n\n<p><strong>Saiba mais sobre os quatro semin\u00e1rios clicando <a href=\"https:\/\/www.even3.com.br\/xvi-semic-i-semicti-i-semiti-i-sepex\/?fbclid=PAAaa4jHb-kKhkNCUO45kZ-fyYnFAiTifIV2YPj_Lw8mp6k2h-y8qKEL__qMY\">aqui<\/a><\/strong>.<\/p>\n","protected":false},"excerpt":{"rendered":"<p>Eventos ter\u00e3o como foco central a constru\u00e7\u00e3o mais aberta de conhecimento cient\u00edfico A Universidade Ceuma mant\u00e9m abertas at\u00e9 o dia [&hellip;]<\/p>\n","protected":false},"author":0,"featured_media":0,"comment_status":"open","ping_status":"open","sticky":false,"template":"","format":"standard","meta":{"site-sidebar-layout":"default","site-content-layout":"","ast-site-content-layout":"default","site-content-style":"default","site-sidebar-style":"default","ast-global-header-display":"","ast-banner-title-visibility":"","ast-main-header-display":"","ast-hfb-above-header-display":"","ast-hfb-below-header-display":"","ast-hfb-mobile-header-display":"","site-post-title":"","ast-breadcrumbs-content":"","ast-featured-img":"","footer-sml-layout":"","ast-disable-related-posts":"","theme-transparent-header-meta":"","adv-header-id-meta":"","stick-header-meta":"","header-above-stick-meta":"","header-main-stick-meta":"","header-below-stick-meta":"","astra-migrate-meta-layouts":"default","ast-page-background-enabled":"default","ast-page-background-meta":{"desktop":{"background-color":"var(--ast-global-color-5)","background-image":"","background-repeat":"repeat","background-position":"center center","background-size":"auto","background-attachment":"scroll","background-type":"","background-media":"","overlay-type":"","overlay-color":"","overlay-opacity":"","overlay-gradient":""},"tablet":{"background-color":"","background-image":"","background-repeat":"repeat","background-position":"center center","background-size":"auto","background-attachment":"scroll","background-type":"","background-media":"","overlay-type":"","overlay-color":"","overlay-opacity":"","overlay-gradient":""},"mobile":{"background-color":"","background-image":"","background-repeat":"repeat","background-position":"center center","background-size":"auto","background-attachment":"scroll","background-type":"","background-media":"","overlay-type":"","overlay-color":"","overlay-opacity":"","overlay-gradient":""}},"ast-content-background-meta":{"desktop":{"background-color":"var(--ast-global-color-4)","background-image":"","background-repeat":"repeat","background-position":"center center","background-size":"auto","background-attachment":"scroll","background-type":"","background-media":"","overlay-type":"","overlay-color":"","overlay-opacity":"","overlay-gradient":""},"tablet":{"background-color":"var(--ast-global-color-4)","background-image":"","background-repeat":"repeat","background-position":"center center","background-size":"auto","background-attachment":"scroll","background-type":"","background-media":"","overlay-type":"","overlay-color":"","overlay-opacity":"","overlay-gradient":""},"mobile":{"background-color":"var(--ast-global-color-4)","background-image":"","background-repeat":"repeat","background-position":"center center","background-size":"auto","background-attachment":"scroll","background-type":"","background-media":"","overlay-type":"","overlay-color":"","overlay-opacity":"","overlay-gradient":""}},"footnotes":""},"categories":[1],"tags":[],"class_list":["post-107891","post","type-post","status-publish","format-standard","hentry","category-sem-categoria"],"yoast_head":"<!-- This site is optimized with the Yoast SEO plugin v26.6 - https:\/\/yoast.com\/wordpress\/plugins\/seo\/ -->\n<title>Universidade Ceuma inscreve para quatro semin\u00e1rios acad\u00eamicos at\u00e9 16 de abril - Daniel Matos<\/title>\n<meta name=\"robots\" content=\"index, follow, max-snippet:-1, max-image-preview:large, max-video-preview:-1\" \/>\n<link rel=\"canonical\" href=\"https:\/\/www.blogsoestado.com\/danielmatos\/universidade-ceuma-inscreve-ate-16-de-abril-para-4-seminarios-academicos\/\" \/>\n<meta property=\"og:locale\" content=\"pt_BR\" \/>\n<meta property=\"og:type\" content=\"article\" \/>\n<meta property=\"og:title\" content=\"Universidade Ceuma inscreve para quatro semin\u00e1rios acad\u00eamicos at\u00e9 16 de abril - Daniel Matos\" \/>\n<meta property=\"og:description\" content=\"Eventos ter\u00e3o como foco central a constru\u00e7\u00e3o mais aberta de conhecimento cient\u00edfico A Universidade Ceuma mant\u00e9m abertas at\u00e9 o dia [&hellip;]\" \/>\n<meta property=\"og:url\" content=\"https:\/\/www.blogsoestado.com\/danielmatos\/universidade-ceuma-inscreve-ate-16-de-abril-para-4-seminarios-academicos\/\" \/>\n<meta property=\"og:site_name\" content=\"Daniel Matos\" \/>\n<meta property=\"article:published_time\" content=\"2023-04-03T19:44:06+00:00\" \/>\n<meta property=\"og:image\" content=\"https:\/\/www.blogsoestado.com\/danielmatos\/files\/2023\/04\/Screenshot_20230403-1601052-639x1024.png\" \/>\n<meta name=\"twitter:card\" content=\"summary_large_image\" \/>\n<meta name=\"twitter:label1\" content=\"Est. tempo de leitura\" \/>\n\t<meta name=\"twitter:data1\" content=\"1 minuto\" \/>\n<script type=\"application\/ld+json\" class=\"yoast-schema-graph\">{\"@context\":\"https:\/\/schema.org\",\"@graph\":[{\"@type\":\"WebPage\",\"@id\":\"https:\/\/www.blogsoestado.com\/danielmatos\/universidade-ceuma-inscreve-ate-16-de-abril-para-4-seminarios-academicos\/\",\"url\":\"https:\/\/www.blogsoestado.com\/danielmatos\/universidade-ceuma-inscreve-ate-16-de-abril-para-4-seminarios-academicos\/\",\"name\":\"Universidade Ceuma inscreve para quatro semin\u00e1rios acad\u00eamicos at\u00e9 16 de abril - Daniel Matos\",\"isPartOf\":{\"@id\":\"https:\/\/www.blogsoestado.com\/danielmatos\/#website\"},\"primaryImageOfPage\":{\"@id\":\"https:\/\/www.blogsoestado.com\/danielmatos\/universidade-ceuma-inscreve-ate-16-de-abril-para-4-seminarios-academicos\/#primaryimage\"},\"image\":{\"@id\":\"https:\/\/www.blogsoestado.com\/danielmatos\/universidade-ceuma-inscreve-ate-16-de-abril-para-4-seminarios-academicos\/#primaryimage\"},\"thumbnailUrl\":\"https:\/\/www.blogsoestado.com\/danielmatos\/files\/2023\/04\/Screenshot_20230403-1601052-639x1024.png\",\"datePublished\":\"2023-04-03T19:44:06+00:00\",\"author\":{\"@id\":\"\"},\"breadcrumb\":{\"@id\":\"https:\/\/www.blogsoestado.com\/danielmatos\/universidade-ceuma-inscreve-ate-16-de-abril-para-4-seminarios-academicos\/#breadcrumb\"},\"inLanguage\":\"pt-BR\",\"potentialAction\":[{\"@type\":\"ReadAction\",\"target\":[\"https:\/\/www.blogsoestado.com\/danielmatos\/universidade-ceuma-inscreve-ate-16-de-abril-para-4-seminarios-academicos\/\"]}]},{\"@type\":\"ImageObject\",\"inLanguage\":\"pt-BR\",\"@id\":\"https:\/\/www.blogsoestado.com\/danielmatos\/universidade-ceuma-inscreve-ate-16-de-abril-para-4-seminarios-academicos\/#primaryimage\",\"url\":\"https:\/\/www.blogsoestado.com\/danielmatos\/files\/2023\/04\/Screenshot_20230403-1601052-639x1024.png\",\"contentUrl\":\"https:\/\/www.blogsoestado.com\/danielmatos\/files\/2023\/04\/Screenshot_20230403-1601052-639x1024.png\"},{\"@type\":\"BreadcrumbList\",\"@id\":\"https:\/\/www.blogsoestado.com\/danielmatos\/universidade-ceuma-inscreve-ate-16-de-abril-para-4-seminarios-academicos\/#breadcrumb\",\"itemListElement\":[{\"@type\":\"ListItem\",\"position\":1,\"name\":\"In\u00edcio\",\"item\":\"https:\/\/www.blogsoestado.com\/danielmatos\/\"},{\"@type\":\"ListItem\",\"position\":2,\"name\":\"Universidade Ceuma inscreve para quatro semin\u00e1rios acad\u00eamicos at\u00e9 16 de abril\"}]},{\"@type\":\"WebSite\",\"@id\":\"https:\/\/www.blogsoestado.com\/danielmatos\/#website\",\"url\":\"https:\/\/www.blogsoestado.com\/danielmatos\/\",\"name\":\"Daniel Matos\",\"description\":\"\",\"potentialAction\":[{\"@type\":\"SearchAction\",\"target\":{\"@type\":\"EntryPoint\",\"urlTemplate\":\"https:\/\/www.blogsoestado.com\/danielmatos\/?s={search_term_string}\"},\"query-input\":{\"@type\":\"PropertyValueSpecification\",\"valueRequired\":true,\"valueName\":\"search_term_string\"}}],\"inLanguage\":\"pt-BR\"}]}<\/script>\n<!-- \/ Yoast SEO plugin. -->","yoast_head_json":{"title":"Universidade Ceuma inscreve para quatro semin\u00e1rios acad\u00eamicos at\u00e9 16 de abril - Daniel Matos","robots":{"index":"index","follow":"follow","max-snippet":"max-snippet:-1","max-image-preview":"max-image-preview:large","max-video-preview":"max-video-preview:-1"},"canonical":"https:\/\/www.blogsoestado.com\/danielmatos\/universidade-ceuma-inscreve-ate-16-de-abril-para-4-seminarios-academicos\/","og_locale":"pt_BR","og_type":"article","og_title":"Universidade Ceuma inscreve para quatro semin\u00e1rios acad\u00eamicos at\u00e9 16 de abril - Daniel Matos","og_description":"Eventos ter\u00e3o como foco central a constru\u00e7\u00e3o mais aberta de conhecimento cient\u00edfico A Universidade Ceuma mant\u00e9m abertas at\u00e9 o dia [&hellip;]","og_url":"https:\/\/www.blogsoestado.com\/danielmatos\/universidade-ceuma-inscreve-ate-16-de-abril-para-4-seminarios-academicos\/","og_site_name":"Daniel Matos","article_published_time":"2023-04-03T19:44:06+00:00","og_image":[{"url":"https:\/\/www.blogsoestado.com\/danielmatos\/files\/2023\/04\/Screenshot_20230403-1601052-639x1024.png","type":"","width":"","height":""}],"twitter_card":"summary_large_image","twitter_misc":{"Est. tempo de leitura":"1 minuto"},"schema":{"@context":"https:\/\/schema.org","@graph":[{"@type":"WebPage","@id":"https:\/\/www.blogsoestado.com\/danielmatos\/universidade-ceuma-inscreve-ate-16-de-abril-para-4-seminarios-academicos\/","url":"https:\/\/www.blogsoestado.com\/danielmatos\/universidade-ceuma-inscreve-ate-16-de-abril-para-4-seminarios-academicos\/","name":"Universidade Ceuma inscreve para quatro semin\u00e1rios acad\u00eamicos at\u00e9 16 de abril - Daniel Matos","isPartOf":{"@id":"https:\/\/www.blogsoestado.com\/danielmatos\/#website"},"primaryImageOfPage":{"@id":"https:\/\/www.blogsoestado.com\/danielmatos\/universidade-ceuma-inscreve-ate-16-de-abril-para-4-seminarios-academicos\/#primaryimage"},"image":{"@id":"https:\/\/www.blogsoestado.com\/danielmatos\/universidade-ceuma-inscreve-ate-16-de-abril-para-4-seminarios-academicos\/#primaryimage"},"thumbnailUrl":"https:\/\/www.blogsoestado.com\/danielmatos\/files\/2023\/04\/Screenshot_20230403-1601052-639x1024.png","datePublished":"2023-04-03T19:44:06+00:00","author":{"@id":""},"breadcrumb":{"@id":"https:\/\/www.blogsoestado.com\/danielmatos\/universidade-ceuma-inscreve-ate-16-de-abril-para-4-seminarios-academicos\/#breadcrumb"},"inLanguage":"pt-BR","potentialAction":[{"@type":"ReadAction","target":["https:\/\/www.blogsoestado.com\/danielmatos\/universidade-ceuma-inscreve-ate-16-de-abril-para-4-seminarios-academicos\/"]}]},{"@type":"ImageObject","inLanguage":"pt-BR","@id":"https:\/\/www.blogsoestado.com\/danielmatos\/universidade-ceuma-inscreve-ate-16-de-abril-para-4-seminarios-academicos\/#primaryimage","url":"https:\/\/www.blogsoestado.com\/danielmatos\/files\/2023\/04\/Screenshot_20230403-1601052-639x1024.png","contentUrl":"https:\/\/www.blogsoestado.com\/danielmatos\/files\/2023\/04\/Screenshot_20230403-1601052-639x1024.png"},{"@type":"BreadcrumbList","@id":"https:\/\/www.blogsoestado.com\/danielmatos\/universidade-ceuma-inscreve-ate-16-de-abril-para-4-seminarios-academicos\/#breadcrumb","itemListElement":[{"@type":"ListItem","position":1,"name":"In\u00edcio","item":"https:\/\/www.blogsoestado.com\/danielmatos\/"},{"@type":"ListItem","position":2,"name":"Universidade Ceuma inscreve para quatro semin\u00e1rios acad\u00eamicos at\u00e9 16 de abril"}]},{"@type":"WebSite","@id":"https:\/\/www.blogsoestado.com\/danielmatos\/#website","url":"https:\/\/www.blogsoestado.com\/danielmatos\/","name":"Daniel Matos","description":"","potentialAction":[{"@type":"SearchAction","target":{"@type":"EntryPoint","urlTemplate":"https:\/\/www.blogsoestado.com\/danielmatos\/?s={search_term_string}"},"query-input":{"@type":"PropertyValueSpecification","valueRequired":true,"valueName":"search_term_string"}}],"inLanguage":"pt-BR"}]}},"jetpack_featured_media_url":"","_links":{"self":[{"href":"https:\/\/www.blogsoestado.com\/danielmatos\/wp-json\/wp\/v2\/posts\/107891","targetHints":{"allow":["GET"]}}],"collection":[{"href":"https:\/\/www.blogsoestado.com\/danielmatos\/wp-json\/wp\/v2\/posts"}],"about":[{"href":"https:\/\/www.blogsoestado.com\/danielmatos\/wp-json\/wp\/v2\/types\/post"}],"replies":[{"embeddable":true,"href":"https:\/\/www.blogsoestado.com\/danielmatos\/wp-json\/wp\/v2\/comments?post=107891"}],"version-history":[{"count":0,"href":"https:\/\/www.blogsoestado.com\/danielmatos\/wp-json\/wp\/v2\/posts\/107891\/revisions"}],"wp:attachment":[{"href":"https:\/\/www.blogsoestado.com\/danielmatos\/wp-json\/wp\/v2\/media?parent=107891"}],"wp:term":[{"taxonomy":"category","embeddable":true,"href":"https:\/\/www.blogsoestado.com\/danielmatos\/wp-json\/wp\/v2\/categories?post=107891"},{"taxonomy":"post_tag","embeddable":true,"href":"https:\/\/www.blogsoestado.com\/danielmatos\/wp-json\/wp\/v2\/tags?post=107891"}],"curies":[{"name":"wp","href":"https:\/\/api.w.org\/{rel}","templated":true}]}}